{"id":7091,"date":"2016-09-22T12:16:35","date_gmt":"2016-09-22T18:16:35","guid":{"rendered":"https:\/\/graziamagazine.com\/mx\/?p=7091"},"modified":"2016-09-22T12:19:17","modified_gmt":"2016-09-22T18:19:17","slug":"join-life-el-otono-sustentable-de-zara","status":"publish","type":"articles","link":"https:\/\/graziamagazine.com\/mx\/articles\/join-life-el-otono-sustentable-de-zara\/","title":{"rendered":"JOIN LIFE: EL OTO\u00d1O SUSTENTABLE DE ZARA"},"content":{"rendered":"<p><b>La firma lanza su primer colecci\u00f3n 100% org\u00e1nica.<\/b><!--more--><\/p>\n<p><span style=\"font-weight: 400;\">Durante mucho tiempo, <strong>Zara<\/strong> ha ofrecido piezas selectas hechas en<strong> algod\u00f3n reciclable<\/strong>; este oto\u00f1o, van un paso m\u00e1s all\u00e1 al sacar su primer colecci\u00f3n enteramente <strong>eco consciente<\/strong>. Adem\u00e1s de utilizar este material, la firma introduce lana reciclada y <strong>Tencel<\/strong>, un textil hecho en <strong>celulosa<\/strong> de bosques ambientalmente responsables.<\/span><\/p>\n<p><span style=\"font-weight: 400;\">Los sellos con los que cuentan las piezas avalan su naturaleza sustentable e incluyen el tratamiento instaurado por Inditex, <strong>\u201cGreen To Wear\u201d<\/strong>, que utiliza la tecnolog\u00eda de reutilizaci\u00f3n\u00a0de aguas y que se apoya de fabricas productoras que cumplan con el est\u00e1ndar A y B de impacto ambiental del conglomerado de firmas.<\/span><\/p>\n<p>&nbsp;<\/p>\n<p><span style=\"font-weight: 400;\">Sin embargo, este importante lanzamiento, no se limita a la colecci\u00f3n en s\u00ed. Las tiendas de <strong>Zara<\/strong> contar\u00e1n con botes de reciclado y se develar\u00e1 el proyecto \u201cBoxes with a past\u201d, con cajas recicladas intervenidas por artistas.<\/span><\/p>\n<p>&nbsp;<\/p>\n<p><span style=\"font-weight: 400;\">Te compartimos el lookbook:<\/span><\/p>\n<p>&nbsp;<\/p>\n<p><!--[gallery ids=\"7094,7095,7096,7097,7098,7099,7100,7101,7102,7103,7104\"]--><\/p>\n","protected":false},"author":11636,"featured_media":7092,"template":"","format":"standard","categories":[4,10],"acf":[],"yoast_head":"<!-- This site is optimized with the Yoast SEO Premium plugin v18.5 (Yoast SEO v20.4) - https:\/\/yoast.com\/wordpress\/plugins\/seo\/ -->\n<title>JOIN LIFE: EL OTO\u00d1O SUSTENTABLE DE ZARA | Grazia M\u00e9xico y Latinoam\u00e9rica<\/title>\n<meta name=\"description\" content=\"La firma lanza su primer colecci\u00f3n 100% org\u00e1nica. Durante mucho tiempo, Zara ha ofrecido piezas selectas hechas en algod\u00f3n reciclable; este oto\u00f1o, van un\" \/>\n<meta name=\"robots\" content=\"index, follow, max-snippet:-1, max-image-preview:large, max-video-preview:-1\" \/>\n<link rel=\"canonical\" href=\"https:\/\/graziamagazine.com\/mx\/articles\/join-life-el-otono-sustentable-de-zara\/\" \/>\n<meta property=\"og:locale\" content=\"es_MX\" \/>\n<meta property=\"og:type\" content=\"article\" \/>\n<meta property=\"og:title\" content=\"JOIN LIFE: EL OTO\u00d1O SUSTENTABLE DE ZARA\" \/>\n<meta property=\"og:description\" content=\"La firma lanza su primer colecci\u00f3n 100% org\u00e1nica. Durante mucho tiempo, Zara ha ofrecido piezas selectas hechas en algod\u00f3n reciclable; este oto\u00f1o, van un\" \/>\n<meta property=\"og:url\" content=\"https:\/\/graziamagazine.com\/mx\/articles\/join-life-el-otono-sustentable-de-zara\/\" \/>\n<meta property=\"og:site_name\" content=\"Grazia M\u00e9xico y Latinoam\u00e9rica\" \/>\n<meta property=\"article:modified_time\" content=\"2016-09-22T18:19:17+00:00\" \/>\n<meta property=\"og:image\" content=\"https:\/\/graziamagazine.com\/mx\/wp-content\/uploads\/sites\/13\/2016\/09\/zara-eco-cov.jpg?fit=970%2C600\" \/>\n\t<meta property=\"og:image:width\" content=\"970\" \/>\n\t<meta property=\"og:image:height\" content=\"600\" \/>\n\t<meta property=\"og:image:type\" content=\"image\/jpeg\" \/>\n<meta name=\"twitter:card\" content=\"summary_large_image\" \/>\n<meta name=\"twitter:label1\" content=\"Est. reading time\" \/>\n\t<meta name=\"twitter:data1\" content=\"1 minuto\" \/>\n<script type=\"application\/ld+json\" class=\"yoast-schema-graph\">{\"@context\":\"https:\/\/schema.org\",\"@graph\":[{\"@type\":\"WebPage\",\"@id\":\"https:\/\/graziamagazine.com\/mx\/articles\/join-life-el-otono-sustentable-de-zara\/\",\"url\":\"https:\/\/graziamagazine.com\/mx\/articles\/join-life-el-otono-sustentable-de-zara\/\",\"name\":\"JOIN LIFE: EL OTO\u00d1O SUSTENTABLE DE ZARA | Grazia M\u00e9xico y Latinoam\u00e9rica\",\"isPartOf\":{\"@id\":\"https:\/\/graziamagazine.com\/mx\/#website\"},\"datePublished\":\"2016-09-22T18:16:35+00:00\",\"dateModified\":\"2016-09-22T18:19:17+00:00\",\"description\":\"La firma lanza su primer colecci\u00f3n 100% org\u00e1nica. Durante mucho tiempo, Zara ha ofrecido piezas selectas hechas en algod\u00f3n reciclable; este oto\u00f1o, van un\",\"breadcrumb\":{\"@id\":\"https:\/\/graziamagazine.com\/mx\/articles\/join-life-el-otono-sustentable-de-zara\/#breadcrumb\"},\"inLanguage\":\"es-MX\",\"potentialAction\":[{\"@type\":\"ReadAction\",\"target\":[\"https:\/\/graziamagazine.com\/mx\/articles\/join-life-el-otono-sustentable-de-zara\/\"]}]},{\"@type\":\"BreadcrumbList\",\"@id\":\"https:\/\/graziamagazine.com\/mx\/articles\/join-life-el-otono-sustentable-de-zara\/#breadcrumb\",\"itemListElement\":[{\"@type\":\"ListItem\",\"position\":1,\"name\":\"Home\",\"item\":\"https:\/\/graziamagazine.com\/mx\/\"},{\"@type\":\"ListItem\",\"position\":2,\"name\":\"JOIN LIFE: EL OTO\u00d1O SUSTENTABLE DE ZARA\"}]},{\"@type\":\"WebSite\",\"@id\":\"https:\/\/graziamagazine.com\/mx\/#website\",\"url\":\"https:\/\/graziamagazine.com\/mx\/\",\"name\":\"Grazia M\u00e9xico y Latinoam\u00e9rica\",\"description\":\"Grazia es moda, belleza y noticias  de actualidad \",\"potentialAction\":[{\"@type\":\"SearchAction\",\"target\":{\"@type\":\"EntryPoint\",\"urlTemplate\":\"https:\/\/graziamagazine.com\/mx\/?s={search_term_string}\"},\"query-input\":\"required name=search_term_string\"}],\"inLanguage\":\"es-MX\"}]}<\/script>\n<!-- \/ Yoast SEO Premium plugin. -->","yoast_head_json":{"title":"JOIN LIFE: EL OTO\u00d1O SUSTENTABLE DE ZARA | Grazia M\u00e9xico y Latinoam\u00e9rica","description":"La firma lanza su primer colecci\u00f3n 100% org\u00e1nica. Durante mucho tiempo, Zara ha ofrecido piezas selectas hechas en algod\u00f3n reciclable; este oto\u00f1o, van un","robots":{"index":"index","follow":"follow","max-snippet":"max-snippet:-1","max-image-preview":"max-image-preview:large","max-video-preview":"max-video-preview:-1"},"canonical":"https:\/\/graziamagazine.com\/mx\/articles\/join-life-el-otono-sustentable-de-zara\/","og_locale":"es_MX","og_type":"article","og_title":"JOIN LIFE: EL OTO\u00d1O SUSTENTABLE DE ZARA","og_description":"La firma lanza su primer colecci\u00f3n 100% org\u00e1nica. Durante mucho tiempo, Zara ha ofrecido piezas selectas hechas en algod\u00f3n reciclable; este oto\u00f1o, van un","og_url":"https:\/\/graziamagazine.com\/mx\/articles\/join-life-el-otono-sustentable-de-zara\/","og_site_name":"Grazia M\u00e9xico y Latinoam\u00e9rica","article_modified_time":"2016-09-22T18:19:17+00:00","og_image":[{"width":970,"height":600,"url":"https:\/\/graziamagazine.com\/mx\/wp-content\/uploads\/sites\/13\/2016\/09\/zara-eco-cov.jpg?fit=970%2C600","type":"image\/jpeg"}],"twitter_card":"summary_large_image","twitter_misc":{"Est. reading time":"1 minuto"},"schema":{"@context":"https:\/\/schema.org","@graph":[{"@type":"WebPage","@id":"https:\/\/graziamagazine.com\/mx\/articles\/join-life-el-otono-sustentable-de-zara\/","url":"https:\/\/graziamagazine.com\/mx\/articles\/join-life-el-otono-sustentable-de-zara\/","name":"JOIN LIFE: EL OTO\u00d1O SUSTENTABLE DE ZARA | Grazia M\u00e9xico y Latinoam\u00e9rica","isPartOf":{"@id":"https:\/\/graziamagazine.com\/mx\/#website"},"datePublished":"2016-09-22T18:16:35+00:00","dateModified":"2016-09-22T18:19:17+00:00","description":"La firma lanza su primer colecci\u00f3n 100% org\u00e1nica. Durante mucho tiempo, Zara ha ofrecido piezas selectas hechas en algod\u00f3n reciclable; este oto\u00f1o, van un","breadcrumb":{"@id":"https:\/\/graziamagazine.com\/mx\/articles\/join-life-el-otono-sustentable-de-zara\/#breadcrumb"},"inLanguage":"es-MX","potentialAction":[{"@type":"ReadAction","target":["https:\/\/graziamagazine.com\/mx\/articles\/join-life-el-otono-sustentable-de-zara\/"]}]},{"@type":"BreadcrumbList","@id":"https:\/\/graziamagazine.com\/mx\/articles\/join-life-el-otono-sustentable-de-zara\/#breadcrumb","itemListElement":[{"@type":"ListItem","position":1,"name":"Home","item":"https:\/\/graziamagazine.com\/mx\/"},{"@type":"ListItem","position":2,"name":"JOIN LIFE: EL OTO\u00d1O SUSTENTABLE DE ZARA"}]},{"@type":"WebSite","@id":"https:\/\/graziamagazine.com\/mx\/#website","url":"https:\/\/graziamagazine.com\/mx\/","name":"Grazia M\u00e9xico y Latinoam\u00e9rica","description":"Grazia es moda, belleza y noticias  de actualidad ","potentialAction":[{"@type":"SearchAction","target":{"@type":"EntryPoint","urlTemplate":"https:\/\/graziamagazine.com\/mx\/?s={search_term_string}"},"query-input":"required name=search_term_string"}],"inLanguage":"es-MX"}]}},"jetpack_sharing_enabled":true,"distributor_meta":false,"distributor_terms":false,"distributor_media":false,"distributor_original_site_name":"Grazia M\u00e9xico y Latinoam\u00e9rica","distributor_original_site_url":"https:\/\/graziamagazine.com\/mx","push-errors":false,"_links":{"self":[{"href":"https:\/\/graziamagazine.com\/mx\/wp-json\/wp\/v2\/articles\/7091"}],"collection":[{"href":"https:\/\/graziamagazine.com\/mx\/wp-json\/wp\/v2\/articles"}],"about":[{"href":"https:\/\/graziamagazine.com\/mx\/wp-json\/wp\/v2\/types\/articles"}],"author":[{"embeddable":true,"href":"https:\/\/graziamagazine.com\/mx\/wp-json\/wp\/v2\/users\/11636"}],"wp:featuredmedia":[{"embeddable":true,"href":"https:\/\/graziamagazine.com\/mx\/wp-json\/wp\/v2\/media\/7092"}],"wp:attachment":[{"href":"https:\/\/graziamagazine.com\/mx\/wp-json\/wp\/v2\/media?parent=7091"}],"wp:term":[{"taxonomy":"category","embeddable":true,"href":"https:\/\/graziamagazine.com\/mx\/wp-json\/wp\/v2\/categories?post=7091"}],"curies":[{"name":"wp","href":"https:\/\/api.w.org\/{rel}","templated":true}]}}