{"id":70771,"date":"2019-09-11T13:37:15","date_gmt":"2019-09-11T18:37:15","guid":{"rendered":"https:\/\/graziamagazine.com\/mx\/?p=70771"},"modified":"2019-09-11T13:37:15","modified_gmt":"2019-09-11T18:37:15","slug":"el-louvre-consiguio-mas-fama-gracias-a-beyonce-y-jay-z","status":"publish","type":"articles","link":"https:\/\/graziamagazine.com\/mx\/articles\/el-louvre-consiguio-mas-fama-gracias-a-beyonce-y-jay-z\/","title":{"rendered":"El Louvre consigui\u00f3 m\u00e1s fama gracias a Beyonc\u00e9 y Jay-Z"},"content":{"rendered":"<p><span style=\"font-weight: 400;\"><strong>Beyonc\u00e9<\/strong> y\u00a0<strong>Jay-Z<\/strong> grabaron el video de\u00a0<strong><em>Apeshit<\/em><\/strong> en el verano de 2018 dentro de las instalaciones del <strong>Mus\u00e9e du Louvre<\/strong> en Par\u00eds, Francia, para su \u00e1lbum en conjunto,\u00a0<em>Everything is Love<\/em>,\u00a0bajo el nombre art\u00edstico de <a href=\"https:\/\/graziamagazine.com\/mx\/beyonce-jay-z-y-su-lujosa-vida-alrededor-de-europa\/\" target=\"_blank\" rel=\"noopener\"><strong>The Carters<\/strong><\/a><em>.<\/em> Y bueno, ese video tuvo efectos mucho m\u00e1s all\u00e1 del mundo de la m\u00fasica.<\/span><\/p>\n<p><span style=\"font-weight: 400;\">Gracias a <em>Apeshit<\/em>, <a href=\"https:\/\/www.buzzfeednews.com\/article\/davidmack\/beyonce-jay-z-louvre-visitors-record-music-video-apeshit\" target=\"_blank\" rel=\"noopener\" target=\"_blank\">el museo logr\u00f3 tener visibilidad en todo el mundo<\/a> \u00a0<\/span>\u2014<span style=\"font-weight: 400;\">s\u00ed, m\u00e1s de la que ya ten\u00eda<\/span>\u2014<span style=\"font-weight: 400;\">\u00a0y consigui\u00f3 mucho m\u00e1s presupuesto para promocionar el arte cl\u00e1sico y fomentar las exposiciones temporales, as\u00ed como los pr\u00e9stamos de obras entre museos. Adem\u00e1s, super\u00f3 su r\u00e9cord de visitas anuales en 2018.<\/span><\/p>\n<p><iframe loading=\"lazy\" src=\"https:\/\/www.youtube.com\/embed\/kbMqWXnpXcA\" width=\"560\" height=\"315\" frameborder=\"0\"><\/iframe><\/p>\n<p><span style=\"font-weight: 400;\">Seg\u00fan un documento de 2012, se cobra hasta \u20ac15 mil euros diarios por rodar un filme publicitario en su interior y hasta \u20ac8 mil euros al d\u00eda por utilizar sus exteriores. En los \u00faltimos a\u00f1os, el museo ha sido escenario de pel\u00edculas como <em>The Da Vinci Code<\/em>\u00a0y\u00a0<em>Wonder Woman.<\/em><\/span><\/p>\n<p><span style=\"font-weight: 400;\">Bajo la direcci\u00f3n de Ricky Saiz,\u00a0la producci\u00f3n musical de los Carter\u00a0narr\u00f3 la participaci\u00f3n de la comunidad negra en la historia del arte y reclama un lugar para ella en las salas del museo, donde las figuras de color son casi nulas. Las tomas dentro de las galer\u00edas del <em>Louvre<\/em> son alternadas con secuencias protagonizadas por personas afroamericanas.<\/span><\/p>\n<p><span style=\"font-weight: 400;\">En los encuadres se aprecian algunas de las obras m\u00e1s afamadas del museo, como <em>La Gioconda<\/em> (o <em>Mona Lisa<\/em>)\u00a0de Leonardo da Vinci, la <em>Venus<\/em> de Milo, la <em>Victoria<\/em> de Samotracia,<em> la Piet\u00e0<\/em> de Rosso Fiorentino, <em>Las bodas de Can\u00e1<\/em> de Veronese, as\u00ed como cuadros de Jacques-Louis David y Th\u00e9odore G\u00e9ricault \u2014arte bello pero sin rastro alguno de la comunidad que constantemente empodera la pareja.<\/span><\/p>\n<p><span style=\"font-weight: 400;\">Lleno de simbolismo hist\u00f3rico, el video a su vez retrata en particular la historia de Beyonc\u00e9 y Jay-Z, artistas afroamericanos nacidos en un pa\u00eds de blancos.<\/span><\/p>\n<h5><\/h5>\n<h5><em>*IMAGEN: Still Apeshit<\/em><\/h5>\n","protected":false},"author":11628,"featured_media":70782,"template":"","format":"standard","categories":[114],"acf":[],"yoast_head":"<!-- This site is optimized with the Yoast SEO Premium plugin v18.5 (Yoast SEO v20.4) - https:\/\/yoast.com\/wordpress\/plugins\/seo\/ -->\n<title>El Louvre consigui\u00f3 m\u00e1s fama gracias a Beyonc\u00e9 y Jay-Z | Grazia M\u00e9xico y Latinoam\u00e9rica<\/title>\n<meta name=\"description\" content=\"El video que Beyonc\u00e9 y Jay-Z grabaron en el Louvre, hizo que el museo tuviera m\u00e1s impacto y rompiera su r\u00e9cord de visitas en el 2018. \u00bfIr\u00f3nico?\" \/>\n<meta name=\"robots\" content=\"index, follow, max-snippet:-1, max-image-preview:large, max-video-preview:-1\" \/>\n<link rel=\"canonical\" href=\"https:\/\/graziamagazine.com\/mx\/articles\/el-louvre-consiguio-mas-fama-gracias-a-beyonce-y-jay-z\/\" \/>\n<meta property=\"og:locale\" content=\"es_MX\" \/>\n<meta property=\"og:type\" content=\"article\" \/>\n<meta property=\"og:title\" content=\"El Louvre consigui\u00f3 m\u00e1s fama gracias a Beyonc\u00e9 y Jay-Z\" \/>\n<meta property=\"og:description\" content=\"El video que Beyonc\u00e9 y Jay-Z grabaron en el Louvre, hizo que el museo tuviera m\u00e1s impacto y rompiera su r\u00e9cord de visitas en el 2018. \u00bfIr\u00f3nico?\" \/>\n<meta property=\"og:url\" content=\"https:\/\/graziamagazine.com\/mx\/articles\/el-louvre-consiguio-mas-fama-gracias-a-beyonce-y-jay-z\/\" \/>\n<meta property=\"og:site_name\" content=\"Grazia M\u00e9xico y Latinoam\u00e9rica\" \/>\n<meta property=\"og:image\" content=\"https:\/\/graziamagazine.com\/mx\/wp-content\/uploads\/sites\/13\/2019\/09\/el-louvre-consiguio-mas-fama-gracias-a-beyonce-y-jay-z-destacada.jpg?fit=685%2C446\" \/>\n\t<meta property=\"og:image:width\" content=\"685\" \/>\n\t<meta property=\"og:image:height\" content=\"446\" \/>\n\t<meta property=\"og:image:type\" content=\"image\/jpeg\" \/>\n<meta name=\"twitter:card\" content=\"summary_large_image\" \/>\n<meta name=\"twitter:label1\" content=\"Est. reading time\" \/>\n\t<meta name=\"twitter:data1\" content=\"2 minutos\" \/>\n<script type=\"application\/ld+json\" class=\"yoast-schema-graph\">{\"@context\":\"https:\/\/schema.org\",\"@graph\":[{\"@type\":\"WebPage\",\"@id\":\"https:\/\/graziamagazine.com\/mx\/articles\/el-louvre-consiguio-mas-fama-gracias-a-beyonce-y-jay-z\/\",\"url\":\"https:\/\/graziamagazine.com\/mx\/articles\/el-louvre-consiguio-mas-fama-gracias-a-beyonce-y-jay-z\/\",\"name\":\"El Louvre consigui\u00f3 m\u00e1s fama gracias a Beyonc\u00e9 y Jay-Z | Grazia M\u00e9xico y Latinoam\u00e9rica\",\"isPartOf\":{\"@id\":\"https:\/\/graziamagazine.com\/mx\/#website\"},\"datePublished\":\"2019-09-11T18:37:15+00:00\",\"dateModified\":\"2019-09-11T18:37:15+00:00\",\"description\":\"El video que Beyonc\u00e9 y Jay-Z grabaron en el Louvre, hizo que el museo tuviera m\u00e1s impacto y rompiera su r\u00e9cord de visitas en el 2018. \u00bfIr\u00f3nico?\",\"breadcrumb\":{\"@id\":\"https:\/\/graziamagazine.com\/mx\/articles\/el-louvre-consiguio-mas-fama-gracias-a-beyonce-y-jay-z\/#breadcrumb\"},\"inLanguage\":\"es-MX\",\"potentialAction\":[{\"@type\":\"ReadAction\",\"target\":[\"https:\/\/graziamagazine.com\/mx\/articles\/el-louvre-consiguio-mas-fama-gracias-a-beyonce-y-jay-z\/\"]}]},{\"@type\":\"BreadcrumbList\",\"@id\":\"https:\/\/graziamagazine.com\/mx\/articles\/el-louvre-consiguio-mas-fama-gracias-a-beyonce-y-jay-z\/#breadcrumb\",\"itemListElement\":[{\"@type\":\"ListItem\",\"position\":1,\"name\":\"Home\",\"item\":\"https:\/\/graziamagazine.com\/mx\/\"},{\"@type\":\"ListItem\",\"position\":2,\"name\":\"El Louvre consigui\u00f3 m\u00e1s fama gracias a Beyonc\u00e9 y Jay-Z\"}]},{\"@type\":\"WebSite\",\"@id\":\"https:\/\/graziamagazine.com\/mx\/#website\",\"url\":\"https:\/\/graziamagazine.com\/mx\/\",\"name\":\"Grazia M\u00e9xico y Latinoam\u00e9rica\",\"description\":\"Grazia es moda, belleza y noticias  de actualidad \",\"potentialAction\":[{\"@type\":\"SearchAction\",\"target\":{\"@type\":\"EntryPoint\",\"urlTemplate\":\"https:\/\/graziamagazine.com\/mx\/?s={search_term_string}\"},\"query-input\":\"required name=search_term_string\"}],\"inLanguage\":\"es-MX\"}]}<\/script>\n<!-- \/ Yoast SEO Premium plugin. -->","yoast_head_json":{"title":"El Louvre consigui\u00f3 m\u00e1s fama gracias a Beyonc\u00e9 y Jay-Z | Grazia M\u00e9xico y Latinoam\u00e9rica","description":"El video que Beyonc\u00e9 y Jay-Z grabaron en el Louvre, hizo que el museo tuviera m\u00e1s impacto y rompiera su r\u00e9cord de visitas en el 2018. \u00bfIr\u00f3nico?","robots":{"index":"index","follow":"follow","max-snippet":"max-snippet:-1","max-image-preview":"max-image-preview:large","max-video-preview":"max-video-preview:-1"},"canonical":"https:\/\/graziamagazine.com\/mx\/articles\/el-louvre-consiguio-mas-fama-gracias-a-beyonce-y-jay-z\/","og_locale":"es_MX","og_type":"article","og_title":"El Louvre consigui\u00f3 m\u00e1s fama gracias a Beyonc\u00e9 y Jay-Z","og_description":"El video que Beyonc\u00e9 y Jay-Z grabaron en el Louvre, hizo que el museo tuviera m\u00e1s impacto y rompiera su r\u00e9cord de visitas en el 2018. \u00bfIr\u00f3nico?","og_url":"https:\/\/graziamagazine.com\/mx\/articles\/el-louvre-consiguio-mas-fama-gracias-a-beyonce-y-jay-z\/","og_site_name":"Grazia M\u00e9xico y Latinoam\u00e9rica","og_image":[{"width":685,"height":446,"url":"https:\/\/graziamagazine.com\/mx\/wp-content\/uploads\/sites\/13\/2019\/09\/el-louvre-consiguio-mas-fama-gracias-a-beyonce-y-jay-z-destacada.jpg?fit=685%2C446","type":"image\/jpeg"}],"twitter_card":"summary_large_image","twitter_misc":{"Est. reading time":"2 minutos"},"schema":{"@context":"https:\/\/schema.org","@graph":[{"@type":"WebPage","@id":"https:\/\/graziamagazine.com\/mx\/articles\/el-louvre-consiguio-mas-fama-gracias-a-beyonce-y-jay-z\/","url":"https:\/\/graziamagazine.com\/mx\/articles\/el-louvre-consiguio-mas-fama-gracias-a-beyonce-y-jay-z\/","name":"El Louvre consigui\u00f3 m\u00e1s fama gracias a Beyonc\u00e9 y Jay-Z | Grazia M\u00e9xico y Latinoam\u00e9rica","isPartOf":{"@id":"https:\/\/graziamagazine.com\/mx\/#website"},"datePublished":"2019-09-11T18:37:15+00:00","dateModified":"2019-09-11T18:37:15+00:00","description":"El video que Beyonc\u00e9 y Jay-Z grabaron en el Louvre, hizo que el museo tuviera m\u00e1s impacto y rompiera su r\u00e9cord de visitas en el 2018. \u00bfIr\u00f3nico?","breadcrumb":{"@id":"https:\/\/graziamagazine.com\/mx\/articles\/el-louvre-consiguio-mas-fama-gracias-a-beyonce-y-jay-z\/#breadcrumb"},"inLanguage":"es-MX","potentialAction":[{"@type":"ReadAction","target":["https:\/\/graziamagazine.com\/mx\/articles\/el-louvre-consiguio-mas-fama-gracias-a-beyonce-y-jay-z\/"]}]},{"@type":"BreadcrumbList","@id":"https:\/\/graziamagazine.com\/mx\/articles\/el-louvre-consiguio-mas-fama-gracias-a-beyonce-y-jay-z\/#breadcrumb","itemListElement":[{"@type":"ListItem","position":1,"name":"Home","item":"https:\/\/graziamagazine.com\/mx\/"},{"@type":"ListItem","position":2,"name":"El Louvre consigui\u00f3 m\u00e1s fama gracias a Beyonc\u00e9 y Jay-Z"}]},{"@type":"WebSite","@id":"https:\/\/graziamagazine.com\/mx\/#website","url":"https:\/\/graziamagazine.com\/mx\/","name":"Grazia M\u00e9xico y Latinoam\u00e9rica","description":"Grazia es moda, belleza y noticias  de actualidad ","potentialAction":[{"@type":"SearchAction","target":{"@type":"EntryPoint","urlTemplate":"https:\/\/graziamagazine.com\/mx\/?s={search_term_string}"},"query-input":"required name=search_term_string"}],"inLanguage":"es-MX"}]}},"jetpack_sharing_enabled":true,"distributor_meta":false,"distributor_terms":false,"distributor_media":false,"distributor_original_site_name":"Grazia M\u00e9xico y Latinoam\u00e9rica","distributor_original_site_url":"https:\/\/graziamagazine.com\/mx","push-errors":false,"_links":{"self":[{"href":"https:\/\/graziamagazine.com\/mx\/wp-json\/wp\/v2\/articles\/70771"}],"collection":[{"href":"https:\/\/graziamagazine.com\/mx\/wp-json\/wp\/v2\/articles"}],"about":[{"href":"https:\/\/graziamagazine.com\/mx\/wp-json\/wp\/v2\/types\/articles"}],"author":[{"embeddable":true,"href":"https:\/\/graziamagazine.com\/mx\/wp-json\/wp\/v2\/users\/11628"}],"wp:featuredmedia":[{"embeddable":true,"href":"https:\/\/graziamagazine.com\/mx\/wp-json\/wp\/v2\/media\/70782"}],"wp:attachment":[{"href":"https:\/\/graziamagazine.com\/mx\/wp-json\/wp\/v2\/media?parent=70771"}],"wp:term":[{"taxonomy":"category","embeddable":true,"href":"https:\/\/graziamagazine.com\/mx\/wp-json\/wp\/v2\/categories?post=70771"}],"curies":[{"name":"wp","href":"https:\/\/api.w.org\/{rel}","templated":true}]}}