{"id":70748,"date":"2019-09-11T13:20:43","date_gmt":"2019-09-11T18:20:43","guid":{"rendered":"https:\/\/graziamagazine.com\/mx\/?p=70748"},"modified":"2019-09-11T13:23:26","modified_gmt":"2019-09-11T18:23:26","slug":"una-mujer-sofisticada-y-elegante-lleva-prendas-firmadas-por-proenza-schouler","status":"publish","type":"articles","link":"https:\/\/graziamagazine.com\/mx\/articles\/una-mujer-sofisticada-y-elegante-lleva-prendas-firmadas-por-proenza-schouler\/","title":{"rendered":"Una mujer sofisticada y elegante lleva prendas firmadas por Proenza Schouler\u00a0"},"content":{"rendered":"<p><strong>Jack McCollough<\/strong> y\u00a0<strong>Lazaro Hernandez<\/strong>\u00a0son el par detr\u00e1s de <strong>Proenza Schouler<\/strong>\u00a0y<a href=\"https:\/\/graziamagazine.com\/mx\/proenza-schouler-salvo-new-york-fashion-week-con-su-coleccion\/\" target=\"_blank\" rel=\"noopener\"> regresaron a conquistar Nueva York<\/a> con un nuevo concepto que fusiona el minimalismo y la feminidad. Su colecci\u00f3n primavera verano 2020 se conforma de 37 <em>looks<\/em> para una mujer actual, que quiere estar c\u00f3moda y dedica su tiempo a trabajar y estar en la oficina, pero al mismo tiempo es imponente, sofisticada y elegante.<\/p>\n<p><a href=\"http:\/\/www.gettyimages.es\/detail\/1173704263\"id=\"AcB0MomNRGp3BipXvSLBRA\" class=\"gie-slideshow\" style=\"color: #a7a7a7; text-decoration: none; font-weight: normal !important; border: none; display: inline-block;\"  target=\"_blank\" rel=\"noopener\" target=\"_blank\">Embed from Getty Images<\/a><script>window.gie=window.gie||function(c){(gie.q=gie.q||[]).push(c)};gie(function(){gie.widgets.load({id:'AcB0MomNRGp3BipXvSLBRA',sig:'TQqGoVGZyHMrIeUNyaGfurOjXHbdTZrDqYzqPBAXDTM=',w:'395px',h:'594px',items:'1173704263,1173741414,1173741754',caption: true ,tld:'es',is360: false })});<\/script><script src='\/\/embed-cdn.gettyimages.com\/widgets.js' charset='utf-8' async><\/script><\/p>\n<p>Las siluetas son cl\u00e1sicas y alusivas a la d\u00e9cada de los ochenta, el par logr\u00f3 crear un balance extraordinario entre prendas sastreadas y drapeados delicados. La combinaci\u00f3n de texturas es perfecta, los materiales son frescos y livianos, combinando fibras de lana, seda y algod\u00f3n para la construcci\u00f3n de <em>jerseys<\/em>, gasas plisadas y casimires. Adem\u00e1s, detalles de cuero fueron clave dentro de la propuesta.<\/p>\n<p><a href=\"http:\/\/www.gettyimages.es\/detail\/1173704913\"id=\"JMNWnEFsRCxUamFHfze6-A\" class=\"gie-slideshow\" style=\"color: #a7a7a7; text-decoration: none; font-weight: normal !important; border: none; display: inline-block;\"  target=\"_blank\" rel=\"noopener\" target=\"_blank\">Embed from Getty Images<\/a><script>window.gie=window.gie||function(c){(gie.q=gie.q||[]).push(c)};gie(function(){gie.widgets.load({id:'JMNWnEFsRCxUamFHfze6-A',sig:'ma8Dqne2JRpw8NsjA28IvR1B3xRHjDGYLPFbsA1h6Gw=',w:'395px',h:'594px',items:'1173704913,1173892159,1173892556,1173892148,1173892098',caption: true ,tld:'es',is360: false })});<\/script><script src='\/\/embed-cdn.gettyimages.com\/widgets.js' charset='utf-8' async><\/script><\/p>\n<p>Los escotes pronunciados, sacos<em> oversized<\/em>\u00a0y <em>halters<\/em>\u00a0drapeados de aire noventero fueron las piezas clave dentro de la colecci\u00f3n, adem\u00e1s ojales y botones le dieron un toque distintivo y especial caracter\u00edstico de la firma estadounidense. McCollough y Hernandez optaron por contrastar tonos llamativos como el amarillo para favorecer los apagados y neutros como el beige, el negro y el blanco.<\/p>\n<p>Los estampados abstractos en tonos como el naranja, caf\u00e9 y azul crearon la armon\u00eda perfecta con piezas delicadas y plisadas.<\/p>\n<p><a href=\"http:\/\/www.gettyimages.es\/detail\/1173704844\"id=\"xIf-UTfBQSF_gAIwm5H9RA\" class=\"gie-slideshow\" style=\"color: #a7a7a7; text-decoration: none; font-weight: normal !important; border: none; display: inline-block;\"  target=\"_blank\" rel=\"noopener\" target=\"_blank\">Embed from Getty Images<\/a><script>window.gie=window.gie||function(c){(gie.q=gie.q||[]).push(c)};gie(function(){gie.widgets.load({id:'xIf-UTfBQSF_gAIwm5H9RA',sig:'mxUsLCrqD-38n1os37AjkwBgDNCdKWEVNDmzp07RANI=',w:'395px',h:'594px',items:'1173704844,1173892413,1173892207,1173892156,1173892097',caption: true ,tld:'es',is360: false })});<\/script><script src='\/\/embed-cdn.gettyimages.com\/widgets.js' charset='utf-8' async><\/script><\/p>\n<p>Los bolsos fueron el complemento ideal, en cuero y con detalles como cinturones, aros y estampados abstractos. Adem\u00e1s, las sandalias bondeadas en cuero y drapeadas en raso de seda en tonos como blanco, amarillo y morado sin duda se convertir\u00e1n en las favoritas de la temporada.<\/p>\n<p><a href=\"http:\/\/www.gettyimages.es\/detail\/1173892231\"id=\"YGmpAKPYTD9connHF8Rcsg\" class=\"gie-slideshow\" style=\"color: #a7a7a7; text-decoration: none; font-weight: normal !important; border: none; display: inline-block;\"  target=\"_blank\" rel=\"noopener\" target=\"_blank\">Embed from Getty Images<\/a><script>window.gie=window.gie||function(c){(gie.q=gie.q||[]).push(c)};gie(function(){gie.widgets.load({id:'YGmpAKPYTD9connHF8Rcsg',sig:'ZdZFnI88d1ySjX6Awk8sKemeVsBGXmg0cFgxkY6jwYE=',w:'396px',h:'594px',items:'1173892231,1173892303,1173892127,1173892321,1173892596',caption: true ,tld:'es',is360: false })});<\/script><script src='\/\/embed-cdn.gettyimages.com\/widgets.js' charset='utf-8' async><\/script><\/p>\n<p>Finalmente, los accesorios dorados como artes y collares en formas geom\u00e9tricas impregnaron los <em>looks<\/em> como un destello de<em> glamour<\/em>.<\/p>\n<p><a href=\"http:\/\/www.gettyimages.es\/detail\/1173892258\"id=\"PwuCbTopS2JcTJuH0GKUHA\" class=\"gie-slideshow\" style=\"color: #a7a7a7; text-decoration: none; font-weight: normal !important; border: none; display: inline-block;\"  target=\"_blank\" rel=\"noopener\" target=\"_blank\">Embed from Getty Images<\/a><script>window.gie=window.gie||function(c){(gie.q=gie.q||[]).push(c)};gie(function(){gie.widgets.load({id:'PwuCbTopS2JcTJuH0GKUHA',sig:'ynqBY9BBElt9Lsxq1XPNM0wsgtOx1pz8A55n5rPp0q4=',w:'396px',h:'594px',items:'1173892258,1173892590,1173892142',caption: true ,tld:'es',is360: false })});<\/script><script src='\/\/embed-cdn.gettyimages.com\/widgets.js' charset='utf-8' async><\/script><\/p>\n<p>&nbsp;<\/p>\n<h5><em>*IMAGEN: Getty Images<\/em><\/h5>\n","protected":false},"author":11656,"featured_media":70777,"template":"","format":"standard","categories":[4],"acf":[],"yoast_head":"<!-- This site is optimized with the Yoast SEO Premium plugin v18.5 (Yoast SEO v20.4) - https:\/\/yoast.com\/wordpress\/plugins\/seo\/ -->\n<title>Una mujer sofisticada y elegante lleva prendas firmadas por Proenza Schouler\u00a0 | Grazia M\u00e9xico y Latinoam\u00e9rica<\/title>\n<meta name=\"description\" content=\"Proenza Schouler lleg\u00f3 a conquistar el Fashion Week de Nueva York con una propuesta minimalista para una mujer imponente que dedica su tiempo a trabajar.\" \/>\n<meta name=\"robots\" content=\"index, follow, max-snippet:-1, max-image-preview:large, max-video-preview:-1\" \/>\n<link rel=\"canonical\" href=\"https:\/\/graziamagazine.com\/mx\/articles\/una-mujer-sofisticada-y-elegante-lleva-prendas-firmadas-por-proenza-schouler\/\" \/>\n<meta property=\"og:locale\" content=\"es_MX\" \/>\n<meta property=\"og:type\" content=\"article\" \/>\n<meta property=\"og:title\" content=\"Una mujer sofisticada y elegante lleva prendas firmadas por Proenza Schouler\u00a0\" \/>\n<meta property=\"og:description\" content=\"Proenza Schouler lleg\u00f3 a conquistar el Fashion Week de Nueva York con una propuesta minimalista para una mujer imponente que dedica su tiempo a trabajar.\" \/>\n<meta property=\"og:url\" content=\"https:\/\/graziamagazine.com\/mx\/articles\/una-mujer-sofisticada-y-elegante-lleva-prendas-firmadas-por-proenza-schouler\/\" \/>\n<meta property=\"og:site_name\" content=\"Grazia M\u00e9xico y Latinoam\u00e9rica\" \/>\n<meta property=\"article:modified_time\" content=\"2019-09-11T18:23:26+00:00\" \/>\n<meta property=\"og:image\" content=\"https:\/\/graziamagazine.com\/mx\/wp-content\/uploads\/sites\/13\/2019\/09\/una-mujer-sofisticada-y-elegante-lleva-prendas-firmadas-por-proenza-schouler-destacada.jpg?fit=1000%2C537\" \/>\n\t<meta property=\"og:image:width\" content=\"1000\" \/>\n\t<meta property=\"og:image:height\" content=\"537\" \/>\n\t<meta property=\"og:image:type\" content=\"image\/jpeg\" \/>\n<meta name=\"twitter:card\" content=\"summary_large_image\" \/>\n<meta name=\"twitter:label1\" content=\"Est. reading time\" \/>\n\t<meta name=\"twitter:data1\" content=\"2 minutos\" \/>\n<script type=\"application\/ld+json\" class=\"yoast-schema-graph\">{\"@context\":\"https:\/\/schema.org\",\"@graph\":[{\"@type\":\"WebPage\",\"@id\":\"https:\/\/graziamagazine.com\/mx\/articles\/una-mujer-sofisticada-y-elegante-lleva-prendas-firmadas-por-proenza-schouler\/\",\"url\":\"https:\/\/graziamagazine.com\/mx\/articles\/una-mujer-sofisticada-y-elegante-lleva-prendas-firmadas-por-proenza-schouler\/\",\"name\":\"Una mujer sofisticada y elegante lleva prendas firmadas por Proenza Schouler\u00a0 | Grazia M\u00e9xico y Latinoam\u00e9rica\",\"isPartOf\":{\"@id\":\"https:\/\/graziamagazine.com\/mx\/#website\"},\"datePublished\":\"2019-09-11T18:20:43+00:00\",\"dateModified\":\"2019-09-11T18:23:26+00:00\",\"description\":\"Proenza Schouler lleg\u00f3 a conquistar el Fashion Week de Nueva York con una propuesta minimalista para una mujer imponente que dedica su tiempo a trabajar.\",\"breadcrumb\":{\"@id\":\"https:\/\/graziamagazine.com\/mx\/articles\/una-mujer-sofisticada-y-elegante-lleva-prendas-firmadas-por-proenza-schouler\/#breadcrumb\"},\"inLanguage\":\"es-MX\",\"potentialAction\":[{\"@type\":\"ReadAction\",\"target\":[\"https:\/\/graziamagazine.com\/mx\/articles\/una-mujer-sofisticada-y-elegante-lleva-prendas-firmadas-por-proenza-schouler\/\"]}]},{\"@type\":\"BreadcrumbList\",\"@id\":\"https:\/\/graziamagazine.com\/mx\/articles\/una-mujer-sofisticada-y-elegante-lleva-prendas-firmadas-por-proenza-schouler\/#breadcrumb\",\"itemListElement\":[{\"@type\":\"ListItem\",\"position\":1,\"name\":\"Home\",\"item\":\"https:\/\/graziamagazine.com\/mx\/\"},{\"@type\":\"ListItem\",\"position\":2,\"name\":\"Una mujer sofisticada y elegante lleva prendas firmadas por Proenza Schouler\u00a0\"}]},{\"@type\":\"WebSite\",\"@id\":\"https:\/\/graziamagazine.com\/mx\/#website\",\"url\":\"https:\/\/graziamagazine.com\/mx\/\",\"name\":\"Grazia M\u00e9xico y Latinoam\u00e9rica\",\"description\":\"Grazia es moda, belleza y noticias  de actualidad \",\"potentialAction\":[{\"@type\":\"SearchAction\",\"target\":{\"@type\":\"EntryPoint\",\"urlTemplate\":\"https:\/\/graziamagazine.com\/mx\/?s={search_term_string}\"},\"query-input\":\"required name=search_term_string\"}],\"inLanguage\":\"es-MX\"}]}<\/script>\n<!-- \/ Yoast SEO Premium plugin. -->","yoast_head_json":{"title":"Una mujer sofisticada y elegante lleva prendas firmadas por Proenza Schouler\u00a0 | Grazia M\u00e9xico y Latinoam\u00e9rica","description":"Proenza Schouler lleg\u00f3 a conquistar el Fashion Week de Nueva York con una propuesta minimalista para una mujer imponente que dedica su tiempo a trabajar.","robots":{"index":"index","follow":"follow","max-snippet":"max-snippet:-1","max-image-preview":"max-image-preview:large","max-video-preview":"max-video-preview:-1"},"canonical":"https:\/\/graziamagazine.com\/mx\/articles\/una-mujer-sofisticada-y-elegante-lleva-prendas-firmadas-por-proenza-schouler\/","og_locale":"es_MX","og_type":"article","og_title":"Una mujer sofisticada y elegante lleva prendas firmadas por Proenza Schouler\u00a0","og_description":"Proenza Schouler lleg\u00f3 a conquistar el Fashion Week de Nueva York con una propuesta minimalista para una mujer imponente que dedica su tiempo a trabajar.","og_url":"https:\/\/graziamagazine.com\/mx\/articles\/una-mujer-sofisticada-y-elegante-lleva-prendas-firmadas-por-proenza-schouler\/","og_site_name":"Grazia M\u00e9xico y Latinoam\u00e9rica","article_modified_time":"2019-09-11T18:23:26+00:00","og_image":[{"width":1000,"height":537,"url":"https:\/\/graziamagazine.com\/mx\/wp-content\/uploads\/sites\/13\/2019\/09\/una-mujer-sofisticada-y-elegante-lleva-prendas-firmadas-por-proenza-schouler-destacada.jpg?fit=1000%2C537","type":"image\/jpeg"}],"twitter_card":"summary_large_image","twitter_misc":{"Est. reading time":"2 minutos"},"schema":{"@context":"https:\/\/schema.org","@graph":[{"@type":"WebPage","@id":"https:\/\/graziamagazine.com\/mx\/articles\/una-mujer-sofisticada-y-elegante-lleva-prendas-firmadas-por-proenza-schouler\/","url":"https:\/\/graziamagazine.com\/mx\/articles\/una-mujer-sofisticada-y-elegante-lleva-prendas-firmadas-por-proenza-schouler\/","name":"Una mujer sofisticada y elegante lleva prendas firmadas por Proenza Schouler\u00a0 | Grazia M\u00e9xico y Latinoam\u00e9rica","isPartOf":{"@id":"https:\/\/graziamagazine.com\/mx\/#website"},"datePublished":"2019-09-11T18:20:43+00:00","dateModified":"2019-09-11T18:23:26+00:00","description":"Proenza Schouler lleg\u00f3 a conquistar el Fashion Week de Nueva York con una propuesta minimalista para una mujer imponente que dedica su tiempo a trabajar.","breadcrumb":{"@id":"https:\/\/graziamagazine.com\/mx\/articles\/una-mujer-sofisticada-y-elegante-lleva-prendas-firmadas-por-proenza-schouler\/#breadcrumb"},"inLanguage":"es-MX","potentialAction":[{"@type":"ReadAction","target":["https:\/\/graziamagazine.com\/mx\/articles\/una-mujer-sofisticada-y-elegante-lleva-prendas-firmadas-por-proenza-schouler\/"]}]},{"@type":"BreadcrumbList","@id":"https:\/\/graziamagazine.com\/mx\/articles\/una-mujer-sofisticada-y-elegante-lleva-prendas-firmadas-por-proenza-schouler\/#breadcrumb","itemListElement":[{"@type":"ListItem","position":1,"name":"Home","item":"https:\/\/graziamagazine.com\/mx\/"},{"@type":"ListItem","position":2,"name":"Una mujer sofisticada y elegante lleva prendas firmadas por Proenza Schouler\u00a0"}]},{"@type":"WebSite","@id":"https:\/\/graziamagazine.com\/mx\/#website","url":"https:\/\/graziamagazine.com\/mx\/","name":"Grazia M\u00e9xico y Latinoam\u00e9rica","description":"Grazia es moda, belleza y noticias  de actualidad ","potentialAction":[{"@type":"SearchAction","target":{"@type":"EntryPoint","urlTemplate":"https:\/\/graziamagazine.com\/mx\/?s={search_term_string}"},"query-input":"required name=search_term_string"}],"inLanguage":"es-MX"}]}},"jetpack_sharing_enabled":true,"distributor_meta":false,"distributor_terms":false,"distributor_media":false,"distributor_original_site_name":"Grazia M\u00e9xico y Latinoam\u00e9rica","distributor_original_site_url":"https:\/\/graziamagazine.com\/mx","push-errors":false,"_links":{"self":[{"href":"https:\/\/graziamagazine.com\/mx\/wp-json\/wp\/v2\/articles\/70748"}],"collection":[{"href":"https:\/\/graziamagazine.com\/mx\/wp-json\/wp\/v2\/articles"}],"about":[{"href":"https:\/\/graziamagazine.com\/mx\/wp-json\/wp\/v2\/types\/articles"}],"author":[{"embeddable":true,"href":"https:\/\/graziamagazine.com\/mx\/wp-json\/wp\/v2\/users\/11656"}],"wp:featuredmedia":[{"embeddable":true,"href":"https:\/\/graziamagazine.com\/mx\/wp-json\/wp\/v2\/media\/70777"}],"wp:attachment":[{"href":"https:\/\/graziamagazine.com\/mx\/wp-json\/wp\/v2\/media?parent=70748"}],"wp:term":[{"taxonomy":"category","embeddable":true,"href":"https:\/\/graziamagazine.com\/mx\/wp-json\/wp\/v2\/categories?post=70748"}],"curies":[{"name":"wp","href":"https:\/\/api.w.org\/{rel}","templated":true}]}}