{"id":70623,"date":"2019-09-09T18:14:22","date_gmt":"2019-09-09T23:14:22","guid":{"rendered":"https:\/\/graziamagazine.com\/mx\/?p=70623"},"modified":"2019-09-09T18:14:22","modified_gmt":"2019-09-09T23:14:22","slug":"diana-spencer-o-sea-lady-di-inspira-a-tory-burch","status":"publish","type":"articles","link":"https:\/\/graziamagazine.com\/mx\/articles\/diana-spencer-o-sea-lady-di-inspira-a-tory-burch\/","title":{"rendered":"Diana Spencer, o sea Lady Di, inspira a Tory Burch"},"content":{"rendered":"<p>Siguen los tributos a <b>Lady Di<\/b> en todo tipo de presentaciones a 22 a\u00f1os de su muerte. Ahora fue <b>Tory Burch<\/b> quien dej\u00f3 en claro que la princesa del pueblo contin\u00faa inspirando el estilo del presente. Pero para ser claros, no es sobre la gran figura que tom\u00f3 por sorpresa a los medios cuando anunci\u00f3 su compromiso con el soltero m\u00e1s codiciado de los setenta y ochenta. No. Burch m\u00e1s bien decidi\u00f3 ir m\u00e1s atr\u00e1s e indagar en qui\u00e9n era <b>Diana Spencer<\/b> antes de ser parte de la monarqu\u00eda brit\u00e1nica.<\/p>\n<p><img decoding=\"async\" class=\"alignnone size-large wp-image-70635\" src=\"https:\/\/graziamagazine.com\/mx\/wp-content\/uploads\/sites\/13\/2019\/09\/diana-spencer-o-sea-lady-di-inspira-a-tory-burch-1-700x1050.jpg\" alt=\"\" \/><\/p>\n<p><img decoding=\"async\" class=\"alignnone size-large wp-image-70636\" src=\"https:\/\/graziamagazine.com\/mx\/wp-content\/uploads\/sites\/13\/2019\/09\/diana-spencer-o-sea-lady-di-inspira-a-tory-burch-2-700x1050.jpg\" alt=\"\" \/><\/p>\n<p><b><i>Althorp House<\/i><\/b>, la casa de los Spencer, es una propiedad rodeada de flora. Fue ah\u00ed donde la princesa naci\u00f3, creci\u00f3 y vivi\u00f3 con sus padres y hermanos. La naturaleza siempre fue favorita de la princesa e incluso rodea su tumba \u201436 \u00e1rboles de roble delimitan el camino al lago ovalado donde yace el cuerpo de Diana, 100 ramilletes de rosas y 1000 nen\u00fafares. Tomando esa conexi\u00f3n, la dise\u00f1adora no escatim\u00f3 en hacerla protagonista a trav\u00e9s de los bordados y motivos que protagonizaron cada prenda.<\/p>\n<p>La nostalgia se percibe en cada <i>look<\/i> a trav\u00e9s de los detalles \u2014<i>baby collars<\/i>, sutiles cadenas doradas, perlas que cuelgan como gotas de agua, lunares (favoritos de la Diana), volantes y un <i>patchwork<\/i> alusivo a los textiles ingleses. Siluetas relajadas y una muy particular demostraci\u00f3n de los ochenta con toda la simpleza y frescura que caracteriza a la firma. Con ello, esos su\u00e9teres de punto que Diana llevaba cuando apenas era una personalidad nueva para los <i>paparazzi<\/i>, aparecieron en iteraciones modernas.<\/p>\n<p><img decoding=\"async\" class=\"alignnone size-large wp-image-70637\" src=\"https:\/\/graziamagazine.com\/mx\/wp-content\/uploads\/sites\/13\/2019\/09\/diana-spencer-o-sea-lady-di-inspira-a-tory-burch-3-700x700.jpg\" alt=\"\" \/><\/p>\n<p><img decoding=\"async\" class=\"alignnone size-large wp-image-70639\" src=\"https:\/\/graziamagazine.com\/mx\/wp-content\/uploads\/sites\/13\/2019\/09\/diana-spencer-o-sea-lady-di-inspira-a-tory-burch-5-700x1050.jpg\" alt=\"\" \/><\/p>\n<p><img decoding=\"async\" class=\"alignnone size-large wp-image-70638\" src=\"https:\/\/graziamagazine.com\/mx\/wp-content\/uploads\/sites\/13\/2019\/09\/diana-spencer-o-sea-lady-di-inspira-a-tory-burch-4-700x466.jpg\" alt=\"\" \/><\/p>\n<p>Sin dejar de lado los vestidos, Tory Burch present\u00f3 su propia versi\u00f3n de volumen sobrio \u2014como lo declara en el comunicado\u2014 en las mangas de globo. Con ellas y los estampados a cuadros, la representaci\u00f3n cl\u00e1sica se sinti\u00f3 aterrizada. Jugando con aquel estilo que luego deton\u00f3 a la musa, la dise\u00f1adora hizo que hasta los m\u00e1s m\u00ednimos detalles resaltaran sin esfuerzo alguno \u2014justo como Diana lo hizo desde el primer momento que apareci\u00f3 frente al ojo p\u00fablico.<\/p>\n<h5><\/h5>\n<h5><em>*IM\u00c1GENES: Cortes\u00eda de Tory Burch<\/em><\/h5>\n","protected":false},"author":11641,"featured_media":70630,"template":"","format":"standard","categories":[4],"acf":[],"yoast_head":"<!-- This site is optimized with the Yoast SEO Premium plugin v18.5 (Yoast SEO v20.4) - https:\/\/yoast.com\/wordpress\/plugins\/seo\/ -->\n<title>Diana Spencer, o sea Lady Di, inspira a Tory Burch | Grazia M\u00e9xico y Latinoam\u00e9rica<\/title>\n<meta name=\"description\" content=\"Tory Burch se inspir\u00f3 en Diana, antes de ser princesa, para primavera-verano 2020. Con siluetas relajadas y estampados nost\u00e1lgicos, la dise\u00f1adora conquist\u00f3.\" \/>\n<meta name=\"robots\" content=\"index, follow, max-snippet:-1, max-image-preview:large, max-video-preview:-1\" \/>\n<link rel=\"canonical\" href=\"https:\/\/graziamagazine.com\/mx\/articles\/diana-spencer-o-sea-lady-di-inspira-a-tory-burch\/\" \/>\n<meta property=\"og:locale\" content=\"es_MX\" \/>\n<meta property=\"og:type\" content=\"article\" \/>\n<meta property=\"og:title\" content=\"Diana Spencer, o sea Lady Di, inspira a Tory Burch\" \/>\n<meta property=\"og:description\" content=\"Tory Burch se inspir\u00f3 en Diana, antes de ser princesa, para primavera-verano 2020. Con siluetas relajadas y estampados nost\u00e1lgicos, la dise\u00f1adora conquist\u00f3.\" \/>\n<meta property=\"og:url\" content=\"https:\/\/graziamagazine.com\/mx\/articles\/diana-spencer-o-sea-lady-di-inspira-a-tory-burch\/\" \/>\n<meta property=\"og:site_name\" content=\"Grazia M\u00e9xico y Latinoam\u00e9rica\" \/>\n<meta property=\"og:image\" content=\"https:\/\/graziamagazine.com\/mx\/wp-content\/uploads\/sites\/13\/2019\/09\/diana-spencer-o-sea-lady-di-inspira-a-tory-burch-destacada.jpg?fit=1772%2C1181\" \/>\n\t<meta property=\"og:image:width\" content=\"1772\" \/>\n\t<meta property=\"og:image:height\" content=\"1181\" \/>\n\t<meta property=\"og:image:type\" content=\"image\/jpeg\" \/>\n<meta name=\"twitter:card\" content=\"summary_large_image\" \/>\n<meta name=\"twitter:label1\" content=\"Est. reading time\" \/>\n\t<meta name=\"twitter:data1\" content=\"2 minutos\" \/>\n<script type=\"application\/ld+json\" class=\"yoast-schema-graph\">{\"@context\":\"https:\/\/schema.org\",\"@graph\":[{\"@type\":\"WebPage\",\"@id\":\"https:\/\/graziamagazine.com\/mx\/articles\/diana-spencer-o-sea-lady-di-inspira-a-tory-burch\/\",\"url\":\"https:\/\/graziamagazine.com\/mx\/articles\/diana-spencer-o-sea-lady-di-inspira-a-tory-burch\/\",\"name\":\"Diana Spencer, o sea Lady Di, inspira a Tory Burch | Grazia M\u00e9xico y Latinoam\u00e9rica\",\"isPartOf\":{\"@id\":\"https:\/\/graziamagazine.com\/mx\/#website\"},\"datePublished\":\"2019-09-09T23:14:22+00:00\",\"dateModified\":\"2019-09-09T23:14:22+00:00\",\"description\":\"Tory Burch se inspir\u00f3 en Diana, antes de ser princesa, para primavera-verano 2020. Con siluetas relajadas y estampados nost\u00e1lgicos, la dise\u00f1adora conquist\u00f3.\",\"breadcrumb\":{\"@id\":\"https:\/\/graziamagazine.com\/mx\/articles\/diana-spencer-o-sea-lady-di-inspira-a-tory-burch\/#breadcrumb\"},\"inLanguage\":\"es-MX\",\"potentialAction\":[{\"@type\":\"ReadAction\",\"target\":[\"https:\/\/graziamagazine.com\/mx\/articles\/diana-spencer-o-sea-lady-di-inspira-a-tory-burch\/\"]}]},{\"@type\":\"BreadcrumbList\",\"@id\":\"https:\/\/graziamagazine.com\/mx\/articles\/diana-spencer-o-sea-lady-di-inspira-a-tory-burch\/#breadcrumb\",\"itemListElement\":[{\"@type\":\"ListItem\",\"position\":1,\"name\":\"Home\",\"item\":\"https:\/\/graziamagazine.com\/mx\/\"},{\"@type\":\"ListItem\",\"position\":2,\"name\":\"Diana Spencer, o sea Lady Di, inspira a Tory Burch\"}]},{\"@type\":\"WebSite\",\"@id\":\"https:\/\/graziamagazine.com\/mx\/#website\",\"url\":\"https:\/\/graziamagazine.com\/mx\/\",\"name\":\"Grazia M\u00e9xico y Latinoam\u00e9rica\",\"description\":\"Grazia es moda, belleza y noticias  de actualidad \",\"potentialAction\":[{\"@type\":\"SearchAction\",\"target\":{\"@type\":\"EntryPoint\",\"urlTemplate\":\"https:\/\/graziamagazine.com\/mx\/?s={search_term_string}\"},\"query-input\":\"required name=search_term_string\"}],\"inLanguage\":\"es-MX\"}]}<\/script>\n<!-- \/ Yoast SEO Premium plugin. -->","yoast_head_json":{"title":"Diana Spencer, o sea Lady Di, inspira a Tory Burch | Grazia M\u00e9xico y Latinoam\u00e9rica","description":"Tory Burch se inspir\u00f3 en Diana, antes de ser princesa, para primavera-verano 2020. Con siluetas relajadas y estampados nost\u00e1lgicos, la dise\u00f1adora conquist\u00f3.","robots":{"index":"index","follow":"follow","max-snippet":"max-snippet:-1","max-image-preview":"max-image-preview:large","max-video-preview":"max-video-preview:-1"},"canonical":"https:\/\/graziamagazine.com\/mx\/articles\/diana-spencer-o-sea-lady-di-inspira-a-tory-burch\/","og_locale":"es_MX","og_type":"article","og_title":"Diana Spencer, o sea Lady Di, inspira a Tory Burch","og_description":"Tory Burch se inspir\u00f3 en Diana, antes de ser princesa, para primavera-verano 2020. Con siluetas relajadas y estampados nost\u00e1lgicos, la dise\u00f1adora conquist\u00f3.","og_url":"https:\/\/graziamagazine.com\/mx\/articles\/diana-spencer-o-sea-lady-di-inspira-a-tory-burch\/","og_site_name":"Grazia M\u00e9xico y Latinoam\u00e9rica","og_image":[{"width":1772,"height":1181,"url":"https:\/\/graziamagazine.com\/mx\/wp-content\/uploads\/sites\/13\/2019\/09\/diana-spencer-o-sea-lady-di-inspira-a-tory-burch-destacada.jpg?fit=1772%2C1181","type":"image\/jpeg"}],"twitter_card":"summary_large_image","twitter_misc":{"Est. reading time":"2 minutos"},"schema":{"@context":"https:\/\/schema.org","@graph":[{"@type":"WebPage","@id":"https:\/\/graziamagazine.com\/mx\/articles\/diana-spencer-o-sea-lady-di-inspira-a-tory-burch\/","url":"https:\/\/graziamagazine.com\/mx\/articles\/diana-spencer-o-sea-lady-di-inspira-a-tory-burch\/","name":"Diana Spencer, o sea Lady Di, inspira a Tory Burch | Grazia M\u00e9xico y Latinoam\u00e9rica","isPartOf":{"@id":"https:\/\/graziamagazine.com\/mx\/#website"},"datePublished":"2019-09-09T23:14:22+00:00","dateModified":"2019-09-09T23:14:22+00:00","description":"Tory Burch se inspir\u00f3 en Diana, antes de ser princesa, para primavera-verano 2020. Con siluetas relajadas y estampados nost\u00e1lgicos, la dise\u00f1adora conquist\u00f3.","breadcrumb":{"@id":"https:\/\/graziamagazine.com\/mx\/articles\/diana-spencer-o-sea-lady-di-inspira-a-tory-burch\/#breadcrumb"},"inLanguage":"es-MX","potentialAction":[{"@type":"ReadAction","target":["https:\/\/graziamagazine.com\/mx\/articles\/diana-spencer-o-sea-lady-di-inspira-a-tory-burch\/"]}]},{"@type":"BreadcrumbList","@id":"https:\/\/graziamagazine.com\/mx\/articles\/diana-spencer-o-sea-lady-di-inspira-a-tory-burch\/#breadcrumb","itemListElement":[{"@type":"ListItem","position":1,"name":"Home","item":"https:\/\/graziamagazine.com\/mx\/"},{"@type":"ListItem","position":2,"name":"Diana Spencer, o sea Lady Di, inspira a Tory Burch"}]},{"@type":"WebSite","@id":"https:\/\/graziamagazine.com\/mx\/#website","url":"https:\/\/graziamagazine.com\/mx\/","name":"Grazia M\u00e9xico y Latinoam\u00e9rica","description":"Grazia es moda, belleza y noticias  de actualidad ","potentialAction":[{"@type":"SearchAction","target":{"@type":"EntryPoint","urlTemplate":"https:\/\/graziamagazine.com\/mx\/?s={search_term_string}"},"query-input":"required name=search_term_string"}],"inLanguage":"es-MX"}]}},"jetpack_sharing_enabled":true,"distributor_meta":false,"distributor_terms":false,"distributor_media":false,"distributor_original_site_name":"Grazia M\u00e9xico y Latinoam\u00e9rica","distributor_original_site_url":"https:\/\/graziamagazine.com\/mx","push-errors":false,"_links":{"self":[{"href":"https:\/\/graziamagazine.com\/mx\/wp-json\/wp\/v2\/articles\/70623"}],"collection":[{"href":"https:\/\/graziamagazine.com\/mx\/wp-json\/wp\/v2\/articles"}],"about":[{"href":"https:\/\/graziamagazine.com\/mx\/wp-json\/wp\/v2\/types\/articles"}],"author":[{"embeddable":true,"href":"https:\/\/graziamagazine.com\/mx\/wp-json\/wp\/v2\/users\/11641"}],"wp:featuredmedia":[{"embeddable":true,"href":"https:\/\/graziamagazine.com\/mx\/wp-json\/wp\/v2\/media\/70630"}],"wp:attachment":[{"href":"https:\/\/graziamagazine.com\/mx\/wp-json\/wp\/v2\/media?parent=70623"}],"wp:term":[{"taxonomy":"category","embeddable":true,"href":"https:\/\/graziamagazine.com\/mx\/wp-json\/wp\/v2\/categories?post=70623"}],"curies":[{"name":"wp","href":"https:\/\/api.w.org\/{rel}","templated":true}]}}