{"id":70564,"date":"2019-09-09T10:07:34","date_gmt":"2019-09-09T15:07:34","guid":{"rendered":"https:\/\/graziamagazine.com\/mx\/?p=70564"},"modified":"2019-09-09T10:07:34","modified_gmt":"2019-09-09T15:07:34","slug":"hm-toma-acciones-medioambientales-contra-los-incendios-en-la-amazonia","status":"publish","type":"articles","link":"https:\/\/graziamagazine.com\/mx\/articles\/hm-toma-acciones-medioambientales-contra-los-incendios-en-la-amazonia\/","title":{"rendered":"H&#038;M toma acciones medioambientales contra los incendios en la Amazonia"},"content":{"rendered":"<p><span style=\"font-weight: 400;\">Preocupada por los <a href=\"https:\/\/graziamagazine.com\/mx\/por-que-te-debe-importar-el-incendio-en-la-amazonia\/\" target=\"_blank\" rel=\"noopener\">fuertes incendios que ha sufrido la <strong>Amazonia<\/strong><\/a> este \u00faltimo mes, <strong>H&amp;M<\/strong> decidi\u00f3 dejar de comprar cuero a Brasil, material con el que produce parte de sus prendas. La raz\u00f3n es porque la ganader\u00eda excesiva podr\u00eda ser una de las causas de los incendios forestales.<\/span><\/p>\n<p><span style=\"font-weight: 400;\">Aunque a\u00fan no est\u00e1 claro qu\u00e9 porcentaje del cuero exportado por Brasil est\u00e1 vinculado con <a href=\"https:\/\/graziamagazine.com\/mx\/por-que-ver-one-strange-rock-de-netflix-con-el-incendio-en-la-amazonia\/\" target=\"_blank\" rel=\"noopener\">la deforestaci\u00f3n del Amazonas<\/a>, la firma sueca dejar\u00e1 de comprarlo al gigante sudamericano \u201chasta recibir seguridades cre\u00edbles [&#8230;] de que el cuero no contribuye al da\u00f1o ambiental en esta zona\u201d. Por el momento, \u00fanicamente utilizar\u00e1n las pieles compradas en Europa para la confecci\u00f3n de sus prendas.<\/span><\/p>\n<blockquote class=\"instagram-media\" data-instgrm-captioned data-instgrm-permalink=\"https:\/\/www.instagram.com\/p\/B1tkjpyit1C\/?utm_source=ig_embed&amp;utm_campaign=loading\" data-instgrm-version=\"12\" style=\" background:#FFF; border:0; border-radius:3px; box-shadow:0 0 1px 0 rgba(0,0,0,0.5),0 1px 10px 0 rgba(0,0,0,0.15); margin: 1px; max-width:500px; min-width:326px; padding:0; width:99.375%; width:-webkit-calc(100% - 2px); width:calc(100% - 2px);\">\n<div style=\"padding:16px;\"> <a href=\"https:\/\/www.instagram.com\/p\/B1tkjpyit1C\/?utm_source=ig_embed&amp;utm_campaign=loading\" style=\" background:#FFFFFF; line-height:0; padding:0 0; text-align:center; text-decoration:none; width:100%;\" target=\"_blank\"> <\/p>\n<div style=\" display: flex; flex-direction: row; align-items: center;\">\n<div style=\"background-color: #F4F4F4; border-radius: 50%; flex-grow: 0; height: 40px; margin-right: 14px; width: 40px;\"><\/div>\n<div style=\"display: flex; flex-direction: column; flex-grow: 1; justify-content: center;\">\n<div style=\" background-color: #F4F4F4; border-radius: 4px; flex-grow: 0; height: 14px; margin-bottom: 6px; width: 100px;\"><\/div>\n<div style=\" background-color: #F4F4F4; border-radius: 4px; flex-grow: 0; height: 14px; width: 60px;\"><\/div>\n<\/div>\n<\/div>\n<div style=\"padding: 19% 0;\"><\/div>\n<div style=\"display:block; height:50px; margin:0 auto 12px; width:50px;\"><svg width=\"50px\" height=\"50px\" viewBox=\"0 0 60 60\" version=\"1.1\" xmlns=\"https:\/\/www.w3.org\/2000\/svg\" xmlns:xlink=\"https:\/\/www.w3.org\/1999\/xlink\"><g stroke=\"none\" stroke-width=\"1\" fill=\"none\" fill-rule=\"evenodd\"><g transform=\"translate(-511.000000, -20.000000)\" fill=\"#000000\"><g><path d=\"M556.869,30.41 C554.814,30.41 553.148,32.076 553.148,34.131 C553.148,36.186 554.814,37.852 556.869,37.852 C558.924,37.852 560.59,36.186 560.59,34.131 C560.59,32.076 558.924,30.41 556.869,30.41 M541,60.657 C535.114,60.657 530.342,55.887 530.342,50 C530.342,44.114 535.114,39.342 541,39.342 C546.887,39.342 551.658,44.114 551.658,50 C551.658,55.887 546.887,60.657 541,60.657 M541,33.886 C532.1,33.886 524.886,41.1 524.886,50 C524.886,58.899 532.1,66.113 541,66.113 C549.9,66.113 557.115,58.899 557.115,50 C557.115,41.1 549.9,33.886 541,33.886 M565.378,62.101 C565.244,65.022 564.756,66.606 564.346,67.663 C563.803,69.06 563.154,70.057 562.106,71.106 C561.058,72.155 560.06,72.803 558.662,73.347 C557.607,73.757 556.021,74.244 553.102,74.378 C549.944,74.521 548.997,74.552 541,74.552 C533.003,74.552 532.056,74.521 528.898,74.378 C525.979,74.244 524.393,73.757 523.338,73.347 C521.94,72.803 520.942,72.155 519.894,71.106 C518.846,70.057 518.197,69.06 517.654,67.663 C517.244,66.606 516.755,65.022 516.623,62.101 C516.479,58.943 516.448,57.996 516.448,50 C516.448,42.003 516.479,41.056 516.623,37.899 C516.755,34.978 517.244,33.391 517.654,32.338 C518.197,30.938 518.846,29.942 519.894,28.894 C520.942,27.846 521.94,27.196 523.338,26.654 C524.393,26.244 525.979,25.756 528.898,25.623 C532.057,25.479 533.004,25.448 541,25.448 C548.997,25.448 549.943,25.479 553.102,25.623 C556.021,25.756 557.607,26.244 558.662,26.654 C560.06,27.196 561.058,27.846 562.106,28.894 C563.154,29.942 563.803,30.938 564.346,32.338 C564.756,33.391 565.244,34.978 565.378,37.899 C565.522,41.056 565.552,42.003 565.552,50 C565.552,57.996 565.522,58.943 565.378,62.101 M570.82,37.631 C570.674,34.438 570.167,32.258 569.425,30.349 C568.659,28.377 567.633,26.702 565.965,25.035 C564.297,23.368 562.623,22.342 560.652,21.575 C558.743,20.834 556.562,20.326 553.369,20.18 C550.169,20.033 549.148,20 541,20 C532.853,20 531.831,20.033 528.631,20.18 C525.438,20.326 523.257,20.834 521.349,21.575 C519.376,22.342 517.703,23.368 516.035,25.035 C514.368,26.702 513.342,28.377 512.574,30.349 C511.834,32.258 511.326,34.438 511.181,37.631 C511.035,40.831 511,41.851 511,50 C511,58.147 511.035,59.17 511.181,62.369 C511.326,65.562 511.834,67.743 512.574,69.651 C513.342,71.625 514.368,73.296 516.035,74.965 C517.703,76.634 519.376,77.658 521.349,78.425 C523.257,79.167 525.438,79.673 528.631,79.82 C531.831,79.965 532.853,80.001 541,80.001 C549.148,80.001 550.169,79.965 553.369,79.82 C556.562,79.673 558.743,79.167 560.652,78.425 C562.623,77.658 564.297,76.634 565.965,74.965 C567.633,73.296 568.659,71.625 569.425,69.651 C570.167,67.743 570.674,65.562 570.82,62.369 C570.966,59.17 571,58.147 571,50 C571,41.851 570.966,40.831 570.82,37.631\"><\/path><\/g><\/g><\/g><\/svg><\/div>\n<div style=\"padding-top: 8px;\">\n<div style=\" color:#3897f0; font-family:Arial,sans-serif; font-size:14px; font-style:normal; font-weight:550; line-height:18px;\"> View this post on Instagram<\/div>\n<\/div>\n<div style=\"padding: 12.5% 0;\"><\/div>\n<div style=\"display: flex; flex-direction: row; margin-bottom: 14px; align-items: center;\">\n<div>\n<div style=\"background-color: #F4F4F4; border-radius: 50%; height: 12.5px; width: 12.5px; transform: translateX(0px) translateY(7px);\"><\/div>\n<div style=\"background-color: #F4F4F4; height: 12.5px; transform: rotate(-45deg) translateX(3px) translateY(1px); width: 12.5px; flex-grow: 0; margin-right: 14px; margin-left: 2px;\"><\/div>\n<div style=\"background-color: #F4F4F4; border-radius: 50%; height: 12.5px; width: 12.5px; transform: translateX(9px) translateY(-18px);\"><\/div>\n<\/div>\n<div style=\"margin-left: 8px;\">\n<div style=\" background-color: #F4F4F4; border-radius: 50%; flex-grow: 0; height: 20px; width: 20px;\"><\/div>\n<div style=\" width: 0; height: 0; border-top: 2px solid transparent; border-left: 6px solid #f4f4f4; border-bottom: 2px solid transparent; transform: translateX(16px) translateY(-4px) rotate(30deg)\"><\/div>\n<\/div>\n<div style=\"margin-left: auto;\">\n<div style=\" width: 0px; border-top: 8px solid #F4F4F4; border-right: 8px solid transparent; transform: translateY(16px);\"><\/div>\n<div style=\" background-color: #F4F4F4; flex-grow: 0; height: 12px; width: 16px; transform: translateY(-4px);\"><\/div>\n<div style=\" width: 0; height: 0; border-top: 8px solid #F4F4F4; border-left: 8px solid transparent; transform: translateY(-4px) translateX(8px);\"><\/div>\n<\/div>\n<\/div>\n<p><\/a> <\/p>\n<p style=\" margin:8px 0 0 0; padding:0 4px;\"> <a href=\"https:\/\/www.instagram.com\/p\/B1tkjpyit1C\/?utm_source=ig_embed&amp;utm_campaign=loading\" style=\" color:#000; font-family:Arial,sans-serif; font-size:14px; font-style:normal; font-weight:normal; line-height:17px; text-decoration:none; word-wrap:break-word;\" target=\"_blank\" target=\"_blank\">Back to work garments \u2014 the luxe edition. #HM Flounced blouse: 0802344001 Knee-high boots: 0783627002 Fine-knit skirt: 0772945001 Oversized jacket: 0780749001 Jacket with a tie belt: 0802771001<\/a><\/p>\n<p style=\" color:#c9c8cd; font-family:Arial,sans-serif; font-size:14px; line-height:17px; margin-bottom:0; margin-top:8px; overflow:hidden; padding:8px 0 7px; text-align:center; text-overflow:ellipsis; white-space:nowrap;\">A post shared by <a href=\"https:\/\/www.instagram.com\/hm\/?utm_source=ig_embed&amp;utm_campaign=loading\" style=\" color:#c9c8cd; font-family:Arial,sans-serif; font-size:14px; font-style:normal; font-weight:normal; line-height:17px;\" target=\"_blank\" target=\"_blank\"> H&amp;M<\/a> (@hm) on <time style=\" font-family:Arial,sans-serif; font-size:14px; line-height:17px;\" datetime=\"2019-08-28T15:05:24+00:00\">Aug 28, 2019 at 8:05am PDT<\/time><\/p>\n<\/div>\n<\/blockquote>\n<p><script async src=\"\/\/www.instagram.com\/embed.js\"><\/script><\/p>\n<p><span style=\"font-weight: 400;\">Y es que un estudio realizado en 2016 por parte de la Organizaci\u00f3n de las Naciones Unidas para la Alimentaci\u00f3n y la Agricultura, vincul\u00f3 el 80% de la deforestaci\u00f3n de Brasil con el pastoreo del ganado.\u00a0<\/span><span style=\"font-weight: 400;\">De cualquier manera, como seguramente ya sabes H&amp;M utiliza pieles de animales en menos del 1% de sus dise\u00f1os, todo lo dem\u00e1s es piel sint\u00e9tica.<\/span><\/p>\n<p><span style=\"font-weight: 400;\">Hennes &amp; Mauritz (H&amp;M) <a href=\"https:\/\/www.eleconomista.com.mx\/empresas\/Matriz-de-Timberland-Vans-y-North-Face-dejara-de-comprar-cuero-de-Brasil-20190829-0052.html\" target=\"_blank\" rel=\"noopener\" target=\"_blank\">se uni\u00f3 a esta clase de medidas medioambientales<\/a> al igual que otras firmas como <strong>Vans, Timberland <\/strong>y<strong> The North Face,<\/strong> y la aplicar\u00e1 a todas las marcas que pertenezcan al grupo\u00a0<em><strong>VF Corp\u00a0<\/strong><\/em>como <strong>&amp; Other Stories <\/strong>y<strong> Cos<\/strong>.<\/span><\/p>\n<p><span style=\"font-weight: 400;\">Se han detectado casi 50 mil incendios en la Amazonia brasile\u00f1a durante este a\u00f1o, la cifra m\u00e1s alta en casi una d\u00e9cada, lo que ha causado gran preocupaci\u00f3n internacional.<\/span><\/p>\n<h5><em>*IMAGEN: Getty Images<\/em><\/h5>\n","protected":false},"author":11628,"featured_media":70574,"template":"","format":"standard","categories":[114],"acf":[],"yoast_head":"<!-- This site is optimized with the Yoast SEO Premium plugin v18.5 (Yoast SEO v20.4) - https:\/\/yoast.com\/wordpress\/plugins\/seo\/ -->\n<title>H&amp;M toma acciones medioambientales contra los incendios en la Amazonia | Grazia M\u00e9xico y Latinoam\u00e9rica<\/title>\n<meta name=\"description\" content=\"Las acciones contra los incendios en la Amazonia contin\u00faan de parte de empresas importantes, individuos y asociaciones por todo el planeta.\" \/>\n<meta name=\"robots\" content=\"index, follow, max-snippet:-1, max-image-preview:large, max-video-preview:-1\" \/>\n<link rel=\"canonical\" href=\"https:\/\/graziamagazine.com\/mx\/articles\/hm-toma-acciones-medioambientales-contra-los-incendios-en-la-amazonia\/\" \/>\n<meta property=\"og:locale\" content=\"es_MX\" \/>\n<meta property=\"og:type\" content=\"article\" \/>\n<meta property=\"og:title\" content=\"H&amp;M toma acciones medioambientales contra los incendios en la Amazonia\" \/>\n<meta property=\"og:description\" content=\"Las acciones contra los incendios en la Amazonia contin\u00faan de parte de empresas importantes, individuos y asociaciones por todo el planeta.\" \/>\n<meta property=\"og:url\" content=\"https:\/\/graziamagazine.com\/mx\/articles\/hm-toma-acciones-medioambientales-contra-los-incendios-en-la-amazonia\/\" \/>\n<meta property=\"og:site_name\" content=\"Grazia M\u00e9xico y Latinoam\u00e9rica\" \/>\n<meta property=\"og:image\" content=\"https:\/\/graziamagazine.com\/mx\/wp-content\/uploads\/sites\/13\/2019\/09\/hm-toma-acciones-medioambientales-contra-los-incendios-en-la-amazonia-destacada.jpg?fit=1240%2C744\" \/>\n\t<meta property=\"og:image:width\" content=\"1240\" \/>\n\t<meta property=\"og:image:height\" content=\"744\" \/>\n\t<meta property=\"og:image:type\" content=\"image\/jpeg\" \/>\n<meta name=\"twitter:card\" content=\"summary_large_image\" \/>\n<meta name=\"twitter:label1\" content=\"Est. reading time\" \/>\n\t<meta name=\"twitter:data1\" content=\"1 minuto\" \/>\n<script type=\"application\/ld+json\" class=\"yoast-schema-graph\">{\"@context\":\"https:\/\/schema.org\",\"@graph\":[{\"@type\":\"WebPage\",\"@id\":\"https:\/\/graziamagazine.com\/mx\/articles\/hm-toma-acciones-medioambientales-contra-los-incendios-en-la-amazonia\/\",\"url\":\"https:\/\/graziamagazine.com\/mx\/articles\/hm-toma-acciones-medioambientales-contra-los-incendios-en-la-amazonia\/\",\"name\":\"H&M toma acciones medioambientales contra los incendios en la Amazonia | Grazia M\u00e9xico y Latinoam\u00e9rica\",\"isPartOf\":{\"@id\":\"https:\/\/graziamagazine.com\/mx\/#website\"},\"datePublished\":\"2019-09-09T15:07:34+00:00\",\"dateModified\":\"2019-09-09T15:07:34+00:00\",\"description\":\"Las acciones contra los incendios en la Amazonia contin\u00faan de parte de empresas importantes, individuos y asociaciones por todo el planeta.\",\"breadcrumb\":{\"@id\":\"https:\/\/graziamagazine.com\/mx\/articles\/hm-toma-acciones-medioambientales-contra-los-incendios-en-la-amazonia\/#breadcrumb\"},\"inLanguage\":\"es-MX\",\"potentialAction\":[{\"@type\":\"ReadAction\",\"target\":[\"https:\/\/graziamagazine.com\/mx\/articles\/hm-toma-acciones-medioambientales-contra-los-incendios-en-la-amazonia\/\"]}]},{\"@type\":\"BreadcrumbList\",\"@id\":\"https:\/\/graziamagazine.com\/mx\/articles\/hm-toma-acciones-medioambientales-contra-los-incendios-en-la-amazonia\/#breadcrumb\",\"itemListElement\":[{\"@type\":\"ListItem\",\"position\":1,\"name\":\"Home\",\"item\":\"https:\/\/graziamagazine.com\/mx\/\"},{\"@type\":\"ListItem\",\"position\":2,\"name\":\"H&#038;M toma acciones medioambientales contra los incendios en la Amazonia\"}]},{\"@type\":\"WebSite\",\"@id\":\"https:\/\/graziamagazine.com\/mx\/#website\",\"url\":\"https:\/\/graziamagazine.com\/mx\/\",\"name\":\"Grazia M\u00e9xico y Latinoam\u00e9rica\",\"description\":\"Grazia es moda, belleza y noticias  de actualidad \",\"potentialAction\":[{\"@type\":\"SearchAction\",\"target\":{\"@type\":\"EntryPoint\",\"urlTemplate\":\"https:\/\/graziamagazine.com\/mx\/?s={search_term_string}\"},\"query-input\":\"required name=search_term_string\"}],\"inLanguage\":\"es-MX\"}]}<\/script>\n<!-- \/ Yoast SEO Premium plugin. -->","yoast_head_json":{"title":"H&M toma acciones medioambientales contra los incendios en la Amazonia | Grazia M\u00e9xico y Latinoam\u00e9rica","description":"Las acciones contra los incendios en la Amazonia contin\u00faan de parte de empresas importantes, individuos y asociaciones por todo el planeta.","robots":{"index":"index","follow":"follow","max-snippet":"max-snippet:-1","max-image-preview":"max-image-preview:large","max-video-preview":"max-video-preview:-1"},"canonical":"https:\/\/graziamagazine.com\/mx\/articles\/hm-toma-acciones-medioambientales-contra-los-incendios-en-la-amazonia\/","og_locale":"es_MX","og_type":"article","og_title":"H&M toma acciones medioambientales contra los incendios en la Amazonia","og_description":"Las acciones contra los incendios en la Amazonia contin\u00faan de parte de empresas importantes, individuos y asociaciones por todo el planeta.","og_url":"https:\/\/graziamagazine.com\/mx\/articles\/hm-toma-acciones-medioambientales-contra-los-incendios-en-la-amazonia\/","og_site_name":"Grazia M\u00e9xico y Latinoam\u00e9rica","og_image":[{"width":1240,"height":744,"url":"https:\/\/graziamagazine.com\/mx\/wp-content\/uploads\/sites\/13\/2019\/09\/hm-toma-acciones-medioambientales-contra-los-incendios-en-la-amazonia-destacada.jpg?fit=1240%2C744","type":"image\/jpeg"}],"twitter_card":"summary_large_image","twitter_misc":{"Est. reading time":"1 minuto"},"schema":{"@context":"https:\/\/schema.org","@graph":[{"@type":"WebPage","@id":"https:\/\/graziamagazine.com\/mx\/articles\/hm-toma-acciones-medioambientales-contra-los-incendios-en-la-amazonia\/","url":"https:\/\/graziamagazine.com\/mx\/articles\/hm-toma-acciones-medioambientales-contra-los-incendios-en-la-amazonia\/","name":"H&M toma acciones medioambientales contra los incendios en la Amazonia | Grazia M\u00e9xico y Latinoam\u00e9rica","isPartOf":{"@id":"https:\/\/graziamagazine.com\/mx\/#website"},"datePublished":"2019-09-09T15:07:34+00:00","dateModified":"2019-09-09T15:07:34+00:00","description":"Las acciones contra los incendios en la Amazonia contin\u00faan de parte de empresas importantes, individuos y asociaciones por todo el planeta.","breadcrumb":{"@id":"https:\/\/graziamagazine.com\/mx\/articles\/hm-toma-acciones-medioambientales-contra-los-incendios-en-la-amazonia\/#breadcrumb"},"inLanguage":"es-MX","potentialAction":[{"@type":"ReadAction","target":["https:\/\/graziamagazine.com\/mx\/articles\/hm-toma-acciones-medioambientales-contra-los-incendios-en-la-amazonia\/"]}]},{"@type":"BreadcrumbList","@id":"https:\/\/graziamagazine.com\/mx\/articles\/hm-toma-acciones-medioambientales-contra-los-incendios-en-la-amazonia\/#breadcrumb","itemListElement":[{"@type":"ListItem","position":1,"name":"Home","item":"https:\/\/graziamagazine.com\/mx\/"},{"@type":"ListItem","position":2,"name":"H&#038;M toma acciones medioambientales contra los incendios en la Amazonia"}]},{"@type":"WebSite","@id":"https:\/\/graziamagazine.com\/mx\/#website","url":"https:\/\/graziamagazine.com\/mx\/","name":"Grazia M\u00e9xico y Latinoam\u00e9rica","description":"Grazia es moda, belleza y noticias  de actualidad ","potentialAction":[{"@type":"SearchAction","target":{"@type":"EntryPoint","urlTemplate":"https:\/\/graziamagazine.com\/mx\/?s={search_term_string}"},"query-input":"required name=search_term_string"}],"inLanguage":"es-MX"}]}},"jetpack_sharing_enabled":true,"distributor_meta":false,"distributor_terms":false,"distributor_media":false,"distributor_original_site_name":"Grazia M\u00e9xico y Latinoam\u00e9rica","distributor_original_site_url":"https:\/\/graziamagazine.com\/mx","push-errors":false,"_links":{"self":[{"href":"https:\/\/graziamagazine.com\/mx\/wp-json\/wp\/v2\/articles\/70564"}],"collection":[{"href":"https:\/\/graziamagazine.com\/mx\/wp-json\/wp\/v2\/articles"}],"about":[{"href":"https:\/\/graziamagazine.com\/mx\/wp-json\/wp\/v2\/types\/articles"}],"author":[{"embeddable":true,"href":"https:\/\/graziamagazine.com\/mx\/wp-json\/wp\/v2\/users\/11628"}],"wp:featuredmedia":[{"embeddable":true,"href":"https:\/\/graziamagazine.com\/mx\/wp-json\/wp\/v2\/media\/70574"}],"wp:attachment":[{"href":"https:\/\/graziamagazine.com\/mx\/wp-json\/wp\/v2\/media?parent=70564"}],"wp:term":[{"taxonomy":"category","embeddable":true,"href":"https:\/\/graziamagazine.com\/mx\/wp-json\/wp\/v2\/categories?post=70564"}],"curies":[{"name":"wp","href":"https:\/\/api.w.org\/{rel}","templated":true}]}}