{"id":70397,"date":"2019-09-04T13:00:25","date_gmt":"2019-09-04T18:00:25","guid":{"rendered":"https:\/\/graziamagazine.com\/mx\/?p=70397"},"modified":"2019-09-04T13:00:25","modified_gmt":"2019-09-04T18:00:25","slug":"no-vas-a-creer-lo-que-paso-entre-miley-cyrus-y-kaitlynn-carter","status":"publish","type":"articles","link":"https:\/\/graziamagazine.com\/mx\/articles\/no-vas-a-creer-lo-que-paso-entre-miley-cyrus-y-kaitlynn-carter\/","title":{"rendered":"No vas a creer lo que pas\u00f3 entre Miley Cyrus y Kaitlynn Carter"},"content":{"rendered":"<p><span style=\"font-weight: 400;\">\u00a1<strong>Miley Cyrus<\/strong> no se anda con rodeos! La cantante s\u00ed que vive con intensidad, pues a menos de un mes de haber <a href=\"https:\/\/graziamagazine.com\/mx\/miley-cyrus-y-liam-hemsworth-se-separan\/\" target=\"_blank\" rel=\"noopener\">anunciado su separaci\u00f3n con <strong>Liam Hemsworth<\/strong><\/a> y de todos los dimes y diretes que han sucedido desde entonces, Miley no esper\u00f3 m\u00e1s y \u00a1ya vive con Kaitlynn!\u00a0<\/span><\/p>\n<p><span style=\"font-weight: 400;\">\u201cEllas se han ido a vivir juntas y est\u00e1n muy felices. Miley se siente muy cercana a Kaitlynn [Carter]. Es algo rom\u00e1ntico pero tambi\u00e9n una amistad. Las dos est\u00e1n pasando por algo similar ahora mismo y han conectado la una con la otra\u201d, dijo una persona cercana a la nueva pareja a la revista <a href=\"https:\/\/people.com\/music\/miley-cyrus-kaitlynn-carter-step-out-very-happy\/\" target=\"_blank\" rel=\"noopener\" target=\"_blank\"><em>People<\/em><\/a>, quien a\u00f1adi\u00f3 que \u201cMiley est\u00e1 genial. Est\u00e1 super\u00e1ndolo. Parece que no se arrepiente. Le encanta estar con Kaitlynn\u201d.<\/span><\/p>\n<p><span style=\"font-weight: 400;\">Como recordar\u00e1s, pocos d\u00edas antes de que Miley y Liam hicieran p\u00fablica su separaci\u00f3n, tambi\u00e9n Kaitlynn se acababa de divorciar de Brody Jenner, el medio hermano de Kendall y Kylie Jenner.<\/span><\/p>\n<p><span style=\"font-weight: 400;\">\u00bfLo habr\u00e1n planeado? El <em>timing<\/em> es una gran coincidencia.<\/span><\/p>\n<blockquote class=\"instagram-media\" data-instgrm-captioned data-instgrm-permalink=\"https:\/\/www.instagram.com\/p\/B19WVhmiV7L\/?utm_source=ig_embed&amp;utm_campaign=loading\" data-instgrm-version=\"12\" style=\" background:#FFF; border:0; border-radius:3px; box-shadow:0 0 1px 0 rgba(0,0,0,0.5),0 1px 10px 0 rgba(0,0,0,0.15); margin: 1px; max-width:500px; min-width:326px; padding:0; width:99.375%; width:-webkit-calc(100% - 2px); width:calc(100% - 2px);\">\n<div style=\"padding:16px;\"> <a href=\"https:\/\/www.instagram.com\/p\/B19WVhmiV7L\/?utm_source=ig_embed&amp;utm_campaign=loading\" style=\" background:#FFFFFF; line-height:0; padding:0 0; text-align:center; text-decoration:none; width:100%;\" target=\"_blank\"> <\/p>\n<div style=\" display: flex; flex-direction: row; align-items: center;\">\n<div style=\"background-color: #F4F4F4; border-radius: 50%; flex-grow: 0; height: 40px; margin-right: 14px; width: 40px;\"><\/div>\n<div style=\"display: flex; flex-direction: column; flex-grow: 1; justify-content: center;\">\n<div style=\" background-color: #F4F4F4; border-radius: 4px; flex-grow: 0; height: 14px; margin-bottom: 6px; width: 100px;\"><\/div>\n<div style=\" background-color: #F4F4F4; border-radius: 4px; flex-grow: 0; height: 14px; width: 60px;\"><\/div>\n<\/div>\n<\/div>\n<div style=\"padding: 19% 0;\"><\/div>\n<div style=\"display:block; height:50px; margin:0 auto 12px; width:50px;\"><svg width=\"50px\" height=\"50px\" viewBox=\"0 0 60 60\" version=\"1.1\" xmlns=\"https:\/\/www.w3.org\/2000\/svg\" xmlns:xlink=\"https:\/\/www.w3.org\/1999\/xlink\"><g stroke=\"none\" stroke-width=\"1\" fill=\"none\" fill-rule=\"evenodd\"><g transform=\"translate(-511.000000, -20.000000)\" fill=\"#000000\"><g><path d=\"M556.869,30.41 C554.814,30.41 553.148,32.076 553.148,34.131 C553.148,36.186 554.814,37.852 556.869,37.852 C558.924,37.852 560.59,36.186 560.59,34.131 C560.59,32.076 558.924,30.41 556.869,30.41 M541,60.657 C535.114,60.657 530.342,55.887 530.342,50 C530.342,44.114 535.114,39.342 541,39.342 C546.887,39.342 551.658,44.114 551.658,50 C551.658,55.887 546.887,60.657 541,60.657 M541,33.886 C532.1,33.886 524.886,41.1 524.886,50 C524.886,58.899 532.1,66.113 541,66.113 C549.9,66.113 557.115,58.899 557.115,50 C557.115,41.1 549.9,33.886 541,33.886 M565.378,62.101 C565.244,65.022 564.756,66.606 564.346,67.663 C563.803,69.06 563.154,70.057 562.106,71.106 C561.058,72.155 560.06,72.803 558.662,73.347 C557.607,73.757 556.021,74.244 553.102,74.378 C549.944,74.521 548.997,74.552 541,74.552 C533.003,74.552 532.056,74.521 528.898,74.378 C525.979,74.244 524.393,73.757 523.338,73.347 C521.94,72.803 520.942,72.155 519.894,71.106 C518.846,70.057 518.197,69.06 517.654,67.663 C517.244,66.606 516.755,65.022 516.623,62.101 C516.479,58.943 516.448,57.996 516.448,50 C516.448,42.003 516.479,41.056 516.623,37.899 C516.755,34.978 517.244,33.391 517.654,32.338 C518.197,30.938 518.846,29.942 519.894,28.894 C520.942,27.846 521.94,27.196 523.338,26.654 C524.393,26.244 525.979,25.756 528.898,25.623 C532.057,25.479 533.004,25.448 541,25.448 C548.997,25.448 549.943,25.479 553.102,25.623 C556.021,25.756 557.607,26.244 558.662,26.654 C560.06,27.196 561.058,27.846 562.106,28.894 C563.154,29.942 563.803,30.938 564.346,32.338 C564.756,33.391 565.244,34.978 565.378,37.899 C565.522,41.056 565.552,42.003 565.552,50 C565.552,57.996 565.522,58.943 565.378,62.101 M570.82,37.631 C570.674,34.438 570.167,32.258 569.425,30.349 C568.659,28.377 567.633,26.702 565.965,25.035 C564.297,23.368 562.623,22.342 560.652,21.575 C558.743,20.834 556.562,20.326 553.369,20.18 C550.169,20.033 549.148,20 541,20 C532.853,20 531.831,20.033 528.631,20.18 C525.438,20.326 523.257,20.834 521.349,21.575 C519.376,22.342 517.703,23.368 516.035,25.035 C514.368,26.702 513.342,28.377 512.574,30.349 C511.834,32.258 511.326,34.438 511.181,37.631 C511.035,40.831 511,41.851 511,50 C511,58.147 511.035,59.17 511.181,62.369 C511.326,65.562 511.834,67.743 512.574,69.651 C513.342,71.625 514.368,73.296 516.035,74.965 C517.703,76.634 519.376,77.658 521.349,78.425 C523.257,79.167 525.438,79.673 528.631,79.82 C531.831,79.965 532.853,80.001 541,80.001 C549.148,80.001 550.169,79.965 553.369,79.82 C556.562,79.673 558.743,79.167 560.652,78.425 C562.623,77.658 564.297,76.634 565.965,74.965 C567.633,73.296 568.659,71.625 569.425,69.651 C570.167,67.743 570.674,65.562 570.82,62.369 C570.966,59.17 571,58.147 571,50 C571,41.851 570.966,40.831 570.82,37.631\"><\/path><\/g><\/g><\/g><\/svg><\/div>\n<div style=\"padding-top: 8px;\">\n<div style=\" color:#3897f0; font-family:Arial,sans-serif; font-size:14px; font-style:normal; font-weight:550; line-height:18px;\"> View this post on Instagram<\/div>\n<\/div>\n<div style=\"padding: 12.5% 0;\"><\/div>\n<div style=\"display: flex; flex-direction: row; margin-bottom: 14px; align-items: center;\">\n<div>\n<div style=\"background-color: #F4F4F4; border-radius: 50%; height: 12.5px; width: 12.5px; transform: translateX(0px) translateY(7px);\"><\/div>\n<div style=\"background-color: #F4F4F4; height: 12.5px; transform: rotate(-45deg) translateX(3px) translateY(1px); width: 12.5px; flex-grow: 0; margin-right: 14px; margin-left: 2px;\"><\/div>\n<div style=\"background-color: #F4F4F4; border-radius: 50%; height: 12.5px; width: 12.5px; transform: translateX(9px) translateY(-18px);\"><\/div>\n<\/div>\n<div style=\"margin-left: 8px;\">\n<div style=\" background-color: #F4F4F4; border-radius: 50%; flex-grow: 0; height: 20px; width: 20px;\"><\/div>\n<div style=\" width: 0; height: 0; border-top: 2px solid transparent; border-left: 6px solid #f4f4f4; border-bottom: 2px solid transparent; transform: translateX(16px) translateY(-4px) rotate(30deg)\"><\/div>\n<\/div>\n<div style=\"margin-left: auto;\">\n<div style=\" width: 0px; border-top: 8px solid #F4F4F4; border-right: 8px solid transparent; transform: translateY(16px);\"><\/div>\n<div style=\" background-color: #F4F4F4; flex-grow: 0; height: 12px; width: 16px; transform: translateY(-4px);\"><\/div>\n<div style=\" width: 0; height: 0; border-top: 8px solid #F4F4F4; border-left: 8px solid transparent; transform: translateY(-4px) translateX(8px);\"><\/div>\n<\/div>\n<\/div>\n<p><\/a> <\/p>\n<p style=\" margin:8px 0 0 0; padding:0 4px;\"> <a href=\"https:\/\/www.instagram.com\/p\/B19WVhmiV7L\/?utm_source=ig_embed&amp;utm_campaign=loading\" style=\" color:#000; font-family:Arial,sans-serif; font-size:14px; font-style:normal; font-weight:normal; line-height:17px; text-decoration:none; word-wrap:break-word;\" target=\"_blank\" target=\"_blank\">This candids make my heart happy. They literally can&#39;t take their hands of each other \ud83d\ude29\ud83d\ude0d #mileyandkaitlynn #couplegoals #mileyraycyrus #naturalbeauty #destinyhopecyrus #destinyhope #smileymiley #cutest #lovethem #mileycyrus #loveislove #smilers #shipthem #lgbtqueen #smiley #ship #duogoals #aduo #kaitley #faves #womancrush #acouple #couple<\/a><\/p>\n<p style=\" color:#c9c8cd; font-family:Arial,sans-serif; font-size:14px; line-height:17px; margin-bottom:0; margin-top:8px; overflow:hidden; padding:8px 0 7px; text-align:center; text-overflow:ellipsis; white-space:nowrap;\">A post shared by <a href=\"https:\/\/www.instagram.com\/mileymileys\/?utm_source=ig_embed&amp;utm_campaign=loading\" style=\" color:#c9c8cd; font-family:Arial,sans-serif; font-size:14px; font-style:normal; font-weight:normal; line-height:17px;\" target=\"_blank\" target=\"_blank\"> FAN PAGE<\/a> (@mileymileys) on <time style=\" font-family:Arial,sans-serif; font-size:14px; line-height:17px;\" datetime=\"2019-09-03T18:08:59+00:00\">Sep 3, 2019 at 11:08am PDT<\/time><\/p>\n<\/div>\n<\/blockquote>\n<p><script async src=\"\/\/www.instagram.com\/embed.js\"><\/script><\/p>\n<p><span style=\"font-weight: 400;\">Luego de que ambas ya estaban separadas <\/span>\u2014<span style=\"font-weight: 400;\">m\u00e1s no divorciadas\u2014 se les vio bes\u00e1ndose apasionadamente en bikini en un yate en Italia y recientemente Kaitlynn fue la acompa\u00f1ante de Miley en los <em>MTV Video Music Awards<\/em> de este a\u00f1o. Adem\u00e1s se les ha visto salir a comer junto con Tish Cyrus, mam\u00e1 de la cantante. Eso s\u00ed, siempre tomadas de la mano.<\/span><\/p>\n<p><span style=\"font-weight: 400;\">Por su parte Liam contrat\u00f3 a una abogada muy famosa entre las estrellas de Hollywood y solicit\u00f3 que se acelere lo mayor posible su divorcio con Miley tras ocho meses de casados y diez a\u00f1os de relaci\u00f3n. El actor ya no quiere estar ligado de ninguna manera con la cantante, est\u00e1 listo para dar vuelta a la p\u00e1gina.<\/span><\/p>\n<h5><\/h5>\n<h5><em>*IMAGEN: Getty Images<\/em><\/h5>\n","protected":false},"author":11628,"featured_media":70407,"template":"","format":"standard","categories":[2],"acf":[],"yoast_head":"<!-- This site is optimized with the Yoast SEO Premium plugin v18.5 (Yoast SEO v20.4) - https:\/\/yoast.com\/wordpress\/plugins\/seo\/ -->\n<title>No vas a creer lo que pas\u00f3 entre Miley Cyrus y Kaitlynn Carter | Grazia M\u00e9xico y Latinoam\u00e9rica<\/title>\n<meta name=\"description\" content=\"La naciente relaci\u00f3n entre Miley y Kaitlynn est\u00e1 avanzando a pasos agigantados. Esto es lo \u00faltimo que ha ocurrido entre ellas.\" \/>\n<meta name=\"robots\" content=\"index, follow, max-snippet:-1, max-image-preview:large, max-video-preview:-1\" \/>\n<link rel=\"canonical\" href=\"https:\/\/graziamagazine.com\/mx\/articles\/no-vas-a-creer-lo-que-paso-entre-miley-cyrus-y-kaitlynn-carter\/\" \/>\n<meta property=\"og:locale\" content=\"es_MX\" \/>\n<meta property=\"og:type\" content=\"article\" \/>\n<meta property=\"og:title\" content=\"No vas a creer lo que pas\u00f3 entre Miley Cyrus y Kaitlynn Carter\" \/>\n<meta property=\"og:description\" content=\"La naciente relaci\u00f3n entre Miley y Kaitlynn est\u00e1 avanzando a pasos agigantados. Esto es lo \u00faltimo que ha ocurrido entre ellas.\" \/>\n<meta property=\"og:url\" content=\"https:\/\/graziamagazine.com\/mx\/articles\/no-vas-a-creer-lo-que-paso-entre-miley-cyrus-y-kaitlynn-carter\/\" \/>\n<meta property=\"og:site_name\" content=\"Grazia M\u00e9xico y Latinoam\u00e9rica\" \/>\n<meta property=\"og:image\" content=\"https:\/\/graziamagazine.com\/mx\/wp-content\/uploads\/sites\/13\/2019\/09\/no-vas-a-creer-lo-que-paso-entre-miley-cyrus-y-kaitlynn-carter-destacada.jpg?fit=980%2C586\" \/>\n\t<meta property=\"og:image:width\" content=\"980\" \/>\n\t<meta property=\"og:image:height\" content=\"586\" \/>\n\t<meta property=\"og:image:type\" content=\"image\/jpeg\" \/>\n<meta name=\"twitter:card\" content=\"summary_large_image\" \/>\n<meta name=\"twitter:label1\" content=\"Est. reading time\" \/>\n\t<meta name=\"twitter:data1\" content=\"2 minutos\" \/>\n<script type=\"application\/ld+json\" class=\"yoast-schema-graph\">{\"@context\":\"https:\/\/schema.org\",\"@graph\":[{\"@type\":\"WebPage\",\"@id\":\"https:\/\/graziamagazine.com\/mx\/articles\/no-vas-a-creer-lo-que-paso-entre-miley-cyrus-y-kaitlynn-carter\/\",\"url\":\"https:\/\/graziamagazine.com\/mx\/articles\/no-vas-a-creer-lo-que-paso-entre-miley-cyrus-y-kaitlynn-carter\/\",\"name\":\"No vas a creer lo que pas\u00f3 entre Miley Cyrus y Kaitlynn Carter | Grazia M\u00e9xico y Latinoam\u00e9rica\",\"isPartOf\":{\"@id\":\"https:\/\/graziamagazine.com\/mx\/#website\"},\"datePublished\":\"2019-09-04T18:00:25+00:00\",\"dateModified\":\"2019-09-04T18:00:25+00:00\",\"description\":\"La naciente relaci\u00f3n entre Miley y Kaitlynn est\u00e1 avanzando a pasos agigantados. Esto es lo \u00faltimo que ha ocurrido entre ellas.\",\"breadcrumb\":{\"@id\":\"https:\/\/graziamagazine.com\/mx\/articles\/no-vas-a-creer-lo-que-paso-entre-miley-cyrus-y-kaitlynn-carter\/#breadcrumb\"},\"inLanguage\":\"es-MX\",\"potentialAction\":[{\"@type\":\"ReadAction\",\"target\":[\"https:\/\/graziamagazine.com\/mx\/articles\/no-vas-a-creer-lo-que-paso-entre-miley-cyrus-y-kaitlynn-carter\/\"]}]},{\"@type\":\"BreadcrumbList\",\"@id\":\"https:\/\/graziamagazine.com\/mx\/articles\/no-vas-a-creer-lo-que-paso-entre-miley-cyrus-y-kaitlynn-carter\/#breadcrumb\",\"itemListElement\":[{\"@type\":\"ListItem\",\"position\":1,\"name\":\"Home\",\"item\":\"https:\/\/graziamagazine.com\/mx\/\"},{\"@type\":\"ListItem\",\"position\":2,\"name\":\"No vas a creer lo que pas\u00f3 entre Miley Cyrus y Kaitlynn Carter\"}]},{\"@type\":\"WebSite\",\"@id\":\"https:\/\/graziamagazine.com\/mx\/#website\",\"url\":\"https:\/\/graziamagazine.com\/mx\/\",\"name\":\"Grazia M\u00e9xico y Latinoam\u00e9rica\",\"description\":\"Grazia es moda, belleza y noticias  de actualidad \",\"potentialAction\":[{\"@type\":\"SearchAction\",\"target\":{\"@type\":\"EntryPoint\",\"urlTemplate\":\"https:\/\/graziamagazine.com\/mx\/?s={search_term_string}\"},\"query-input\":\"required name=search_term_string\"}],\"inLanguage\":\"es-MX\"}]}<\/script>\n<!-- \/ Yoast SEO Premium plugin. -->","yoast_head_json":{"title":"No vas a creer lo que pas\u00f3 entre Miley Cyrus y Kaitlynn Carter | Grazia M\u00e9xico y Latinoam\u00e9rica","description":"La naciente relaci\u00f3n entre Miley y Kaitlynn est\u00e1 avanzando a pasos agigantados. Esto es lo \u00faltimo que ha ocurrido entre ellas.","robots":{"index":"index","follow":"follow","max-snippet":"max-snippet:-1","max-image-preview":"max-image-preview:large","max-video-preview":"max-video-preview:-1"},"canonical":"https:\/\/graziamagazine.com\/mx\/articles\/no-vas-a-creer-lo-que-paso-entre-miley-cyrus-y-kaitlynn-carter\/","og_locale":"es_MX","og_type":"article","og_title":"No vas a creer lo que pas\u00f3 entre Miley Cyrus y Kaitlynn Carter","og_description":"La naciente relaci\u00f3n entre Miley y Kaitlynn est\u00e1 avanzando a pasos agigantados. Esto es lo \u00faltimo que ha ocurrido entre ellas.","og_url":"https:\/\/graziamagazine.com\/mx\/articles\/no-vas-a-creer-lo-que-paso-entre-miley-cyrus-y-kaitlynn-carter\/","og_site_name":"Grazia M\u00e9xico y Latinoam\u00e9rica","og_image":[{"width":980,"height":586,"url":"https:\/\/graziamagazine.com\/mx\/wp-content\/uploads\/sites\/13\/2019\/09\/no-vas-a-creer-lo-que-paso-entre-miley-cyrus-y-kaitlynn-carter-destacada.jpg?fit=980%2C586","type":"image\/jpeg"}],"twitter_card":"summary_large_image","twitter_misc":{"Est. reading time":"2 minutos"},"schema":{"@context":"https:\/\/schema.org","@graph":[{"@type":"WebPage","@id":"https:\/\/graziamagazine.com\/mx\/articles\/no-vas-a-creer-lo-que-paso-entre-miley-cyrus-y-kaitlynn-carter\/","url":"https:\/\/graziamagazine.com\/mx\/articles\/no-vas-a-creer-lo-que-paso-entre-miley-cyrus-y-kaitlynn-carter\/","name":"No vas a creer lo que pas\u00f3 entre Miley Cyrus y Kaitlynn Carter | Grazia M\u00e9xico y Latinoam\u00e9rica","isPartOf":{"@id":"https:\/\/graziamagazine.com\/mx\/#website"},"datePublished":"2019-09-04T18:00:25+00:00","dateModified":"2019-09-04T18:00:25+00:00","description":"La naciente relaci\u00f3n entre Miley y Kaitlynn est\u00e1 avanzando a pasos agigantados. Esto es lo \u00faltimo que ha ocurrido entre ellas.","breadcrumb":{"@id":"https:\/\/graziamagazine.com\/mx\/articles\/no-vas-a-creer-lo-que-paso-entre-miley-cyrus-y-kaitlynn-carter\/#breadcrumb"},"inLanguage":"es-MX","potentialAction":[{"@type":"ReadAction","target":["https:\/\/graziamagazine.com\/mx\/articles\/no-vas-a-creer-lo-que-paso-entre-miley-cyrus-y-kaitlynn-carter\/"]}]},{"@type":"BreadcrumbList","@id":"https:\/\/graziamagazine.com\/mx\/articles\/no-vas-a-creer-lo-que-paso-entre-miley-cyrus-y-kaitlynn-carter\/#breadcrumb","itemListElement":[{"@type":"ListItem","position":1,"name":"Home","item":"https:\/\/graziamagazine.com\/mx\/"},{"@type":"ListItem","position":2,"name":"No vas a creer lo que pas\u00f3 entre Miley Cyrus y Kaitlynn Carter"}]},{"@type":"WebSite","@id":"https:\/\/graziamagazine.com\/mx\/#website","url":"https:\/\/graziamagazine.com\/mx\/","name":"Grazia M\u00e9xico y Latinoam\u00e9rica","description":"Grazia es moda, belleza y noticias  de actualidad ","potentialAction":[{"@type":"SearchAction","target":{"@type":"EntryPoint","urlTemplate":"https:\/\/graziamagazine.com\/mx\/?s={search_term_string}"},"query-input":"required name=search_term_string"}],"inLanguage":"es-MX"}]}},"jetpack_sharing_enabled":true,"distributor_meta":false,"distributor_terms":false,"distributor_media":false,"distributor_original_site_name":"Grazia M\u00e9xico y Latinoam\u00e9rica","distributor_original_site_url":"https:\/\/graziamagazine.com\/mx","push-errors":false,"_links":{"self":[{"href":"https:\/\/graziamagazine.com\/mx\/wp-json\/wp\/v2\/articles\/70397"}],"collection":[{"href":"https:\/\/graziamagazine.com\/mx\/wp-json\/wp\/v2\/articles"}],"about":[{"href":"https:\/\/graziamagazine.com\/mx\/wp-json\/wp\/v2\/types\/articles"}],"author":[{"embeddable":true,"href":"https:\/\/graziamagazine.com\/mx\/wp-json\/wp\/v2\/users\/11628"}],"wp:featuredmedia":[{"embeddable":true,"href":"https:\/\/graziamagazine.com\/mx\/wp-json\/wp\/v2\/media\/70407"}],"wp:attachment":[{"href":"https:\/\/graziamagazine.com\/mx\/wp-json\/wp\/v2\/media?parent=70397"}],"wp:term":[{"taxonomy":"category","embeddable":true,"href":"https:\/\/graziamagazine.com\/mx\/wp-json\/wp\/v2\/categories?post=70397"}],"curies":[{"name":"wp","href":"https:\/\/api.w.org\/{rel}","templated":true}]}}