{"id":70322,"date":"2019-09-13T13:49:25","date_gmt":"2019-09-13T18:49:25","guid":{"rendered":"https:\/\/graziamagazine.com\/mx\/?p=70322"},"modified":"2019-09-13T13:58:15","modified_gmt":"2019-09-13T18:58:15","slug":"5-tips-para-evitar-el-pelo-seco-y-las-raices-grasas","status":"publish","type":"articles","link":"https:\/\/graziamagazine.com\/mx\/articles\/5-tips-para-evitar-el-pelo-seco-y-las-raices-grasas\/","title":{"rendered":"5 tips para evitar el pelo seco y las ra\u00edces grasas"},"content":{"rendered":"<p>El pelo seco y las ra\u00edces grasas son un problema muy habitual que pocas saben atacar. Con tantos tipos de cuero cabelludo, las posibilidades de encontrar un producto que ataque el problema de ra\u00edz \u2014literalmente\u2014 se torna en una tarea dif\u00edcil. Aunque las causas del pelo seco son muchas, a veces no solo depende del <i>shampoo<\/i>, acondicionador o crema para peinar que utilices. En ocasiones los cuidados para el cabello involucran sencillos pasos como cepillarlo con los dedos o aplicar productos naturales. Por eso te damos cinco <i>tips<\/i> para erradicar el cabello seco y ra\u00edces grasas y lucir una melena sana.<\/p>\n<p><img decoding=\"async\" src=\"https:\/\/media.giphy.com\/media\/l4lRteGLr5FGI6rXW\/giphy.gif\" \/><\/p>\n<p><b>1. No utilices un <i>shampoo<\/i> ultra hidratante<\/b> <span class=\"Apple-converted-space\">\u00a0<\/span><\/p>\n<p>Tal como su nombre lo dice, este aporta grasa al pelo. Es perfecto para las melenas y cueros cabelludos secos; sin embargo, si tu padeces de un cuero cabelludo graso, lo ideal es evitarlo \u2014no te pondr\u00edas aceite en la cara si tu piel es grasa, \u00bfo si?. Lo mejor es aplicar un <i>shampoo<\/i> para el pelo graso \u2014que aunque te quedar\u00e1 poco suave, la soluci\u00f3n est\u00e1 en la crema o suero que utilices despu\u00e9s de medios a puntas\u2014 que segregar\u00e1 el exceso de sebo de tu cabello.<\/p>\n<p><b>2. Aplica un producto hidratante de medios a puntas<\/b><\/p>\n<p>Los hay de todos los tipos y para distintos usos \u2014por ejemplo: si utilizas una mascarilla natural en la regadera. Si lo tuyo son los productos para despu\u00e9s del lavado, existen cremas y aceites vegetales para extender con los dedos en las zonas afectadas. La manteca de karit\u00e9 es uno de los productos naturales m\u00e1s eficaces para hidratar el cabello seco. El gran secreto est\u00e1 en nunca aplicar cualquiera de estos en la ra\u00edz.<\/p>\n<p><b>3. Aprende a utilizar el <i>shampoo<\/i> en seco<\/b><span class=\"Apple-converted-space\">\u00a0<\/span><\/p>\n<p>Al paso del d\u00eda, la ra\u00edz puede verse afectada por la grasa. El remedio m\u00e1s eficaz es el <i>dry shampoo<\/i> por sus part\u00edculas en polvo que absorben el exceso de grasa. Las nuevas f\u00f3rmulas han mejorado considerablemente a esos <i>sprays<\/i> que dejaban una ligera capa blanca en el pelo y que se confund\u00eda como caspa. Compra uno de calidad de acuerdo a tu tipo de cabello y para aplicarlo recuerda estos dos pasos: emplea directamente en la ra\u00edz pero a una distancia de veinte cent\u00edmetros para evitar el residuo de part\u00edculas y luego abre la melena con los dedos, eliminar\u00e1s los restos y ganar\u00e1s volumen.<\/p>\n<p><b>4. No lo toques<\/b><\/p>\n<p>Tocar y cepillar continuamente el pelo favorece la segregaci\u00f3n de sebo, por no hablar de que con todas las cosas que tocamos a lo largo del d\u00eda, estamos a\u00f1adiendo suciedad extra. <a href=\"https:\/\/graziamagazine.com\/mx\/6-consejos-para-el-pelo-cortesia-de-las-francesas\/\" target=\"_blank\" rel=\"noopener\">Como las francesas<\/a>, deja el pelo tranquilo y si eres de las que no puede parar, hazte un recogido bonito para evitar cambiar diez veces de <i>look<\/i> a lo largo del d\u00eda.<\/p>\n<p><b>5. Evita alimentos grasos<\/b><\/p>\n<p>Los cambios hormonales afectan a la segregaci\u00f3n del sebo de nuestra piel \u2014sabemos que en ocasiones es inevitable resistirse a los placeres culposos. Seguir una dieta equilibrada no solo tendr\u00e1 efecto en tu figura, sino que tu pelo lucir\u00e1 mejor. Alimentos sanos para melenas sanas.<\/p>\n<h5><\/h5>\n<h5><em>*IMAGEN: Getty Images<\/em><\/h5>\n","protected":false},"author":11637,"featured_media":70949,"template":"","format":"standard","categories":[3],"acf":[],"yoast_head":"<!-- This site is optimized with the Yoast SEO Premium plugin v18.5 (Yoast SEO v20.4) - https:\/\/yoast.com\/wordpress\/plugins\/seo\/ -->\n<title>5 tips para evitar el pelo seco y las ra\u00edces grasas | Grazia M\u00e9xico y Latinoam\u00e9rica<\/title>\n<meta name=\"description\" content=\"A veces el pelo seco es un problema que no sabemos resolver. Por eso te damos cinco tips para que le hagas frente y luzcas una melena de impacto.\" \/>\n<meta name=\"robots\" content=\"index, follow, max-snippet:-1, max-image-preview:large, max-video-preview:-1\" \/>\n<link rel=\"canonical\" href=\"https:\/\/graziamagazine.com\/mx\/articles\/5-tips-para-evitar-el-pelo-seco-y-las-raices-grasas\/\" \/>\n<meta property=\"og:locale\" content=\"es_MX\" \/>\n<meta property=\"og:type\" content=\"article\" \/>\n<meta property=\"og:title\" content=\"5 tips para evitar el pelo seco y las ra\u00edces grasas\" \/>\n<meta property=\"og:description\" content=\"A veces el pelo seco es un problema que no sabemos resolver. Por eso te damos cinco tips para que le hagas frente y luzcas una melena de impacto.\" \/>\n<meta property=\"og:url\" content=\"https:\/\/graziamagazine.com\/mx\/articles\/5-tips-para-evitar-el-pelo-seco-y-las-raices-grasas\/\" \/>\n<meta property=\"og:site_name\" content=\"Grazia M\u00e9xico y Latinoam\u00e9rica\" \/>\n<meta property=\"article:modified_time\" content=\"2019-09-13T18:58:15+00:00\" \/>\n<meta property=\"og:image\" content=\"https:\/\/graziamagazine.com\/mx\/wp-content\/uploads\/sites\/13\/2019\/09\/5-tips-para-evitar-el-pelo-seco-y-las-raices-grasas-destacada.jpg?fit=1772%2C1199\" \/>\n\t<meta property=\"og:image:width\" content=\"1772\" \/>\n\t<meta property=\"og:image:height\" content=\"1199\" \/>\n\t<meta property=\"og:image:type\" content=\"image\/jpeg\" \/>\n<meta name=\"twitter:card\" content=\"summary_large_image\" \/>\n<meta name=\"twitter:label1\" content=\"Est. reading time\" \/>\n\t<meta name=\"twitter:data1\" content=\"3 minutos\" \/>\n<script type=\"application\/ld+json\" class=\"yoast-schema-graph\">{\"@context\":\"https:\/\/schema.org\",\"@graph\":[{\"@type\":\"WebPage\",\"@id\":\"https:\/\/graziamagazine.com\/mx\/articles\/5-tips-para-evitar-el-pelo-seco-y-las-raices-grasas\/\",\"url\":\"https:\/\/graziamagazine.com\/mx\/articles\/5-tips-para-evitar-el-pelo-seco-y-las-raices-grasas\/\",\"name\":\"5 tips para evitar el pelo seco y las ra\u00edces grasas | Grazia M\u00e9xico y Latinoam\u00e9rica\",\"isPartOf\":{\"@id\":\"https:\/\/graziamagazine.com\/mx\/#website\"},\"datePublished\":\"2019-09-13T18:49:25+00:00\",\"dateModified\":\"2019-09-13T18:58:15+00:00\",\"description\":\"A veces el pelo seco es un problema que no sabemos resolver. Por eso te damos cinco tips para que le hagas frente y luzcas una melena de impacto.\",\"breadcrumb\":{\"@id\":\"https:\/\/graziamagazine.com\/mx\/articles\/5-tips-para-evitar-el-pelo-seco-y-las-raices-grasas\/#breadcrumb\"},\"inLanguage\":\"es-MX\",\"potentialAction\":[{\"@type\":\"ReadAction\",\"target\":[\"https:\/\/graziamagazine.com\/mx\/articles\/5-tips-para-evitar-el-pelo-seco-y-las-raices-grasas\/\"]}]},{\"@type\":\"BreadcrumbList\",\"@id\":\"https:\/\/graziamagazine.com\/mx\/articles\/5-tips-para-evitar-el-pelo-seco-y-las-raices-grasas\/#breadcrumb\",\"itemListElement\":[{\"@type\":\"ListItem\",\"position\":1,\"name\":\"Home\",\"item\":\"https:\/\/graziamagazine.com\/mx\/\"},{\"@type\":\"ListItem\",\"position\":2,\"name\":\"5 tips para evitar el pelo seco y las ra\u00edces grasas\"}]},{\"@type\":\"WebSite\",\"@id\":\"https:\/\/graziamagazine.com\/mx\/#website\",\"url\":\"https:\/\/graziamagazine.com\/mx\/\",\"name\":\"Grazia M\u00e9xico y Latinoam\u00e9rica\",\"description\":\"Grazia es moda, belleza y noticias  de actualidad \",\"potentialAction\":[{\"@type\":\"SearchAction\",\"target\":{\"@type\":\"EntryPoint\",\"urlTemplate\":\"https:\/\/graziamagazine.com\/mx\/?s={search_term_string}\"},\"query-input\":\"required name=search_term_string\"}],\"inLanguage\":\"es-MX\"}]}<\/script>\n<!-- \/ Yoast SEO Premium plugin. -->","yoast_head_json":{"title":"5 tips para evitar el pelo seco y las ra\u00edces grasas | Grazia M\u00e9xico y Latinoam\u00e9rica","description":"A veces el pelo seco es un problema que no sabemos resolver. Por eso te damos cinco tips para que le hagas frente y luzcas una melena de impacto.","robots":{"index":"index","follow":"follow","max-snippet":"max-snippet:-1","max-image-preview":"max-image-preview:large","max-video-preview":"max-video-preview:-1"},"canonical":"https:\/\/graziamagazine.com\/mx\/articles\/5-tips-para-evitar-el-pelo-seco-y-las-raices-grasas\/","og_locale":"es_MX","og_type":"article","og_title":"5 tips para evitar el pelo seco y las ra\u00edces grasas","og_description":"A veces el pelo seco es un problema que no sabemos resolver. Por eso te damos cinco tips para que le hagas frente y luzcas una melena de impacto.","og_url":"https:\/\/graziamagazine.com\/mx\/articles\/5-tips-para-evitar-el-pelo-seco-y-las-raices-grasas\/","og_site_name":"Grazia M\u00e9xico y Latinoam\u00e9rica","article_modified_time":"2019-09-13T18:58:15+00:00","og_image":[{"width":1772,"height":1199,"url":"https:\/\/graziamagazine.com\/mx\/wp-content\/uploads\/sites\/13\/2019\/09\/5-tips-para-evitar-el-pelo-seco-y-las-raices-grasas-destacada.jpg?fit=1772%2C1199","type":"image\/jpeg"}],"twitter_card":"summary_large_image","twitter_misc":{"Est. reading time":"3 minutos"},"schema":{"@context":"https:\/\/schema.org","@graph":[{"@type":"WebPage","@id":"https:\/\/graziamagazine.com\/mx\/articles\/5-tips-para-evitar-el-pelo-seco-y-las-raices-grasas\/","url":"https:\/\/graziamagazine.com\/mx\/articles\/5-tips-para-evitar-el-pelo-seco-y-las-raices-grasas\/","name":"5 tips para evitar el pelo seco y las ra\u00edces grasas | Grazia M\u00e9xico y Latinoam\u00e9rica","isPartOf":{"@id":"https:\/\/graziamagazine.com\/mx\/#website"},"datePublished":"2019-09-13T18:49:25+00:00","dateModified":"2019-09-13T18:58:15+00:00","description":"A veces el pelo seco es un problema que no sabemos resolver. Por eso te damos cinco tips para que le hagas frente y luzcas una melena de impacto.","breadcrumb":{"@id":"https:\/\/graziamagazine.com\/mx\/articles\/5-tips-para-evitar-el-pelo-seco-y-las-raices-grasas\/#breadcrumb"},"inLanguage":"es-MX","potentialAction":[{"@type":"ReadAction","target":["https:\/\/graziamagazine.com\/mx\/articles\/5-tips-para-evitar-el-pelo-seco-y-las-raices-grasas\/"]}]},{"@type":"BreadcrumbList","@id":"https:\/\/graziamagazine.com\/mx\/articles\/5-tips-para-evitar-el-pelo-seco-y-las-raices-grasas\/#breadcrumb","itemListElement":[{"@type":"ListItem","position":1,"name":"Home","item":"https:\/\/graziamagazine.com\/mx\/"},{"@type":"ListItem","position":2,"name":"5 tips para evitar el pelo seco y las ra\u00edces grasas"}]},{"@type":"WebSite","@id":"https:\/\/graziamagazine.com\/mx\/#website","url":"https:\/\/graziamagazine.com\/mx\/","name":"Grazia M\u00e9xico y Latinoam\u00e9rica","description":"Grazia es moda, belleza y noticias  de actualidad ","potentialAction":[{"@type":"SearchAction","target":{"@type":"EntryPoint","urlTemplate":"https:\/\/graziamagazine.com\/mx\/?s={search_term_string}"},"query-input":"required name=search_term_string"}],"inLanguage":"es-MX"}]}},"jetpack_sharing_enabled":true,"distributor_meta":false,"distributor_terms":false,"distributor_media":false,"distributor_original_site_name":"Grazia M\u00e9xico y Latinoam\u00e9rica","distributor_original_site_url":"https:\/\/graziamagazine.com\/mx","push-errors":false,"_links":{"self":[{"href":"https:\/\/graziamagazine.com\/mx\/wp-json\/wp\/v2\/articles\/70322"}],"collection":[{"href":"https:\/\/graziamagazine.com\/mx\/wp-json\/wp\/v2\/articles"}],"about":[{"href":"https:\/\/graziamagazine.com\/mx\/wp-json\/wp\/v2\/types\/articles"}],"author":[{"embeddable":true,"href":"https:\/\/graziamagazine.com\/mx\/wp-json\/wp\/v2\/users\/11637"}],"wp:featuredmedia":[{"embeddable":true,"href":"https:\/\/graziamagazine.com\/mx\/wp-json\/wp\/v2\/media\/70949"}],"wp:attachment":[{"href":"https:\/\/graziamagazine.com\/mx\/wp-json\/wp\/v2\/media?parent=70322"}],"wp:term":[{"taxonomy":"category","embeddable":true,"href":"https:\/\/graziamagazine.com\/mx\/wp-json\/wp\/v2\/categories?post=70322"}],"curies":[{"name":"wp","href":"https:\/\/api.w.org\/{rel}","templated":true}]}}