{"id":69708,"date":"2019-08-22T14:51:36","date_gmt":"2019-08-22T19:51:36","guid":{"rendered":"https:\/\/graziamagazine.com\/mx\/?p=69708"},"modified":"2019-08-22T14:53:41","modified_gmt":"2019-08-22T19:53:41","slug":"por-que-te-debe-importar-el-incendio-en-la-amazonia","status":"publish","type":"articles","link":"https:\/\/graziamagazine.com\/mx\/articles\/por-que-te-debe-importar-el-incendio-en-la-amazonia\/","title":{"rendered":"\u00bfPor qu\u00e9 te debe importar el incendio en la Amazonia?"},"content":{"rendered":"<p>Hace un par de meses, el mundo se encontraba de luto por el inesperado incendio de <a href=\"https:\/\/graziamagazine.com\/mx\/notre-dame-800-anos-2-guerras-mundiales-1-incendio\/\" target=\"_blank\" rel=\"noopener\">Notre Dame<\/a>. Hoy, aunque la noticia tard\u00f3 en propagarse en el Internet y las redes sociales, la humanidad llora la lenta p\u00e9rdida de la <strong>selva Amazonia<\/strong>, el pulm\u00f3n del planeta Tierra.<\/p>\n<p><strong>\u00bfPor qu\u00e9 te debe importar?<\/strong><\/p>\n<p>En el \u00faltimo a\u00f1o se han disparado los incendios en la regi\u00f3n en un 84% a comparaci\u00f3n del mismo periodo el a\u00f1o pasado, sumando 74,155 y creando una nube de humo de 2.4 millones de kil\u00f3metros cuadrados. Desde hace 50 a\u00f1os, una quinta parte \u2014o 17%\u2014 de la selva m\u00e1s grande del mundo, ha sido destruida para la construcci\u00f3n de granjas, principalmente, y extracci\u00f3n de petr\u00f3leo.<\/p>\n<p>La Amazonia constituye alrededor de 5.5 millones de kil\u00f3metros cuadrados y abarca nueve pa\u00edses del sur de Am\u00e9rica \u2014un 64% de la selva se encuentra dentro del territorio brasile\u00f1o. En el pulm\u00f3n de la Tierra viven aproximadamente 2,000 especies de animales entre aves, mam\u00edferos, reptiles y anfibios; tambi\u00e9n existen alrededor de 40,000 especies de plantas.<span class=\"Apple-converted-space\">\u00a0<\/span><\/p>\n<p>Adem\u00e1s de su flora y fauna, la selva incluye un sinf\u00edn de r\u00edos que alimentan al m\u00e1s grande y largo del mundo: el Amazonas. Recorriendo la selva de lado a lado, este desemboca en el Oc\u00e9ano Atl\u00e1ntico. En los sus 6,400 kil\u00f3metros, este es h\u00e1bitat de distintas especies en peligro de extinci\u00f3n por la sobreexplotaci\u00f3n y contaminaci\u00f3n.<\/p>\n<p>Con estos datos, seguro te has dado cuenta de que la Amazonia es fundamental para la vida humana y el planeta. Aunque los incendios de las \u00faltimas semanas han causado una disputa pol\u00edtica en Brasil, la realidad es que ahora lo importante es actuar.<\/p>\n<p><strong>\u00bfC\u00f3mo puedes ayudar y contribuir a salvar el pulm\u00f3n de la Tierra?<\/strong><\/p>\n<p>Hay distintas organizaciones que aceptan donativos a trav\u00e9s de sus plataformas. <a href=\"https:\/\/www.buzzfeednews.com\/article\/katebubacz\/amazon-rainforest-photos-fires-damage\" target=\"_blank\" rel=\"noopener\" target=\"_blank\"><em>Buzz Feed<\/em><\/a> propone reducir tu consumo de carnes rojas, comprar productos verificados por la Rainforest Alliance y unirte a las manifestaciones que existen alrededor del mundo.\u00a0Adem\u00e1s, como lo afirma <a href=\"https:\/\/www.businessinsider.com\/how-to-help-amazon-rainforest-what-charities-to-donate-to-2019#3-donate-to-a-charity-3\" target=\"_blank\" rel=\"noopener\" target=\"_blank\"><i>The Business Insider<\/i><\/a>, es momento de educarse y comenzar a aplicar las tres \u201cR\u201d \u2014reciclar, reducir y reusar\u2014. Las acciones m\u00ednimas impactan de manera positiva a grande escala. Recuerda que no solo se trata de publicar una fotograf\u00eda en Instagram con el\u00a0<em>hashtag #PrayForTheAmazonia<\/em> para lucir\u00a0<em>cool<\/em> en tus redes.<\/p>\n<h5><\/h5>\n<h5><em>*IMAGEN: Getty Images<\/em><\/h5>\n","protected":false},"author":11636,"featured_media":69716,"template":"","format":"standard","categories":[114],"acf":[],"yoast_head":"<!-- This site is optimized with the Yoast SEO Premium plugin v18.5 (Yoast SEO v20.4) - https:\/\/yoast.com\/wordpress\/plugins\/seo\/ -->\n<title>\u00bfPor qu\u00e9 te debe importar el incendio en la Amazonia? | Grazia M\u00e9xico y Latinoam\u00e9rica<\/title>\n<meta name=\"description\" content=\"La selva Amazonia est\u00e1 en crisis y necesita de nuestra ayuda para salvarla. \u00bfPor qu\u00e9 te debe importar? Te damos una sencilla explicaci\u00f3n.\" \/>\n<meta name=\"robots\" content=\"index, follow, max-snippet:-1, max-image-preview:large, max-video-preview:-1\" \/>\n<link rel=\"canonical\" href=\"https:\/\/graziamagazine.com\/mx\/articles\/por-que-te-debe-importar-el-incendio-en-la-amazonia\/\" \/>\n<meta property=\"og:locale\" content=\"es_MX\" \/>\n<meta property=\"og:type\" content=\"article\" \/>\n<meta property=\"og:title\" content=\"\u00bfPor qu\u00e9 te debe importar el incendio en la Amazonia?\" \/>\n<meta property=\"og:description\" content=\"La selva Amazonia est\u00e1 en crisis y necesita de nuestra ayuda para salvarla. \u00bfPor qu\u00e9 te debe importar? Te damos una sencilla explicaci\u00f3n.\" \/>\n<meta property=\"og:url\" content=\"https:\/\/graziamagazine.com\/mx\/articles\/por-que-te-debe-importar-el-incendio-en-la-amazonia\/\" \/>\n<meta property=\"og:site_name\" content=\"Grazia M\u00e9xico y Latinoam\u00e9rica\" \/>\n<meta property=\"article:modified_time\" content=\"2019-08-22T19:53:41+00:00\" \/>\n<meta property=\"og:image\" content=\"https:\/\/graziamagazine.com\/mx\/wp-content\/uploads\/sites\/13\/2019\/08\/por-que-te-debe-importar-el-incendio-en-la-amazonia-destacada.jpg?fit=2362%2C1560\" \/>\n\t<meta property=\"og:image:width\" content=\"2362\" \/>\n\t<meta property=\"og:image:height\" content=\"1560\" \/>\n\t<meta property=\"og:image:type\" content=\"image\/jpeg\" \/>\n<meta name=\"twitter:card\" content=\"summary_large_image\" \/>\n<meta name=\"twitter:label1\" content=\"Est. reading time\" \/>\n\t<meta name=\"twitter:data1\" content=\"2 minutos\" \/>\n<script type=\"application\/ld+json\" class=\"yoast-schema-graph\">{\"@context\":\"https:\/\/schema.org\",\"@graph\":[{\"@type\":\"WebPage\",\"@id\":\"https:\/\/graziamagazine.com\/mx\/articles\/por-que-te-debe-importar-el-incendio-en-la-amazonia\/\",\"url\":\"https:\/\/graziamagazine.com\/mx\/articles\/por-que-te-debe-importar-el-incendio-en-la-amazonia\/\",\"name\":\"\u00bfPor qu\u00e9 te debe importar el incendio en la Amazonia? | Grazia M\u00e9xico y Latinoam\u00e9rica\",\"isPartOf\":{\"@id\":\"https:\/\/graziamagazine.com\/mx\/#website\"},\"datePublished\":\"2019-08-22T19:51:36+00:00\",\"dateModified\":\"2019-08-22T19:53:41+00:00\",\"description\":\"La selva Amazonia est\u00e1 en crisis y necesita de nuestra ayuda para salvarla. \u00bfPor qu\u00e9 te debe importar? Te damos una sencilla explicaci\u00f3n.\",\"breadcrumb\":{\"@id\":\"https:\/\/graziamagazine.com\/mx\/articles\/por-que-te-debe-importar-el-incendio-en-la-amazonia\/#breadcrumb\"},\"inLanguage\":\"es-MX\",\"potentialAction\":[{\"@type\":\"ReadAction\",\"target\":[\"https:\/\/graziamagazine.com\/mx\/articles\/por-que-te-debe-importar-el-incendio-en-la-amazonia\/\"]}]},{\"@type\":\"BreadcrumbList\",\"@id\":\"https:\/\/graziamagazine.com\/mx\/articles\/por-que-te-debe-importar-el-incendio-en-la-amazonia\/#breadcrumb\",\"itemListElement\":[{\"@type\":\"ListItem\",\"position\":1,\"name\":\"Home\",\"item\":\"https:\/\/graziamagazine.com\/mx\/\"},{\"@type\":\"ListItem\",\"position\":2,\"name\":\"\u00bfPor qu\u00e9 te debe importar el incendio en la Amazonia?\"}]},{\"@type\":\"WebSite\",\"@id\":\"https:\/\/graziamagazine.com\/mx\/#website\",\"url\":\"https:\/\/graziamagazine.com\/mx\/\",\"name\":\"Grazia M\u00e9xico y Latinoam\u00e9rica\",\"description\":\"Grazia es moda, belleza y noticias  de actualidad \",\"potentialAction\":[{\"@type\":\"SearchAction\",\"target\":{\"@type\":\"EntryPoint\",\"urlTemplate\":\"https:\/\/graziamagazine.com\/mx\/?s={search_term_string}\"},\"query-input\":\"required name=search_term_string\"}],\"inLanguage\":\"es-MX\"}]}<\/script>\n<!-- \/ Yoast SEO Premium plugin. -->","yoast_head_json":{"title":"\u00bfPor qu\u00e9 te debe importar el incendio en la Amazonia? | Grazia M\u00e9xico y Latinoam\u00e9rica","description":"La selva Amazonia est\u00e1 en crisis y necesita de nuestra ayuda para salvarla. \u00bfPor qu\u00e9 te debe importar? Te damos una sencilla explicaci\u00f3n.","robots":{"index":"index","follow":"follow","max-snippet":"max-snippet:-1","max-image-preview":"max-image-preview:large","max-video-preview":"max-video-preview:-1"},"canonical":"https:\/\/graziamagazine.com\/mx\/articles\/por-que-te-debe-importar-el-incendio-en-la-amazonia\/","og_locale":"es_MX","og_type":"article","og_title":"\u00bfPor qu\u00e9 te debe importar el incendio en la Amazonia?","og_description":"La selva Amazonia est\u00e1 en crisis y necesita de nuestra ayuda para salvarla. \u00bfPor qu\u00e9 te debe importar? Te damos una sencilla explicaci\u00f3n.","og_url":"https:\/\/graziamagazine.com\/mx\/articles\/por-que-te-debe-importar-el-incendio-en-la-amazonia\/","og_site_name":"Grazia M\u00e9xico y Latinoam\u00e9rica","article_modified_time":"2019-08-22T19:53:41+00:00","og_image":[{"width":2362,"height":1560,"url":"https:\/\/graziamagazine.com\/mx\/wp-content\/uploads\/sites\/13\/2019\/08\/por-que-te-debe-importar-el-incendio-en-la-amazonia-destacada.jpg?fit=2362%2C1560","type":"image\/jpeg"}],"twitter_card":"summary_large_image","twitter_misc":{"Est. reading time":"2 minutos"},"schema":{"@context":"https:\/\/schema.org","@graph":[{"@type":"WebPage","@id":"https:\/\/graziamagazine.com\/mx\/articles\/por-que-te-debe-importar-el-incendio-en-la-amazonia\/","url":"https:\/\/graziamagazine.com\/mx\/articles\/por-que-te-debe-importar-el-incendio-en-la-amazonia\/","name":"\u00bfPor qu\u00e9 te debe importar el incendio en la Amazonia? | Grazia M\u00e9xico y Latinoam\u00e9rica","isPartOf":{"@id":"https:\/\/graziamagazine.com\/mx\/#website"},"datePublished":"2019-08-22T19:51:36+00:00","dateModified":"2019-08-22T19:53:41+00:00","description":"La selva Amazonia est\u00e1 en crisis y necesita de nuestra ayuda para salvarla. \u00bfPor qu\u00e9 te debe importar? Te damos una sencilla explicaci\u00f3n.","breadcrumb":{"@id":"https:\/\/graziamagazine.com\/mx\/articles\/por-que-te-debe-importar-el-incendio-en-la-amazonia\/#breadcrumb"},"inLanguage":"es-MX","potentialAction":[{"@type":"ReadAction","target":["https:\/\/graziamagazine.com\/mx\/articles\/por-que-te-debe-importar-el-incendio-en-la-amazonia\/"]}]},{"@type":"BreadcrumbList","@id":"https:\/\/graziamagazine.com\/mx\/articles\/por-que-te-debe-importar-el-incendio-en-la-amazonia\/#breadcrumb","itemListElement":[{"@type":"ListItem","position":1,"name":"Home","item":"https:\/\/graziamagazine.com\/mx\/"},{"@type":"ListItem","position":2,"name":"\u00bfPor qu\u00e9 te debe importar el incendio en la Amazonia?"}]},{"@type":"WebSite","@id":"https:\/\/graziamagazine.com\/mx\/#website","url":"https:\/\/graziamagazine.com\/mx\/","name":"Grazia M\u00e9xico y Latinoam\u00e9rica","description":"Grazia es moda, belleza y noticias  de actualidad ","potentialAction":[{"@type":"SearchAction","target":{"@type":"EntryPoint","urlTemplate":"https:\/\/graziamagazine.com\/mx\/?s={search_term_string}"},"query-input":"required name=search_term_string"}],"inLanguage":"es-MX"}]}},"jetpack_sharing_enabled":true,"distributor_meta":false,"distributor_terms":false,"distributor_media":false,"distributor_original_site_name":"Grazia M\u00e9xico y Latinoam\u00e9rica","distributor_original_site_url":"https:\/\/graziamagazine.com\/mx","push-errors":false,"_links":{"self":[{"href":"https:\/\/graziamagazine.com\/mx\/wp-json\/wp\/v2\/articles\/69708"}],"collection":[{"href":"https:\/\/graziamagazine.com\/mx\/wp-json\/wp\/v2\/articles"}],"about":[{"href":"https:\/\/graziamagazine.com\/mx\/wp-json\/wp\/v2\/types\/articles"}],"author":[{"embeddable":true,"href":"https:\/\/graziamagazine.com\/mx\/wp-json\/wp\/v2\/users\/11636"}],"wp:featuredmedia":[{"embeddable":true,"href":"https:\/\/graziamagazine.com\/mx\/wp-json\/wp\/v2\/media\/69716"}],"wp:attachment":[{"href":"https:\/\/graziamagazine.com\/mx\/wp-json\/wp\/v2\/media?parent=69708"}],"wp:term":[{"taxonomy":"category","embeddable":true,"href":"https:\/\/graziamagazine.com\/mx\/wp-json\/wp\/v2\/categories?post=69708"}],"curies":[{"name":"wp","href":"https:\/\/api.w.org\/{rel}","templated":true}]}}