{"id":69555,"date":"2019-08-19T18:04:35","date_gmt":"2019-08-19T23:04:35","guid":{"rendered":"https:\/\/graziamagazine.com\/mx\/?p=69555"},"modified":"2019-08-19T18:04:35","modified_gmt":"2019-08-19T23:04:35","slug":"la-serie-de-jennifer-aniston-y-reese-witherspoon-ya-tiene-adelanto","status":"publish","type":"articles","link":"https:\/\/graziamagazine.com\/mx\/articles\/la-serie-de-jennifer-aniston-y-reese-witherspoon-ya-tiene-adelanto\/","title":{"rendered":"La serie de Jennifer Aniston y Reese Witherspoon ya tiene adelanto"},"content":{"rendered":"<p><span style=\"font-weight: 400;\">\u00bfLista para una nueva adicci\u00f3n? \u00a1Finalmente aqu\u00ed est\u00e1 el adelanto del <a href=\"https:\/\/graziamagazine.com\/mx\/la-serie-reune-a-jennifer-aniston-reese-whiterspoon-luz-verde\/\" target=\"_blank\" rel=\"noopener\">proyecto secreto<\/a> entre <strong>Jennifer Aniston<\/strong> y <strong>Reese Witherspoon<\/strong>! Uno que\u00a0promete estar a la altura de todas esas brillantes series que nos han atrapado, con contenido de alta calidad y una trama que te mantiene interesado hasta el \u00faltimo minuto. Adem\u00e1s, Jennifer y Reese consuman su carrera de actuaci\u00f3n demostrando lo capaces que son de interpretar papeles distintos a los que estamos acostumbradas a verlas.<\/span><\/p>\n<p><span style=\"font-weight: 400;\">\u00a1Aplausos por doquier! <strong><em>The Morning Show<\/em><\/strong> es la nueva serie que se estrenar\u00e1 en la plataforma de streaming de Apple<em>, TV+<\/em>, aunque todav\u00eda no se ha revelado la fecha de lanzamiento.\u00a0Sin embargo, no creas que se trata de una comedia por su elenco principal, pues en realidad el <em>mood<\/em> que marca el adelanto es un tanto dram\u00e1tico y nost\u00e1lgico.<\/span><\/p>\n<p><span style=\"font-weight: 400;\">Esta cuenta la historia de dos mujeres que intentan ser las mejores en su trabajo\u00a0<\/span>\u2014<span style=\"font-weight: 400;\">en este caso como presentadoras del t\u00edpico programa de noticias y entrevistas de todas las ma\u00f1anas<\/span>\u2014\u00a0<span style=\"font-weight: 400;\">lo que de entrada rivaliza su relaci\u00f3n. El <em>trailer<\/em> de la primera temporada (porque seguro habr\u00e1 m\u00e1s de una) que acaba de ver la luz, tambi\u00e9n deja ver la historia del presentador favorito de todos en el programa, Mitch \u00a0\u2014interpretado por <strong>Steve Carell<\/strong>\u2014 \u00a0y el reajuste necesario al interior de una televisora con mujeres capaces y empoderadas que abogan por un cambio de pensamiento al interior de la industria del entretenimiento.<\/span><\/p>\n<p><span style=\"font-weight: 400;\">\u00a1Pff! Morimos por verla.<\/span><\/p>\n<p><span style=\"font-weight: 400;\">Esperemos que Apple pronto comparta mayores detalles del estreno de esta serie <em>streaming.<\/em> De momento, te dejamos con el <em>trailer<\/em> para que mueras de emoci\u00f3n.<\/span><\/p>\n<p><iframe loading=\"lazy\" src=\"https:\/\/www.youtube.com\/embed\/eA7D4_qU9jo\" width=\"560\" height=\"315\" frameborder=\"0\"><\/iframe><\/p>\n<h5><\/h5>\n<h5><em>*IMAGEN: Still Friends\u00a0<\/em><\/h5>\n","protected":false},"author":11628,"featured_media":69560,"template":"","format":"standard","categories":[114],"acf":[],"yoast_head":"<!-- This site is optimized with the Yoast SEO Premium plugin v18.5 (Yoast SEO v20.4) - https:\/\/yoast.com\/wordpress\/plugins\/seo\/ -->\n<title>La serie de Jennifer Aniston y Reese Witherspoon ya tiene adelanto | Grazia M\u00e9xico y Latinoam\u00e9rica<\/title>\n<meta name=\"description\" content=\"Aplausos, l\u00e1grimas, risas... se repite. El trailer de la serie que re\u00fane a Jennifer Aniston y Reese Witherspoon es muy emocionante. J\u00fazgalo t\u00fa misma.\" \/>\n<meta name=\"robots\" content=\"index, follow, max-snippet:-1, max-image-preview:large, max-video-preview:-1\" \/>\n<link rel=\"canonical\" href=\"https:\/\/graziamagazine.com\/mx\/articles\/la-serie-de-jennifer-aniston-y-reese-witherspoon-ya-tiene-adelanto\/\" \/>\n<meta property=\"og:locale\" content=\"es_MX\" \/>\n<meta property=\"og:type\" content=\"article\" \/>\n<meta property=\"og:title\" content=\"La serie de Jennifer Aniston y Reese Witherspoon ya tiene adelanto\" \/>\n<meta property=\"og:description\" content=\"Aplausos, l\u00e1grimas, risas... se repite. El trailer de la serie que re\u00fane a Jennifer Aniston y Reese Witherspoon es muy emocionante. J\u00fazgalo t\u00fa misma.\" \/>\n<meta property=\"og:url\" content=\"https:\/\/graziamagazine.com\/mx\/articles\/la-serie-de-jennifer-aniston-y-reese-witherspoon-ya-tiene-adelanto\/\" \/>\n<meta property=\"og:site_name\" content=\"Grazia M\u00e9xico y Latinoam\u00e9rica\" \/>\n<meta property=\"og:image\" content=\"https:\/\/graziamagazine.com\/mx\/wp-content\/uploads\/sites\/13\/2019\/08\/la-serie-de-jennifer-aniston-y-reese-witherspoon-ya-tiene-adelanto-destacada.jpg?fit=1024%2C759\" \/>\n\t<meta property=\"og:image:width\" content=\"1024\" \/>\n\t<meta property=\"og:image:height\" content=\"759\" \/>\n\t<meta property=\"og:image:type\" content=\"image\/jpeg\" \/>\n<meta name=\"twitter:card\" content=\"summary_large_image\" \/>\n<meta name=\"twitter:label1\" content=\"Est. reading time\" \/>\n\t<meta name=\"twitter:data1\" content=\"1 minuto\" \/>\n<script type=\"application\/ld+json\" class=\"yoast-schema-graph\">{\"@context\":\"https:\/\/schema.org\",\"@graph\":[{\"@type\":\"WebPage\",\"@id\":\"https:\/\/graziamagazine.com\/mx\/articles\/la-serie-de-jennifer-aniston-y-reese-witherspoon-ya-tiene-adelanto\/\",\"url\":\"https:\/\/graziamagazine.com\/mx\/articles\/la-serie-de-jennifer-aniston-y-reese-witherspoon-ya-tiene-adelanto\/\",\"name\":\"La serie de Jennifer Aniston y Reese Witherspoon ya tiene adelanto | Grazia M\u00e9xico y Latinoam\u00e9rica\",\"isPartOf\":{\"@id\":\"https:\/\/graziamagazine.com\/mx\/#website\"},\"datePublished\":\"2019-08-19T23:04:35+00:00\",\"dateModified\":\"2019-08-19T23:04:35+00:00\",\"description\":\"Aplausos, l\u00e1grimas, risas... se repite. El trailer de la serie que re\u00fane a Jennifer Aniston y Reese Witherspoon es muy emocionante. J\u00fazgalo t\u00fa misma.\",\"breadcrumb\":{\"@id\":\"https:\/\/graziamagazine.com\/mx\/articles\/la-serie-de-jennifer-aniston-y-reese-witherspoon-ya-tiene-adelanto\/#breadcrumb\"},\"inLanguage\":\"es-MX\",\"potentialAction\":[{\"@type\":\"ReadAction\",\"target\":[\"https:\/\/graziamagazine.com\/mx\/articles\/la-serie-de-jennifer-aniston-y-reese-witherspoon-ya-tiene-adelanto\/\"]}]},{\"@type\":\"BreadcrumbList\",\"@id\":\"https:\/\/graziamagazine.com\/mx\/articles\/la-serie-de-jennifer-aniston-y-reese-witherspoon-ya-tiene-adelanto\/#breadcrumb\",\"itemListElement\":[{\"@type\":\"ListItem\",\"position\":1,\"name\":\"Home\",\"item\":\"https:\/\/graziamagazine.com\/mx\/\"},{\"@type\":\"ListItem\",\"position\":2,\"name\":\"La serie de Jennifer Aniston y Reese Witherspoon ya tiene adelanto\"}]},{\"@type\":\"WebSite\",\"@id\":\"https:\/\/graziamagazine.com\/mx\/#website\",\"url\":\"https:\/\/graziamagazine.com\/mx\/\",\"name\":\"Grazia M\u00e9xico y Latinoam\u00e9rica\",\"description\":\"Grazia es moda, belleza y noticias  de actualidad \",\"potentialAction\":[{\"@type\":\"SearchAction\",\"target\":{\"@type\":\"EntryPoint\",\"urlTemplate\":\"https:\/\/graziamagazine.com\/mx\/?s={search_term_string}\"},\"query-input\":\"required name=search_term_string\"}],\"inLanguage\":\"es-MX\"}]}<\/script>\n<!-- \/ Yoast SEO Premium plugin. -->","yoast_head_json":{"title":"La serie de Jennifer Aniston y Reese Witherspoon ya tiene adelanto | Grazia M\u00e9xico y Latinoam\u00e9rica","description":"Aplausos, l\u00e1grimas, risas... se repite. El trailer de la serie que re\u00fane a Jennifer Aniston y Reese Witherspoon es muy emocionante. J\u00fazgalo t\u00fa misma.","robots":{"index":"index","follow":"follow","max-snippet":"max-snippet:-1","max-image-preview":"max-image-preview:large","max-video-preview":"max-video-preview:-1"},"canonical":"https:\/\/graziamagazine.com\/mx\/articles\/la-serie-de-jennifer-aniston-y-reese-witherspoon-ya-tiene-adelanto\/","og_locale":"es_MX","og_type":"article","og_title":"La serie de Jennifer Aniston y Reese Witherspoon ya tiene adelanto","og_description":"Aplausos, l\u00e1grimas, risas... se repite. El trailer de la serie que re\u00fane a Jennifer Aniston y Reese Witherspoon es muy emocionante. J\u00fazgalo t\u00fa misma.","og_url":"https:\/\/graziamagazine.com\/mx\/articles\/la-serie-de-jennifer-aniston-y-reese-witherspoon-ya-tiene-adelanto\/","og_site_name":"Grazia M\u00e9xico y Latinoam\u00e9rica","og_image":[{"width":1024,"height":759,"url":"https:\/\/graziamagazine.com\/mx\/wp-content\/uploads\/sites\/13\/2019\/08\/la-serie-de-jennifer-aniston-y-reese-witherspoon-ya-tiene-adelanto-destacada.jpg?fit=1024%2C759","type":"image\/jpeg"}],"twitter_card":"summary_large_image","twitter_misc":{"Est. reading time":"1 minuto"},"schema":{"@context":"https:\/\/schema.org","@graph":[{"@type":"WebPage","@id":"https:\/\/graziamagazine.com\/mx\/articles\/la-serie-de-jennifer-aniston-y-reese-witherspoon-ya-tiene-adelanto\/","url":"https:\/\/graziamagazine.com\/mx\/articles\/la-serie-de-jennifer-aniston-y-reese-witherspoon-ya-tiene-adelanto\/","name":"La serie de Jennifer Aniston y Reese Witherspoon ya tiene adelanto | Grazia M\u00e9xico y Latinoam\u00e9rica","isPartOf":{"@id":"https:\/\/graziamagazine.com\/mx\/#website"},"datePublished":"2019-08-19T23:04:35+00:00","dateModified":"2019-08-19T23:04:35+00:00","description":"Aplausos, l\u00e1grimas, risas... se repite. El trailer de la serie que re\u00fane a Jennifer Aniston y Reese Witherspoon es muy emocionante. J\u00fazgalo t\u00fa misma.","breadcrumb":{"@id":"https:\/\/graziamagazine.com\/mx\/articles\/la-serie-de-jennifer-aniston-y-reese-witherspoon-ya-tiene-adelanto\/#breadcrumb"},"inLanguage":"es-MX","potentialAction":[{"@type":"ReadAction","target":["https:\/\/graziamagazine.com\/mx\/articles\/la-serie-de-jennifer-aniston-y-reese-witherspoon-ya-tiene-adelanto\/"]}]},{"@type":"BreadcrumbList","@id":"https:\/\/graziamagazine.com\/mx\/articles\/la-serie-de-jennifer-aniston-y-reese-witherspoon-ya-tiene-adelanto\/#breadcrumb","itemListElement":[{"@type":"ListItem","position":1,"name":"Home","item":"https:\/\/graziamagazine.com\/mx\/"},{"@type":"ListItem","position":2,"name":"La serie de Jennifer Aniston y Reese Witherspoon ya tiene adelanto"}]},{"@type":"WebSite","@id":"https:\/\/graziamagazine.com\/mx\/#website","url":"https:\/\/graziamagazine.com\/mx\/","name":"Grazia M\u00e9xico y Latinoam\u00e9rica","description":"Grazia es moda, belleza y noticias  de actualidad ","potentialAction":[{"@type":"SearchAction","target":{"@type":"EntryPoint","urlTemplate":"https:\/\/graziamagazine.com\/mx\/?s={search_term_string}"},"query-input":"required name=search_term_string"}],"inLanguage":"es-MX"}]}},"jetpack_sharing_enabled":true,"distributor_meta":false,"distributor_terms":false,"distributor_media":false,"distributor_original_site_name":"Grazia M\u00e9xico y Latinoam\u00e9rica","distributor_original_site_url":"https:\/\/graziamagazine.com\/mx","push-errors":false,"_links":{"self":[{"href":"https:\/\/graziamagazine.com\/mx\/wp-json\/wp\/v2\/articles\/69555"}],"collection":[{"href":"https:\/\/graziamagazine.com\/mx\/wp-json\/wp\/v2\/articles"}],"about":[{"href":"https:\/\/graziamagazine.com\/mx\/wp-json\/wp\/v2\/types\/articles"}],"author":[{"embeddable":true,"href":"https:\/\/graziamagazine.com\/mx\/wp-json\/wp\/v2\/users\/11628"}],"wp:featuredmedia":[{"embeddable":true,"href":"https:\/\/graziamagazine.com\/mx\/wp-json\/wp\/v2\/media\/69560"}],"wp:attachment":[{"href":"https:\/\/graziamagazine.com\/mx\/wp-json\/wp\/v2\/media?parent=69555"}],"wp:term":[{"taxonomy":"category","embeddable":true,"href":"https:\/\/graziamagazine.com\/mx\/wp-json\/wp\/v2\/categories?post=69555"}],"curies":[{"name":"wp","href":"https:\/\/api.w.org\/{rel}","templated":true}]}}