{"id":69261,"date":"2019-08-13T16:53:31","date_gmt":"2019-08-13T21:53:31","guid":{"rendered":"https:\/\/graziamagazine.com\/mx\/?p=69261"},"modified":"2019-08-13T17:27:22","modified_gmt":"2019-08-13T22:27:22","slug":"harry-styles-sera-el-principe-eric-en-la-sirenita-y-asi-las-reacciones-en-twitter","status":"publish","type":"articles","link":"https:\/\/graziamagazine.com\/mx\/articles\/harry-styles-sera-el-principe-eric-en-la-sirenita-y-asi-las-reacciones-en-twitter\/","title":{"rendered":"Harry Styles ser\u00e1 el pr\u00edncipe Eric en La Sirenita y as\u00ed las reacciones en Twitter"},"content":{"rendered":"<p><a href=\"https:\/\/graziamagazine.com\/mx\/harry-styles-podria-interpretar-al-principe-eric-en-la-sirenita\/\" target=\"_blank\" rel=\"noopener\">Tras un mes de rumores<\/a>, por fin <strong>Disney<\/strong> confirm\u00f3 <strong>Harry Styles<\/strong> ser\u00e1 quien le de vida al\u00a0<strong>Pr\u00edncipe Eric<\/strong> en el <em>live-action<\/em> de <strong><em>La Sirenita<\/em><\/strong>. Y es que despu\u00e9s de tanta pol\u00e9mica desde que se anunci\u00f3 a <a href=\"https:\/\/graziamagazine.com\/mx\/halle-bailey-sera-ariel-en-la-sirenita-y-asi-reacciona-twitter\/\" target=\"_blank\" rel=\"noopener\">Halle Bailey como Ariel<\/a>, los fan\u00e1ticos no han estado felices.<\/p>\n<p>https:\/\/twitter.com\/TheDisInsider\/status\/1161347767576383488?ref_src=twsrc%5Etfw%7Ctwcamp%5Etweetembed%7Ctwterm%5E1161347767576383488&#038;ref_url=https%3A%2F%2Fwww.yucatan.com.mx%2Fespectaculos%2Fconfirmado-harry-styles-sera-el-principe-eric-en-la-sirenita<\/p>\n<p>Como seguramente ya sabes, esta ser\u00e1 la segunda aparici\u00f3n del ex integrante de <strong>One Direction<\/strong> en pantalla grande, siendo la primera en<strong>\u00a0<em>Dunkerque<\/em>, <\/strong>dirigida por<strong> Christopher Nolan <\/strong>en 2017.<\/p>\n<p>Esta vez,\u00a0<i>La Sirenita<\/i>\u00a0ver\u00e1 al personaje cantar, con el objetivo de aprovechar las habilidades y talento del brit\u00e1nico.\u00a0Seguramente tambi\u00e9n te imaginabas c\u00f3mo ser\u00eda el pr\u00edncipe en la vida real y aunque pens\u00e1bamos con esta noticia todos se pondr\u00edan felices, la reacciones en Twitter solo han sido negativas e incluso, el <em>hashtag\u00a0<a href=\"https:\/\/twitter.com\/hashtag\/NotMyPrinceEric?src=hashtag_click\"class=\"css-4rbku5 css-18t94o4 css-901oao css-16my406 r-1n1174f r-1loqt21 r-1qd0xha r-vw2c0b r-ad9z0x r-bcqeeo r-qvutc0\" dir=\"ltr\" role=\"link\"  data-focusable=\"true\" target=\"_blank\">#NotMyPrinceEric<\/a>\u00a0<\/em>ya se hizo viral:<\/p>\n<blockquote class=\"twitter-tweet\">\n<p dir=\"ltr\" lang=\"en\">It really could&#8217;ve been any other person &#8230; But they had to choose Harry <a href=\"https:\/\/twitter.com\/hashtag\/NotMyPrinceEric?src=hash&amp;ref_src=twsrc%5Etfw\" target=\"_blank\">#NotMyPrinceEric<\/a><br \/>\n<a href=\"https:\/\/t.co\/IfJfuTuO3k\" target=\"_blank\">pic.twitter.com\/IfJfuTuO3k<\/a><\/p>\n<p>\u2014 A dream&#8230; literally a dream \ud83c\udf08 \ud83c\udf08 (@angelinaGODlie) <a href=\"https:\/\/twitter.com\/angelinaGODlie\/status\/1161389014550753280?ref_src=twsrc%5Etfw\" target=\"_blank\">August 13, 2019<\/a><\/p><\/blockquote>\n<p><script async src=\"https:\/\/platform.twitter.com\/widgets.js\" charset=\"utf-8\"><\/script><\/p>\n<blockquote class=\"twitter-tweet\">\n<p dir=\"ltr\" lang=\"en\">but he\u2019s not danish and his eyes are not blue <a href=\"https:\/\/twitter.com\/hashtag\/NotMyPrinceEric?src=hash&amp;ref_src=twsrc%5Etfw\" target=\"_blank\">#NotMyPrinceEric<\/a> <a href=\"https:\/\/t.co\/PD2GrvSmQm\" target=\"_blank\">https:\/\/t.co\/PD2GrvSmQm<\/a><\/p>\n<p>\u2014 Fresh Prince of Belem (@siwonegao) <a href=\"https:\/\/twitter.com\/siwonegao\/status\/1161358350766039040?ref_src=twsrc%5Etfw\" target=\"_blank\">August 13, 2019<\/a><\/p><\/blockquote>\n<p><script async src=\"https:\/\/platform.twitter.com\/widgets.js\" charset=\"utf-8\"><\/script><\/p>\n<blockquote class=\"twitter-tweet\">\n<p dir=\"ltr\" lang=\"en\">my toe is a better price Eric than that Zionist <a href=\"https:\/\/twitter.com\/hashtag\/NotMyPrinceEric?src=hash&amp;ref_src=twsrc%5Etfw\" target=\"_blank\">#NotMyPrinceEric<\/a> <a href=\"https:\/\/t.co\/gQ0P3jRJuN\" target=\"_blank\">pic.twitter.com\/gQ0P3jRJuN<\/a><\/p>\n<p>\u2014 dona (@fIopjae) <a href=\"https:\/\/twitter.com\/fIopjae\/status\/1161388461552783361?ref_src=twsrc%5Etfw\" target=\"_blank\">August 13, 2019<\/a><\/p><\/blockquote>\n<p><script async src=\"https:\/\/platform.twitter.com\/widgets.js\" charset=\"utf-8\"><\/script><\/p>\n<blockquote class=\"twitter-tweet\">\n<p dir=\"ltr\" lang=\"en\">Harry is not my prince erick<a href=\"https:\/\/twitter.com\/hashtag\/notmyprinceeric?src=hash&amp;ref_src=twsrc%5Etfw\" target=\"_blank\">#notmyprinceeric<\/a> <a href=\"https:\/\/t.co\/Vv5isXFEuE\" target=\"_blank\">pic.twitter.com\/Vv5isXFEuE<\/a><\/p>\n<p>\u2014 Ankara (@Ana_GutierrezP) <a href=\"https:\/\/twitter.com\/Ana_GutierrezP\/status\/1161357155561177088?ref_src=twsrc%5Etfw\" target=\"_blank\">August 13, 2019<\/a><\/p><\/blockquote>\n<p><script async src=\"https:\/\/platform.twitter.com\/widgets.js\" charset=\"utf-8\"><\/script><\/p>\n<p>Aunque no conocemos la fecha de estreno, sabemos que entre la lista de estrellas que ser\u00e1n parte del elenco junto a Harry, se encuentran\u00a0<strong>Melissa McCarthy, Javier Bardem <\/strong>y<strong> Jacob Tremblay, <\/strong>noticia con la que tampoco est\u00e1n felices los fan\u00e1ticos. \u00bfT\u00fa qu\u00e9 piensas?<\/p>\n<h5><em>*IMAGEN: Getty Images<\/em><\/h5>\n<p>&nbsp;<\/p>\n<p>&nbsp;<\/p>\n<p>&nbsp;<\/p>\n<p>&nbsp;<\/p>\n<p>&nbsp;<\/p>\n<p>&nbsp;<\/p>\n","protected":false},"author":11656,"featured_media":69273,"template":"","format":"standard","categories":[2],"acf":[],"yoast_head":"<!-- This site is optimized with the Yoast SEO Premium plugin v18.5 (Yoast SEO v20.4) - https:\/\/yoast.com\/wordpress\/plugins\/seo\/ -->\n<title>Harry Styles ser\u00e1 el pr\u00edncipe Eric en La Sirenita y as\u00ed las reacciones en Twitter | Grazia M\u00e9xico y Latinoam\u00e9rica<\/title>\n<meta name=\"description\" content=\"Tras los rumores, est\u00e1 confirmado que Harry Styles ser\u00e1 quien interprete al Pr\u00edncipe Eric en La Sirenita. \u00bfTampoco est\u00e1s feliz con la noticia?\" \/>\n<meta name=\"robots\" content=\"index, follow, max-snippet:-1, max-image-preview:large, max-video-preview:-1\" \/>\n<link rel=\"canonical\" href=\"https:\/\/graziamagazine.com\/mx\/articles\/harry-styles-sera-el-principe-eric-en-la-sirenita-y-asi-las-reacciones-en-twitter\/\" \/>\n<meta property=\"og:locale\" content=\"es_MX\" \/>\n<meta property=\"og:type\" content=\"article\" \/>\n<meta property=\"og:title\" content=\"Harry Styles ser\u00e1 el pr\u00edncipe Eric en La Sirenita y as\u00ed las reacciones en Twitter\" \/>\n<meta property=\"og:description\" content=\"Tras los rumores, est\u00e1 confirmado que Harry Styles ser\u00e1 quien interprete al Pr\u00edncipe Eric en La Sirenita. \u00bfTampoco est\u00e1s feliz con la noticia?\" \/>\n<meta property=\"og:url\" content=\"https:\/\/graziamagazine.com\/mx\/articles\/harry-styles-sera-el-principe-eric-en-la-sirenita-y-asi-las-reacciones-en-twitter\/\" \/>\n<meta property=\"og:site_name\" content=\"Grazia M\u00e9xico y Latinoam\u00e9rica\" \/>\n<meta property=\"article:modified_time\" content=\"2019-08-13T22:27:22+00:00\" \/>\n<meta property=\"og:image\" content=\"https:\/\/graziamagazine.com\/mx\/wp-content\/uploads\/sites\/13\/2019\/08\/harry-styles-sera-el-principe-eric-en-la-sirenita-y-asi-las-reacciones-en-twitter-destacada.jpg?fit=1296%2C730\" \/>\n\t<meta property=\"og:image:width\" content=\"1296\" \/>\n\t<meta property=\"og:image:height\" content=\"730\" \/>\n\t<meta property=\"og:image:type\" content=\"image\/jpeg\" \/>\n<meta name=\"twitter:card\" content=\"summary_large_image\" \/>\n<meta name=\"twitter:label1\" content=\"Est. reading time\" \/>\n\t<meta name=\"twitter:data1\" content=\"2 minutos\" \/>\n<script type=\"application\/ld+json\" class=\"yoast-schema-graph\">{\"@context\":\"https:\/\/schema.org\",\"@graph\":[{\"@type\":\"WebPage\",\"@id\":\"https:\/\/graziamagazine.com\/mx\/articles\/harry-styles-sera-el-principe-eric-en-la-sirenita-y-asi-las-reacciones-en-twitter\/\",\"url\":\"https:\/\/graziamagazine.com\/mx\/articles\/harry-styles-sera-el-principe-eric-en-la-sirenita-y-asi-las-reacciones-en-twitter\/\",\"name\":\"Harry Styles ser\u00e1 el pr\u00edncipe Eric en La Sirenita y as\u00ed las reacciones en Twitter | Grazia M\u00e9xico y Latinoam\u00e9rica\",\"isPartOf\":{\"@id\":\"https:\/\/graziamagazine.com\/mx\/#website\"},\"datePublished\":\"2019-08-13T21:53:31+00:00\",\"dateModified\":\"2019-08-13T22:27:22+00:00\",\"description\":\"Tras los rumores, est\u00e1 confirmado que Harry Styles ser\u00e1 quien interprete al Pr\u00edncipe Eric en La Sirenita. \u00bfTampoco est\u00e1s feliz con la noticia?\",\"breadcrumb\":{\"@id\":\"https:\/\/graziamagazine.com\/mx\/articles\/harry-styles-sera-el-principe-eric-en-la-sirenita-y-asi-las-reacciones-en-twitter\/#breadcrumb\"},\"inLanguage\":\"es-MX\",\"potentialAction\":[{\"@type\":\"ReadAction\",\"target\":[\"https:\/\/graziamagazine.com\/mx\/articles\/harry-styles-sera-el-principe-eric-en-la-sirenita-y-asi-las-reacciones-en-twitter\/\"]}]},{\"@type\":\"BreadcrumbList\",\"@id\":\"https:\/\/graziamagazine.com\/mx\/articles\/harry-styles-sera-el-principe-eric-en-la-sirenita-y-asi-las-reacciones-en-twitter\/#breadcrumb\",\"itemListElement\":[{\"@type\":\"ListItem\",\"position\":1,\"name\":\"Home\",\"item\":\"https:\/\/graziamagazine.com\/mx\/\"},{\"@type\":\"ListItem\",\"position\":2,\"name\":\"Harry Styles ser\u00e1 el pr\u00edncipe Eric en La Sirenita y as\u00ed las reacciones en Twitter\"}]},{\"@type\":\"WebSite\",\"@id\":\"https:\/\/graziamagazine.com\/mx\/#website\",\"url\":\"https:\/\/graziamagazine.com\/mx\/\",\"name\":\"Grazia M\u00e9xico y Latinoam\u00e9rica\",\"description\":\"Grazia es moda, belleza y noticias  de actualidad \",\"potentialAction\":[{\"@type\":\"SearchAction\",\"target\":{\"@type\":\"EntryPoint\",\"urlTemplate\":\"https:\/\/graziamagazine.com\/mx\/?s={search_term_string}\"},\"query-input\":\"required name=search_term_string\"}],\"inLanguage\":\"es-MX\"}]}<\/script>\n<!-- \/ Yoast SEO Premium plugin. -->","yoast_head_json":{"title":"Harry Styles ser\u00e1 el pr\u00edncipe Eric en La Sirenita y as\u00ed las reacciones en Twitter | Grazia M\u00e9xico y Latinoam\u00e9rica","description":"Tras los rumores, est\u00e1 confirmado que Harry Styles ser\u00e1 quien interprete al Pr\u00edncipe Eric en La Sirenita. \u00bfTampoco est\u00e1s feliz con la noticia?","robots":{"index":"index","follow":"follow","max-snippet":"max-snippet:-1","max-image-preview":"max-image-preview:large","max-video-preview":"max-video-preview:-1"},"canonical":"https:\/\/graziamagazine.com\/mx\/articles\/harry-styles-sera-el-principe-eric-en-la-sirenita-y-asi-las-reacciones-en-twitter\/","og_locale":"es_MX","og_type":"article","og_title":"Harry Styles ser\u00e1 el pr\u00edncipe Eric en La Sirenita y as\u00ed las reacciones en Twitter","og_description":"Tras los rumores, est\u00e1 confirmado que Harry Styles ser\u00e1 quien interprete al Pr\u00edncipe Eric en La Sirenita. \u00bfTampoco est\u00e1s feliz con la noticia?","og_url":"https:\/\/graziamagazine.com\/mx\/articles\/harry-styles-sera-el-principe-eric-en-la-sirenita-y-asi-las-reacciones-en-twitter\/","og_site_name":"Grazia M\u00e9xico y Latinoam\u00e9rica","article_modified_time":"2019-08-13T22:27:22+00:00","og_image":[{"width":1296,"height":730,"url":"https:\/\/graziamagazine.com\/mx\/wp-content\/uploads\/sites\/13\/2019\/08\/harry-styles-sera-el-principe-eric-en-la-sirenita-y-asi-las-reacciones-en-twitter-destacada.jpg?fit=1296%2C730","type":"image\/jpeg"}],"twitter_card":"summary_large_image","twitter_misc":{"Est. reading time":"2 minutos"},"schema":{"@context":"https:\/\/schema.org","@graph":[{"@type":"WebPage","@id":"https:\/\/graziamagazine.com\/mx\/articles\/harry-styles-sera-el-principe-eric-en-la-sirenita-y-asi-las-reacciones-en-twitter\/","url":"https:\/\/graziamagazine.com\/mx\/articles\/harry-styles-sera-el-principe-eric-en-la-sirenita-y-asi-las-reacciones-en-twitter\/","name":"Harry Styles ser\u00e1 el pr\u00edncipe Eric en La Sirenita y as\u00ed las reacciones en Twitter | Grazia M\u00e9xico y Latinoam\u00e9rica","isPartOf":{"@id":"https:\/\/graziamagazine.com\/mx\/#website"},"datePublished":"2019-08-13T21:53:31+00:00","dateModified":"2019-08-13T22:27:22+00:00","description":"Tras los rumores, est\u00e1 confirmado que Harry Styles ser\u00e1 quien interprete al Pr\u00edncipe Eric en La Sirenita. \u00bfTampoco est\u00e1s feliz con la noticia?","breadcrumb":{"@id":"https:\/\/graziamagazine.com\/mx\/articles\/harry-styles-sera-el-principe-eric-en-la-sirenita-y-asi-las-reacciones-en-twitter\/#breadcrumb"},"inLanguage":"es-MX","potentialAction":[{"@type":"ReadAction","target":["https:\/\/graziamagazine.com\/mx\/articles\/harry-styles-sera-el-principe-eric-en-la-sirenita-y-asi-las-reacciones-en-twitter\/"]}]},{"@type":"BreadcrumbList","@id":"https:\/\/graziamagazine.com\/mx\/articles\/harry-styles-sera-el-principe-eric-en-la-sirenita-y-asi-las-reacciones-en-twitter\/#breadcrumb","itemListElement":[{"@type":"ListItem","position":1,"name":"Home","item":"https:\/\/graziamagazine.com\/mx\/"},{"@type":"ListItem","position":2,"name":"Harry Styles ser\u00e1 el pr\u00edncipe Eric en La Sirenita y as\u00ed las reacciones en Twitter"}]},{"@type":"WebSite","@id":"https:\/\/graziamagazine.com\/mx\/#website","url":"https:\/\/graziamagazine.com\/mx\/","name":"Grazia M\u00e9xico y Latinoam\u00e9rica","description":"Grazia es moda, belleza y noticias  de actualidad ","potentialAction":[{"@type":"SearchAction","target":{"@type":"EntryPoint","urlTemplate":"https:\/\/graziamagazine.com\/mx\/?s={search_term_string}"},"query-input":"required name=search_term_string"}],"inLanguage":"es-MX"}]}},"jetpack_sharing_enabled":true,"distributor_meta":false,"distributor_terms":false,"distributor_media":false,"distributor_original_site_name":"Grazia M\u00e9xico y Latinoam\u00e9rica","distributor_original_site_url":"https:\/\/graziamagazine.com\/mx","push-errors":false,"_links":{"self":[{"href":"https:\/\/graziamagazine.com\/mx\/wp-json\/wp\/v2\/articles\/69261"}],"collection":[{"href":"https:\/\/graziamagazine.com\/mx\/wp-json\/wp\/v2\/articles"}],"about":[{"href":"https:\/\/graziamagazine.com\/mx\/wp-json\/wp\/v2\/types\/articles"}],"author":[{"embeddable":true,"href":"https:\/\/graziamagazine.com\/mx\/wp-json\/wp\/v2\/users\/11656"}],"wp:featuredmedia":[{"embeddable":true,"href":"https:\/\/graziamagazine.com\/mx\/wp-json\/wp\/v2\/media\/69273"}],"wp:attachment":[{"href":"https:\/\/graziamagazine.com\/mx\/wp-json\/wp\/v2\/media?parent=69261"}],"wp:term":[{"taxonomy":"category","embeddable":true,"href":"https:\/\/graziamagazine.com\/mx\/wp-json\/wp\/v2\/categories?post=69261"}],"curies":[{"name":"wp","href":"https:\/\/api.w.org\/{rel}","templated":true}]}}