{"id":69035,"date":"2019-08-09T13:57:22","date_gmt":"2019-08-09T18:57:22","guid":{"rendered":"https:\/\/graziamagazine.com\/mx\/?p=69035"},"modified":"2019-08-10T12:47:15","modified_gmt":"2019-08-10T17:47:15","slug":"todos-deben-tener-unos-shorts-de-cuero-en-su-close","status":"publish","type":"articles","link":"https:\/\/graziamagazine.com\/mx\/articles\/todos-deben-tener-unos-shorts-de-cuero-en-su-close\/","title":{"rendered":"Todos deben tener unos shorts de cuero en su cl\u00f3set"},"content":{"rendered":"<p>Con el nuevo <b>Bottega Veneta<\/b> la moda comenz\u00f3 a adoptar una prenda que muchos ve\u00edan de mal gusto: <i>shorts<\/i> de piel. Conquist\u00f3 nuestro coraz\u00f3n cuando la vimos en <a href=\"https:\/\/graziamagazine.com\/mx\/la-nueva-era-de-bottega-veneta-con-daniel-lee-revoluciono-la-moda\/\" target=\"_blank\" rel=\"noopener\">la campa\u00f1a <b><i>Pre-Fall<\/i> 2019<\/b> de la firma<\/a>, donde con un simple <i>ribbed tank top<\/i> blanco sobresal\u00eda como elemento estelar. <b>Daniel Lee<\/b> lo propuso para concluir con los d\u00edas de verano \u2014y es que es precisamente el <i>item<\/i> ideal para la transici\u00f3n de la temporada.<\/p>\n<p>En el marco de <b><i>Copenhagen Fashion Week<\/i><\/b>, <a href=\"https:\/\/graziamagazine.com\/mx\/para-el-entretiempo-fijate-en-el-estilo-danes\/\" target=\"_blank\" rel=\"noopener\">el <i>street style<\/i> dan\u00e9s contin\u00faa d\u00e1ndonos las mejores lecciones de estilo<\/a> para que apliques todas las ma\u00f1anas. Y si est\u00e1s al tanto de los d\u00edas m\u00e1s glamurosos en la capital de Dinamarca, entonces seguro ya te percataste que [casi] todas han optado por llevar los <i>shorts<\/i> que Lee revivi\u00f3.<\/p>\n<p><a href=\"http:\/\/www.gettyimages.es\/detail\/1166697181\"id=\"lV12WeH_T0ZnMevTrKwXnA\" class=\"gie-slideshow\" style=\"color: #a7a7a7; text-decoration: none; font-weight: normal !important; border: none; display: inline-block;\"  target=\"_blank\" rel=\"noopener\" target=\"_blank\">Embed from Getty Images<\/a><script>window.gie=window.gie||function(c){(gie.q=gie.q||[]).push(c)};gie(function(){gie.widgets.load({id:'lV12WeH_T0ZnMevTrKwXnA',sig:'e3QcUIgwGhQNbZXn1vLZ7GgHUpXBc7KYqdedWg0-zgc=',w:'419px',h:'594px',items:'1166697181,1166686674,1166694322,1166696926',caption: true ,tld:'es',is360: false })});<\/script><script src='\/\/embed-cdn.gettyimages.com\/widgets.js' charset='utf-8' async><\/script><\/p>\n<p>La nueva presentaci\u00f3n de la prenda es el reemplazo perfecto de los <i>cycling shorts<\/i>. Aunque son completamente opuestos, unos m\u00e1s <i>baggy<\/i> y otros entallados, su funcionalidad y ejecuci\u00f3n es la misma. El <i>blazer<\/i> es su mejor complemento junto al <i>tank top<\/i> \u2014como lo propuso el disc\u00edpulo de Phoebe Philo\u2014, pero tambi\u00e9n la <i>T-shirt<\/i> conjuga una propuesta igualmente minimalista. El toque <i>streetwear<\/i> lo da un par de <i>grandpa sneakers<\/i>, el extrovertido un par de <i>cowboy boots<\/i>; sin embargo las <i>strappy sandals<\/i> crean una composici\u00f3n indeleble.<\/p>\n<p>Ahora el camello y el negro son mejores amigos; con esta paleta de color las escandinavas han optado por usar los <i>shorts<\/i>\u00a0de cuero. No obstante hay otras maneras de llevarlo: con blanco o una variaci\u00f3n de gris.<\/p>\n<p>Adquirir uno de estos <i>shorts<\/i> consta de la mejor inversi\u00f3n para el entretiempo y oto\u00f1o\/invierno. Y no solo puedes so\u00f1ar con los de <a href=\"https:\/\/www.bottegaveneta.com\/mx\/pants-and-shorts_cod13306481xr.html\" target=\"_blank\" rel=\"noopener\" target=\"_blank\">Bottega Veneta<\/a>, las tiendas <i>low-cost<\/i> ya tienen sus variantes <a href=\"https:\/\/shop.mango.com\/mx\/mujer\/shorts\/short-cintura-elastica_53063765.html?c=99&amp;n=1&amp;s=prendas_she.familia;25\" target=\"_blank\" rel=\"noopener\" target=\"_blank\">disponibles<\/a>.<\/p>\n<p><a href=\"http:\/\/www.gettyimages.es\/detail\/1166694329\"id=\"t1rfv6teS_tSZhc4L78opA\" class=\"gie-slideshow\" style=\"color: #a7a7a7; text-decoration: none; font-weight: normal !important; border: none; display: inline-block;\"  target=\"_blank\" rel=\"noopener\" target=\"_blank\">Embed from Getty Images<\/a><script>window.gie=window.gie||function(c){(gie.q=gie.q||[]).push(c)};gie(function(){gie.widgets.load({id:'t1rfv6teS_tSZhc4L78opA',sig:'o6RKNXjmMMFdEawCFDiEvwoUA44mQ4ycEobswBPS2FU=',w:'594px',h:'389px',items:'1166694329,1166707242,1166696951',caption: true ,tld:'es',is360: false })});<\/script><script src='\/\/embed-cdn.gettyimages.com\/widgets.js' charset='utf-8' async><\/script><\/p>\n<h5><\/h5>\n<h5><em>*IMAGEN: Getty Images\u00a0<\/em><\/h5>\n","protected":false},"author":11641,"featured_media":69128,"template":"","format":"standard","categories":[4],"acf":[],"yoast_head":"<!-- This site is optimized with the Yoast SEO Premium plugin v18.5 (Yoast SEO v20.4) - https:\/\/yoast.com\/wordpress\/plugins\/seo\/ -->\n<title>Todos deben tener unos shorts de cuero en su cl\u00f3set | Grazia M\u00e9xico y Latinoam\u00e9rica<\/title>\n<meta name=\"description\" content=\"Los shorts de cuero est\u00e1n apoder\u00e1ndose de Copenhagen Fashion Week y por eso es la mejor inversi\u00f3n para el entretiempo y oto\u00f1o\/invierno.\" \/>\n<meta name=\"robots\" content=\"index, follow, max-snippet:-1, max-image-preview:large, max-video-preview:-1\" \/>\n<link rel=\"canonical\" href=\"https:\/\/graziamagazine.com\/mx\/articles\/todos-deben-tener-unos-shorts-de-cuero-en-su-close\/\" \/>\n<meta property=\"og:locale\" content=\"es_MX\" \/>\n<meta property=\"og:type\" content=\"article\" \/>\n<meta property=\"og:title\" content=\"Todos deben tener unos shorts de cuero en su cl\u00f3set\" \/>\n<meta property=\"og:description\" content=\"Los shorts de cuero est\u00e1n apoder\u00e1ndose de Copenhagen Fashion Week y por eso es la mejor inversi\u00f3n para el entretiempo y oto\u00f1o\/invierno.\" \/>\n<meta property=\"og:url\" content=\"https:\/\/graziamagazine.com\/mx\/articles\/todos-deben-tener-unos-shorts-de-cuero-en-su-close\/\" \/>\n<meta property=\"og:site_name\" content=\"Grazia M\u00e9xico y Latinoam\u00e9rica\" \/>\n<meta property=\"article:modified_time\" content=\"2019-08-10T17:47:15+00:00\" \/>\n<meta property=\"og:image\" content=\"https:\/\/graziamagazine.com\/mx\/wp-content\/uploads\/sites\/13\/2019\/08\/todos-deben-tener-unos-shorts-de-cuero-en-su-close-destacada.jpg?fit=2835%2C1864\" \/>\n\t<meta property=\"og:image:width\" content=\"2835\" \/>\n\t<meta property=\"og:image:height\" content=\"1864\" \/>\n\t<meta property=\"og:image:type\" content=\"image\/jpeg\" \/>\n<meta name=\"twitter:card\" content=\"summary_large_image\" \/>\n<meta name=\"twitter:label1\" content=\"Est. reading time\" \/>\n\t<meta name=\"twitter:data1\" content=\"2 minutos\" \/>\n<script type=\"application\/ld+json\" class=\"yoast-schema-graph\">{\"@context\":\"https:\/\/schema.org\",\"@graph\":[{\"@type\":\"WebPage\",\"@id\":\"https:\/\/graziamagazine.com\/mx\/articles\/todos-deben-tener-unos-shorts-de-cuero-en-su-close\/\",\"url\":\"https:\/\/graziamagazine.com\/mx\/articles\/todos-deben-tener-unos-shorts-de-cuero-en-su-close\/\",\"name\":\"Todos deben tener unos shorts de cuero en su cl\u00f3set | Grazia M\u00e9xico y Latinoam\u00e9rica\",\"isPartOf\":{\"@id\":\"https:\/\/graziamagazine.com\/mx\/#website\"},\"datePublished\":\"2019-08-09T18:57:22+00:00\",\"dateModified\":\"2019-08-10T17:47:15+00:00\",\"description\":\"Los shorts de cuero est\u00e1n apoder\u00e1ndose de Copenhagen Fashion Week y por eso es la mejor inversi\u00f3n para el entretiempo y oto\u00f1o\/invierno.\",\"breadcrumb\":{\"@id\":\"https:\/\/graziamagazine.com\/mx\/articles\/todos-deben-tener-unos-shorts-de-cuero-en-su-close\/#breadcrumb\"},\"inLanguage\":\"es-MX\",\"potentialAction\":[{\"@type\":\"ReadAction\",\"target\":[\"https:\/\/graziamagazine.com\/mx\/articles\/todos-deben-tener-unos-shorts-de-cuero-en-su-close\/\"]}]},{\"@type\":\"BreadcrumbList\",\"@id\":\"https:\/\/graziamagazine.com\/mx\/articles\/todos-deben-tener-unos-shorts-de-cuero-en-su-close\/#breadcrumb\",\"itemListElement\":[{\"@type\":\"ListItem\",\"position\":1,\"name\":\"Home\",\"item\":\"https:\/\/graziamagazine.com\/mx\/\"},{\"@type\":\"ListItem\",\"position\":2,\"name\":\"Todos deben tener unos shorts de cuero en su cl\u00f3set\"}]},{\"@type\":\"WebSite\",\"@id\":\"https:\/\/graziamagazine.com\/mx\/#website\",\"url\":\"https:\/\/graziamagazine.com\/mx\/\",\"name\":\"Grazia M\u00e9xico y Latinoam\u00e9rica\",\"description\":\"Grazia es moda, belleza y noticias  de actualidad \",\"potentialAction\":[{\"@type\":\"SearchAction\",\"target\":{\"@type\":\"EntryPoint\",\"urlTemplate\":\"https:\/\/graziamagazine.com\/mx\/?s={search_term_string}\"},\"query-input\":\"required name=search_term_string\"}],\"inLanguage\":\"es-MX\"}]}<\/script>\n<!-- \/ Yoast SEO Premium plugin. -->","yoast_head_json":{"title":"Todos deben tener unos shorts de cuero en su cl\u00f3set | Grazia M\u00e9xico y Latinoam\u00e9rica","description":"Los shorts de cuero est\u00e1n apoder\u00e1ndose de Copenhagen Fashion Week y por eso es la mejor inversi\u00f3n para el entretiempo y oto\u00f1o\/invierno.","robots":{"index":"index","follow":"follow","max-snippet":"max-snippet:-1","max-image-preview":"max-image-preview:large","max-video-preview":"max-video-preview:-1"},"canonical":"https:\/\/graziamagazine.com\/mx\/articles\/todos-deben-tener-unos-shorts-de-cuero-en-su-close\/","og_locale":"es_MX","og_type":"article","og_title":"Todos deben tener unos shorts de cuero en su cl\u00f3set","og_description":"Los shorts de cuero est\u00e1n apoder\u00e1ndose de Copenhagen Fashion Week y por eso es la mejor inversi\u00f3n para el entretiempo y oto\u00f1o\/invierno.","og_url":"https:\/\/graziamagazine.com\/mx\/articles\/todos-deben-tener-unos-shorts-de-cuero-en-su-close\/","og_site_name":"Grazia M\u00e9xico y Latinoam\u00e9rica","article_modified_time":"2019-08-10T17:47:15+00:00","og_image":[{"width":2835,"height":1864,"url":"https:\/\/graziamagazine.com\/mx\/wp-content\/uploads\/sites\/13\/2019\/08\/todos-deben-tener-unos-shorts-de-cuero-en-su-close-destacada.jpg?fit=2835%2C1864","type":"image\/jpeg"}],"twitter_card":"summary_large_image","twitter_misc":{"Est. reading time":"2 minutos"},"schema":{"@context":"https:\/\/schema.org","@graph":[{"@type":"WebPage","@id":"https:\/\/graziamagazine.com\/mx\/articles\/todos-deben-tener-unos-shorts-de-cuero-en-su-close\/","url":"https:\/\/graziamagazine.com\/mx\/articles\/todos-deben-tener-unos-shorts-de-cuero-en-su-close\/","name":"Todos deben tener unos shorts de cuero en su cl\u00f3set | Grazia M\u00e9xico y Latinoam\u00e9rica","isPartOf":{"@id":"https:\/\/graziamagazine.com\/mx\/#website"},"datePublished":"2019-08-09T18:57:22+00:00","dateModified":"2019-08-10T17:47:15+00:00","description":"Los shorts de cuero est\u00e1n apoder\u00e1ndose de Copenhagen Fashion Week y por eso es la mejor inversi\u00f3n para el entretiempo y oto\u00f1o\/invierno.","breadcrumb":{"@id":"https:\/\/graziamagazine.com\/mx\/articles\/todos-deben-tener-unos-shorts-de-cuero-en-su-close\/#breadcrumb"},"inLanguage":"es-MX","potentialAction":[{"@type":"ReadAction","target":["https:\/\/graziamagazine.com\/mx\/articles\/todos-deben-tener-unos-shorts-de-cuero-en-su-close\/"]}]},{"@type":"BreadcrumbList","@id":"https:\/\/graziamagazine.com\/mx\/articles\/todos-deben-tener-unos-shorts-de-cuero-en-su-close\/#breadcrumb","itemListElement":[{"@type":"ListItem","position":1,"name":"Home","item":"https:\/\/graziamagazine.com\/mx\/"},{"@type":"ListItem","position":2,"name":"Todos deben tener unos shorts de cuero en su cl\u00f3set"}]},{"@type":"WebSite","@id":"https:\/\/graziamagazine.com\/mx\/#website","url":"https:\/\/graziamagazine.com\/mx\/","name":"Grazia M\u00e9xico y Latinoam\u00e9rica","description":"Grazia es moda, belleza y noticias  de actualidad ","potentialAction":[{"@type":"SearchAction","target":{"@type":"EntryPoint","urlTemplate":"https:\/\/graziamagazine.com\/mx\/?s={search_term_string}"},"query-input":"required name=search_term_string"}],"inLanguage":"es-MX"}]}},"jetpack_sharing_enabled":true,"distributor_meta":false,"distributor_terms":false,"distributor_media":false,"distributor_original_site_name":"Grazia M\u00e9xico y Latinoam\u00e9rica","distributor_original_site_url":"https:\/\/graziamagazine.com\/mx","push-errors":false,"_links":{"self":[{"href":"https:\/\/graziamagazine.com\/mx\/wp-json\/wp\/v2\/articles\/69035"}],"collection":[{"href":"https:\/\/graziamagazine.com\/mx\/wp-json\/wp\/v2\/articles"}],"about":[{"href":"https:\/\/graziamagazine.com\/mx\/wp-json\/wp\/v2\/types\/articles"}],"author":[{"embeddable":true,"href":"https:\/\/graziamagazine.com\/mx\/wp-json\/wp\/v2\/users\/11641"}],"wp:featuredmedia":[{"embeddable":true,"href":"https:\/\/graziamagazine.com\/mx\/wp-json\/wp\/v2\/media\/69128"}],"wp:attachment":[{"href":"https:\/\/graziamagazine.com\/mx\/wp-json\/wp\/v2\/media?parent=69035"}],"wp:term":[{"taxonomy":"category","embeddable":true,"href":"https:\/\/graziamagazine.com\/mx\/wp-json\/wp\/v2\/categories?post=69035"}],"curies":[{"name":"wp","href":"https:\/\/api.w.org\/{rel}","templated":true}]}}