{"id":68943,"date":"2019-08-07T18:22:44","date_gmt":"2019-08-07T23:22:44","guid":{"rendered":"https:\/\/graziamagazine.com\/mx\/?p=68943"},"modified":"2019-08-08T10:36:28","modified_gmt":"2019-08-08T15:36:28","slug":"f-is-for-fendi-colabora-con-mr-doodle-aka-sam-cox","status":"publish","type":"articles","link":"https:\/\/graziamagazine.com\/mx\/articles\/f-is-for-fendi-colabora-con-mr-doodle-aka-sam-cox\/","title":{"rendered":"F is for&#8230; Fendi colabora con Mr. Doodle, aka Sam Cox"},"content":{"rendered":"<p><b>F is for\u2026 Fendi <\/b>conquist\u00f3 la vista a\u00e9rea de Roma con una nueva colaboraci\u00f3n. Se trata de la mancuerna que la firma italiana hizo con el reconocido artista ingl\u00e9s, <b>Mr. Doodle<\/b>, <i>aka<\/i> <b>Sam Cox<\/b>.<\/p>\n<p>Siguiendo el mismo esquema que impuso la casa junto a los creativos <a href=\"https:\/\/graziamagazine.com\/mx\/f-is-for-fendi\/\" target=\"_blank\" rel=\"noopener\">Pokras Lampas<\/a>, y el otro colectivo que hizo posible<i> GraFFiti<\/i>, Mr. Doodle cre\u00f3 una obra de arte para brillar desde lo m\u00e1s alto, literalmente.<\/p>\n<p>En el <em>rooftop<\/em>\u00a0de las oficinas centrales de Fendi, el artista trabaj\u00f3 durante dos d\u00edas completos para fusionar su est\u00e9tica con la de la casa. Siendo el Palazzo Della Civilt\u00e0 Italiana su lienzo, Mr. Doodle no escatim\u00f3 en darle una cara fresca al edificio de estilo contempor\u00e1neo. Entre sus caracter\u00edsticos garabatos, agreg\u00f3 los emblemas de la firma: el nombre, la ciudad en donde fue fundada y el logo <i>fun fur<\/i>.<\/p>\n<p><img decoding=\"async\" class=\"alignnone size-large wp-image-69002\" src=\"https:\/\/graziamagazine.com\/mx\/wp-content\/uploads\/sites\/13\/2019\/08\/f-is-for-fendi-colabora-con-mr-doodle-aka-sam-cox-1-700x482.jpg\" alt=\"F is for... Fendi colabora con Mr. Doodle, aka Sam Cox\" \/><\/p>\n<p>Si examinamos la obra de cerca, el dise\u00f1o est\u00e1 conectado entre s\u00ed, simulando un infinito de creatividad. Adem\u00e1s, el <i>making-of<\/i> cruza la visi\u00f3n del artista ingl\u00e9s con la de Caterina, una costurera de la firma que est\u00e1 bordando una prenda con los motivos de Cox. Es ah\u00ed donde las historias se entrelazan y conviven a trav\u00e9s del arte y el <i>savoir faire<\/i> \u2014valores que F is for\u2026 Fendi remarca constantemente.<\/p>\n<p>Y como la gran colaboraci\u00f3n no pod\u00eda terminar solo con una intervenci\u00f3n majestuosa, Mr. Doodle le agreg\u00f3 su toque personal a un <i>Peekaboo<\/i>. El bolso encapsula el universo fant\u00e1stico de Cox, <i>DoodleLand<\/i>, resaltado en trazos negros sobre fondo blanco y contrastando con toques amarillos. Es as\u00ed como pasa a los archivos de Fendi una de las colaboraciones m\u00e1s divertidas del momento.<\/p>\n<blockquote class=\"instagram-media\" style=\"background: #FFF; border: 0; border-radius: 3px; box-shadow: 0 0 1px 0 rgba(0,0,0,0.5),0 1px 10px 0 rgba(0,0,0,0.15); margin: 1px; max-width: 540px; min-width: 326px; padding: 0; width: calc(100% - 2px);\" data-instgrm-permalink=\"https:\/\/www.instagram.com\/p\/B058Eb2HFdt\/\" data-instgrm-version=\"12\">\n<div style=\"padding: 16px;\">\n<p>&nbsp;<\/p>\n<div style=\"display: flex; flex-direction: row; align-items: center;\">\n<div style=\"background-color: #f4f4f4; border-radius: 50%; flex-grow: 0; height: 40px; margin-right: 14px; width: 40px;\"><\/div>\n<div style=\"display: flex; flex-direction: column; flex-grow: 1; justify-content: center;\">\n<div style=\"background-color: #f4f4f4; border-radius: 4px; flex-grow: 0; height: 14px; margin-bottom: 6px; width: 100px;\"><\/div>\n<div style=\"background-color: #f4f4f4; border-radius: 4px; flex-grow: 0; height: 14px; width: 60px;\"><\/div>\n<\/div>\n<\/div>\n<div style=\"padding: 19% 0;\"><\/div>\n<div style=\"display: block; height: 50px; margin: 0 auto 12px; width: 50px;\"><\/div>\n<div style=\"padding-top: 8px;\">\n<div style=\"color: #3897f0; font-family: Arial,sans-serif; font-size: 14px; font-style: normal; font-weight: 550; line-height: 18px;\">View this post on Instagram<\/div>\n<\/div>\n<div style=\"padding: 12.5% 0;\"><\/div>\n<div style=\"display: flex; flex-direction: row; margin-bottom: 14px; align-items: center;\">\n<div>\n<div style=\"background-color: #f4f4f4; border-radius: 50%; height: 12.5px; width: 12.5px; transform: translateX(0px) translateY(7px);\"><\/div>\n<div style=\"background-color: #f4f4f4; height: 12.5px; transform: rotate(-45deg) translateX(3px) translateY(1px); width: 12.5px; flex-grow: 0; margin-right: 14px; margin-left: 2px;\"><\/div>\n<div style=\"background-color: #f4f4f4; border-radius: 50%; height: 12.5px; width: 12.5px; transform: translateX(9px) translateY(-18px);\"><\/div>\n<\/div>\n<div style=\"margin-left: 8px;\">\n<div style=\"background-color: #f4f4f4; border-radius: 50%; flex-grow: 0; height: 20px; width: 20px;\"><\/div>\n<div style=\"width: 0; height: 0; border-top: 2px solid transparent; border-left: 6px solid #f4f4f4; border-bottom: 2px solid transparent; transform: translateX(16px) translateY(-4px) rotate(30deg);\"><\/div>\n<\/div>\n<div style=\"margin-left: auto;\">\n<div style=\"width: 0px; border-top: 8px solid #F4F4F4; border-right: 8px solid transparent; transform: translateY(16px);\"><\/div>\n<div style=\"background-color: #f4f4f4; flex-grow: 0; height: 12px; width: 16px; transform: translateY(-4px);\"><\/div>\n<div style=\"width: 0; height: 0; border-top: 8px solid #F4F4F4; border-left: 8px solid transparent; transform: translateY(-4px) translateX(8px);\"><\/div>\n<\/div>\n<\/div>\n<div style=\"display: flex; flex-direction: column; flex-grow: 1; justify-content: center; margin-bottom: 24px;\">\n<div style=\"background-color: #f4f4f4; border-radius: 4px; flex-grow: 0; height: 14px; margin-bottom: 6px; width: 224px;\"><\/div>\n<div style=\"background-color: #f4f4f4; border-radius: 4px; flex-grow: 0; height: 14px; width: 144px;\"><\/div>\n<\/div>\n<p>&nbsp;<\/p>\n<p style=\"color: #c9c8cd; font-family: Arial,sans-serif; font-size: 14px; line-height: 17px; margin-bottom: 0; margin-top: 8px; overflow: hidden; padding: 8px 0 7px; text-align: center; text-overflow: ellipsis; white-space: nowrap;\"><a href=\"https:\/\/www.instagram.com\/p\/B058Eb2HFdt\/\"style=\"color: #c9c8cd; font-family: Arial,sans-serif; font-size: 14px; font-style: normal; font-weight: normal; line-height: 17px; text-decoration: none;\"  target=\"_blank\" rel=\"noopener\" target=\"_blank\">A post shared by Fendi (@fendi)<\/a> on <time style=\"font-family: Arial,sans-serif; font-size: 14px; line-height: 17px;\" datetime=\"2019-08-08T14:00:21+00:00\">Aug 8, 2019 at 7:00am PDT<\/time><\/p>\n<\/div>\n<\/blockquote>\n<p><script async src=\"\/\/www.instagram.com\/embed.js\"><\/script><\/p>\n<h5><\/h5>\n<h5><em>*IM\u00c1GENES: Cortes\u00eda de Fendi<\/em><\/h5>\n","protected":false},"author":11641,"featured_media":69001,"template":"","format":"standard","categories":[4],"acf":[],"yoast_head":"<!-- This site is optimized with the Yoast SEO Premium plugin v18.5 (Yoast SEO v20.4) - https:\/\/yoast.com\/wordpress\/plugins\/seo\/ -->\n<title>F is for... Fendi colabora con Mr. Doodle, aka Sam Cox | Grazia M\u00e9xico y Latinoam\u00e9rica<\/title>\n<meta name=\"description\" content=\"Fendi colabora con Mr. Doodle para apoderarse de la vista a\u00e9rea de Roma y un bolso Peekaboo con el DoodleLand del artista ingl\u00e9s.\" \/>\n<meta name=\"robots\" content=\"index, follow, max-snippet:-1, max-image-preview:large, max-video-preview:-1\" \/>\n<link rel=\"canonical\" href=\"https:\/\/graziamagazine.com\/mx\/articles\/f-is-for-fendi-colabora-con-mr-doodle-aka-sam-cox\/\" \/>\n<meta property=\"og:locale\" content=\"es_MX\" \/>\n<meta property=\"og:type\" content=\"article\" \/>\n<meta property=\"og:title\" content=\"F is for... Fendi colabora con Mr. Doodle, aka Sam Cox\" \/>\n<meta property=\"og:description\" content=\"Fendi colabora con Mr. Doodle para apoderarse de la vista a\u00e9rea de Roma y un bolso Peekaboo con el DoodleLand del artista ingl\u00e9s.\" \/>\n<meta property=\"og:url\" content=\"https:\/\/graziamagazine.com\/mx\/articles\/f-is-for-fendi-colabora-con-mr-doodle-aka-sam-cox\/\" \/>\n<meta property=\"og:site_name\" content=\"Grazia M\u00e9xico y Latinoam\u00e9rica\" \/>\n<meta property=\"article:modified_time\" content=\"2019-08-08T15:36:28+00:00\" \/>\n<meta property=\"og:image\" content=\"https:\/\/graziamagazine.com\/mx\/wp-content\/uploads\/sites\/13\/2019\/08\/f-is-for-fendi-colabora-con-mr-doodle-aka-sam-cox-destacada.jpg?fit=2362%2C1577\" \/>\n\t<meta property=\"og:image:width\" content=\"2362\" \/>\n\t<meta property=\"og:image:height\" content=\"1577\" \/>\n\t<meta property=\"og:image:type\" content=\"image\/jpeg\" \/>\n<meta name=\"twitter:card\" content=\"summary_large_image\" \/>\n<meta name=\"twitter:label1\" content=\"Est. reading time\" \/>\n\t<meta name=\"twitter:data1\" content=\"2 minutos\" \/>\n<script type=\"application\/ld+json\" class=\"yoast-schema-graph\">{\"@context\":\"https:\/\/schema.org\",\"@graph\":[{\"@type\":\"WebPage\",\"@id\":\"https:\/\/graziamagazine.com\/mx\/articles\/f-is-for-fendi-colabora-con-mr-doodle-aka-sam-cox\/\",\"url\":\"https:\/\/graziamagazine.com\/mx\/articles\/f-is-for-fendi-colabora-con-mr-doodle-aka-sam-cox\/\",\"name\":\"F is for... Fendi colabora con Mr. Doodle, aka Sam Cox | Grazia M\u00e9xico y Latinoam\u00e9rica\",\"isPartOf\":{\"@id\":\"https:\/\/graziamagazine.com\/mx\/#website\"},\"datePublished\":\"2019-08-07T23:22:44+00:00\",\"dateModified\":\"2019-08-08T15:36:28+00:00\",\"description\":\"Fendi colabora con Mr. Doodle para apoderarse de la vista a\u00e9rea de Roma y un bolso Peekaboo con el DoodleLand del artista ingl\u00e9s.\",\"breadcrumb\":{\"@id\":\"https:\/\/graziamagazine.com\/mx\/articles\/f-is-for-fendi-colabora-con-mr-doodle-aka-sam-cox\/#breadcrumb\"},\"inLanguage\":\"es-MX\",\"potentialAction\":[{\"@type\":\"ReadAction\",\"target\":[\"https:\/\/graziamagazine.com\/mx\/articles\/f-is-for-fendi-colabora-con-mr-doodle-aka-sam-cox\/\"]}]},{\"@type\":\"BreadcrumbList\",\"@id\":\"https:\/\/graziamagazine.com\/mx\/articles\/f-is-for-fendi-colabora-con-mr-doodle-aka-sam-cox\/#breadcrumb\",\"itemListElement\":[{\"@type\":\"ListItem\",\"position\":1,\"name\":\"Home\",\"item\":\"https:\/\/graziamagazine.com\/mx\/\"},{\"@type\":\"ListItem\",\"position\":2,\"name\":\"F is for&#8230; Fendi colabora con Mr. Doodle, aka Sam Cox\"}]},{\"@type\":\"WebSite\",\"@id\":\"https:\/\/graziamagazine.com\/mx\/#website\",\"url\":\"https:\/\/graziamagazine.com\/mx\/\",\"name\":\"Grazia M\u00e9xico y Latinoam\u00e9rica\",\"description\":\"Grazia es moda, belleza y noticias  de actualidad \",\"potentialAction\":[{\"@type\":\"SearchAction\",\"target\":{\"@type\":\"EntryPoint\",\"urlTemplate\":\"https:\/\/graziamagazine.com\/mx\/?s={search_term_string}\"},\"query-input\":\"required name=search_term_string\"}],\"inLanguage\":\"es-MX\"}]}<\/script>\n<!-- \/ Yoast SEO Premium plugin. -->","yoast_head_json":{"title":"F is for... Fendi colabora con Mr. Doodle, aka Sam Cox | Grazia M\u00e9xico y Latinoam\u00e9rica","description":"Fendi colabora con Mr. Doodle para apoderarse de la vista a\u00e9rea de Roma y un bolso Peekaboo con el DoodleLand del artista ingl\u00e9s.","robots":{"index":"index","follow":"follow","max-snippet":"max-snippet:-1","max-image-preview":"max-image-preview:large","max-video-preview":"max-video-preview:-1"},"canonical":"https:\/\/graziamagazine.com\/mx\/articles\/f-is-for-fendi-colabora-con-mr-doodle-aka-sam-cox\/","og_locale":"es_MX","og_type":"article","og_title":"F is for... Fendi colabora con Mr. Doodle, aka Sam Cox","og_description":"Fendi colabora con Mr. Doodle para apoderarse de la vista a\u00e9rea de Roma y un bolso Peekaboo con el DoodleLand del artista ingl\u00e9s.","og_url":"https:\/\/graziamagazine.com\/mx\/articles\/f-is-for-fendi-colabora-con-mr-doodle-aka-sam-cox\/","og_site_name":"Grazia M\u00e9xico y Latinoam\u00e9rica","article_modified_time":"2019-08-08T15:36:28+00:00","og_image":[{"width":2362,"height":1577,"url":"https:\/\/graziamagazine.com\/mx\/wp-content\/uploads\/sites\/13\/2019\/08\/f-is-for-fendi-colabora-con-mr-doodle-aka-sam-cox-destacada.jpg?fit=2362%2C1577","type":"image\/jpeg"}],"twitter_card":"summary_large_image","twitter_misc":{"Est. reading time":"2 minutos"},"schema":{"@context":"https:\/\/schema.org","@graph":[{"@type":"WebPage","@id":"https:\/\/graziamagazine.com\/mx\/articles\/f-is-for-fendi-colabora-con-mr-doodle-aka-sam-cox\/","url":"https:\/\/graziamagazine.com\/mx\/articles\/f-is-for-fendi-colabora-con-mr-doodle-aka-sam-cox\/","name":"F is for... Fendi colabora con Mr. Doodle, aka Sam Cox | Grazia M\u00e9xico y Latinoam\u00e9rica","isPartOf":{"@id":"https:\/\/graziamagazine.com\/mx\/#website"},"datePublished":"2019-08-07T23:22:44+00:00","dateModified":"2019-08-08T15:36:28+00:00","description":"Fendi colabora con Mr. Doodle para apoderarse de la vista a\u00e9rea de Roma y un bolso Peekaboo con el DoodleLand del artista ingl\u00e9s.","breadcrumb":{"@id":"https:\/\/graziamagazine.com\/mx\/articles\/f-is-for-fendi-colabora-con-mr-doodle-aka-sam-cox\/#breadcrumb"},"inLanguage":"es-MX","potentialAction":[{"@type":"ReadAction","target":["https:\/\/graziamagazine.com\/mx\/articles\/f-is-for-fendi-colabora-con-mr-doodle-aka-sam-cox\/"]}]},{"@type":"BreadcrumbList","@id":"https:\/\/graziamagazine.com\/mx\/articles\/f-is-for-fendi-colabora-con-mr-doodle-aka-sam-cox\/#breadcrumb","itemListElement":[{"@type":"ListItem","position":1,"name":"Home","item":"https:\/\/graziamagazine.com\/mx\/"},{"@type":"ListItem","position":2,"name":"F is for&#8230; Fendi colabora con Mr. Doodle, aka Sam Cox"}]},{"@type":"WebSite","@id":"https:\/\/graziamagazine.com\/mx\/#website","url":"https:\/\/graziamagazine.com\/mx\/","name":"Grazia M\u00e9xico y Latinoam\u00e9rica","description":"Grazia es moda, belleza y noticias  de actualidad ","potentialAction":[{"@type":"SearchAction","target":{"@type":"EntryPoint","urlTemplate":"https:\/\/graziamagazine.com\/mx\/?s={search_term_string}"},"query-input":"required name=search_term_string"}],"inLanguage":"es-MX"}]}},"jetpack_sharing_enabled":true,"distributor_meta":false,"distributor_terms":false,"distributor_media":false,"distributor_original_site_name":"Grazia M\u00e9xico y Latinoam\u00e9rica","distributor_original_site_url":"https:\/\/graziamagazine.com\/mx","push-errors":false,"_links":{"self":[{"href":"https:\/\/graziamagazine.com\/mx\/wp-json\/wp\/v2\/articles\/68943"}],"collection":[{"href":"https:\/\/graziamagazine.com\/mx\/wp-json\/wp\/v2\/articles"}],"about":[{"href":"https:\/\/graziamagazine.com\/mx\/wp-json\/wp\/v2\/types\/articles"}],"author":[{"embeddable":true,"href":"https:\/\/graziamagazine.com\/mx\/wp-json\/wp\/v2\/users\/11641"}],"wp:featuredmedia":[{"embeddable":true,"href":"https:\/\/graziamagazine.com\/mx\/wp-json\/wp\/v2\/media\/69001"}],"wp:attachment":[{"href":"https:\/\/graziamagazine.com\/mx\/wp-json\/wp\/v2\/media?parent=68943"}],"wp:term":[{"taxonomy":"category","embeddable":true,"href":"https:\/\/graziamagazine.com\/mx\/wp-json\/wp\/v2\/categories?post=68943"}],"curies":[{"name":"wp","href":"https:\/\/api.w.org\/{rel}","templated":true}]}}