{"id":68287,"date":"2019-07-29T18:24:31","date_gmt":"2019-07-29T23:24:31","guid":{"rendered":"https:\/\/graziamagazine.com\/mx\/?p=68287"},"modified":"2020-05-20T19:59:44","modified_gmt":"2020-05-21T00:59:44","slug":"domina-el-arte-de-llevar-un-blazer-con-jeans","status":"publish","type":"articles","link":"https:\/\/graziamagazine.com\/mx\/articles\/domina-el-arte-de-llevar-un-blazer-con-jeans\/","title":{"rendered":"Domina el arte de llevar un blazer con jeans"},"content":{"rendered":"<p>El <i>look<\/i> trascendental del siglo XXI est\u00e1 conformado por un <b><i>blazer<\/i><\/b> y un par de <i>jeans<\/i>. Cuando est\u00e9s en duda sobre qu\u00e9 llevar al trabajo o a una salida de fin de semana casual, y no tengas ganas de poner tu mente a volar, estos dos imprescindibles te sacar\u00e1n del apuro siempre. Pero aunque suene completamente sencilla la combinaci\u00f3n, la realidad es que todo lleva su truco y el <i>street style<\/i> nos ha puesto la pauta.<\/p>\n<p>La composici\u00f3n por excelencia es la que incluye una <i>T-shirt<\/i>. Puede ser del color que quieras e incluso estampada \u2014eso s\u00ed, el motivo debe estar al frente. Un par de <i>mom jeans<\/i> a juego de una camiseta fajada son perfectos para lograr un <i>effortless look<\/i>.<\/p>\n<p><img decoding=\"async\" class=\"alignnone size-large wp-image-68324\" src=\"https:\/\/graziamagazine.com\/mx\/wp-content\/uploads\/sites\/13\/2019\/07\/domina-el-arte-de-llevar-un-blazer-con-jeans-1-700x1050.jpg\" alt=\"\" \/><\/p>\n<p>&nbsp;<\/p>\n<p>Para resaltar un <i>blazer<\/i> a cuadros, comb\u00ednalo con una <i>T-shirt<\/i> blanca. Un par de\u00a0<em>wide leg<\/em> <i>jeans<\/i>\u00a0le dar\u00e1 volumen a tu <i>look<\/i> sin necesidad de agregar otro detalle. En cuanto a los accesorios, los <i>layered necklaces<\/i> son un toque <i>chic<\/i> y actual.<\/p>\n<p><img decoding=\"async\" class=\"alignnone size-large wp-image-68325\" src=\"https:\/\/graziamagazine.com\/mx\/wp-content\/uploads\/sites\/13\/2019\/07\/domina-el-arte-de-llevar-un-blazer-con-jeans-2-700x1050.jpg\" alt=\"\" \/><\/p>\n<p>&nbsp;<\/p>\n<p>Si tu <i>outfit<\/i> es monocrom\u00e1tico \u2014blanco o negro\u2014, la forma de agregar una prenda contraste es con un <i>blazer<\/i> al estilo de <b>Kaia Gerber<\/b>. Los tenis cl\u00e1sicos le dar\u00e1n un <i>upgrade<\/i> inesperado y versatilidad a tu <i>look<\/i>.<\/p>\n<p><img decoding=\"async\" class=\"alignnone size-large wp-image-68326\" src=\"https:\/\/graziamagazine.com\/mx\/wp-content\/uploads\/sites\/13\/2019\/07\/domina-el-arte-de-llevar-un-blazer-con-jeans-3-700x1050.jpg\" alt=\"\" \/><\/p>\n<p>&nbsp;<\/p>\n<p>Un <i>blazer<\/i> a rayas siempre ser\u00e1 tu aliado y el truco de estilismo est\u00e1 en remangarlo. Ll\u00e9valo con unos <i>jeans<\/i> al largo de tus tobillos, <i>bralette<\/i> y eleva tu <i>outfit<\/i> con un bolso cl\u00e1sico.<\/p>\n<p><img decoding=\"async\" class=\"alignnone size-large wp-image-68327\" src=\"https:\/\/graziamagazine.com\/mx\/wp-content\/uploads\/sites\/13\/2019\/07\/domina-el-arte-de-llevar-un-blazer-con-jeans-4-700x1050.jpg\" alt=\"\" \/><\/p>\n<p>&nbsp;<\/p>\n<p>Durante el verano lo que pedimos a gritos es frescura, as\u00ed que combina un par de <a href=\"https:\/\/graziamagazine.com\/mx\/los-cycling-shorts-son-lo-de-hoy-porque-kim-kardashian-no-deja-usarlos\/\" target=\"_blank\" rel=\"noopener\"><i>cycling shorts<\/i><\/a> en <i>denim<\/i> con tu <i>blazer<\/i>. Si tu personalidad es extravagante, entonces seguro querr\u00e1s emular el <i>look<\/i> de <b>Linda Tol<\/b> \u2014el <i>cropped blazer<\/i> y el detalle a un lado crean un juego inesperado de volumen y capas. Ahora que si eres m\u00e1s cl\u00e1sica, opta por un <i>blazer<\/i> cl\u00e1sico en tono liso. Ambos atuendos quedan perfectos con sandalias altas, <em>loafers<\/em> o\u00a0<em>mules<\/em>.<\/p>\n<p><img decoding=\"async\" class=\"alignnone size-large wp-image-68328\" src=\"https:\/\/graziamagazine.com\/mx\/wp-content\/uploads\/sites\/13\/2019\/07\/domina-el-arte-de-llevar-un-blazer-con-jeans-5-700x1032.jpg\" alt=\"\" \/><\/p>\n<p><img decoding=\"async\" class=\"alignnone size-large wp-image-68329\" src=\"https:\/\/graziamagazine.com\/mx\/wp-content\/uploads\/sites\/13\/2019\/07\/domina-el-arte-de-llevar-un-blazer-con-jeans-6-700x1050.jpg\" alt=\"\" \/><\/p>\n<h5><\/h5>\n<p>&nbsp;<\/p>\n<h5><em>*IM\u00c1GENES: Getty Images<\/em><\/h5>\n","protected":false},"author":11641,"featured_media":68333,"template":"","format":"standard","categories":[4],"acf":[],"yoast_head":"<!-- This site is optimized with the Yoast SEO Premium plugin v18.5 (Yoast SEO v20.4) - https:\/\/yoast.com\/wordpress\/plugins\/seo\/ -->\n<title>Domina el arte de llevar un blazer con jeans | Grazia M\u00e9xico y Latinoam\u00e9rica<\/title>\n<meta name=\"description\" content=\"Cuando no quieras volar tu imaginaci\u00f3n por las ma\u00f1anas, lo mejor que puedes hacer es optar por un blazer y unos jeans. Pero llevarlos tiene su truco\u2026\" \/>\n<meta name=\"robots\" content=\"index, follow, max-snippet:-1, max-image-preview:large, max-video-preview:-1\" \/>\n<link rel=\"canonical\" href=\"https:\/\/graziamagazine.com\/mx\/articles\/domina-el-arte-de-llevar-un-blazer-con-jeans\/\" \/>\n<meta property=\"og:locale\" content=\"es_MX\" \/>\n<meta property=\"og:type\" content=\"article\" \/>\n<meta property=\"og:title\" content=\"Domina el arte de llevar un blazer con jeans\" \/>\n<meta property=\"og:description\" content=\"Cuando no quieras volar tu imaginaci\u00f3n por las ma\u00f1anas, lo mejor que puedes hacer es optar por un blazer y unos jeans. Pero llevarlos tiene su truco\u2026\" \/>\n<meta property=\"og:url\" content=\"https:\/\/graziamagazine.com\/mx\/articles\/domina-el-arte-de-llevar-un-blazer-con-jeans\/\" \/>\n<meta property=\"og:site_name\" content=\"Grazia M\u00e9xico y Latinoam\u00e9rica\" \/>\n<meta property=\"article:modified_time\" content=\"2020-05-21T00:59:44+00:00\" \/>\n<meta property=\"og:image\" content=\"https:\/\/graziamagazine.com\/mx\/wp-content\/uploads\/sites\/13\/2019\/07\/domina-el-arte-de-llevar-un-blazer-con-jeans-destacada.jpg?fit=2942%2C1804\" \/>\n\t<meta property=\"og:image:width\" content=\"2942\" \/>\n\t<meta property=\"og:image:height\" content=\"1804\" \/>\n\t<meta property=\"og:image:type\" content=\"image\/jpeg\" \/>\n<meta name=\"twitter:card\" content=\"summary_large_image\" \/>\n<meta name=\"twitter:label1\" content=\"Est. reading time\" \/>\n\t<meta name=\"twitter:data1\" content=\"2 minutos\" \/>\n<script type=\"application\/ld+json\" class=\"yoast-schema-graph\">{\"@context\":\"https:\/\/schema.org\",\"@graph\":[{\"@type\":\"WebPage\",\"@id\":\"https:\/\/graziamagazine.com\/mx\/articles\/domina-el-arte-de-llevar-un-blazer-con-jeans\/\",\"url\":\"https:\/\/graziamagazine.com\/mx\/articles\/domina-el-arte-de-llevar-un-blazer-con-jeans\/\",\"name\":\"Domina el arte de llevar un blazer con jeans | Grazia M\u00e9xico y Latinoam\u00e9rica\",\"isPartOf\":{\"@id\":\"https:\/\/graziamagazine.com\/mx\/#website\"},\"datePublished\":\"2019-07-29T23:24:31+00:00\",\"dateModified\":\"2020-05-21T00:59:44+00:00\",\"description\":\"Cuando no quieras volar tu imaginaci\u00f3n por las ma\u00f1anas, lo mejor que puedes hacer es optar por un blazer y unos jeans. Pero llevarlos tiene su truco\u2026\",\"breadcrumb\":{\"@id\":\"https:\/\/graziamagazine.com\/mx\/articles\/domina-el-arte-de-llevar-un-blazer-con-jeans\/#breadcrumb\"},\"inLanguage\":\"es-MX\",\"potentialAction\":[{\"@type\":\"ReadAction\",\"target\":[\"https:\/\/graziamagazine.com\/mx\/articles\/domina-el-arte-de-llevar-un-blazer-con-jeans\/\"]}]},{\"@type\":\"BreadcrumbList\",\"@id\":\"https:\/\/graziamagazine.com\/mx\/articles\/domina-el-arte-de-llevar-un-blazer-con-jeans\/#breadcrumb\",\"itemListElement\":[{\"@type\":\"ListItem\",\"position\":1,\"name\":\"Home\",\"item\":\"https:\/\/graziamagazine.com\/mx\/\"},{\"@type\":\"ListItem\",\"position\":2,\"name\":\"Domina el arte de llevar un blazer con jeans\"}]},{\"@type\":\"WebSite\",\"@id\":\"https:\/\/graziamagazine.com\/mx\/#website\",\"url\":\"https:\/\/graziamagazine.com\/mx\/\",\"name\":\"Grazia M\u00e9xico y Latinoam\u00e9rica\",\"description\":\"Grazia es moda, belleza y noticias  de actualidad \",\"potentialAction\":[{\"@type\":\"SearchAction\",\"target\":{\"@type\":\"EntryPoint\",\"urlTemplate\":\"https:\/\/graziamagazine.com\/mx\/?s={search_term_string}\"},\"query-input\":\"required name=search_term_string\"}],\"inLanguage\":\"es-MX\"}]}<\/script>\n<!-- \/ Yoast SEO Premium plugin. -->","yoast_head_json":{"title":"Domina el arte de llevar un blazer con jeans | Grazia M\u00e9xico y Latinoam\u00e9rica","description":"Cuando no quieras volar tu imaginaci\u00f3n por las ma\u00f1anas, lo mejor que puedes hacer es optar por un blazer y unos jeans. Pero llevarlos tiene su truco\u2026","robots":{"index":"index","follow":"follow","max-snippet":"max-snippet:-1","max-image-preview":"max-image-preview:large","max-video-preview":"max-video-preview:-1"},"canonical":"https:\/\/graziamagazine.com\/mx\/articles\/domina-el-arte-de-llevar-un-blazer-con-jeans\/","og_locale":"es_MX","og_type":"article","og_title":"Domina el arte de llevar un blazer con jeans","og_description":"Cuando no quieras volar tu imaginaci\u00f3n por las ma\u00f1anas, lo mejor que puedes hacer es optar por un blazer y unos jeans. Pero llevarlos tiene su truco\u2026","og_url":"https:\/\/graziamagazine.com\/mx\/articles\/domina-el-arte-de-llevar-un-blazer-con-jeans\/","og_site_name":"Grazia M\u00e9xico y Latinoam\u00e9rica","article_modified_time":"2020-05-21T00:59:44+00:00","og_image":[{"width":2942,"height":1804,"url":"https:\/\/graziamagazine.com\/mx\/wp-content\/uploads\/sites\/13\/2019\/07\/domina-el-arte-de-llevar-un-blazer-con-jeans-destacada.jpg?fit=2942%2C1804","type":"image\/jpeg"}],"twitter_card":"summary_large_image","twitter_misc":{"Est. reading time":"2 minutos"},"schema":{"@context":"https:\/\/schema.org","@graph":[{"@type":"WebPage","@id":"https:\/\/graziamagazine.com\/mx\/articles\/domina-el-arte-de-llevar-un-blazer-con-jeans\/","url":"https:\/\/graziamagazine.com\/mx\/articles\/domina-el-arte-de-llevar-un-blazer-con-jeans\/","name":"Domina el arte de llevar un blazer con jeans | Grazia M\u00e9xico y Latinoam\u00e9rica","isPartOf":{"@id":"https:\/\/graziamagazine.com\/mx\/#website"},"datePublished":"2019-07-29T23:24:31+00:00","dateModified":"2020-05-21T00:59:44+00:00","description":"Cuando no quieras volar tu imaginaci\u00f3n por las ma\u00f1anas, lo mejor que puedes hacer es optar por un blazer y unos jeans. Pero llevarlos tiene su truco\u2026","breadcrumb":{"@id":"https:\/\/graziamagazine.com\/mx\/articles\/domina-el-arte-de-llevar-un-blazer-con-jeans\/#breadcrumb"},"inLanguage":"es-MX","potentialAction":[{"@type":"ReadAction","target":["https:\/\/graziamagazine.com\/mx\/articles\/domina-el-arte-de-llevar-un-blazer-con-jeans\/"]}]},{"@type":"BreadcrumbList","@id":"https:\/\/graziamagazine.com\/mx\/articles\/domina-el-arte-de-llevar-un-blazer-con-jeans\/#breadcrumb","itemListElement":[{"@type":"ListItem","position":1,"name":"Home","item":"https:\/\/graziamagazine.com\/mx\/"},{"@type":"ListItem","position":2,"name":"Domina el arte de llevar un blazer con jeans"}]},{"@type":"WebSite","@id":"https:\/\/graziamagazine.com\/mx\/#website","url":"https:\/\/graziamagazine.com\/mx\/","name":"Grazia M\u00e9xico y Latinoam\u00e9rica","description":"Grazia es moda, belleza y noticias  de actualidad ","potentialAction":[{"@type":"SearchAction","target":{"@type":"EntryPoint","urlTemplate":"https:\/\/graziamagazine.com\/mx\/?s={search_term_string}"},"query-input":"required name=search_term_string"}],"inLanguage":"es-MX"}]}},"jetpack_sharing_enabled":true,"distributor_meta":false,"distributor_terms":false,"distributor_media":false,"distributor_original_site_name":"Grazia M\u00e9xico y Latinoam\u00e9rica","distributor_original_site_url":"https:\/\/graziamagazine.com\/mx","push-errors":false,"_links":{"self":[{"href":"https:\/\/graziamagazine.com\/mx\/wp-json\/wp\/v2\/articles\/68287"}],"collection":[{"href":"https:\/\/graziamagazine.com\/mx\/wp-json\/wp\/v2\/articles"}],"about":[{"href":"https:\/\/graziamagazine.com\/mx\/wp-json\/wp\/v2\/types\/articles"}],"author":[{"embeddable":true,"href":"https:\/\/graziamagazine.com\/mx\/wp-json\/wp\/v2\/users\/11641"}],"wp:featuredmedia":[{"embeddable":true,"href":"https:\/\/graziamagazine.com\/mx\/wp-json\/wp\/v2\/media\/68333"}],"wp:attachment":[{"href":"https:\/\/graziamagazine.com\/mx\/wp-json\/wp\/v2\/media?parent=68287"}],"wp:term":[{"taxonomy":"category","embeddable":true,"href":"https:\/\/graziamagazine.com\/mx\/wp-json\/wp\/v2\/categories?post=68287"}],"curies":[{"name":"wp","href":"https:\/\/api.w.org\/{rel}","templated":true}]}}