{"id":67288,"date":"2019-07-12T14:05:20","date_gmt":"2019-07-12T19:05:20","guid":{"rendered":"https:\/\/graziamagazine.com\/mx\/?p=67288"},"modified":"2019-07-12T14:05:20","modified_gmt":"2019-07-12T19:05:20","slug":"en-shanghai-tiffany-co-abre-una-exhibicion","status":"publish","type":"articles","link":"https:\/\/graziamagazine.com\/mx\/articles\/en-shanghai-tiffany-co-abre-una-exhibicion\/","title":{"rendered":"En Shangh\u00e1i, Tiffany &#038; Co. abre una exhibici\u00f3n"},"content":{"rendered":"<p>En <b>Shangh\u00e1i<\/b>, <b>Tiffany &amp; Co.<\/b> celebrar\u00e1 su historia y tradici\u00f3n a trav\u00e9s de una exhibici\u00f3n \u00fanica. <b><i>Vision &amp; Virtuosity<\/i><\/b> constata la herencia de la firma con seis salas dedicadas a particulares episodios dentro de su vasta cronolog\u00eda. Los diamantes son indiscutibles protagonistas de la muestra junto con dise\u00f1os que viven en los extensos archivos de la casa joyera \u2014incluyendo el <b><i>Tiffany Yellow Diamond<\/i><\/b> que llev\u00f3 <b>Lady Gaga<\/b> a los premios Oscar.<\/p>\n<p>Comenzando el recorrido con <i>Blue is the Colour of Dreams<\/i> que hace \u00e9nfasis en las piedras y gemas preciosas, pasando por la historia de la <i>Tiffany Blue Box<\/i> y una peque\u00f1a remembranza al impacto que el filme protagonizado por <b>Audrey Hepburn<\/b>, <b><i>Breakfast at Tiffany\u2019s<\/i><\/b>, tuvo en la cultura popular, la exposici\u00f3n sumerge al visitante en un viaje fant\u00e1stico y con mucho brillo.<\/p>\n<p>Particularmente hablando de la pel\u00edcula de culto, la sala incluye fotograf\u00edas in\u00e9ditas del detr\u00e1s de escenas de la grabaci\u00f3n. El libreto original con las anotaciones de Hepburn y destellos en azul Tiffany, es uno de los objetos m\u00e1s importantes para los fan\u00e1ticos.<\/p>\n<p><img decoding=\"async\" class=\"alignnone size-large wp-image-67448\" src=\"https:\/\/graziamagazine.com\/mx\/wp-content\/uploads\/sites\/13\/2019\/07\/en-shanghai-tiffany-co-abre-una-exhibicion-1-700x928.jpg\" alt=\"\" \/><\/p>\n<p><img decoding=\"async\" class=\"alignnone size-large wp-image-67449\" src=\"https:\/\/graziamagazine.com\/mx\/wp-content\/uploads\/sites\/13\/2019\/07\/en-shanghai-tiffany-co-abre-una-exhibicion-2-700x700.jpg\" alt=\"\" \/><\/p>\n<p>Para concluir, un espacio dedicado al amor, valor insignia de la firma joyera, celebrar\u00e1 las montaduras de los anillos de compromiso que inician historias para toda la vida. Asimismo, otra habitaci\u00f3n que contar\u00e1 con los diamantes m\u00e1s alucinantes y trascendentes de Tiffany &amp; Co. y, finalmente la historia de c\u00f3mo la marca logr\u00f3 ser una de las m\u00e1s importantes a nivel internacional.<\/p>\n<div><script src=\"https:\/\/cdn.jwplayer.com\/players\/JZU56rBl-StYJgGGe.js\"><\/script><\/div>\n<p>&nbsp;<\/p>\n<p><i>Vision &amp; Virtuosity abrir\u00e1 sus puertas del 23 de septiembre al 10 de noviembre en la Fundaci\u00f3n Fosun de Shangh\u00e1i.<\/i><\/p>\n<h5><\/h5>\n<h5><em>*IM\u00c1GENES\/Video: Cortes\u00eda de Tiffany &amp; Co.<\/em><\/h5>\n","protected":false},"author":11636,"featured_media":67381,"template":"","format":"standard","categories":[114],"acf":[],"yoast_head":"<!-- This site is optimized with the Yoast SEO Premium plugin v18.5 (Yoast SEO v20.4) - https:\/\/yoast.com\/wordpress\/plugins\/seo\/ -->\n<title>En Shangh\u00e1i, Tiffany &amp; Co. abre una exhibici\u00f3n | Grazia M\u00e9xico y Latinoam\u00e9rica<\/title>\n<meta name=\"description\" content=\"La exhibici\u00f3n contar\u00e1 la historia de la firma con piezas in\u00e9ditas que forman parte de sus archivos, incluyendo el libreto de Breakfast at Tiffany&#039;s.\" \/>\n<meta name=\"robots\" content=\"index, follow, max-snippet:-1, max-image-preview:large, max-video-preview:-1\" \/>\n<link rel=\"canonical\" href=\"https:\/\/graziamagazine.com\/mx\/articles\/en-shanghai-tiffany-co-abre-una-exhibicion\/\" \/>\n<meta property=\"og:locale\" content=\"es_MX\" \/>\n<meta property=\"og:type\" content=\"article\" \/>\n<meta property=\"og:title\" content=\"En Shangh\u00e1i, Tiffany &amp; Co. abre una exhibici\u00f3n\" \/>\n<meta property=\"og:description\" content=\"La exhibici\u00f3n contar\u00e1 la historia de la firma con piezas in\u00e9ditas que forman parte de sus archivos, incluyendo el libreto de Breakfast at Tiffany&#039;s.\" \/>\n<meta property=\"og:url\" content=\"https:\/\/graziamagazine.com\/mx\/articles\/en-shanghai-tiffany-co-abre-una-exhibicion\/\" \/>\n<meta property=\"og:site_name\" content=\"Grazia M\u00e9xico y Latinoam\u00e9rica\" \/>\n<meta property=\"og:image\" content=\"https:\/\/graziamagazine.com\/mx\/wp-content\/uploads\/sites\/13\/2019\/07\/en-shanghai-tiffany-co-abre-una-exhibicion-destacada.jpg?fit=980%2C653\" \/>\n\t<meta property=\"og:image:width\" content=\"980\" \/>\n\t<meta property=\"og:image:height\" content=\"653\" \/>\n\t<meta property=\"og:image:type\" content=\"image\/jpeg\" \/>\n<meta name=\"twitter:card\" content=\"summary_large_image\" \/>\n<meta name=\"twitter:label1\" content=\"Est. reading time\" \/>\n\t<meta name=\"twitter:data1\" content=\"1 minuto\" \/>\n<script type=\"application\/ld+json\" class=\"yoast-schema-graph\">{\"@context\":\"https:\/\/schema.org\",\"@graph\":[{\"@type\":\"WebPage\",\"@id\":\"https:\/\/graziamagazine.com\/mx\/articles\/en-shanghai-tiffany-co-abre-una-exhibicion\/\",\"url\":\"https:\/\/graziamagazine.com\/mx\/articles\/en-shanghai-tiffany-co-abre-una-exhibicion\/\",\"name\":\"En Shangh\u00e1i, Tiffany & Co. abre una exhibici\u00f3n | Grazia M\u00e9xico y Latinoam\u00e9rica\",\"isPartOf\":{\"@id\":\"https:\/\/graziamagazine.com\/mx\/#website\"},\"datePublished\":\"2019-07-12T19:05:20+00:00\",\"dateModified\":\"2019-07-12T19:05:20+00:00\",\"description\":\"La exhibici\u00f3n contar\u00e1 la historia de la firma con piezas in\u00e9ditas que forman parte de sus archivos, incluyendo el libreto de Breakfast at Tiffany's.\",\"breadcrumb\":{\"@id\":\"https:\/\/graziamagazine.com\/mx\/articles\/en-shanghai-tiffany-co-abre-una-exhibicion\/#breadcrumb\"},\"inLanguage\":\"es-MX\",\"potentialAction\":[{\"@type\":\"ReadAction\",\"target\":[\"https:\/\/graziamagazine.com\/mx\/articles\/en-shanghai-tiffany-co-abre-una-exhibicion\/\"]}]},{\"@type\":\"BreadcrumbList\",\"@id\":\"https:\/\/graziamagazine.com\/mx\/articles\/en-shanghai-tiffany-co-abre-una-exhibicion\/#breadcrumb\",\"itemListElement\":[{\"@type\":\"ListItem\",\"position\":1,\"name\":\"Home\",\"item\":\"https:\/\/graziamagazine.com\/mx\/\"},{\"@type\":\"ListItem\",\"position\":2,\"name\":\"En Shangh\u00e1i, Tiffany &#038; Co. abre una exhibici\u00f3n\"}]},{\"@type\":\"WebSite\",\"@id\":\"https:\/\/graziamagazine.com\/mx\/#website\",\"url\":\"https:\/\/graziamagazine.com\/mx\/\",\"name\":\"Grazia M\u00e9xico y Latinoam\u00e9rica\",\"description\":\"Grazia es moda, belleza y noticias  de actualidad \",\"potentialAction\":[{\"@type\":\"SearchAction\",\"target\":{\"@type\":\"EntryPoint\",\"urlTemplate\":\"https:\/\/graziamagazine.com\/mx\/?s={search_term_string}\"},\"query-input\":\"required name=search_term_string\"}],\"inLanguage\":\"es-MX\"}]}<\/script>\n<!-- \/ Yoast SEO Premium plugin. -->","yoast_head_json":{"title":"En Shangh\u00e1i, Tiffany & Co. abre una exhibici\u00f3n | Grazia M\u00e9xico y Latinoam\u00e9rica","description":"La exhibici\u00f3n contar\u00e1 la historia de la firma con piezas in\u00e9ditas que forman parte de sus archivos, incluyendo el libreto de Breakfast at Tiffany's.","robots":{"index":"index","follow":"follow","max-snippet":"max-snippet:-1","max-image-preview":"max-image-preview:large","max-video-preview":"max-video-preview:-1"},"canonical":"https:\/\/graziamagazine.com\/mx\/articles\/en-shanghai-tiffany-co-abre-una-exhibicion\/","og_locale":"es_MX","og_type":"article","og_title":"En Shangh\u00e1i, Tiffany & Co. abre una exhibici\u00f3n","og_description":"La exhibici\u00f3n contar\u00e1 la historia de la firma con piezas in\u00e9ditas que forman parte de sus archivos, incluyendo el libreto de Breakfast at Tiffany's.","og_url":"https:\/\/graziamagazine.com\/mx\/articles\/en-shanghai-tiffany-co-abre-una-exhibicion\/","og_site_name":"Grazia M\u00e9xico y Latinoam\u00e9rica","og_image":[{"width":980,"height":653,"url":"https:\/\/graziamagazine.com\/mx\/wp-content\/uploads\/sites\/13\/2019\/07\/en-shanghai-tiffany-co-abre-una-exhibicion-destacada.jpg?fit=980%2C653","type":"image\/jpeg"}],"twitter_card":"summary_large_image","twitter_misc":{"Est. reading time":"1 minuto"},"schema":{"@context":"https:\/\/schema.org","@graph":[{"@type":"WebPage","@id":"https:\/\/graziamagazine.com\/mx\/articles\/en-shanghai-tiffany-co-abre-una-exhibicion\/","url":"https:\/\/graziamagazine.com\/mx\/articles\/en-shanghai-tiffany-co-abre-una-exhibicion\/","name":"En Shangh\u00e1i, Tiffany & Co. abre una exhibici\u00f3n | Grazia M\u00e9xico y Latinoam\u00e9rica","isPartOf":{"@id":"https:\/\/graziamagazine.com\/mx\/#website"},"datePublished":"2019-07-12T19:05:20+00:00","dateModified":"2019-07-12T19:05:20+00:00","description":"La exhibici\u00f3n contar\u00e1 la historia de la firma con piezas in\u00e9ditas que forman parte de sus archivos, incluyendo el libreto de Breakfast at Tiffany's.","breadcrumb":{"@id":"https:\/\/graziamagazine.com\/mx\/articles\/en-shanghai-tiffany-co-abre-una-exhibicion\/#breadcrumb"},"inLanguage":"es-MX","potentialAction":[{"@type":"ReadAction","target":["https:\/\/graziamagazine.com\/mx\/articles\/en-shanghai-tiffany-co-abre-una-exhibicion\/"]}]},{"@type":"BreadcrumbList","@id":"https:\/\/graziamagazine.com\/mx\/articles\/en-shanghai-tiffany-co-abre-una-exhibicion\/#breadcrumb","itemListElement":[{"@type":"ListItem","position":1,"name":"Home","item":"https:\/\/graziamagazine.com\/mx\/"},{"@type":"ListItem","position":2,"name":"En Shangh\u00e1i, Tiffany &#038; Co. abre una exhibici\u00f3n"}]},{"@type":"WebSite","@id":"https:\/\/graziamagazine.com\/mx\/#website","url":"https:\/\/graziamagazine.com\/mx\/","name":"Grazia M\u00e9xico y Latinoam\u00e9rica","description":"Grazia es moda, belleza y noticias  de actualidad ","potentialAction":[{"@type":"SearchAction","target":{"@type":"EntryPoint","urlTemplate":"https:\/\/graziamagazine.com\/mx\/?s={search_term_string}"},"query-input":"required name=search_term_string"}],"inLanguage":"es-MX"}]}},"jetpack_sharing_enabled":true,"distributor_meta":false,"distributor_terms":false,"distributor_media":false,"distributor_original_site_name":"Grazia M\u00e9xico y Latinoam\u00e9rica","distributor_original_site_url":"https:\/\/graziamagazine.com\/mx","push-errors":false,"_links":{"self":[{"href":"https:\/\/graziamagazine.com\/mx\/wp-json\/wp\/v2\/articles\/67288"}],"collection":[{"href":"https:\/\/graziamagazine.com\/mx\/wp-json\/wp\/v2\/articles"}],"about":[{"href":"https:\/\/graziamagazine.com\/mx\/wp-json\/wp\/v2\/types\/articles"}],"author":[{"embeddable":true,"href":"https:\/\/graziamagazine.com\/mx\/wp-json\/wp\/v2\/users\/11636"}],"wp:featuredmedia":[{"embeddable":true,"href":"https:\/\/graziamagazine.com\/mx\/wp-json\/wp\/v2\/media\/67381"}],"wp:attachment":[{"href":"https:\/\/graziamagazine.com\/mx\/wp-json\/wp\/v2\/media?parent=67288"}],"wp:term":[{"taxonomy":"category","embeddable":true,"href":"https:\/\/graziamagazine.com\/mx\/wp-json\/wp\/v2\/categories?post=67288"}],"curies":[{"name":"wp","href":"https:\/\/api.w.org\/{rel}","templated":true}]}}