{"id":66741,"date":"2019-06-27T10:38:03","date_gmt":"2019-06-27T15:38:03","guid":{"rendered":"https:\/\/graziamagazine.com\/mx\/?p=66741"},"modified":"2019-06-27T11:18:01","modified_gmt":"2019-06-27T16:18:01","slug":"el-elenco-de-chicuarotes-sobre-la-historia-detras-del-filme","status":"publish","type":"articles","link":"https:\/\/graziamagazine.com\/mx\/articles\/el-elenco-de-chicuarotes-sobre-la-historia-detras-del-filme\/","title":{"rendered":"El elenco de Chicuarotes habla sobre la historia detr\u00e1s del filme"},"content":{"rendered":"<p><b>El nuevo filme que dirige Gael Garc\u00eda Bernal indaga en los problemas sociales que vivimos d\u00eda a d\u00eda en M\u00e9xico. Conoce <i>Chicuarotes<\/i> a trav\u00e9s de su elenco.<\/b><!--more--><\/p>\n<p><b><i>Chicuarotes<\/i><\/b> es una historia que abre un debate poco conocido sobre el amor, los extremos y la superaci\u00f3n personal. <b>Cagalera<\/b> y <b>Moloteco<\/b> son dos j\u00f3venes en la Ciudad de M\u00e9xico que buscan un nuevo comienzo. La traves\u00eda los envuelve en problem\u00e1ticas inimaginables que terminan en tragedia con esperanza. Gael y los protagonistas, <b>Benny Emmanuel<\/b> y <b>Leidi Guti\u00e9rrez<\/b>, nos platican sobre lo que los llev\u00f3 a convertir el gui\u00f3n de <b>Augusto Mendoza<\/b> en una realidad cinematogr\u00e1fica.<\/p>\n<p><img decoding=\"async\" class=\"alignnone size-large wp-image-66744\" src=\"https:\/\/graziamagazine.com\/mx\/wp-content\/uploads\/sites\/13\/2019\/06\/el-elenco-de-chicuarotes-sobre-la-historia-detras-del-filme-1-700x467.jpg\" alt=\"\" \/><\/p>\n<p><b><i>Grazia<\/i>: <\/b><b>\u00bfFue un reto profesional hacer esta pel\u00edcula?<\/b><\/p>\n<p><b>Leidi<\/b>:<b> <\/b>S\u00ed, porque es una historia muy fuerte, pero a la vez es algo que se tiene que contar, que se tiene que decir.<\/p>\n<p><b>Benny<\/b>:<b> <\/b>Desde que empec\u00e9 a leer el gui\u00f3n, supe para d\u00f3nde iba el contexto social que marcaba el entorno familiar de Cagalera. El reto personal es que la gente, cuando vea el personaje logre conectar con \u00e9l. \u00bfPor qu\u00e9 habr\u00eda una conexi\u00f3n con un tipo que puedes ver en la primera escena y odias de verdad? Porque si te metes en su contexto social, si entiendes qu\u00e9 es lo que vive d\u00eda con d\u00eda, si ves que en su universo hay una clar\u00edsima falta de empat\u00eda, no lo justificas, pero puedes ver que en su cabeza hay otra manera de salir de ah\u00ed. Un reto personal es comprender por qu\u00e9 este tipo toma esas decisiones.<\/p>\n<p>&nbsp;<\/p>\n<p><b>G: <\/b><b>Gael, \u00bfc\u00f3mo conectaste con el gui\u00f3n para transmitirlo a los actores?<\/b><\/p>\n<p><b>Gael Garc\u00eda Bernal<\/b>: No vieron el gui\u00f3n hasta cuatro d\u00edas antes de filmar, pero ya hab\u00edamos hablado sobre la propiedad de los personajes con la expectativa de hacia d\u00f3nde se iban a mover. Emp\u00edricamente como actores no hace falta que sepan bien de qu\u00e9 va la historia, es m\u00e1s con lo que hablamos. Es una cosa de poder armar experimentos y que esas din\u00e1micas permeen tambi\u00e9n en la cinta, o sea la emoci\u00f3n, la frescura, la inocencia de los chavos. Todo eso es entra\u00f1able en la peli.<\/p>\n<p><img decoding=\"async\" class=\"alignnone size-large wp-image-66745\" src=\"https:\/\/graziamagazine.com\/mx\/wp-content\/uploads\/sites\/13\/2019\/06\/el-elenco-de-chicuarotes-sobre-la-historia-detras-del-filme-2-700x1050.jpg\" alt=\"\" \/><\/p>\n<p><b>G: Es una historia que sabemos que existe, pero no la vivimos de cerca\u2026<\/b><\/p>\n<p><b>GGB<\/b>: [<em>Chicuarotes<\/em>] Es universal. Es acerca de la narrativa establecida, la cual es escapar porque eso te va a dar la soluci\u00f3n a tu vida. Y eso se da en todas las partes del mundo, pero estos chavos no pueden ver m\u00e1s all\u00e1 de lo que implique m\u00e1s responsabilidad, otras cosas, otros detalles. La \u00fanica persona que lo puede ver es Sugheili, es la \u00fanica responsable, y para m\u00ed ella guarda la luz de la esperanza en todo esto, es la \u00fanica que guarda un misterio. Es la chavita que imprime la soluci\u00f3n, si es que existiera tal cosa.<\/p>\n<p>&nbsp;<\/p>\n<p><b>G: Cu\u00e9ntame Leidi sobre esa escena final. \u00bfC\u00f3mo lograste meterte en ese papel, darle ese car\u00e1cter?<span class=\"Apple-converted-space\">\u00a0<\/span><\/b><\/p>\n<p><b>L<\/b>: Estuvo intenso porque Gabriel Carbajal, que interpreta a Moloteco, al final del ensayo estaba llorando. Te das cuenta de que mi mundo estaba siendo violado, el de \u00e9l es \u201ctengo que escapar\u201d porque present\u00eda el peligro. Es ficci\u00f3n, pero la situaci\u00f3n en la que te ponen es un poco dif\u00edcil porque es real para muchas mujeres.<\/p>\n<p>&nbsp;<\/p>\n<p><b>G: \u00bfQu\u00e9 te llev\u00f3 a hacer el proyecto?<\/b><\/p>\n<p><b>GGB<\/b>:<b> <\/b>Una alusi\u00f3n un poco cursi y rom\u00e1ntica que tiene que ver con una relaci\u00f3n amorosa. Esto sucede en la Ciudad de M\u00e9xico, entonces no solo deton\u00f3 la curiosidad por saber qu\u00e9 pasa en este lugar, sino c\u00f3mo resolver esto en este sitio que nadie conoce, nadie que sea chilango conoce este lugar. Fue hacer una historia del amor y de la falta de amor, una aventura, la amistad&#8230; Fue hacer la pregunta abierta sobre cu\u00e1l es el origen de la violencia y c\u00f3mo empatizar con los personajes, atestiguar la esperanza de la juventud. Me parece importante ver, confrontar cara a cara, que todo esto existe. No es acerca de la pobreza, no es acerca de una situaci\u00f3n l\u00edmite en cuesti\u00f3n material, es una situaci\u00f3n l\u00edmite sobre la falta profunda de amor.<\/p>\n<h5><\/h5>\n<h5><em>*IM\u00c1GENES: Cortes\u00eda Gael Garc\u00eda Bernal\/Karla Lisker\/Fer Aragones<\/em><\/h5>\n","protected":false},"author":11641,"featured_media":66743,"template":"","format":"standard","categories":[114],"acf":[],"yoast_head":"<!-- This site is optimized with the Yoast SEO Premium plugin v18.5 (Yoast SEO v20.4) - https:\/\/yoast.com\/wordpress\/plugins\/seo\/ -->\n<title>El elenco de Chicuarotes habla sobre la historia detr\u00e1s del filme | Grazia M\u00e9xico y Latinoam\u00e9rica<\/title>\n<meta name=\"description\" content=\"El nuevo filme que dirige Gael Garc\u00eda Bernal indaga en los problemas sociales que vivimos d\u00eda a d\u00eda en M\u00e9xico. Conoce Chicuarotes a trav\u00e9s de su elenco.\" \/>\n<meta name=\"robots\" content=\"index, follow, max-snippet:-1, max-image-preview:large, max-video-preview:-1\" \/>\n<link rel=\"canonical\" href=\"https:\/\/graziamagazine.com\/mx\/articles\/el-elenco-de-chicuarotes-sobre-la-historia-detras-del-filme\/\" \/>\n<meta property=\"og:locale\" content=\"es_MX\" \/>\n<meta property=\"og:type\" content=\"article\" \/>\n<meta property=\"og:title\" content=\"El elenco de Chicuarotes habla sobre la historia detr\u00e1s del filme\" \/>\n<meta property=\"og:description\" content=\"El nuevo filme que dirige Gael Garc\u00eda Bernal indaga en los problemas sociales que vivimos d\u00eda a d\u00eda en M\u00e9xico. Conoce Chicuarotes a trav\u00e9s de su elenco.\" \/>\n<meta property=\"og:url\" content=\"https:\/\/graziamagazine.com\/mx\/articles\/el-elenco-de-chicuarotes-sobre-la-historia-detras-del-filme\/\" \/>\n<meta property=\"og:site_name\" content=\"Grazia M\u00e9xico y Latinoam\u00e9rica\" \/>\n<meta property=\"article:modified_time\" content=\"2019-06-27T16:18:01+00:00\" \/>\n<meta property=\"og:image\" content=\"https:\/\/graziamagazine.com\/mx\/wp-content\/uploads\/sites\/13\/2019\/06\/el-elenco-de-chicuarotes-sobre-la-historia-detras-del-filme-destacada.jpg?fit=928%2C523\" \/>\n\t<meta property=\"og:image:width\" content=\"928\" \/>\n\t<meta property=\"og:image:height\" content=\"523\" \/>\n\t<meta property=\"og:image:type\" content=\"image\/jpeg\" \/>\n<meta name=\"twitter:card\" content=\"summary_large_image\" \/>\n<meta name=\"twitter:label1\" content=\"Est. reading time\" \/>\n\t<meta name=\"twitter:data1\" content=\"4 minutos\" \/>\n<script type=\"application\/ld+json\" class=\"yoast-schema-graph\">{\"@context\":\"https:\/\/schema.org\",\"@graph\":[{\"@type\":\"WebPage\",\"@id\":\"https:\/\/graziamagazine.com\/mx\/articles\/el-elenco-de-chicuarotes-sobre-la-historia-detras-del-filme\/\",\"url\":\"https:\/\/graziamagazine.com\/mx\/articles\/el-elenco-de-chicuarotes-sobre-la-historia-detras-del-filme\/\",\"name\":\"El elenco de Chicuarotes habla sobre la historia detr\u00e1s del filme | Grazia M\u00e9xico y Latinoam\u00e9rica\",\"isPartOf\":{\"@id\":\"https:\/\/graziamagazine.com\/mx\/#website\"},\"datePublished\":\"2019-06-27T15:38:03+00:00\",\"dateModified\":\"2019-06-27T16:18:01+00:00\",\"description\":\"El nuevo filme que dirige Gael Garc\u00eda Bernal indaga en los problemas sociales que vivimos d\u00eda a d\u00eda en M\u00e9xico. Conoce Chicuarotes a trav\u00e9s de su elenco.\",\"breadcrumb\":{\"@id\":\"https:\/\/graziamagazine.com\/mx\/articles\/el-elenco-de-chicuarotes-sobre-la-historia-detras-del-filme\/#breadcrumb\"},\"inLanguage\":\"es-MX\",\"potentialAction\":[{\"@type\":\"ReadAction\",\"target\":[\"https:\/\/graziamagazine.com\/mx\/articles\/el-elenco-de-chicuarotes-sobre-la-historia-detras-del-filme\/\"]}]},{\"@type\":\"BreadcrumbList\",\"@id\":\"https:\/\/graziamagazine.com\/mx\/articles\/el-elenco-de-chicuarotes-sobre-la-historia-detras-del-filme\/#breadcrumb\",\"itemListElement\":[{\"@type\":\"ListItem\",\"position\":1,\"name\":\"Home\",\"item\":\"https:\/\/graziamagazine.com\/mx\/\"},{\"@type\":\"ListItem\",\"position\":2,\"name\":\"El elenco de Chicuarotes habla sobre la historia detr\u00e1s del filme\"}]},{\"@type\":\"WebSite\",\"@id\":\"https:\/\/graziamagazine.com\/mx\/#website\",\"url\":\"https:\/\/graziamagazine.com\/mx\/\",\"name\":\"Grazia M\u00e9xico y Latinoam\u00e9rica\",\"description\":\"Grazia es moda, belleza y noticias  de actualidad \",\"potentialAction\":[{\"@type\":\"SearchAction\",\"target\":{\"@type\":\"EntryPoint\",\"urlTemplate\":\"https:\/\/graziamagazine.com\/mx\/?s={search_term_string}\"},\"query-input\":\"required name=search_term_string\"}],\"inLanguage\":\"es-MX\"}]}<\/script>\n<!-- \/ Yoast SEO Premium plugin. -->","yoast_head_json":{"title":"El elenco de Chicuarotes habla sobre la historia detr\u00e1s del filme | Grazia M\u00e9xico y Latinoam\u00e9rica","description":"El nuevo filme que dirige Gael Garc\u00eda Bernal indaga en los problemas sociales que vivimos d\u00eda a d\u00eda en M\u00e9xico. Conoce Chicuarotes a trav\u00e9s de su elenco.","robots":{"index":"index","follow":"follow","max-snippet":"max-snippet:-1","max-image-preview":"max-image-preview:large","max-video-preview":"max-video-preview:-1"},"canonical":"https:\/\/graziamagazine.com\/mx\/articles\/el-elenco-de-chicuarotes-sobre-la-historia-detras-del-filme\/","og_locale":"es_MX","og_type":"article","og_title":"El elenco de Chicuarotes habla sobre la historia detr\u00e1s del filme","og_description":"El nuevo filme que dirige Gael Garc\u00eda Bernal indaga en los problemas sociales que vivimos d\u00eda a d\u00eda en M\u00e9xico. Conoce Chicuarotes a trav\u00e9s de su elenco.","og_url":"https:\/\/graziamagazine.com\/mx\/articles\/el-elenco-de-chicuarotes-sobre-la-historia-detras-del-filme\/","og_site_name":"Grazia M\u00e9xico y Latinoam\u00e9rica","article_modified_time":"2019-06-27T16:18:01+00:00","og_image":[{"width":928,"height":523,"url":"https:\/\/graziamagazine.com\/mx\/wp-content\/uploads\/sites\/13\/2019\/06\/el-elenco-de-chicuarotes-sobre-la-historia-detras-del-filme-destacada.jpg?fit=928%2C523","type":"image\/jpeg"}],"twitter_card":"summary_large_image","twitter_misc":{"Est. reading time":"4 minutos"},"schema":{"@context":"https:\/\/schema.org","@graph":[{"@type":"WebPage","@id":"https:\/\/graziamagazine.com\/mx\/articles\/el-elenco-de-chicuarotes-sobre-la-historia-detras-del-filme\/","url":"https:\/\/graziamagazine.com\/mx\/articles\/el-elenco-de-chicuarotes-sobre-la-historia-detras-del-filme\/","name":"El elenco de Chicuarotes habla sobre la historia detr\u00e1s del filme | Grazia M\u00e9xico y Latinoam\u00e9rica","isPartOf":{"@id":"https:\/\/graziamagazine.com\/mx\/#website"},"datePublished":"2019-06-27T15:38:03+00:00","dateModified":"2019-06-27T16:18:01+00:00","description":"El nuevo filme que dirige Gael Garc\u00eda Bernal indaga en los problemas sociales que vivimos d\u00eda a d\u00eda en M\u00e9xico. Conoce Chicuarotes a trav\u00e9s de su elenco.","breadcrumb":{"@id":"https:\/\/graziamagazine.com\/mx\/articles\/el-elenco-de-chicuarotes-sobre-la-historia-detras-del-filme\/#breadcrumb"},"inLanguage":"es-MX","potentialAction":[{"@type":"ReadAction","target":["https:\/\/graziamagazine.com\/mx\/articles\/el-elenco-de-chicuarotes-sobre-la-historia-detras-del-filme\/"]}]},{"@type":"BreadcrumbList","@id":"https:\/\/graziamagazine.com\/mx\/articles\/el-elenco-de-chicuarotes-sobre-la-historia-detras-del-filme\/#breadcrumb","itemListElement":[{"@type":"ListItem","position":1,"name":"Home","item":"https:\/\/graziamagazine.com\/mx\/"},{"@type":"ListItem","position":2,"name":"El elenco de Chicuarotes habla sobre la historia detr\u00e1s del filme"}]},{"@type":"WebSite","@id":"https:\/\/graziamagazine.com\/mx\/#website","url":"https:\/\/graziamagazine.com\/mx\/","name":"Grazia M\u00e9xico y Latinoam\u00e9rica","description":"Grazia es moda, belleza y noticias  de actualidad ","potentialAction":[{"@type":"SearchAction","target":{"@type":"EntryPoint","urlTemplate":"https:\/\/graziamagazine.com\/mx\/?s={search_term_string}"},"query-input":"required name=search_term_string"}],"inLanguage":"es-MX"}]}},"jetpack_sharing_enabled":true,"distributor_meta":false,"distributor_terms":false,"distributor_media":false,"distributor_original_site_name":"Grazia M\u00e9xico y Latinoam\u00e9rica","distributor_original_site_url":"https:\/\/graziamagazine.com\/mx","push-errors":false,"_links":{"self":[{"href":"https:\/\/graziamagazine.com\/mx\/wp-json\/wp\/v2\/articles\/66741"}],"collection":[{"href":"https:\/\/graziamagazine.com\/mx\/wp-json\/wp\/v2\/articles"}],"about":[{"href":"https:\/\/graziamagazine.com\/mx\/wp-json\/wp\/v2\/types\/articles"}],"author":[{"embeddable":true,"href":"https:\/\/graziamagazine.com\/mx\/wp-json\/wp\/v2\/users\/11641"}],"wp:featuredmedia":[{"embeddable":true,"href":"https:\/\/graziamagazine.com\/mx\/wp-json\/wp\/v2\/media\/66743"}],"wp:attachment":[{"href":"https:\/\/graziamagazine.com\/mx\/wp-json\/wp\/v2\/media?parent=66741"}],"wp:term":[{"taxonomy":"category","embeddable":true,"href":"https:\/\/graziamagazine.com\/mx\/wp-json\/wp\/v2\/categories?post=66741"}],"curies":[{"name":"wp","href":"https:\/\/api.w.org\/{rel}","templated":true}]}}