{"id":66654,"date":"2019-06-26T11:53:24","date_gmt":"2019-06-26T16:53:24","guid":{"rendered":"https:\/\/graziamagazine.com\/mx\/?p=66654"},"modified":"2019-06-26T14:00:06","modified_gmt":"2019-06-26T19:00:06","slug":"por-que-meghan-markle-rediseno-su-anillo-de-compromiso","status":"publish","type":"articles","link":"https:\/\/graziamagazine.com\/mx\/articles\/por-que-meghan-markle-rediseno-su-anillo-de-compromiso\/","title":{"rendered":"\u00bfPor qu\u00e9 Meghan Markle redise\u00f1\u00f3 su anillo de compromiso?"},"content":{"rendered":"<p><strong>Meghan Markle redise\u00f1\u00f3 su anillo de compromiso y lo luci\u00f3 por primera vez en la presentaci\u00f3n de Archie Harrison. Pero fue en\u00a0<em>Trooping de Colour<\/em> donde lo notamos.<\/strong><!--more--><\/p>\n<p><strong>Meghan Markle<\/strong> hizo <a href=\"https:\/\/graziamagazine.com\/mx\/la-primer-aparicion-real-de-meghan-markle-despues-de-archie-harrison\/\" target=\"_blank\" rel=\"noopener\">su primera aparici\u00f3n despu\u00e9s de convertirse en madre<\/a>\u00a0en el anticipado festival <strong><em>Trooping de Colour<\/em><\/strong>\u00a0que celebra cada a\u00f1o el cumplea\u00f1os de la <strong>reina<\/strong> <strong>Elizabeth II<\/strong>. Junto a <strong>Prince Harry<\/strong>, la duquesa luci\u00f3 un vestido azul marino firmado por <strong>Clare Waight<\/strong> <strong>Keller<\/strong> para <strong>Givenchy<\/strong>.\u00a0Sin embargo,\u00a0lo que rob\u00f3 nuestra atenci\u00f3n fue verla usar por primera vez el\u00a0<strong>anillo de la eternidad<\/strong>, que su esposo le regal\u00f3 tradicionalmente como s\u00edmbolo de compromiso y amor eterno tras su primer aniversario de matrimonio y el nacimiento de <strong>Archie Harrison<\/strong>.<\/p>\n<p>Dada la emoci\u00f3n del momento, pasamos por alto uno de los detalles m\u00e1s importantes.\u00a0Fotograf\u00edas de la celebraci\u00f3n nos revelaron la decisi\u00f3n de la duquesa por redise\u00f1ar su anillo de compromiso despu\u00e9s de sufrir los cambios naturales por el embarazo.\u00a0Si bien, recordemos que la duquesa opt\u00f3 por no utilizar el anillo para sus \u00faltimos eventos previos al nacimiento de su primog\u00e9nito. Y aunque en la presentaci\u00f3n de Archie no notamos el radical cambio, Markle ya llevaba el redise\u00f1o puesto.<\/p>\n<p><img decoding=\"async\" class=\"alignnone size-medium wp-image-66660\" src=\"https:\/\/graziamagazine.com\/mx\/wp-content\/uploads\/sites\/13\/2019\/06\/meghan-markle-rediseno-su-anillo-de-compromiso-y-apenas-lo-notamos-1-450x300.jpg\" alt=\"\" \/><\/p>\n<p>La duquesa tuvo la oportunidad de agregarle su toque especial gracias a la aclamada firma de joyer\u00eda, <strong>Fenton &amp; Co., <\/strong>que sustituy\u00f3 la banda de oro que soportaba a dos diamantes provenientes de la colecci\u00f3n de\u00a0<strong>Lady Di<\/strong> y uno proveniente de Botsuana al centro, por una cl\u00e1sica \u2014y m\u00e1s delgada\u2014 banda pav\u00e9.<\/p>\n<p><img decoding=\"async\" class=\"alignnone size-medium wp-image-66661\" src=\"https:\/\/graziamagazine.com\/mx\/wp-content\/uploads\/sites\/13\/2019\/06\/meghan-markle-rediseno-su-anillo-de-compromiso-y-apenas-lo-notamos-2-450x596.jpg\" alt=\"\" \/><\/p>\n<p>Sobre la joya, Meghan coment\u00f3 que fue especial saber que la madre de Harry estaba incluida de manera significativa. Adem\u00e1s, sabemos que el primer viaje de la pareja fue al pa\u00eds africano, <a href=\"https:\/\/www.instagram.com\/p\/Bv2HM4mBGT8\/\" target=\"_blank\" rel=\"noopener\" target=\"_blank\">donde apoyaron la labor del Doctor Mike Chase por salvar a los elefantes<\/a> y aprovecharon para celebrar el cumplea\u00f1os de la ahora\u00a0<em>royal<\/em>.<\/p>\n<p>&#8220;Todo acerca de la consideraci\u00f3n de Harry sobre el anillo y la inclusi\u00f3n de la <strong>Princesa Diana<\/strong> a trav\u00e9s de diamantes, dado que no tuve la oportunidad de conocerla,\u00a0fue muy importante para m\u00ed saber que es parte de nosotros. Es muy especial para m\u00ed tener la oportunidad de usar este anillo y fue importante para mi esposo que tuviera un enlace con Botsuana. \u00a1Es perfecto!&#8221;, coment\u00f3 la duquesa de Sussex despu\u00e9s de comprometerse en 2017.<\/p>\n<p>&nbsp;<\/p>\n<h5><em>*IM\u00c1GENES: Getty Images<\/em><\/h5>\n","protected":false},"author":11656,"featured_media":66659,"template":"","format":"standard","categories":[2],"acf":[],"yoast_head":"<!-- This site is optimized with the Yoast SEO Premium plugin v18.5 (Yoast SEO v20.4) - https:\/\/yoast.com\/wordpress\/plugins\/seo\/ -->\n<title>\u00bfPor qu\u00e9 Meghan Markle redise\u00f1\u00f3 su anillo de compromiso? | Grazia M\u00e9xico y Latinoam\u00e9rica<\/title>\n<meta name=\"description\" content=\"Meghan Markle redise\u00f1\u00f3 su anillo de compromiso y lo luci\u00f3 por primera vez en la presentaci\u00f3n de Archie Harrison. Pero Trooping the Colour lo hizo viral.\" \/>\n<meta name=\"robots\" content=\"index, follow, max-snippet:-1, max-image-preview:large, max-video-preview:-1\" \/>\n<link rel=\"canonical\" href=\"https:\/\/graziamagazine.com\/mx\/articles\/por-que-meghan-markle-rediseno-su-anillo-de-compromiso\/\" \/>\n<meta property=\"og:locale\" content=\"es_MX\" \/>\n<meta property=\"og:type\" content=\"article\" \/>\n<meta property=\"og:title\" content=\"\u00bfPor qu\u00e9 Meghan Markle redise\u00f1\u00f3 su anillo de compromiso?\" \/>\n<meta property=\"og:description\" content=\"Meghan Markle redise\u00f1\u00f3 su anillo de compromiso y lo luci\u00f3 por primera vez en la presentaci\u00f3n de Archie Harrison. Pero Trooping the Colour lo hizo viral.\" \/>\n<meta property=\"og:url\" content=\"https:\/\/graziamagazine.com\/mx\/articles\/por-que-meghan-markle-rediseno-su-anillo-de-compromiso\/\" \/>\n<meta property=\"og:site_name\" content=\"Grazia M\u00e9xico y Latinoam\u00e9rica\" \/>\n<meta property=\"article:modified_time\" content=\"2019-06-26T19:00:06+00:00\" \/>\n<meta property=\"og:image\" content=\"https:\/\/graziamagazine.com\/mx\/wp-content\/uploads\/sites\/13\/2019\/06\/meghan-markle-rediseno-su-anillo-de-compromiso-y-apenas-lo-notamos.jpg?fit=640%2C426\" \/>\n\t<meta property=\"og:image:width\" content=\"640\" \/>\n\t<meta property=\"og:image:height\" content=\"426\" \/>\n\t<meta property=\"og:image:type\" content=\"image\/jpeg\" \/>\n<meta name=\"twitter:card\" content=\"summary_large_image\" \/>\n<meta name=\"twitter:label1\" content=\"Est. reading time\" \/>\n\t<meta name=\"twitter:data1\" content=\"2 minutos\" \/>\n<script type=\"application\/ld+json\" class=\"yoast-schema-graph\">{\"@context\":\"https:\/\/schema.org\",\"@graph\":[{\"@type\":\"WebPage\",\"@id\":\"https:\/\/graziamagazine.com\/mx\/articles\/por-que-meghan-markle-rediseno-su-anillo-de-compromiso\/\",\"url\":\"https:\/\/graziamagazine.com\/mx\/articles\/por-que-meghan-markle-rediseno-su-anillo-de-compromiso\/\",\"name\":\"\u00bfPor qu\u00e9 Meghan Markle redise\u00f1\u00f3 su anillo de compromiso? | Grazia M\u00e9xico y Latinoam\u00e9rica\",\"isPartOf\":{\"@id\":\"https:\/\/graziamagazine.com\/mx\/#website\"},\"datePublished\":\"2019-06-26T16:53:24+00:00\",\"dateModified\":\"2019-06-26T19:00:06+00:00\",\"description\":\"Meghan Markle redise\u00f1\u00f3 su anillo de compromiso y lo luci\u00f3 por primera vez en la presentaci\u00f3n de Archie Harrison. Pero Trooping the Colour lo hizo viral.\",\"breadcrumb\":{\"@id\":\"https:\/\/graziamagazine.com\/mx\/articles\/por-que-meghan-markle-rediseno-su-anillo-de-compromiso\/#breadcrumb\"},\"inLanguage\":\"es-MX\",\"potentialAction\":[{\"@type\":\"ReadAction\",\"target\":[\"https:\/\/graziamagazine.com\/mx\/articles\/por-que-meghan-markle-rediseno-su-anillo-de-compromiso\/\"]}]},{\"@type\":\"BreadcrumbList\",\"@id\":\"https:\/\/graziamagazine.com\/mx\/articles\/por-que-meghan-markle-rediseno-su-anillo-de-compromiso\/#breadcrumb\",\"itemListElement\":[{\"@type\":\"ListItem\",\"position\":1,\"name\":\"Home\",\"item\":\"https:\/\/graziamagazine.com\/mx\/\"},{\"@type\":\"ListItem\",\"position\":2,\"name\":\"\u00bfPor qu\u00e9 Meghan Markle redise\u00f1\u00f3 su anillo de compromiso?\"}]},{\"@type\":\"WebSite\",\"@id\":\"https:\/\/graziamagazine.com\/mx\/#website\",\"url\":\"https:\/\/graziamagazine.com\/mx\/\",\"name\":\"Grazia M\u00e9xico y Latinoam\u00e9rica\",\"description\":\"Grazia es moda, belleza y noticias  de actualidad \",\"potentialAction\":[{\"@type\":\"SearchAction\",\"target\":{\"@type\":\"EntryPoint\",\"urlTemplate\":\"https:\/\/graziamagazine.com\/mx\/?s={search_term_string}\"},\"query-input\":\"required name=search_term_string\"}],\"inLanguage\":\"es-MX\"}]}<\/script>\n<!-- \/ Yoast SEO Premium plugin. -->","yoast_head_json":{"title":"\u00bfPor qu\u00e9 Meghan Markle redise\u00f1\u00f3 su anillo de compromiso? | Grazia M\u00e9xico y Latinoam\u00e9rica","description":"Meghan Markle redise\u00f1\u00f3 su anillo de compromiso y lo luci\u00f3 por primera vez en la presentaci\u00f3n de Archie Harrison. Pero Trooping the Colour lo hizo viral.","robots":{"index":"index","follow":"follow","max-snippet":"max-snippet:-1","max-image-preview":"max-image-preview:large","max-video-preview":"max-video-preview:-1"},"canonical":"https:\/\/graziamagazine.com\/mx\/articles\/por-que-meghan-markle-rediseno-su-anillo-de-compromiso\/","og_locale":"es_MX","og_type":"article","og_title":"\u00bfPor qu\u00e9 Meghan Markle redise\u00f1\u00f3 su anillo de compromiso?","og_description":"Meghan Markle redise\u00f1\u00f3 su anillo de compromiso y lo luci\u00f3 por primera vez en la presentaci\u00f3n de Archie Harrison. Pero Trooping the Colour lo hizo viral.","og_url":"https:\/\/graziamagazine.com\/mx\/articles\/por-que-meghan-markle-rediseno-su-anillo-de-compromiso\/","og_site_name":"Grazia M\u00e9xico y Latinoam\u00e9rica","article_modified_time":"2019-06-26T19:00:06+00:00","og_image":[{"width":640,"height":426,"url":"https:\/\/graziamagazine.com\/mx\/wp-content\/uploads\/sites\/13\/2019\/06\/meghan-markle-rediseno-su-anillo-de-compromiso-y-apenas-lo-notamos.jpg?fit=640%2C426","type":"image\/jpeg"}],"twitter_card":"summary_large_image","twitter_misc":{"Est. reading time":"2 minutos"},"schema":{"@context":"https:\/\/schema.org","@graph":[{"@type":"WebPage","@id":"https:\/\/graziamagazine.com\/mx\/articles\/por-que-meghan-markle-rediseno-su-anillo-de-compromiso\/","url":"https:\/\/graziamagazine.com\/mx\/articles\/por-que-meghan-markle-rediseno-su-anillo-de-compromiso\/","name":"\u00bfPor qu\u00e9 Meghan Markle redise\u00f1\u00f3 su anillo de compromiso? | Grazia M\u00e9xico y Latinoam\u00e9rica","isPartOf":{"@id":"https:\/\/graziamagazine.com\/mx\/#website"},"datePublished":"2019-06-26T16:53:24+00:00","dateModified":"2019-06-26T19:00:06+00:00","description":"Meghan Markle redise\u00f1\u00f3 su anillo de compromiso y lo luci\u00f3 por primera vez en la presentaci\u00f3n de Archie Harrison. Pero Trooping the Colour lo hizo viral.","breadcrumb":{"@id":"https:\/\/graziamagazine.com\/mx\/articles\/por-que-meghan-markle-rediseno-su-anillo-de-compromiso\/#breadcrumb"},"inLanguage":"es-MX","potentialAction":[{"@type":"ReadAction","target":["https:\/\/graziamagazine.com\/mx\/articles\/por-que-meghan-markle-rediseno-su-anillo-de-compromiso\/"]}]},{"@type":"BreadcrumbList","@id":"https:\/\/graziamagazine.com\/mx\/articles\/por-que-meghan-markle-rediseno-su-anillo-de-compromiso\/#breadcrumb","itemListElement":[{"@type":"ListItem","position":1,"name":"Home","item":"https:\/\/graziamagazine.com\/mx\/"},{"@type":"ListItem","position":2,"name":"\u00bfPor qu\u00e9 Meghan Markle redise\u00f1\u00f3 su anillo de compromiso?"}]},{"@type":"WebSite","@id":"https:\/\/graziamagazine.com\/mx\/#website","url":"https:\/\/graziamagazine.com\/mx\/","name":"Grazia M\u00e9xico y Latinoam\u00e9rica","description":"Grazia es moda, belleza y noticias  de actualidad ","potentialAction":[{"@type":"SearchAction","target":{"@type":"EntryPoint","urlTemplate":"https:\/\/graziamagazine.com\/mx\/?s={search_term_string}"},"query-input":"required name=search_term_string"}],"inLanguage":"es-MX"}]}},"jetpack_sharing_enabled":true,"distributor_meta":false,"distributor_terms":false,"distributor_media":false,"distributor_original_site_name":"Grazia M\u00e9xico y Latinoam\u00e9rica","distributor_original_site_url":"https:\/\/graziamagazine.com\/mx","push-errors":false,"_links":{"self":[{"href":"https:\/\/graziamagazine.com\/mx\/wp-json\/wp\/v2\/articles\/66654"}],"collection":[{"href":"https:\/\/graziamagazine.com\/mx\/wp-json\/wp\/v2\/articles"}],"about":[{"href":"https:\/\/graziamagazine.com\/mx\/wp-json\/wp\/v2\/types\/articles"}],"author":[{"embeddable":true,"href":"https:\/\/graziamagazine.com\/mx\/wp-json\/wp\/v2\/users\/11656"}],"wp:featuredmedia":[{"embeddable":true,"href":"https:\/\/graziamagazine.com\/mx\/wp-json\/wp\/v2\/media\/66659"}],"wp:attachment":[{"href":"https:\/\/graziamagazine.com\/mx\/wp-json\/wp\/v2\/media?parent=66654"}],"wp:term":[{"taxonomy":"category","embeddable":true,"href":"https:\/\/graziamagazine.com\/mx\/wp-json\/wp\/v2\/categories?post=66654"}],"curies":[{"name":"wp","href":"https:\/\/api.w.org\/{rel}","templated":true}]}}