{"id":66629,"date":"2019-06-26T13:31:50","date_gmt":"2019-06-26T18:31:50","guid":{"rendered":"https:\/\/graziamagazine.com\/mx\/?p=66629"},"modified":"2019-06-26T16:01:50","modified_gmt":"2019-06-26T21:01:50","slug":"la-narrativa-escondida-en-el-vestuario-de-aladdin","status":"publish","type":"articles","link":"https:\/\/graziamagazine.com\/mx\/articles\/la-narrativa-escondida-en-el-vestuario-de-aladdin\/","title":{"rendered":"La narrativa escondida en el vestuario de Aladd\u00edn"},"content":{"rendered":"<p><strong>Aladd\u00edn logr\u00f3 atraparnos en el\u00a0mundo m\u00e1gico y fantasioso de Agrabah a trav\u00e9s del vestuario y cada traje esconde una extraordinaria narrativa.<\/strong><!--more--><\/p>\n<p><strong>Aladd\u00edn<\/strong> fue estrenada en 1992, el filme animado con el que crecimos y que ahora regres\u00f3 gracias al aclamado director <strong>Guy Ritchie<\/strong> y la inigualable interpretaci\u00f3n de <strong>Will Smith<\/strong> junto a <strong>Mena Massoud<\/strong> y <strong>Naomi Scott.<\/strong><\/p>\n<p>Indudablemente, el vestuario fue uno de los factores que logr\u00f3 atraparnos en el mundo m\u00e1gico y fantasioso de <strong>Agrabah.\u00a0<\/strong>El dise\u00f1ador australiano <strong>Michael Wilkinson <\/strong>y su equipo de 80 personas, pusieron en escena m\u00e1s de 400 trajes inigualables construidos con textiles\u00a0fabricados en\u00a0Marruecos, Turqu\u00eda, India, Jordania e Ir\u00e1n. Adem\u00e1s,\u00a0diez artesanos trabajaron por seis meses para construir los turbantes del <strong>Genio<\/strong> y las tiaras y velos de <strong>Jasmine.<\/strong><\/p>\n<p><img decoding=\"async\" class=\"alignnone size-medium wp-image-66648\" src=\"https:\/\/graziamagazine.com\/mx\/wp-content\/uploads\/sites\/13\/2019\/06\/la-narrativa-escondida-en-el-vestuario-de-aladdin-1-450x300.jpg\" alt=\"\" \/><\/p>\n<p>Las piezas celebran una fusi\u00f3n cultural, empezando con el atuendo principal de <strong>Aladd\u00edn\u00a0<\/strong>recreado bajo est\u00e1ndares actuales con\u00a0detalles como pinzas dobles en los pantalones y peque\u00f1os cortes inferiores para lograr que la silueta se complementara perfectamente con bordados inspirados en la cultura marroqu\u00ed.<\/p>\n<p>El <strong>pr\u00edncipe Al\u00ed,<\/strong> protagoniza una entrada sensacional al palacio con una t\u00fanica y abundantes capas de lino \u2014 bordadas artesanalmente en dorado\u2014. En esta escena, el personaje se siente inc\u00f3modo, sin embargo, mientras su conexi\u00f3n con la princesa aumenta, las capas empiezan a perderse hasta que empieza su extraordinario viaje en la alfombra m\u00e1gica.<\/p>\n<p><img decoding=\"async\" class=\"alignnone size-medium wp-image-66650\" src=\"https:\/\/graziamagazine.com\/mx\/wp-content\/uploads\/sites\/13\/2019\/06\/la-narrativa-escondida-en-el-vestuario-de-aladdin-2-450x300.jpg\" alt=\"\" \/><\/p>\n<p>Para <strong>Jasmine,<\/strong> Wilkinson acept\u00f3 el reto de expresar su sentido de determinaci\u00f3n a trav\u00e9s de diez trajes diferentes, en donde la paleta de color vibrante representan confianza.<\/p>\n<p>El ic\u00f3nico <em>set<\/em>\u00a0turquesa recreado con motivos gr\u00e1ficos alusivos a un pavo real, se bord\u00f3 artesanalmente y representa el esp\u00edritu libre de la princesa atrapado en las tradiciones de Agrabah. Adem\u00e1s, el turquesa es el elemento clave que conecta todas las piezas entre s\u00ed.<\/p>\n<p><img decoding=\"async\" class=\"alignnone size-medium wp-image-66666\" src=\"https:\/\/graziamagazine.com\/mx\/wp-content\/uploads\/sites\/13\/2019\/06\/la-narrativa-escondida-en-el-vestuario-de-aladdin-3-450x253.jpg\" alt=\"\" \/><\/p>\n<p>La fantas\u00eda y magia del <strong>Genio<\/strong> lograron reflejarse con tonos azules, las prendas cambian sutilmente de acuerdo a sus emociones y el tama\u00f1o de los turbantes junto al n\u00famero de detalles en sus trajes, aumenta conforme la interpretaci\u00f3n de <a href=\"https:\/\/graziamagazine.com\/mx\/4-observaciones-sobre-el-trailer-de-aladdin\/\" target=\"_blank\" rel=\"noopener\">Will Smith<\/a> evoluciona.<\/p>\n<p><img decoding=\"async\" class=\"alignnone size-medium wp-image-66670\" src=\"https:\/\/graziamagazine.com\/mx\/wp-content\/uploads\/sites\/13\/2019\/06\/la-narrativa-escondida-en-el-vestuario-de-aladdin-4-450x300.jpg\" alt=\"\" \/><\/p>\n<p>Por \u00faltimo, y aunque la paleta de color en los atuendos de <strong>Jafar<\/strong>\u00a0fue retomada directamente de la versi\u00f3n original de Disney, sus deseos y ambiciones de convertir Agrabah en un estado militar se representan a trav\u00e9s de detalles inspirados en armaduras \u00e1rabes de siglos atr\u00e1s.<\/p>\n<p><img decoding=\"async\" class=\"alignnone size-medium wp-image-66672\" src=\"https:\/\/graziamagazine.com\/mx\/wp-content\/uploads\/sites\/13\/2019\/06\/la-narrativa-escondida-en-el-vestuario-de-aladdin-5-1-450x316.jpg\" alt=\"\" \/><\/p>\n<h5><em>*IM\u00c1GENES: Film Still Aladd\u00edn<\/em><\/h5>\n<p>&nbsp;<\/p>\n<p>&nbsp;<\/p>\n","protected":false},"author":11656,"featured_media":66649,"template":"","format":"standard","categories":[4],"acf":[],"yoast_head":"<!-- This site is optimized with the Yoast SEO Premium plugin v18.5 (Yoast SEO v20.4) - https:\/\/yoast.com\/wordpress\/plugins\/seo\/ -->\n<title>La narrativa escondida en el vestuario de Aladd\u00edn | Grazia M\u00e9xico y Latinoam\u00e9rica<\/title>\n<meta name=\"description\" content=\"Aladd\u00edn logr\u00f3 atraparnos en el\u00a0mundo m\u00e1gico y fantasioso de Agrabah a trav\u00e9s del vestuario y cada traje esconde una extraordinaria narrativa.\" \/>\n<meta name=\"robots\" content=\"index, follow, max-snippet:-1, max-image-preview:large, max-video-preview:-1\" \/>\n<link rel=\"canonical\" href=\"https:\/\/graziamagazine.com\/mx\/articles\/la-narrativa-escondida-en-el-vestuario-de-aladdin\/\" \/>\n<meta property=\"og:locale\" content=\"es_MX\" \/>\n<meta property=\"og:type\" content=\"article\" \/>\n<meta property=\"og:title\" content=\"La narrativa escondida en el vestuario de Aladd\u00edn\" \/>\n<meta property=\"og:description\" content=\"Aladd\u00edn logr\u00f3 atraparnos en el\u00a0mundo m\u00e1gico y fantasioso de Agrabah a trav\u00e9s del vestuario y cada traje esconde una extraordinaria narrativa.\" \/>\n<meta property=\"og:url\" content=\"https:\/\/graziamagazine.com\/mx\/articles\/la-narrativa-escondida-en-el-vestuario-de-aladdin\/\" \/>\n<meta property=\"og:site_name\" content=\"Grazia M\u00e9xico y Latinoam\u00e9rica\" \/>\n<meta property=\"article:modified_time\" content=\"2019-06-26T21:01:50+00:00\" \/>\n<meta property=\"og:image\" content=\"https:\/\/graziamagazine.com\/mx\/wp-content\/uploads\/sites\/13\/2019\/06\/la-narrativa-escondida-en-el-vestuario-de-aladdin.jpg?fit=1200%2C679\" \/>\n\t<meta property=\"og:image:width\" content=\"1200\" \/>\n\t<meta property=\"og:image:height\" content=\"679\" \/>\n\t<meta property=\"og:image:type\" content=\"image\/jpeg\" \/>\n<meta name=\"twitter:card\" content=\"summary_large_image\" \/>\n<meta name=\"twitter:label1\" content=\"Est. reading time\" \/>\n\t<meta name=\"twitter:data1\" content=\"2 minutos\" \/>\n<script type=\"application\/ld+json\" class=\"yoast-schema-graph\">{\"@context\":\"https:\/\/schema.org\",\"@graph\":[{\"@type\":\"WebPage\",\"@id\":\"https:\/\/graziamagazine.com\/mx\/articles\/la-narrativa-escondida-en-el-vestuario-de-aladdin\/\",\"url\":\"https:\/\/graziamagazine.com\/mx\/articles\/la-narrativa-escondida-en-el-vestuario-de-aladdin\/\",\"name\":\"La narrativa escondida en el vestuario de Aladd\u00edn | Grazia M\u00e9xico y Latinoam\u00e9rica\",\"isPartOf\":{\"@id\":\"https:\/\/graziamagazine.com\/mx\/#website\"},\"datePublished\":\"2019-06-26T18:31:50+00:00\",\"dateModified\":\"2019-06-26T21:01:50+00:00\",\"description\":\"Aladd\u00edn logr\u00f3 atraparnos en el\u00a0mundo m\u00e1gico y fantasioso de Agrabah a trav\u00e9s del vestuario y cada traje esconde una extraordinaria narrativa.\",\"breadcrumb\":{\"@id\":\"https:\/\/graziamagazine.com\/mx\/articles\/la-narrativa-escondida-en-el-vestuario-de-aladdin\/#breadcrumb\"},\"inLanguage\":\"es-MX\",\"potentialAction\":[{\"@type\":\"ReadAction\",\"target\":[\"https:\/\/graziamagazine.com\/mx\/articles\/la-narrativa-escondida-en-el-vestuario-de-aladdin\/\"]}]},{\"@type\":\"BreadcrumbList\",\"@id\":\"https:\/\/graziamagazine.com\/mx\/articles\/la-narrativa-escondida-en-el-vestuario-de-aladdin\/#breadcrumb\",\"itemListElement\":[{\"@type\":\"ListItem\",\"position\":1,\"name\":\"Home\",\"item\":\"https:\/\/graziamagazine.com\/mx\/\"},{\"@type\":\"ListItem\",\"position\":2,\"name\":\"La narrativa escondida en el vestuario de Aladd\u00edn\"}]},{\"@type\":\"WebSite\",\"@id\":\"https:\/\/graziamagazine.com\/mx\/#website\",\"url\":\"https:\/\/graziamagazine.com\/mx\/\",\"name\":\"Grazia M\u00e9xico y Latinoam\u00e9rica\",\"description\":\"Grazia es moda, belleza y noticias  de actualidad \",\"potentialAction\":[{\"@type\":\"SearchAction\",\"target\":{\"@type\":\"EntryPoint\",\"urlTemplate\":\"https:\/\/graziamagazine.com\/mx\/?s={search_term_string}\"},\"query-input\":\"required name=search_term_string\"}],\"inLanguage\":\"es-MX\"}]}<\/script>\n<!-- \/ Yoast SEO Premium plugin. -->","yoast_head_json":{"title":"La narrativa escondida en el vestuario de Aladd\u00edn | Grazia M\u00e9xico y Latinoam\u00e9rica","description":"Aladd\u00edn logr\u00f3 atraparnos en el\u00a0mundo m\u00e1gico y fantasioso de Agrabah a trav\u00e9s del vestuario y cada traje esconde una extraordinaria narrativa.","robots":{"index":"index","follow":"follow","max-snippet":"max-snippet:-1","max-image-preview":"max-image-preview:large","max-video-preview":"max-video-preview:-1"},"canonical":"https:\/\/graziamagazine.com\/mx\/articles\/la-narrativa-escondida-en-el-vestuario-de-aladdin\/","og_locale":"es_MX","og_type":"article","og_title":"La narrativa escondida en el vestuario de Aladd\u00edn","og_description":"Aladd\u00edn logr\u00f3 atraparnos en el\u00a0mundo m\u00e1gico y fantasioso de Agrabah a trav\u00e9s del vestuario y cada traje esconde una extraordinaria narrativa.","og_url":"https:\/\/graziamagazine.com\/mx\/articles\/la-narrativa-escondida-en-el-vestuario-de-aladdin\/","og_site_name":"Grazia M\u00e9xico y Latinoam\u00e9rica","article_modified_time":"2019-06-26T21:01:50+00:00","og_image":[{"width":1200,"height":679,"url":"https:\/\/graziamagazine.com\/mx\/wp-content\/uploads\/sites\/13\/2019\/06\/la-narrativa-escondida-en-el-vestuario-de-aladdin.jpg?fit=1200%2C679","type":"image\/jpeg"}],"twitter_card":"summary_large_image","twitter_misc":{"Est. reading time":"2 minutos"},"schema":{"@context":"https:\/\/schema.org","@graph":[{"@type":"WebPage","@id":"https:\/\/graziamagazine.com\/mx\/articles\/la-narrativa-escondida-en-el-vestuario-de-aladdin\/","url":"https:\/\/graziamagazine.com\/mx\/articles\/la-narrativa-escondida-en-el-vestuario-de-aladdin\/","name":"La narrativa escondida en el vestuario de Aladd\u00edn | Grazia M\u00e9xico y Latinoam\u00e9rica","isPartOf":{"@id":"https:\/\/graziamagazine.com\/mx\/#website"},"datePublished":"2019-06-26T18:31:50+00:00","dateModified":"2019-06-26T21:01:50+00:00","description":"Aladd\u00edn logr\u00f3 atraparnos en el\u00a0mundo m\u00e1gico y fantasioso de Agrabah a trav\u00e9s del vestuario y cada traje esconde una extraordinaria narrativa.","breadcrumb":{"@id":"https:\/\/graziamagazine.com\/mx\/articles\/la-narrativa-escondida-en-el-vestuario-de-aladdin\/#breadcrumb"},"inLanguage":"es-MX","potentialAction":[{"@type":"ReadAction","target":["https:\/\/graziamagazine.com\/mx\/articles\/la-narrativa-escondida-en-el-vestuario-de-aladdin\/"]}]},{"@type":"BreadcrumbList","@id":"https:\/\/graziamagazine.com\/mx\/articles\/la-narrativa-escondida-en-el-vestuario-de-aladdin\/#breadcrumb","itemListElement":[{"@type":"ListItem","position":1,"name":"Home","item":"https:\/\/graziamagazine.com\/mx\/"},{"@type":"ListItem","position":2,"name":"La narrativa escondida en el vestuario de Aladd\u00edn"}]},{"@type":"WebSite","@id":"https:\/\/graziamagazine.com\/mx\/#website","url":"https:\/\/graziamagazine.com\/mx\/","name":"Grazia M\u00e9xico y Latinoam\u00e9rica","description":"Grazia es moda, belleza y noticias  de actualidad ","potentialAction":[{"@type":"SearchAction","target":{"@type":"EntryPoint","urlTemplate":"https:\/\/graziamagazine.com\/mx\/?s={search_term_string}"},"query-input":"required name=search_term_string"}],"inLanguage":"es-MX"}]}},"jetpack_sharing_enabled":true,"distributor_meta":false,"distributor_terms":false,"distributor_media":false,"distributor_original_site_name":"Grazia M\u00e9xico y Latinoam\u00e9rica","distributor_original_site_url":"https:\/\/graziamagazine.com\/mx","push-errors":false,"_links":{"self":[{"href":"https:\/\/graziamagazine.com\/mx\/wp-json\/wp\/v2\/articles\/66629"}],"collection":[{"href":"https:\/\/graziamagazine.com\/mx\/wp-json\/wp\/v2\/articles"}],"about":[{"href":"https:\/\/graziamagazine.com\/mx\/wp-json\/wp\/v2\/types\/articles"}],"author":[{"embeddable":true,"href":"https:\/\/graziamagazine.com\/mx\/wp-json\/wp\/v2\/users\/11656"}],"wp:featuredmedia":[{"embeddable":true,"href":"https:\/\/graziamagazine.com\/mx\/wp-json\/wp\/v2\/media\/66649"}],"wp:attachment":[{"href":"https:\/\/graziamagazine.com\/mx\/wp-json\/wp\/v2\/media?parent=66629"}],"wp:term":[{"taxonomy":"category","embeddable":true,"href":"https:\/\/graziamagazine.com\/mx\/wp-json\/wp\/v2\/categories?post=66629"}],"curies":[{"name":"wp","href":"https:\/\/api.w.org\/{rel}","templated":true}]}}