{"id":66179,"date":"2019-06-13T13:08:10","date_gmt":"2019-06-13T18:08:10","guid":{"rendered":"https:\/\/graziamagazine.com\/mx\/?p=66179"},"modified":"2019-06-13T13:08:10","modified_gmt":"2019-06-13T18:08:10","slug":"la-infancia-de-las-hermanas-olsen-en-26-fotografias","status":"publish","type":"articles","link":"https:\/\/graziamagazine.com\/mx\/articles\/la-infancia-de-las-hermanas-olsen-en-26-fotografias\/","title":{"rendered":"La infancia de las hermanas Olsen en 26 fotograf\u00edas"},"content":{"rendered":"<div class=\"content-gallery\"><div class=\"gallery-placeholder\"><div class=\"spinner\"><\/div><\/div><span class=\"gallery-pagination\"><\/span><div id=\"gallery-1\" class=\"gallery galleryid-66179 gallery-columns- gallery-size-\"><figure class=\"gallery-item grazia-gallery-show-text\"><div class=\"gallery-icon landscape\"><img loading=\"lazy\" decoding=\"async\" width=\"567\" height=\"821\" src=\"https:\/\/graziamagazine.com\/mx\/wp-content\/uploads\/sites\/13\/2019\/06\/la-infancia-de-las-hermanas-olsen-en-26-fotografias-1.jpg\" class=\"lazy\" alt=\"\" srcset=\"https:\/\/graziamagazine.com\/mx\/wp-content\/uploads\/sites\/13\/2019\/06\/la-infancia-de-las-hermanas-olsen-en-26-fotografias-1.jpg 567w, https:\/\/graziamagazine.com\/mx\/wp-content\/uploads\/sites\/13\/2019\/06\/la-infancia-de-las-hermanas-olsen-en-26-fotografias-1.jpg?resize=311,450 311w, https:\/\/graziamagazine.com\/mx\/wp-content\/uploads\/sites\/13\/2019\/06\/la-infancia-de-las-hermanas-olsen-en-26-fotografias-1.jpg?resize=148,215 148w\" sizes=\"(max-width: 567px) 100vw, 567px\" \/><\/div><div class=\"grazia-gallery-text\"><p><strong>Mary-Kate<\/strong> y <strong>Ashley Olsen<\/strong> son indudablemente el par m\u00e1s exitoso de Hollywood. Con tan solo nueve meses de edad, aparecieron por primera vez en pantalla y desde entonces no han dejado atr\u00e1s el \u00e9xito. <strong><em>Full House<\/em> <\/strong>es la divertida serie que protagonizaron y con la que su fama empez\u00f3 a crecer, gracias a su inigualable trayectoria lograron convertirse en las primeras gemelas de la historia en tener una estrella en el Paseo de la Fama. Adem\u00e1s, fue a los 12 a\u00f1os cuando lanzaron su primer l\u00ednea de ropa, s\u00ed, <a href=\"https:\/\/www.therow.com\/mx\" target=\"_blank\" rel=\"noopener\" target=\"_blank\"><strong>The Row<\/strong> <\/a>no fue su debut como dise\u00f1adoras. Y claro, no podemos dejar de mencionar su imponente personalidad con la que han destacado y se han convertido en el \u00edcono de estilo que todas queremos seguir.\u00a0Hoy por su cumplea\u00f1os n\u00famero 33 las recordamos con 26 fotograf\u00edas de su infancia que jam\u00e1s hab\u00edas visto:<\/p>\n<h5><em>Imagen: Getty Images<\/em><\/h5>\n<\/div><\/figure><figure class=\"gallery-item grazia-gallery-show-text\"><div class=\"gallery-icon landscape\"><img loading=\"lazy\" decoding=\"async\" width=\"768\" height=\"643\" src=\"https:\/\/graziamagazine.com\/mx\/wp-content\/uploads\/sites\/13\/2019\/06\/la-infancia-de-las-hermanas-olsen-en-26-fotografias-2.jpg\" class=\"lazy\" alt=\"\" srcset=\"https:\/\/graziamagazine.com\/mx\/wp-content\/uploads\/sites\/13\/2019\/06\/la-infancia-de-las-hermanas-olsen-en-26-fotografias-2.jpg 768w, https:\/\/graziamagazine.com\/mx\/wp-content\/uploads\/sites\/13\/2019\/06\/la-infancia-de-las-hermanas-olsen-en-26-fotografias-2.jpg?resize=450,377 450w, https:\/\/graziamagazine.com\/mx\/wp-content\/uploads\/sites\/13\/2019\/06\/la-infancia-de-las-hermanas-olsen-en-26-fotografias-2.jpg?resize=155,130 155w\" sizes=\"(max-width: 768px) 100vw, 768px\" \/><\/div><div class=\"grazia-gallery-text\"><h5><em>Imagen: Getty Images<\/em><\/h5>\n<\/div><\/figure><figure class=\"gallery-item grazia-gallery-show-text\"><div class=\"gallery-icon landscape\"><img loading=\"lazy\" decoding=\"async\" width=\"570\" height=\"803\" src=\"https:\/\/graziamagazine.com\/mx\/wp-content\/uploads\/sites\/13\/2019\/06\/la-infancia-de-las-hermanas-olsen-en-26-fotografias-3.jpg\" class=\"lazy\" alt=\"\" srcset=\"https:\/\/graziamagazine.com\/mx\/wp-content\/uploads\/sites\/13\/2019\/06\/la-infancia-de-las-hermanas-olsen-en-26-fotografias-3.jpg 570w, https:\/\/graziamagazine.com\/mx\/wp-content\/uploads\/sites\/13\/2019\/06\/la-infancia-de-las-hermanas-olsen-en-26-fotografias-3.jpg?resize=319,450 319w, https:\/\/graziamagazine.com\/mx\/wp-content\/uploads\/sites\/13\/2019\/06\/la-infancia-de-las-hermanas-olsen-en-26-fotografias-3.jpg?resize=153,215 153w\" sizes=\"(max-width: 570px) 100vw, 570px\" \/><\/div><div class=\"grazia-gallery-text\"><h5><em>Imagen: Getty Images<\/em><\/h5>\n<\/div><\/figure><figure class=\"gallery-item grazia-gallery-show-text\"><div class=\"gallery-icon landscape\"><img loading=\"lazy\" decoding=\"async\" width=\"570\" height=\"689\" src=\"https:\/\/graziamagazine.com\/mx\/wp-content\/uploads\/sites\/13\/2019\/06\/la-infancia-de-las-hermanas-olsen-en-26-fotografias-4.jpg\" class=\"lazy\" alt=\"\" srcset=\"https:\/\/graziamagazine.com\/mx\/wp-content\/uploads\/sites\/13\/2019\/06\/la-infancia-de-las-hermanas-olsen-en-26-fotografias-4.jpg 570w, https:\/\/graziamagazine.com\/mx\/wp-content\/uploads\/sites\/13\/2019\/06\/la-infancia-de-las-hermanas-olsen-en-26-fotografias-4.jpg?resize=372,450 372w, https:\/\/graziamagazine.com\/mx\/wp-content\/uploads\/sites\/13\/2019\/06\/la-infancia-de-las-hermanas-olsen-en-26-fotografias-4.jpg?resize=155,187 155w\" sizes=\"(max-width: 570px) 100vw, 570px\" \/><\/div><div class=\"grazia-gallery-text\"><h5><em>Imagen: Getty Images<\/em><\/h5>\n<\/div><\/figure><figure class=\"gallery-item grazia-gallery-show-text\"><div class=\"gallery-icon landscape\"><img loading=\"lazy\" decoding=\"async\" width=\"980\" height=\"1200\" src=\"https:\/\/graziamagazine.com\/mx\/wp-content\/uploads\/sites\/13\/2019\/06\/la-infancia-de-las-hermanas-olsen-en-26-fotografias-5.jpg\" class=\"lazy\" alt=\"\" srcset=\"https:\/\/graziamagazine.com\/mx\/wp-content\/uploads\/sites\/13\/2019\/06\/la-infancia-de-las-hermanas-olsen-en-26-fotografias-5.jpg 980w, https:\/\/graziamagazine.com\/mx\/wp-content\/uploads\/sites\/13\/2019\/06\/la-infancia-de-las-hermanas-olsen-en-26-fotografias-5.jpg?resize=368,450 368w, https:\/\/graziamagazine.com\/mx\/wp-content\/uploads\/sites\/13\/2019\/06\/la-infancia-de-las-hermanas-olsen-en-26-fotografias-5.jpg?resize=768,940 768w, https:\/\/graziamagazine.com\/mx\/wp-content\/uploads\/sites\/13\/2019\/06\/la-infancia-de-las-hermanas-olsen-en-26-fotografias-5.jpg?resize=836,1024 836w, https:\/\/graziamagazine.com\/mx\/wp-content\/uploads\/sites\/13\/2019\/06\/la-infancia-de-las-hermanas-olsen-en-26-fotografias-5.jpg?resize=155,190 155w\" sizes=\"(max-width: 980px) 100vw, 980px\" \/><\/div><div class=\"grazia-gallery-text\"><h5><em>Imagen: Getty Images<\/em><\/h5>\n<\/div><\/figure><figure class=\"gallery-item grazia-gallery-show-text\"><div class=\"gallery-icon landscape\"><img loading=\"lazy\" decoding=\"async\" width=\"768\" height=\"755\" src=\"https:\/\/graziamagazine.com\/mx\/wp-content\/uploads\/sites\/13\/2019\/06\/la-infancia-de-las-hermanas-olsen-en-26-fotografias-6.jpg\" class=\"lazy\" alt=\"\" srcset=\"https:\/\/graziamagazine.com\/mx\/wp-content\/uploads\/sites\/13\/2019\/06\/la-infancia-de-las-hermanas-olsen-en-26-fotografias-6.jpg 768w, https:\/\/graziamagazine.com\/mx\/wp-content\/uploads\/sites\/13\/2019\/06\/la-infancia-de-las-hermanas-olsen-en-26-fotografias-6.jpg?resize=450,442 450w, https:\/\/graziamagazine.com\/mx\/wp-content\/uploads\/sites\/13\/2019\/06\/la-infancia-de-las-hermanas-olsen-en-26-fotografias-6.jpg?resize=155,152 155w\" sizes=\"(max-width: 768px) 100vw, 768px\" \/><\/div><div class=\"grazia-gallery-text\"><h5><em>Imagen: Getty Images<\/em><\/h5>\n<\/div><\/figure><figure class=\"gallery-item grazia-gallery-show-text\"><div class=\"gallery-icon landscape\"><img loading=\"lazy\" decoding=\"async\" width=\"768\" height=\"635\" src=\"https:\/\/graziamagazine.com\/mx\/wp-content\/uploads\/sites\/13\/2019\/06\/la-infancia-de-las-hermanas-olsen-en-26-fotografias-7.jpg\" class=\"lazy\" alt=\"\" srcset=\"https:\/\/graziamagazine.com\/mx\/wp-content\/uploads\/sites\/13\/2019\/06\/la-infancia-de-las-hermanas-olsen-en-26-fotografias-7.jpg 768w, https:\/\/graziamagazine.com\/mx\/wp-content\/uploads\/sites\/13\/2019\/06\/la-infancia-de-las-hermanas-olsen-en-26-fotografias-7.jpg?resize=450,372 450w, https:\/\/graziamagazine.com\/mx\/wp-content\/uploads\/sites\/13\/2019\/06\/la-infancia-de-las-hermanas-olsen-en-26-fotografias-7.jpg?resize=155,128 155w\" sizes=\"(max-width: 768px) 100vw, 768px\" \/><\/div><div class=\"grazia-gallery-text\"><h5><em>Imagen: Getty Images<\/em><\/h5>\n<\/div><\/figure><figure class=\"gallery-item grazia-gallery-show-text\"><div class=\"gallery-icon landscape\"><img loading=\"lazy\" decoding=\"async\" width=\"768\" height=\"1126\" src=\"https:\/\/graziamagazine.com\/mx\/wp-content\/uploads\/sites\/13\/2019\/06\/la-infancia-de-las-hermanas-olsen-en-26-fotografias-8.jpg\" class=\"lazy\" alt=\"\" srcset=\"https:\/\/graziamagazine.com\/mx\/wp-content\/uploads\/sites\/13\/2019\/06\/la-infancia-de-las-hermanas-olsen-en-26-fotografias-8.jpg 768w, https:\/\/graziamagazine.com\/mx\/wp-content\/uploads\/sites\/13\/2019\/06\/la-infancia-de-las-hermanas-olsen-en-26-fotografias-8.jpg?resize=307,450 307w, https:\/\/graziamagazine.com\/mx\/wp-content\/uploads\/sites\/13\/2019\/06\/la-infancia-de-las-hermanas-olsen-en-26-fotografias-8.jpg?resize=698,1024 698w, https:\/\/graziamagazine.com\/mx\/wp-content\/uploads\/sites\/13\/2019\/06\/la-infancia-de-las-hermanas-olsen-en-26-fotografias-8.jpg?resize=147,215 147w\" sizes=\"(max-width: 768px) 100vw, 768px\" \/><\/div><div class=\"grazia-gallery-text\"><h5><em>Imagen: Getty Images<\/em><\/h5>\n<\/div><\/figure><figure class=\"gallery-item grazia-gallery-show-text\"><div class=\"gallery-icon landscape\"><img loading=\"lazy\" decoding=\"async\" width=\"768\" height=\"917\" src=\"https:\/\/graziamagazine.com\/mx\/wp-content\/uploads\/sites\/13\/2019\/06\/la-infancia-de-las-hermanas-olsen-en-26-fotografias-9.jpg\" class=\"lazy\" alt=\"\" srcset=\"https:\/\/graziamagazine.com\/mx\/wp-content\/uploads\/sites\/13\/2019\/06\/la-infancia-de-las-hermanas-olsen-en-26-fotografias-9.jpg 768w, https:\/\/graziamagazine.com\/mx\/wp-content\/uploads\/sites\/13\/2019\/06\/la-infancia-de-las-hermanas-olsen-en-26-fotografias-9.jpg?resize=377,450 377w, https:\/\/graziamagazine.com\/mx\/wp-content\/uploads\/sites\/13\/2019\/06\/la-infancia-de-las-hermanas-olsen-en-26-fotografias-9.jpg?resize=155,185 155w\" sizes=\"(max-width: 768px) 100vw, 768px\" \/><\/div><div class=\"grazia-gallery-text\"><h5><em>Imagen: Getty Images<\/em><\/h5>\n<\/div><\/figure><figure class=\"gallery-item grazia-gallery-show-text\"><div class=\"gallery-icon landscape\"><img loading=\"lazy\" decoding=\"async\" width=\"768\" height=\"524\" src=\"https:\/\/graziamagazine.com\/mx\/wp-content\/uploads\/sites\/13\/2019\/06\/la-infancia-de-las-hermanas-olsen-en-26-fotografias-10.jpg\" class=\"lazy\" alt=\"\" srcset=\"https:\/\/graziamagazine.com\/mx\/wp-content\/uploads\/sites\/13\/2019\/06\/la-infancia-de-las-hermanas-olsen-en-26-fotografias-10.jpg 768w, https:\/\/graziamagazine.com\/mx\/wp-content\/uploads\/sites\/13\/2019\/06\/la-infancia-de-las-hermanas-olsen-en-26-fotografias-10.jpg?resize=450,307 450w, https:\/\/graziamagazine.com\/mx\/wp-content\/uploads\/sites\/13\/2019\/06\/la-infancia-de-las-hermanas-olsen-en-26-fotografias-10.jpg?resize=155,106 155w\" sizes=\"(max-width: 768px) 100vw, 768px\" \/><\/div><div class=\"grazia-gallery-text\"><h5><em>Imagen: Getty Images<\/em><\/h5>\n<\/div><\/figure><figure class=\"gallery-item grazia-gallery-show-text\"><div class=\"gallery-icon landscape\"><img loading=\"lazy\" decoding=\"async\" width=\"768\" height=\"949\" src=\"https:\/\/graziamagazine.com\/mx\/wp-content\/uploads\/sites\/13\/2019\/06\/la-infancia-de-las-hermanas-olsen-en-26-fotografias-11.jpg\" class=\"lazy\" alt=\"\" srcset=\"https:\/\/graziamagazine.com\/mx\/wp-content\/uploads\/sites\/13\/2019\/06\/la-infancia-de-las-hermanas-olsen-en-26-fotografias-11.jpg 768w, https:\/\/graziamagazine.com\/mx\/wp-content\/uploads\/sites\/13\/2019\/06\/la-infancia-de-las-hermanas-olsen-en-26-fotografias-11.jpg?resize=364,450 364w, https:\/\/graziamagazine.com\/mx\/wp-content\/uploads\/sites\/13\/2019\/06\/la-infancia-de-las-hermanas-olsen-en-26-fotografias-11.jpg?resize=155,192 155w\" sizes=\"(max-width: 768px) 100vw, 768px\" \/><\/div><div class=\"grazia-gallery-text\"><h5><em>Imagen: Getty Images<\/em><\/h5>\n<\/div><\/figure><figure class=\"gallery-item grazia-gallery-show-text\"><div class=\"gallery-icon landscape\"><img loading=\"lazy\" decoding=\"async\" width=\"768\" height=\"949\" src=\"https:\/\/graziamagazine.com\/mx\/wp-content\/uploads\/sites\/13\/2019\/06\/la-infancia-de-las-hermanas-olsen-en-26-fotografias-12.jpg\" class=\"lazy\" alt=\"\" srcset=\"https:\/\/graziamagazine.com\/mx\/wp-content\/uploads\/sites\/13\/2019\/06\/la-infancia-de-las-hermanas-olsen-en-26-fotografias-12.jpg 768w, https:\/\/graziamagazine.com\/mx\/wp-content\/uploads\/sites\/13\/2019\/06\/la-infancia-de-las-hermanas-olsen-en-26-fotografias-12.jpg?resize=364,450 364w, https:\/\/graziamagazine.com\/mx\/wp-content\/uploads\/sites\/13\/2019\/06\/la-infancia-de-las-hermanas-olsen-en-26-fotografias-12.jpg?resize=155,192 155w\" sizes=\"(max-width: 768px) 100vw, 768px\" \/><\/div><div class=\"grazia-gallery-text\"><h5><em>Imagen: Getty Images<\/em><\/h5>\n<\/div><\/figure><figure class=\"gallery-item grazia-gallery-show-text\"><div class=\"gallery-icon landscape\"><img loading=\"lazy\" decoding=\"async\" width=\"768\" height=\"943\" src=\"https:\/\/graziamagazine.com\/mx\/wp-content\/uploads\/sites\/13\/2019\/06\/la-infancia-de-las-hermanas-olsen-en-26-fotografias-13.jpg\" class=\"lazy\" alt=\"\" srcset=\"https:\/\/graziamagazine.com\/mx\/wp-content\/uploads\/sites\/13\/2019\/06\/la-infancia-de-las-hermanas-olsen-en-26-fotografias-13.jpg 768w, https:\/\/graziamagazine.com\/mx\/wp-content\/uploads\/sites\/13\/2019\/06\/la-infancia-de-las-hermanas-olsen-en-26-fotografias-13.jpg?resize=366,450 366w, https:\/\/graziamagazine.com\/mx\/wp-content\/uploads\/sites\/13\/2019\/06\/la-infancia-de-las-hermanas-olsen-en-26-fotografias-13.jpg?resize=155,190 155w\" sizes=\"(max-width: 768px) 100vw, 768px\" \/><\/div><div class=\"grazia-gallery-text\"><h5><em>Imagen: Getty Images<\/em><\/h5>\n<\/div><\/figure><figure class=\"gallery-item grazia-gallery-show-text\"><div class=\"gallery-icon landscape\"><img loading=\"lazy\" decoding=\"async\" width=\"768\" height=\"1254\" src=\"https:\/\/graziamagazine.com\/mx\/wp-content\/uploads\/sites\/13\/2019\/06\/la-infancia-de-las-hermanas-olsen-en-26-fotografias-14.jpg\" class=\"lazy\" alt=\"\" srcset=\"https:\/\/graziamagazine.com\/mx\/wp-content\/uploads\/sites\/13\/2019\/06\/la-infancia-de-las-hermanas-olsen-en-26-fotografias-14.jpg 768w, https:\/\/graziamagazine.com\/mx\/wp-content\/uploads\/sites\/13\/2019\/06\/la-infancia-de-las-hermanas-olsen-en-26-fotografias-14.jpg?resize=276,450 276w, https:\/\/graziamagazine.com\/mx\/wp-content\/uploads\/sites\/13\/2019\/06\/la-infancia-de-las-hermanas-olsen-en-26-fotografias-14.jpg?resize=627,1024 627w, https:\/\/graziamagazine.com\/mx\/wp-content\/uploads\/sites\/13\/2019\/06\/la-infancia-de-las-hermanas-olsen-en-26-fotografias-14.jpg?resize=132,215 132w\" sizes=\"(max-width: 768px) 100vw, 768px\" \/><\/div><div class=\"grazia-gallery-text\"><h5><em>Imagen: Getty Images<\/em><\/h5>\n<\/div><\/figure><figure class=\"gallery-item grazia-gallery-show-text\"><div class=\"gallery-icon landscape\"><img loading=\"lazy\" decoding=\"async\" width=\"980\" height=\"1228\" src=\"https:\/\/graziamagazine.com\/mx\/wp-content\/uploads\/sites\/13\/2019\/06\/la-infancia-de-las-hermanas-olsen-en-26-fotografias-15.jpg\" class=\"lazy\" alt=\"\" srcset=\"https:\/\/graziamagazine.com\/mx\/wp-content\/uploads\/sites\/13\/2019\/06\/la-infancia-de-las-hermanas-olsen-en-26-fotografias-15.jpg 980w, https:\/\/graziamagazine.com\/mx\/wp-content\/uploads\/sites\/13\/2019\/06\/la-infancia-de-las-hermanas-olsen-en-26-fotografias-15.jpg?resize=359,450 359w, https:\/\/graziamagazine.com\/mx\/wp-content\/uploads\/sites\/13\/2019\/06\/la-infancia-de-las-hermanas-olsen-en-26-fotografias-15.jpg?resize=768,962 768w, https:\/\/graziamagazine.com\/mx\/wp-content\/uploads\/sites\/13\/2019\/06\/la-infancia-de-las-hermanas-olsen-en-26-fotografias-15.jpg?resize=817,1024 817w, https:\/\/graziamagazine.com\/mx\/wp-content\/uploads\/sites\/13\/2019\/06\/la-infancia-de-las-hermanas-olsen-en-26-fotografias-15.jpg?resize=155,194 155w\" sizes=\"(max-width: 980px) 100vw, 980px\" \/><\/div><div class=\"grazia-gallery-text\"><h5><em>Imagen: Getty Images<\/em><\/h5>\n<\/div><\/figure><figure class=\"gallery-item grazia-gallery-show-text\"><div class=\"gallery-icon landscape\"><img loading=\"lazy\" decoding=\"async\" width=\"768\" height=\"1259\" src=\"https:\/\/graziamagazine.com\/mx\/wp-content\/uploads\/sites\/13\/2019\/06\/la-infancia-de-las-hermanas-olsen-en-26-fotografias-16.jpg\" class=\"lazy\" alt=\"\" srcset=\"https:\/\/graziamagazine.com\/mx\/wp-content\/uploads\/sites\/13\/2019\/06\/la-infancia-de-las-hermanas-olsen-en-26-fotografias-16.jpg 768w, https:\/\/graziamagazine.com\/mx\/wp-content\/uploads\/sites\/13\/2019\/06\/la-infancia-de-las-hermanas-olsen-en-26-fotografias-16.jpg?resize=275,450 275w, https:\/\/graziamagazine.com\/mx\/wp-content\/uploads\/sites\/13\/2019\/06\/la-infancia-de-las-hermanas-olsen-en-26-fotografias-16.jpg?resize=625,1024 625w, https:\/\/graziamagazine.com\/mx\/wp-content\/uploads\/sites\/13\/2019\/06\/la-infancia-de-las-hermanas-olsen-en-26-fotografias-16.jpg?resize=131,215 131w\" sizes=\"(max-width: 768px) 100vw, 768px\" \/><\/div><div class=\"grazia-gallery-text\"><h5><em>Imagen: Getty Images<\/em><\/h5>\n<\/div><\/figure><figure class=\"gallery-item grazia-gallery-show-text\"><div class=\"gallery-icon landscape\"><img loading=\"lazy\" decoding=\"async\" width=\"568\" height=\"688\" src=\"https:\/\/graziamagazine.com\/mx\/wp-content\/uploads\/sites\/13\/2019\/06\/la-infancia-de-las-hermanas-olsen-en-26-fotografias-17.jpg\" class=\"lazy\" alt=\"\" srcset=\"https:\/\/graziamagazine.com\/mx\/wp-content\/uploads\/sites\/13\/2019\/06\/la-infancia-de-las-hermanas-olsen-en-26-fotografias-17.jpg 568w, https:\/\/graziamagazine.com\/mx\/wp-content\/uploads\/sites\/13\/2019\/06\/la-infancia-de-las-hermanas-olsen-en-26-fotografias-17.jpg?resize=372,450 372w, https:\/\/graziamagazine.com\/mx\/wp-content\/uploads\/sites\/13\/2019\/06\/la-infancia-de-las-hermanas-olsen-en-26-fotografias-17.jpg?resize=155,188 155w\" sizes=\"(max-width: 568px) 100vw, 568px\" \/><\/div><div class=\"grazia-gallery-text\"><h5><em>Imagen: Getty Images<\/em><\/h5>\n<\/div><\/figure><figure class=\"gallery-item grazia-gallery-show-text\"><div class=\"gallery-icon landscape\"><img loading=\"lazy\" decoding=\"async\" width=\"570\" height=\"868\" src=\"https:\/\/graziamagazine.com\/mx\/wp-content\/uploads\/sites\/13\/2019\/06\/la-infancia-de-las-hermanas-olsen-en-26-fotografias-18.jpg\" class=\"lazy\" alt=\"\" srcset=\"https:\/\/graziamagazine.com\/mx\/wp-content\/uploads\/sites\/13\/2019\/06\/la-infancia-de-las-hermanas-olsen-en-26-fotografias-18.jpg 570w, https:\/\/graziamagazine.com\/mx\/wp-content\/uploads\/sites\/13\/2019\/06\/la-infancia-de-las-hermanas-olsen-en-26-fotografias-18.jpg?resize=296,450 296w, https:\/\/graziamagazine.com\/mx\/wp-content\/uploads\/sites\/13\/2019\/06\/la-infancia-de-las-hermanas-olsen-en-26-fotografias-18.jpg?resize=141,215 141w\" sizes=\"(max-width: 570px) 100vw, 570px\" \/><\/div><div class=\"grazia-gallery-text\"><h5><em>Imagen: Getty Images<\/em><\/h5>\n<\/div><\/figure><figure class=\"gallery-item grazia-gallery-show-text\"><div class=\"gallery-icon landscape\"><img loading=\"lazy\" decoding=\"async\" width=\"570\" height=\"354\" src=\"https:\/\/graziamagazine.com\/mx\/wp-content\/uploads\/sites\/13\/2019\/06\/la-infancia-de-las-hermanas-olsen-en-26-fotografias-19.jpg\" class=\"lazy\" alt=\"\" srcset=\"https:\/\/graziamagazine.com\/mx\/wp-content\/uploads\/sites\/13\/2019\/06\/la-infancia-de-las-hermanas-olsen-en-26-fotografias-19.jpg 570w, https:\/\/graziamagazine.com\/mx\/wp-content\/uploads\/sites\/13\/2019\/06\/la-infancia-de-las-hermanas-olsen-en-26-fotografias-19.jpg?resize=450,279 450w, https:\/\/graziamagazine.com\/mx\/wp-content\/uploads\/sites\/13\/2019\/06\/la-infancia-de-las-hermanas-olsen-en-26-fotografias-19.jpg?resize=155,96 155w\" sizes=\"(max-width: 570px) 100vw, 570px\" \/><\/div><div class=\"grazia-gallery-text\"><h5><em>Imagen: Getty Images<\/em><\/h5>\n<\/div><\/figure><figure class=\"gallery-item grazia-gallery-show-text\"><div class=\"gallery-icon landscape\"><img loading=\"lazy\" decoding=\"async\" width=\"570\" height=\"667\" src=\"https:\/\/graziamagazine.com\/mx\/wp-content\/uploads\/sites\/13\/2019\/06\/la-infancia-de-las-hermanas-olsen-en-26-fotografias-20.jpg\" class=\"lazy\" alt=\"\" srcset=\"https:\/\/graziamagazine.com\/mx\/wp-content\/uploads\/sites\/13\/2019\/06\/la-infancia-de-las-hermanas-olsen-en-26-fotografias-20.jpg 570w, https:\/\/graziamagazine.com\/mx\/wp-content\/uploads\/sites\/13\/2019\/06\/la-infancia-de-las-hermanas-olsen-en-26-fotografias-20.jpg?resize=385,450 385w, https:\/\/graziamagazine.com\/mx\/wp-content\/uploads\/sites\/13\/2019\/06\/la-infancia-de-las-hermanas-olsen-en-26-fotografias-20.jpg?resize=155,181 155w\" sizes=\"(max-width: 570px) 100vw, 570px\" \/><\/div><div class=\"grazia-gallery-text\"><h5><em>Imagen: Getty Images<\/em><\/h5>\n<\/div><\/figure><figure class=\"gallery-item grazia-gallery-show-text\"><div class=\"gallery-icon landscape\"><img loading=\"lazy\" decoding=\"async\" width=\"980\" height=\"653\" src=\"https:\/\/graziamagazine.com\/mx\/wp-content\/uploads\/sites\/13\/2019\/06\/la-infancia-de-las-hermanas-olsen-en-26-fotografias-21.jpg\" class=\"lazy\" alt=\"\" srcset=\"https:\/\/graziamagazine.com\/mx\/wp-content\/uploads\/sites\/13\/2019\/06\/la-infancia-de-las-hermanas-olsen-en-26-fotografias-21.jpg 980w, https:\/\/graziamagazine.com\/mx\/wp-content\/uploads\/sites\/13\/2019\/06\/la-infancia-de-las-hermanas-olsen-en-26-fotografias-21.jpg?resize=450,300 450w, https:\/\/graziamagazine.com\/mx\/wp-content\/uploads\/sites\/13\/2019\/06\/la-infancia-de-las-hermanas-olsen-en-26-fotografias-21.jpg?resize=768,512 768w, https:\/\/graziamagazine.com\/mx\/wp-content\/uploads\/sites\/13\/2019\/06\/la-infancia-de-las-hermanas-olsen-en-26-fotografias-21.jpg?resize=155,103 155w\" sizes=\"(max-width: 980px) 100vw, 980px\" \/><\/div><div class=\"grazia-gallery-text\"><h5><em>Imagen: Getty Images<\/em><\/h5>\n<\/div><\/figure><figure class=\"gallery-item grazia-gallery-show-text\"><div class=\"gallery-icon landscape\"><img loading=\"lazy\" decoding=\"async\" width=\"980\" height=\"1470\" src=\"https:\/\/graziamagazine.com\/mx\/wp-content\/uploads\/sites\/13\/2019\/06\/la-infancia-de-las-hermanas-olsen-en-26-fotografias-22.jpg\" class=\"lazy\" alt=\"\" srcset=\"https:\/\/graziamagazine.com\/mx\/wp-content\/uploads\/sites\/13\/2019\/06\/la-infancia-de-las-hermanas-olsen-en-26-fotografias-22.jpg 980w, https:\/\/graziamagazine.com\/mx\/wp-content\/uploads\/sites\/13\/2019\/06\/la-infancia-de-las-hermanas-olsen-en-26-fotografias-22.jpg?resize=300,450 300w, https:\/\/graziamagazine.com\/mx\/wp-content\/uploads\/sites\/13\/2019\/06\/la-infancia-de-las-hermanas-olsen-en-26-fotografias-22.jpg?resize=768,1152 768w, https:\/\/graziamagazine.com\/mx\/wp-content\/uploads\/sites\/13\/2019\/06\/la-infancia-de-las-hermanas-olsen-en-26-fotografias-22.jpg?resize=683,1024 683w, https:\/\/graziamagazine.com\/mx\/wp-content\/uploads\/sites\/13\/2019\/06\/la-infancia-de-las-hermanas-olsen-en-26-fotografias-22.jpg?resize=143,215 143w\" sizes=\"(max-width: 980px) 100vw, 980px\" \/><\/div><div class=\"grazia-gallery-text\"><h5><em>Imagen: Getty Images<\/em><\/h5>\n<\/div><\/figure><figure class=\"gallery-item grazia-gallery-show-text\"><div class=\"gallery-icon landscape\"><img loading=\"lazy\" decoding=\"async\" width=\"980\" height=\"972\" src=\"https:\/\/graziamagazine.com\/mx\/wp-content\/uploads\/sites\/13\/2019\/06\/la-infancia-de-las-hermanas-olsen-en-26-fotografias-23.jpg\" class=\"lazy\" alt=\"\" srcset=\"https:\/\/graziamagazine.com\/mx\/wp-content\/uploads\/sites\/13\/2019\/06\/la-infancia-de-las-hermanas-olsen-en-26-fotografias-23.jpg 980w, https:\/\/graziamagazine.com\/mx\/wp-content\/uploads\/sites\/13\/2019\/06\/la-infancia-de-las-hermanas-olsen-en-26-fotografias-23.jpg?resize=150,150 150w, https:\/\/graziamagazine.com\/mx\/wp-content\/uploads\/sites\/13\/2019\/06\/la-infancia-de-las-hermanas-olsen-en-26-fotografias-23.jpg?resize=450,446 450w, https:\/\/graziamagazine.com\/mx\/wp-content\/uploads\/sites\/13\/2019\/06\/la-infancia-de-las-hermanas-olsen-en-26-fotografias-23.jpg?resize=768,762 768w, https:\/\/graziamagazine.com\/mx\/wp-content\/uploads\/sites\/13\/2019\/06\/la-infancia-de-las-hermanas-olsen-en-26-fotografias-23.jpg?resize=155,154 155w\" sizes=\"(max-width: 980px) 100vw, 980px\" \/><\/div><div class=\"grazia-gallery-text\"><h5><em>Imagen: Getty Images<\/em><\/h5>\n<\/div><\/figure><figure class=\"gallery-item grazia-gallery-show-text\"><div class=\"gallery-icon landscape\"><img loading=\"lazy\" decoding=\"async\" width=\"980\" height=\"1467\" src=\"https:\/\/graziamagazine.com\/mx\/wp-content\/uploads\/sites\/13\/2019\/06\/la-infancia-de-las-hermanas-olsen-en-26-fotografias-24.jpg\" class=\"lazy\" alt=\"\" srcset=\"https:\/\/graziamagazine.com\/mx\/wp-content\/uploads\/sites\/13\/2019\/06\/la-infancia-de-las-hermanas-olsen-en-26-fotografias-24.jpg 980w, https:\/\/graziamagazine.com\/mx\/wp-content\/uploads\/sites\/13\/2019\/06\/la-infancia-de-las-hermanas-olsen-en-26-fotografias-24.jpg?resize=301,450 301w, https:\/\/graziamagazine.com\/mx\/wp-content\/uploads\/sites\/13\/2019\/06\/la-infancia-de-las-hermanas-olsen-en-26-fotografias-24.jpg?resize=768,1150 768w, https:\/\/graziamagazine.com\/mx\/wp-content\/uploads\/sites\/13\/2019\/06\/la-infancia-de-las-hermanas-olsen-en-26-fotografias-24.jpg?resize=684,1024 684w, https:\/\/graziamagazine.com\/mx\/wp-content\/uploads\/sites\/13\/2019\/06\/la-infancia-de-las-hermanas-olsen-en-26-fotografias-24.jpg?resize=144,215 144w\" sizes=\"(max-width: 980px) 100vw, 980px\" \/><\/div><div class=\"grazia-gallery-text\"><h5><em>Imagen: Getty Images<\/em><\/h5>\n<\/div><\/figure><figure class=\"gallery-item grazia-gallery-show-text\"><div class=\"gallery-icon landscape\"><img loading=\"lazy\" decoding=\"async\" width=\"980\" height=\"1441\" src=\"https:\/\/graziamagazine.com\/mx\/wp-content\/uploads\/sites\/13\/2019\/06\/la-infancia-de-las-hermanas-olsen-en-26-fotografias-25.jpg\" class=\"lazy\" alt=\"\" srcset=\"https:\/\/graziamagazine.com\/mx\/wp-content\/uploads\/sites\/13\/2019\/06\/la-infancia-de-las-hermanas-olsen-en-26-fotografias-25.jpg 980w, https:\/\/graziamagazine.com\/mx\/wp-content\/uploads\/sites\/13\/2019\/06\/la-infancia-de-las-hermanas-olsen-en-26-fotografias-25.jpg?resize=306,450 306w, https:\/\/graziamagazine.com\/mx\/wp-content\/uploads\/sites\/13\/2019\/06\/la-infancia-de-las-hermanas-olsen-en-26-fotografias-25.jpg?resize=768,1129 768w, https:\/\/graziamagazine.com\/mx\/wp-content\/uploads\/sites\/13\/2019\/06\/la-infancia-de-las-hermanas-olsen-en-26-fotografias-25.jpg?resize=696,1024 696w, https:\/\/graziamagazine.com\/mx\/wp-content\/uploads\/sites\/13\/2019\/06\/la-infancia-de-las-hermanas-olsen-en-26-fotografias-25.jpg?resize=146,215 146w\" sizes=\"(max-width: 980px) 100vw, 980px\" \/><\/div><div class=\"grazia-gallery-text\"><h5><em>Imagen: Getty Images<\/em><\/h5>\n<\/div><\/figure><figure class=\"gallery-item grazia-gallery-show-text\"><div class=\"gallery-icon landscape\"><img loading=\"lazy\" decoding=\"async\" width=\"980\" height=\"1623\" src=\"https:\/\/graziamagazine.com\/mx\/wp-content\/uploads\/sites\/13\/2019\/06\/la-infancia-de-las-hermanas-olsen-en-26-fotografias-26.jpg\" class=\"lazy\" alt=\"\" srcset=\"https:\/\/graziamagazine.com\/mx\/wp-content\/uploads\/sites\/13\/2019\/06\/la-infancia-de-las-hermanas-olsen-en-26-fotografias-26.jpg 980w, https:\/\/graziamagazine.com\/mx\/wp-content\/uploads\/sites\/13\/2019\/06\/la-infancia-de-las-hermanas-olsen-en-26-fotografias-26.jpg?resize=272,450 272w, https:\/\/graziamagazine.com\/mx\/wp-content\/uploads\/sites\/13\/2019\/06\/la-infancia-de-las-hermanas-olsen-en-26-fotografias-26.jpg?resize=768,1272 768w, https:\/\/graziamagazine.com\/mx\/wp-content\/uploads\/sites\/13\/2019\/06\/la-infancia-de-las-hermanas-olsen-en-26-fotografias-26.jpg?resize=618,1024 618w, https:\/\/graziamagazine.com\/mx\/wp-content\/uploads\/sites\/13\/2019\/06\/la-infancia-de-las-hermanas-olsen-en-26-fotografias-26.jpg?resize=927,1536 927w, https:\/\/graziamagazine.com\/mx\/wp-content\/uploads\/sites\/13\/2019\/06\/la-infancia-de-las-hermanas-olsen-en-26-fotografias-26.jpg?resize=130,215 130w\" sizes=\"(max-width: 980px) 100vw, 980px\" \/><\/div><div class=\"grazia-gallery-text\"><h5><em>Imagen: Getty Images<\/em><\/h5>\n<\/div><\/figure><\/div><\/div>\n","protected":false},"author":11656,"featured_media":66186,"template":"","format":"gallery","categories":[2],"acf":[],"yoast_head":"<!-- This site is optimized with the Yoast SEO Premium plugin v18.5 (Yoast SEO v20.4) - https:\/\/yoast.com\/wordpress\/plugins\/seo\/ -->\n<title>La infancia de las hermanas Olsen en 26 fotograf\u00edas | Grazia M\u00e9xico y Latinoam\u00e9rica<\/title>\n<meta name=\"description\" content=\"Mary-Kate y Ashley Olsen son el par m\u00e1s exitoso de Hollywood y hoy por su cumplea\u00f1os las recordamos con 26 fotograf\u00edas de su infancia que jam\u00e1s hab\u00edas visto\" \/>\n<meta name=\"robots\" content=\"index, follow, max-snippet:-1, max-image-preview:large, max-video-preview:-1\" \/>\n<link rel=\"canonical\" href=\"https:\/\/graziamagazine.com\/mx\/articles\/la-infancia-de-las-hermanas-olsen-en-26-fotografias\/\" \/>\n<meta property=\"og:locale\" content=\"es_MX\" \/>\n<meta property=\"og:type\" content=\"article\" \/>\n<meta property=\"og:title\" content=\"La infancia de las hermanas Olsen en 26 fotograf\u00edas\" \/>\n<meta property=\"og:description\" content=\"Mary-Kate y Ashley Olsen son el par m\u00e1s exitoso de Hollywood y hoy por su cumplea\u00f1os las recordamos con 26 fotograf\u00edas de su infancia que jam\u00e1s hab\u00edas visto\" \/>\n<meta property=\"og:url\" content=\"https:\/\/graziamagazine.com\/mx\/articles\/la-infancia-de-las-hermanas-olsen-en-26-fotografias\/\" \/>\n<meta property=\"og:site_name\" content=\"Grazia M\u00e9xico y Latinoam\u00e9rica\" \/>\n<meta property=\"og:image\" content=\"https:\/\/graziamagazine.com\/mx\/wp-content\/uploads\/sites\/13\/2019\/06\/la-infancia-de-las-hermanas-olsen-en-26-fotografias.jpg?fit=570%2C354\" \/>\n\t<meta property=\"og:image:width\" content=\"570\" \/>\n\t<meta property=\"og:image:height\" content=\"354\" \/>\n\t<meta property=\"og:image:type\" content=\"image\/jpeg\" \/>\n<meta name=\"twitter:card\" content=\"summary_large_image\" \/>\n<script type=\"application\/ld+json\" class=\"yoast-schema-graph\">{\"@context\":\"https:\/\/schema.org\",\"@graph\":[{\"@type\":\"WebPage\",\"@id\":\"https:\/\/graziamagazine.com\/mx\/articles\/la-infancia-de-las-hermanas-olsen-en-26-fotografias\/\",\"url\":\"https:\/\/graziamagazine.com\/mx\/articles\/la-infancia-de-las-hermanas-olsen-en-26-fotografias\/\",\"name\":\"La infancia de las hermanas Olsen en 26 fotograf\u00edas | Grazia M\u00e9xico y Latinoam\u00e9rica\",\"isPartOf\":{\"@id\":\"https:\/\/graziamagazine.com\/mx\/#website\"},\"datePublished\":\"2019-06-13T18:08:10+00:00\",\"dateModified\":\"2019-06-13T18:08:10+00:00\",\"description\":\"Mary-Kate y Ashley Olsen son el par m\u00e1s exitoso de Hollywood y hoy por su cumplea\u00f1os las recordamos con 26 fotograf\u00edas de su infancia que jam\u00e1s hab\u00edas visto\",\"breadcrumb\":{\"@id\":\"https:\/\/graziamagazine.com\/mx\/articles\/la-infancia-de-las-hermanas-olsen-en-26-fotografias\/#breadcrumb\"},\"inLanguage\":\"es-MX\",\"potentialAction\":[{\"@type\":\"ReadAction\",\"target\":[\"https:\/\/graziamagazine.com\/mx\/articles\/la-infancia-de-las-hermanas-olsen-en-26-fotografias\/\"]}]},{\"@type\":\"BreadcrumbList\",\"@id\":\"https:\/\/graziamagazine.com\/mx\/articles\/la-infancia-de-las-hermanas-olsen-en-26-fotografias\/#breadcrumb\",\"itemListElement\":[{\"@type\":\"ListItem\",\"position\":1,\"name\":\"Home\",\"item\":\"https:\/\/graziamagazine.com\/mx\/\"},{\"@type\":\"ListItem\",\"position\":2,\"name\":\"La infancia de las hermanas Olsen en 26 fotograf\u00edas\"}]},{\"@type\":\"WebSite\",\"@id\":\"https:\/\/graziamagazine.com\/mx\/#website\",\"url\":\"https:\/\/graziamagazine.com\/mx\/\",\"name\":\"Grazia M\u00e9xico y Latinoam\u00e9rica\",\"description\":\"Grazia es moda, belleza y noticias  de actualidad \",\"potentialAction\":[{\"@type\":\"SearchAction\",\"target\":{\"@type\":\"EntryPoint\",\"urlTemplate\":\"https:\/\/graziamagazine.com\/mx\/?s={search_term_string}\"},\"query-input\":\"required name=search_term_string\"}],\"inLanguage\":\"es-MX\"}]}<\/script>\n<!-- \/ Yoast SEO Premium plugin. -->","yoast_head_json":{"title":"La infancia de las hermanas Olsen en 26 fotograf\u00edas | Grazia M\u00e9xico y Latinoam\u00e9rica","description":"Mary-Kate y Ashley Olsen son el par m\u00e1s exitoso de Hollywood y hoy por su cumplea\u00f1os las recordamos con 26 fotograf\u00edas de su infancia que jam\u00e1s hab\u00edas visto","robots":{"index":"index","follow":"follow","max-snippet":"max-snippet:-1","max-image-preview":"max-image-preview:large","max-video-preview":"max-video-preview:-1"},"canonical":"https:\/\/graziamagazine.com\/mx\/articles\/la-infancia-de-las-hermanas-olsen-en-26-fotografias\/","og_locale":"es_MX","og_type":"article","og_title":"La infancia de las hermanas Olsen en 26 fotograf\u00edas","og_description":"Mary-Kate y Ashley Olsen son el par m\u00e1s exitoso de Hollywood y hoy por su cumplea\u00f1os las recordamos con 26 fotograf\u00edas de su infancia que jam\u00e1s hab\u00edas visto","og_url":"https:\/\/graziamagazine.com\/mx\/articles\/la-infancia-de-las-hermanas-olsen-en-26-fotografias\/","og_site_name":"Grazia M\u00e9xico y Latinoam\u00e9rica","og_image":[{"width":570,"height":354,"url":"https:\/\/graziamagazine.com\/mx\/wp-content\/uploads\/sites\/13\/2019\/06\/la-infancia-de-las-hermanas-olsen-en-26-fotografias.jpg?fit=570%2C354","type":"image\/jpeg"}],"twitter_card":"summary_large_image","schema":{"@context":"https:\/\/schema.org","@graph":[{"@type":"WebPage","@id":"https:\/\/graziamagazine.com\/mx\/articles\/la-infancia-de-las-hermanas-olsen-en-26-fotografias\/","url":"https:\/\/graziamagazine.com\/mx\/articles\/la-infancia-de-las-hermanas-olsen-en-26-fotografias\/","name":"La infancia de las hermanas Olsen en 26 fotograf\u00edas | Grazia M\u00e9xico y Latinoam\u00e9rica","isPartOf":{"@id":"https:\/\/graziamagazine.com\/mx\/#website"},"datePublished":"2019-06-13T18:08:10+00:00","dateModified":"2019-06-13T18:08:10+00:00","description":"Mary-Kate y Ashley Olsen son el par m\u00e1s exitoso de Hollywood y hoy por su cumplea\u00f1os las recordamos con 26 fotograf\u00edas de su infancia que jam\u00e1s hab\u00edas visto","breadcrumb":{"@id":"https:\/\/graziamagazine.com\/mx\/articles\/la-infancia-de-las-hermanas-olsen-en-26-fotografias\/#breadcrumb"},"inLanguage":"es-MX","potentialAction":[{"@type":"ReadAction","target":["https:\/\/graziamagazine.com\/mx\/articles\/la-infancia-de-las-hermanas-olsen-en-26-fotografias\/"]}]},{"@type":"BreadcrumbList","@id":"https:\/\/graziamagazine.com\/mx\/articles\/la-infancia-de-las-hermanas-olsen-en-26-fotografias\/#breadcrumb","itemListElement":[{"@type":"ListItem","position":1,"name":"Home","item":"https:\/\/graziamagazine.com\/mx\/"},{"@type":"ListItem","position":2,"name":"La infancia de las hermanas Olsen en 26 fotograf\u00edas"}]},{"@type":"WebSite","@id":"https:\/\/graziamagazine.com\/mx\/#website","url":"https:\/\/graziamagazine.com\/mx\/","name":"Grazia M\u00e9xico y Latinoam\u00e9rica","description":"Grazia es moda, belleza y noticias  de actualidad ","potentialAction":[{"@type":"SearchAction","target":{"@type":"EntryPoint","urlTemplate":"https:\/\/graziamagazine.com\/mx\/?s={search_term_string}"},"query-input":"required name=search_term_string"}],"inLanguage":"es-MX"}]}},"jetpack_sharing_enabled":true,"distributor_meta":false,"distributor_terms":false,"distributor_media":false,"distributor_original_site_name":"Grazia M\u00e9xico y Latinoam\u00e9rica","distributor_original_site_url":"https:\/\/graziamagazine.com\/mx","push-errors":false,"_links":{"self":[{"href":"https:\/\/graziamagazine.com\/mx\/wp-json\/wp\/v2\/articles\/66179"}],"collection":[{"href":"https:\/\/graziamagazine.com\/mx\/wp-json\/wp\/v2\/articles"}],"about":[{"href":"https:\/\/graziamagazine.com\/mx\/wp-json\/wp\/v2\/types\/articles"}],"author":[{"embeddable":true,"href":"https:\/\/graziamagazine.com\/mx\/wp-json\/wp\/v2\/users\/11656"}],"wp:featuredmedia":[{"embeddable":true,"href":"https:\/\/graziamagazine.com\/mx\/wp-json\/wp\/v2\/media\/66186"}],"wp:attachment":[{"href":"https:\/\/graziamagazine.com\/mx\/wp-json\/wp\/v2\/media?parent=66179"}],"wp:term":[{"taxonomy":"category","embeddable":true,"href":"https:\/\/graziamagazine.com\/mx\/wp-json\/wp\/v2\/categories?post=66179"}],"curies":[{"name":"wp","href":"https:\/\/api.w.org\/{rel}","templated":true}]}}