{"id":65796,"date":"2019-06-02T19:01:13","date_gmt":"2019-06-03T00:01:13","guid":{"rendered":"https:\/\/graziamagazine.com\/mx\/?p=65796"},"modified":"2019-06-02T19:34:13","modified_gmt":"2019-06-03T00:34:13","slug":"mi-cuerpo-mi-decision-una-frase-tan-vigente-como-el-estilo-de-gucci","status":"publish","type":"articles","link":"https:\/\/graziamagazine.com\/mx\/articles\/mi-cuerpo-mi-decision-una-frase-tan-vigente-como-el-estilo-de-gucci\/","title":{"rendered":"Mi cuerpo, mi decisi\u00f3n: Una frase tan vigente como el estilo de Gucci"},"content":{"rendered":"<p><b>Un coraz\u00f3n puede ser s\u00edmbolo de feminidad pero, \u00bfun \u00fatero es esc\u00e1ndalo? Y nuestros derechos como mujeres, \u00bfd\u00f3nde quedan? Caro Saracho y Gucci abren el discurso.<\/b><!--more--><\/p>\n<p>A lo largo de la historia, la moda ha sido un reflejo sociocultural de qui\u00e9n la usa, pero en el siglo XX tom\u00f3 un papel transformador y progresista, uno que hab\u00edamos dejado un poco de lado en los \u00faltimos a\u00f1os, pero que <b>Gucci<\/b> acaba de reivindicar con su colecci\u00f3n <a href=\"https:\/\/graziamagazine.com\/mx\/gucci-cruise-2020-y-la-liberacion-femenina\/\" target=\"_blank\" rel=\"noopener\"><b><i>Cruise<\/i> 2020<\/b><\/a>.<\/p>\n<p>Muchos dise\u00f1adores lo han hecho, pero <b>Coco Chanel<\/b> ser\u00e1 siempre referencia del car\u00e1cter reivindicativo de la moda, la figura que se atrevi\u00f3 a desafiar el status quo y a proponer modelos transgresores para la \u00e9poca, logrando que este patr\u00f3n de desaf\u00edo se convirtiera en la tendencia a la que se deb\u00eda aspirar.<\/p>\n<p>Y aunque hubo un par de d\u00e9cadas en las que esto no fue tan evidente en las semanas de la moda, poco a poco vimos surgir declaraciones sociopol\u00edticas sobre la pasarela, como la de <b>Maria Grazia Chiuri<\/b> en su primera colecci\u00f3n para <b>Dior<\/b>, apostando a los mensajes directos sobre sus prendas.<\/p>\n<p>En febrero de este a\u00f1o hubo mucho movimiento tras los desfiles de primavera-verano, y los titulares alrededor de <i>Fashion Week<\/i> en todo el mundo apostaban porque la moda se hab\u00eda vuelto pol\u00edtica, pero si alguien a\u00fan estaba esc\u00e9ptico, <b>Alessandro Michele<\/b> acab\u00f3 por reafirmar el compromiso de la industria con los derechos de qui\u00e9n la usa.<\/p>\n<p>En pleno debate sobre la legalidad del aborto, justo cuando Estados Unidos acaba de promulgar (en algunos estados) leyes que criminalizan esta pr\u00e1ctica, Gucci convirti\u00f3 su desfile en un espacio de protesta que reivindica el derecho a decidir de las mujeres.<\/p>\n<p>Cuatro prendas le bastaron para establecer su opini\u00f3n y hacer de Gucci una declaraci\u00f3n, festejando la libertad y la diversidad con mensajes no s\u00f3lo atinados, sino poderosos.<\/p>\n<p>Si la figura del coraz\u00f3n se utiliza en cientos de dise\u00f1os, \u00bfpor qu\u00e9 no el \u00fatero? \u00bfPor qu\u00e9 no un elemento m\u00e1s realista de nuestra feminidad? \u00a1Basta de relacionar nuestra esencia femenina con corazones! Un \u00fatero preciosamente bordado, con delicados apliques brillantes, sobre un tejido fluido de un vestido fabuloso. \u00a1Ese es un mensaje que hace ruido!<\/p>\n<p><img decoding=\"async\" class=\"alignnone size-large wp-image-65798\" src=\"https:\/\/graziamagazine.com\/mx\/wp-content\/uploads\/sites\/13\/2019\/06\/mi-cuerpo-mi-decision-una-frase-tan-vigente-como-el-estilo-de-gucci-1-700x447.jpg\" alt=\"\" \/><\/p>\n<p>Porque incomoda\u2026 Porque ni las propias mujeres estamos acostumbradas a ver nuestro cuerpo, ni siquiera a conocerlo. Y Alessandro Michele decidi\u00f3 sacarlo, hacerlo visible, mostrarle al mundo que ah\u00ed, nosotras mandamos, que nadie m\u00e1s tiene derecho a decidir sobre lo que pasa dentro, reflejando con esto su visi\u00f3n sobre la libertad, la igualdad y la expresi\u00f3n.<\/p>\n<p>\u201cMy body, my choice\u201d, el slogan que desde los setenta ha encabezado esta lucha de las mujeres por decidir sobre su cuerpo apareci\u00f3 tambi\u00e9n en uno de los dise\u00f1os de la marca, bordada sobre un saco con este <i>mix<\/i> \u00fanico entre lo <i>vintage<\/i> y lo vanguardista al que siempre recurre Gucci, record\u00e1ndonos que la frase sigue tan vigente como su estilo.<\/p>\n<p>La colecci\u00f3n \u201cUn himno a la libertad\u201d sin duda acapar\u00f3 los titulares, y no s\u00f3lo de las revistas de moda, porque como dijo Alessandro Michele en una declaraci\u00f3n posterior, \u201c[\u2026] las mujeres deben ser respetadas, deber\u00edan ser libres de escoger lo que quieren. Poner fin a un embarazo no va a arrancar la flor que cada una tiene en su \u00fatero. Las elecciones a veces son muy dif\u00edciles en la vida\u2026\u201d<\/p>\n<p>\u00a1M\u00e1s Alessandros en el mundo, por favor! Y es que en una declaraci\u00f3n tan simple pone sobre la mesa el debate que desde hace a\u00f1os gira alrededor del aborto, record\u00e1ndonos que no se trata de una elecci\u00f3n f\u00e1cil, pero que <i>debe <\/i>ser una elecci\u00f3n.<\/p>\n<p>Es momento de separar, de una vez por todas, la noci\u00f3n de que estar en contra del aborto es estar a favor de la vida, \u00a1todas las mujeres estamos a favor de la vida! \u00a1Ninguna quiere hacerse un aborto! No es un proceso agradable, no es entrar a una cama de masajes y salir feliz y relajada, \u00a1nadie quiere pasar por eso! Pero debemos tener el derecho a decidir qu\u00e9 vida queremos vivir, nosotras y la descendencia que elijamos tener.<\/p>\n<p>As\u00ed que promover leyes que permitan el aborto no es promover el aborto en s\u00ed, sino darnos a las mujeres la opci\u00f3n de decidir, y con ello, la seguridad de que si elegimos no continuar con nuestro embarazo, no estamos poniendo nuestra vida en riesgo.<\/p>\n<p>La maternidad <i>debe<\/i> ser una elecci\u00f3n, por lo tanto, el aborto <i>debe<\/i> ser una opci\u00f3n. Una pr\u00e1ctica segura, en las condiciones apropiadas, que velen por la vida de la mujer que est\u00e1 eligiendo.<\/p>\n<p>Y sin duda, una opci\u00f3n sobre la que los hombres no deber\u00edan tener mucho qu\u00e9 decir al respecto, a menos que estuvieran dispuestos a poner su vasectom\u00eda en manos del estado, y a permitir que sean los gobiernos los que decidan si su semen lleva espermas, o no.<\/p>\n<p>Esta semana Gucci se pronunci\u00f3 al respecto, y lo hizo con todos los reflectores puestos. Pronto veremos a muchas celebridades usando estos dise\u00f1os, apoyando las ideas de Alessandro Michele y el compromiso de la firma italiana con la libertad. Esperemos que esta pasarela sea una m\u00e1s de muchas que veamos trayendo de vuelta este esp\u00edritu transformador de la moda.<\/p>\n<h5><\/h5>\n<h5><em>*IM\u00c1GENES: Cortes\u00eda de Gucci<\/em><\/h5>\n","protected":false},"author":11626,"featured_media":65799,"template":"","format":"standard","categories":[114],"acf":[],"yoast_head":"<!-- This site is optimized with the Yoast SEO Premium plugin v18.5 (Yoast SEO v20.4) - https:\/\/yoast.com\/wordpress\/plugins\/seo\/ -->\n<title>Mi cuerpo, mi decisi\u00f3n: Una frase tan vigente como el estilo de Gucci | Grazia M\u00e9xico y Latinoam\u00e9rica<\/title>\n<meta name=\"description\" content=\"Un coraz\u00f3n puede ser s\u00edmbolo de feminidad pero, \u00bfun \u00fatero es esc\u00e1ndalo? Y nuestros derechos como mujeres, \u00bfd\u00f3nde quedan? Caro Saracho y Gucci nos dicen.\" \/>\n<meta name=\"robots\" content=\"index, follow, max-snippet:-1, max-image-preview:large, max-video-preview:-1\" \/>\n<link rel=\"canonical\" href=\"https:\/\/graziamagazine.com\/mx\/articles\/mi-cuerpo-mi-decision-una-frase-tan-vigente-como-el-estilo-de-gucci\/\" \/>\n<meta property=\"og:locale\" content=\"es_MX\" \/>\n<meta property=\"og:type\" content=\"article\" \/>\n<meta property=\"og:title\" content=\"Mi cuerpo, mi decisi\u00f3n: Una frase tan vigente como el estilo de Gucci\" \/>\n<meta property=\"og:description\" content=\"Un coraz\u00f3n puede ser s\u00edmbolo de feminidad pero, \u00bfun \u00fatero es esc\u00e1ndalo? Y nuestros derechos como mujeres, \u00bfd\u00f3nde quedan? Caro Saracho y Gucci nos dicen.\" \/>\n<meta property=\"og:url\" content=\"https:\/\/graziamagazine.com\/mx\/articles\/mi-cuerpo-mi-decision-una-frase-tan-vigente-como-el-estilo-de-gucci\/\" \/>\n<meta property=\"og:site_name\" content=\"Grazia M\u00e9xico y Latinoam\u00e9rica\" \/>\n<meta property=\"article:modified_time\" content=\"2019-06-03T00:34:13+00:00\" \/>\n<meta property=\"og:image\" content=\"https:\/\/graziamagazine.com\/mx\/wp-content\/uploads\/sites\/13\/2019\/06\/mi-cuerpo-mi-decision-una-frase-tan-vigente-como-el-estilo-de-gucci-destacada.jpg?fit=2429%2C1330\" \/>\n\t<meta property=\"og:image:width\" content=\"2429\" \/>\n\t<meta property=\"og:image:height\" content=\"1330\" \/>\n\t<meta property=\"og:image:type\" content=\"image\/jpeg\" \/>\n<meta name=\"twitter:card\" content=\"summary_large_image\" \/>\n<meta name=\"twitter:label1\" content=\"Est. reading time\" \/>\n\t<meta name=\"twitter:data1\" content=\"5 minutos\" \/>\n<script type=\"application\/ld+json\" class=\"yoast-schema-graph\">{\"@context\":\"https:\/\/schema.org\",\"@graph\":[{\"@type\":\"WebPage\",\"@id\":\"https:\/\/graziamagazine.com\/mx\/articles\/mi-cuerpo-mi-decision-una-frase-tan-vigente-como-el-estilo-de-gucci\/\",\"url\":\"https:\/\/graziamagazine.com\/mx\/articles\/mi-cuerpo-mi-decision-una-frase-tan-vigente-como-el-estilo-de-gucci\/\",\"name\":\"Mi cuerpo, mi decisi\u00f3n: Una frase tan vigente como el estilo de Gucci | Grazia M\u00e9xico y Latinoam\u00e9rica\",\"isPartOf\":{\"@id\":\"https:\/\/graziamagazine.com\/mx\/#website\"},\"datePublished\":\"2019-06-03T00:01:13+00:00\",\"dateModified\":\"2019-06-03T00:34:13+00:00\",\"description\":\"Un coraz\u00f3n puede ser s\u00edmbolo de feminidad pero, \u00bfun \u00fatero es esc\u00e1ndalo? Y nuestros derechos como mujeres, \u00bfd\u00f3nde quedan? Caro Saracho y Gucci nos dicen.\",\"breadcrumb\":{\"@id\":\"https:\/\/graziamagazine.com\/mx\/articles\/mi-cuerpo-mi-decision-una-frase-tan-vigente-como-el-estilo-de-gucci\/#breadcrumb\"},\"inLanguage\":\"es-MX\",\"potentialAction\":[{\"@type\":\"ReadAction\",\"target\":[\"https:\/\/graziamagazine.com\/mx\/articles\/mi-cuerpo-mi-decision-una-frase-tan-vigente-como-el-estilo-de-gucci\/\"]}]},{\"@type\":\"BreadcrumbList\",\"@id\":\"https:\/\/graziamagazine.com\/mx\/articles\/mi-cuerpo-mi-decision-una-frase-tan-vigente-como-el-estilo-de-gucci\/#breadcrumb\",\"itemListElement\":[{\"@type\":\"ListItem\",\"position\":1,\"name\":\"Home\",\"item\":\"https:\/\/graziamagazine.com\/mx\/\"},{\"@type\":\"ListItem\",\"position\":2,\"name\":\"Mi cuerpo, mi decisi\u00f3n: Una frase tan vigente como el estilo de Gucci\"}]},{\"@type\":\"WebSite\",\"@id\":\"https:\/\/graziamagazine.com\/mx\/#website\",\"url\":\"https:\/\/graziamagazine.com\/mx\/\",\"name\":\"Grazia M\u00e9xico y Latinoam\u00e9rica\",\"description\":\"Grazia es moda, belleza y noticias  de actualidad \",\"potentialAction\":[{\"@type\":\"SearchAction\",\"target\":{\"@type\":\"EntryPoint\",\"urlTemplate\":\"https:\/\/graziamagazine.com\/mx\/?s={search_term_string}\"},\"query-input\":\"required name=search_term_string\"}],\"inLanguage\":\"es-MX\"}]}<\/script>\n<!-- \/ Yoast SEO Premium plugin. -->","yoast_head_json":{"title":"Mi cuerpo, mi decisi\u00f3n: Una frase tan vigente como el estilo de Gucci | Grazia M\u00e9xico y Latinoam\u00e9rica","description":"Un coraz\u00f3n puede ser s\u00edmbolo de feminidad pero, \u00bfun \u00fatero es esc\u00e1ndalo? Y nuestros derechos como mujeres, \u00bfd\u00f3nde quedan? Caro Saracho y Gucci nos dicen.","robots":{"index":"index","follow":"follow","max-snippet":"max-snippet:-1","max-image-preview":"max-image-preview:large","max-video-preview":"max-video-preview:-1"},"canonical":"https:\/\/graziamagazine.com\/mx\/articles\/mi-cuerpo-mi-decision-una-frase-tan-vigente-como-el-estilo-de-gucci\/","og_locale":"es_MX","og_type":"article","og_title":"Mi cuerpo, mi decisi\u00f3n: Una frase tan vigente como el estilo de Gucci","og_description":"Un coraz\u00f3n puede ser s\u00edmbolo de feminidad pero, \u00bfun \u00fatero es esc\u00e1ndalo? Y nuestros derechos como mujeres, \u00bfd\u00f3nde quedan? Caro Saracho y Gucci nos dicen.","og_url":"https:\/\/graziamagazine.com\/mx\/articles\/mi-cuerpo-mi-decision-una-frase-tan-vigente-como-el-estilo-de-gucci\/","og_site_name":"Grazia M\u00e9xico y Latinoam\u00e9rica","article_modified_time":"2019-06-03T00:34:13+00:00","og_image":[{"width":2429,"height":1330,"url":"https:\/\/graziamagazine.com\/mx\/wp-content\/uploads\/sites\/13\/2019\/06\/mi-cuerpo-mi-decision-una-frase-tan-vigente-como-el-estilo-de-gucci-destacada.jpg?fit=2429%2C1330","type":"image\/jpeg"}],"twitter_card":"summary_large_image","twitter_misc":{"Est. reading time":"5 minutos"},"schema":{"@context":"https:\/\/schema.org","@graph":[{"@type":"WebPage","@id":"https:\/\/graziamagazine.com\/mx\/articles\/mi-cuerpo-mi-decision-una-frase-tan-vigente-como-el-estilo-de-gucci\/","url":"https:\/\/graziamagazine.com\/mx\/articles\/mi-cuerpo-mi-decision-una-frase-tan-vigente-como-el-estilo-de-gucci\/","name":"Mi cuerpo, mi decisi\u00f3n: Una frase tan vigente como el estilo de Gucci | Grazia M\u00e9xico y Latinoam\u00e9rica","isPartOf":{"@id":"https:\/\/graziamagazine.com\/mx\/#website"},"datePublished":"2019-06-03T00:01:13+00:00","dateModified":"2019-06-03T00:34:13+00:00","description":"Un coraz\u00f3n puede ser s\u00edmbolo de feminidad pero, \u00bfun \u00fatero es esc\u00e1ndalo? Y nuestros derechos como mujeres, \u00bfd\u00f3nde quedan? Caro Saracho y Gucci nos dicen.","breadcrumb":{"@id":"https:\/\/graziamagazine.com\/mx\/articles\/mi-cuerpo-mi-decision-una-frase-tan-vigente-como-el-estilo-de-gucci\/#breadcrumb"},"inLanguage":"es-MX","potentialAction":[{"@type":"ReadAction","target":["https:\/\/graziamagazine.com\/mx\/articles\/mi-cuerpo-mi-decision-una-frase-tan-vigente-como-el-estilo-de-gucci\/"]}]},{"@type":"BreadcrumbList","@id":"https:\/\/graziamagazine.com\/mx\/articles\/mi-cuerpo-mi-decision-una-frase-tan-vigente-como-el-estilo-de-gucci\/#breadcrumb","itemListElement":[{"@type":"ListItem","position":1,"name":"Home","item":"https:\/\/graziamagazine.com\/mx\/"},{"@type":"ListItem","position":2,"name":"Mi cuerpo, mi decisi\u00f3n: Una frase tan vigente como el estilo de Gucci"}]},{"@type":"WebSite","@id":"https:\/\/graziamagazine.com\/mx\/#website","url":"https:\/\/graziamagazine.com\/mx\/","name":"Grazia M\u00e9xico y Latinoam\u00e9rica","description":"Grazia es moda, belleza y noticias  de actualidad ","potentialAction":[{"@type":"SearchAction","target":{"@type":"EntryPoint","urlTemplate":"https:\/\/graziamagazine.com\/mx\/?s={search_term_string}"},"query-input":"required name=search_term_string"}],"inLanguage":"es-MX"}]}},"jetpack_sharing_enabled":true,"distributor_meta":false,"distributor_terms":false,"distributor_media":false,"distributor_original_site_name":"Grazia M\u00e9xico y Latinoam\u00e9rica","distributor_original_site_url":"https:\/\/graziamagazine.com\/mx","push-errors":false,"_links":{"self":[{"href":"https:\/\/graziamagazine.com\/mx\/wp-json\/wp\/v2\/articles\/65796"}],"collection":[{"href":"https:\/\/graziamagazine.com\/mx\/wp-json\/wp\/v2\/articles"}],"about":[{"href":"https:\/\/graziamagazine.com\/mx\/wp-json\/wp\/v2\/types\/articles"}],"author":[{"embeddable":true,"href":"https:\/\/graziamagazine.com\/mx\/wp-json\/wp\/v2\/users\/11626"}],"wp:featuredmedia":[{"embeddable":true,"href":"https:\/\/graziamagazine.com\/mx\/wp-json\/wp\/v2\/media\/65799"}],"wp:attachment":[{"href":"https:\/\/graziamagazine.com\/mx\/wp-json\/wp\/v2\/media?parent=65796"}],"wp:term":[{"taxonomy":"category","embeddable":true,"href":"https:\/\/graziamagazine.com\/mx\/wp-json\/wp\/v2\/categories?post=65796"}],"curies":[{"name":"wp","href":"https:\/\/api.w.org\/{rel}","templated":true}]}}