{"id":65588,"date":"2019-05-27T17:47:27","date_gmt":"2019-05-27T22:47:27","guid":{"rendered":"https:\/\/graziamagazine.com\/mx\/?p=65588"},"modified":"2019-05-27T17:58:13","modified_gmt":"2019-05-27T22:58:13","slug":"como-usar-una-falda-midi-segun-lady-di","status":"publish","type":"articles","link":"https:\/\/graziamagazine.com\/mx\/articles\/como-usar-una-falda-midi-segun-lady-di\/","title":{"rendered":"C\u00f3mo usar una falda midi seg\u00fan Lady Di"},"content":{"rendered":"<div class=\"content-gallery\"><div class=\"gallery-placeholder\"><div class=\"spinner\"><\/div><\/div><span class=\"gallery-pagination\"><\/span><div id=\"gallery-1\" class=\"gallery galleryid-65588 gallery-columns- gallery-size-\"><figure class=\"gallery-item grazia-gallery-show-text\"><div class=\"gallery-icon landscape\"><img loading=\"lazy\" decoding=\"async\" width=\"505\" height=\"898\" src=\"https:\/\/graziamagazine.com\/mx\/wp-content\/uploads\/sites\/13\/2019\/05\/como-usar-una-falda-midi-segun-lady-di-1.jpg\" class=\"lazy\" alt=\"\" srcset=\"https:\/\/graziamagazine.com\/mx\/wp-content\/uploads\/sites\/13\/2019\/05\/como-usar-una-falda-midi-segun-lady-di-1.jpg 505w, https:\/\/graziamagazine.com\/mx\/wp-content\/uploads\/sites\/13\/2019\/05\/como-usar-una-falda-midi-segun-lady-di-1.jpg?resize=253,450 253w, https:\/\/graziamagazine.com\/mx\/wp-content\/uploads\/sites\/13\/2019\/05\/como-usar-una-falda-midi-segun-lady-di-1.jpg?resize=121,215 121w\" sizes=\"(max-width: 505px) 100vw, 505px\" \/><\/div><div class=\"grazia-gallery-text\"><p>El estilo de las <em>royals<\/em> es un tema que siempre da mucho de qu\u00e9 hablar, y s\u00ed, <strong>Kate Middleton<\/strong> y<strong> Meghan Markle<\/strong> han sabido abrirse camino con un estilo \u00fanico.\u00a0Indudablemente, lo m\u00e1s importante es impregnar personalidad en cada <em>outfit, <\/em>sin embargo, el estilo de\u00a0<strong>Lady Di<\/strong>\u00a0es uno que nadie nunca podr\u00e1 imitar, la princesa supo apoderarse de cada una de sus prendas e impregnar su esencia en cada <em>look<\/em>.<\/p>\n<h5><em>Imagen: Getty Images<\/em><\/h5>\n<\/div><\/figure><figure class=\"gallery-item grazia-gallery-show-text\"><div class=\"gallery-icon landscape\"><img loading=\"lazy\" decoding=\"async\" width=\"564\" height=\"780\" src=\"https:\/\/graziamagazine.com\/mx\/wp-content\/uploads\/sites\/13\/2019\/05\/como-usar-una-falda-midi-segun-lady-di-2.jpg\" class=\"lazy\" alt=\"\" srcset=\"https:\/\/graziamagazine.com\/mx\/wp-content\/uploads\/sites\/13\/2019\/05\/como-usar-una-falda-midi-segun-lady-di-2.jpg 564w, https:\/\/graziamagazine.com\/mx\/wp-content\/uploads\/sites\/13\/2019\/05\/como-usar-una-falda-midi-segun-lady-di-2.jpg?resize=325,450 325w, https:\/\/graziamagazine.com\/mx\/wp-content\/uploads\/sites\/13\/2019\/05\/como-usar-una-falda-midi-segun-lady-di-2.jpg?resize=155,215 155w\" sizes=\"(max-width: 564px) 100vw, 564px\" \/><\/div><div class=\"grazia-gallery-text\"><p>La sencillez y elegancia son los elementos que la hicieron abrirse camino como un insuperable \u00edcono de estilo.\u00a0En <em>jeans<\/em> de mezclilla a la cintura o en espectaculares vestidos de noche, la princesa siempre reflej\u00f3 confianza y comodidad, sin embargo, no podemos olvidarnos de las <em>midi skirts<\/em> con las que siempre luci\u00f3 deslumbrante.<\/p>\n<h5><em>Imagen: Getty Images<\/em><\/h5>\n<\/div><\/figure><figure class=\"gallery-item grazia-gallery-show-text\"><div class=\"gallery-icon landscape\"><img loading=\"lazy\" decoding=\"async\" width=\"480\" height=\"600\" src=\"https:\/\/graziamagazine.com\/mx\/wp-content\/uploads\/sites\/13\/2019\/05\/como-usar-una-falda-midi-segun-lady-di-3.jpg\" class=\"lazy\" alt=\"\" srcset=\"https:\/\/graziamagazine.com\/mx\/wp-content\/uploads\/sites\/13\/2019\/05\/como-usar-una-falda-midi-segun-lady-di-3.jpg 480w, https:\/\/graziamagazine.com\/mx\/wp-content\/uploads\/sites\/13\/2019\/05\/como-usar-una-falda-midi-segun-lady-di-3.jpg?resize=360,450 360w, https:\/\/graziamagazine.com\/mx\/wp-content\/uploads\/sites\/13\/2019\/05\/como-usar-una-falda-midi-segun-lady-di-3.jpg?resize=155,194 155w\" sizes=\"(max-width: 480px) 100vw, 480px\" \/><\/div><div class=\"grazia-gallery-text\"><p>En <em>sets<\/em> completos o combinadas con<em> jerseys<\/em> de algod\u00f3n, en telas ligeras y plisadas, de seda o de lino, lisas o con <em>prints<\/em> de flores, no importa de qu\u00e9 material y gr\u00e1fico estuvieran hechas o en qu\u00e9 ocasi\u00f3n las usara, Lady Di creaba una vibra imponente con su forma de usarlas y hoy es nuestra mayor inspiraci\u00f3n.<\/p>\n<p>Aqu\u00ed sus mejores momentos de estilo con el <em>must<\/em> de la primavera:<\/p>\n<h5><em>Imagen: Getty Images<\/em><\/h5>\n<\/div><\/figure><figure class=\"gallery-item grazia-gallery-show-text\"><div class=\"gallery-icon landscape\"><img loading=\"lazy\" decoding=\"async\" width=\"480\" height=\"601\" src=\"https:\/\/graziamagazine.com\/mx\/wp-content\/uploads\/sites\/13\/2019\/05\/como-usar-una-falda-midi-segun-lady-di-4.jpg\" class=\"lazy\" alt=\"\" srcset=\"https:\/\/graziamagazine.com\/mx\/wp-content\/uploads\/sites\/13\/2019\/05\/como-usar-una-falda-midi-segun-lady-di-4.jpg 480w, https:\/\/graziamagazine.com\/mx\/wp-content\/uploads\/sites\/13\/2019\/05\/como-usar-una-falda-midi-segun-lady-di-4.jpg?resize=359,450 359w, https:\/\/graziamagazine.com\/mx\/wp-content\/uploads\/sites\/13\/2019\/05\/como-usar-una-falda-midi-segun-lady-di-4.jpg?resize=155,194 155w\" sizes=\"(max-width: 480px) 100vw, 480px\" \/><\/div><div class=\"grazia-gallery-text\"><h5><em>Imagen: Getty Images<\/em><\/h5>\n<\/div><\/figure><figure class=\"gallery-item grazia-gallery-show-text\"><div class=\"gallery-icon landscape\"><img loading=\"lazy\" decoding=\"async\" width=\"700\" height=\"1070\" src=\"https:\/\/graziamagazine.com\/mx\/wp-content\/uploads\/sites\/13\/2019\/05\/como-usar-una-falda-midi-segun-lady-di-5.jpg\" class=\"lazy\" alt=\"\" srcset=\"https:\/\/graziamagazine.com\/mx\/wp-content\/uploads\/sites\/13\/2019\/05\/como-usar-una-falda-midi-segun-lady-di-5.jpg 700w, https:\/\/graziamagazine.com\/mx\/wp-content\/uploads\/sites\/13\/2019\/05\/como-usar-una-falda-midi-segun-lady-di-5.jpg?resize=294,450 294w, https:\/\/graziamagazine.com\/mx\/wp-content\/uploads\/sites\/13\/2019\/05\/como-usar-una-falda-midi-segun-lady-di-5.jpg?resize=670,1024 670w, https:\/\/graziamagazine.com\/mx\/wp-content\/uploads\/sites\/13\/2019\/05\/como-usar-una-falda-midi-segun-lady-di-5.jpg?resize=141,215 141w\" sizes=\"(max-width: 700px) 100vw, 700px\" \/><\/div><div class=\"grazia-gallery-text\"><h5><em>Imagen: Getty Images<\/em><\/h5>\n<\/div><\/figure><figure class=\"gallery-item grazia-gallery-show-text\"><div class=\"gallery-icon landscape\"><img loading=\"lazy\" decoding=\"async\" width=\"480\" height=\"720\" src=\"https:\/\/graziamagazine.com\/mx\/wp-content\/uploads\/sites\/13\/2019\/05\/como-usar-una-falda-midi-segun-lady-di-7.jpg\" class=\"lazy\" alt=\"\" srcset=\"https:\/\/graziamagazine.com\/mx\/wp-content\/uploads\/sites\/13\/2019\/05\/como-usar-una-falda-midi-segun-lady-di-7.jpg 480w, https:\/\/graziamagazine.com\/mx\/wp-content\/uploads\/sites\/13\/2019\/05\/como-usar-una-falda-midi-segun-lady-di-7.jpg?resize=300,450 300w, https:\/\/graziamagazine.com\/mx\/wp-content\/uploads\/sites\/13\/2019\/05\/como-usar-una-falda-midi-segun-lady-di-7.jpg?resize=143,215 143w\" sizes=\"(max-width: 480px) 100vw, 480px\" \/><\/div><div class=\"grazia-gallery-text\"><h5><em>Imagen: Getty Images<\/em><\/h5>\n<\/div><\/figure><figure class=\"gallery-item grazia-gallery-show-text\"><div class=\"gallery-icon landscape\"><img loading=\"lazy\" decoding=\"async\" width=\"480\" height=\"705\" src=\"https:\/\/graziamagazine.com\/mx\/wp-content\/uploads\/sites\/13\/2019\/05\/como-usar-una-falda-midi-segun-lady-di-6.jpg\" class=\"lazy\" alt=\"\" srcset=\"https:\/\/graziamagazine.com\/mx\/wp-content\/uploads\/sites\/13\/2019\/05\/como-usar-una-falda-midi-segun-lady-di-6.jpg 480w, https:\/\/graziamagazine.com\/mx\/wp-content\/uploads\/sites\/13\/2019\/05\/como-usar-una-falda-midi-segun-lady-di-6.jpg?resize=306,450 306w, https:\/\/graziamagazine.com\/mx\/wp-content\/uploads\/sites\/13\/2019\/05\/como-usar-una-falda-midi-segun-lady-di-6.jpg?resize=146,215 146w\" sizes=\"(max-width: 480px) 100vw, 480px\" \/><\/div><div class=\"grazia-gallery-text\"><h5><em>Imagen: Getty Images<\/em><\/h5>\n<\/div><\/figure><figure class=\"gallery-item grazia-gallery-show-text\"><div class=\"gallery-icon landscape\"><img loading=\"lazy\" decoding=\"async\" width=\"480\" height=\"599\" src=\"https:\/\/graziamagazine.com\/mx\/wp-content\/uploads\/sites\/13\/2019\/05\/como-usar-una-falda-midi-segun-lady-di-9.jpg\" class=\"lazy\" alt=\"\" srcset=\"https:\/\/graziamagazine.com\/mx\/wp-content\/uploads\/sites\/13\/2019\/05\/como-usar-una-falda-midi-segun-lady-di-9.jpg 480w, https:\/\/graziamagazine.com\/mx\/wp-content\/uploads\/sites\/13\/2019\/05\/como-usar-una-falda-midi-segun-lady-di-9.jpg?resize=361,450 361w, https:\/\/graziamagazine.com\/mx\/wp-content\/uploads\/sites\/13\/2019\/05\/como-usar-una-falda-midi-segun-lady-di-9.jpg?resize=155,193 155w\" sizes=\"(max-width: 480px) 100vw, 480px\" \/><\/div><div class=\"grazia-gallery-text\"><h5><em>Imagen: Getty Images<\/em><\/h5>\n<\/div><\/figure><figure class=\"gallery-item grazia-gallery-show-text\"><div class=\"gallery-icon landscape\"><img loading=\"lazy\" decoding=\"async\" width=\"480\" height=\"600\" src=\"https:\/\/graziamagazine.com\/mx\/wp-content\/uploads\/sites\/13\/2019\/05\/como-usar-una-falda-midi-segun-lady-di-10.jpg\" class=\"lazy\" alt=\"\" srcset=\"https:\/\/graziamagazine.com\/mx\/wp-content\/uploads\/sites\/13\/2019\/05\/como-usar-una-falda-midi-segun-lady-di-10.jpg 480w, https:\/\/graziamagazine.com\/mx\/wp-content\/uploads\/sites\/13\/2019\/05\/como-usar-una-falda-midi-segun-lady-di-10.jpg?resize=360,450 360w, https:\/\/graziamagazine.com\/mx\/wp-content\/uploads\/sites\/13\/2019\/05\/como-usar-una-falda-midi-segun-lady-di-10.jpg?resize=155,194 155w\" sizes=\"(max-width: 480px) 100vw, 480px\" \/><\/div><div class=\"grazia-gallery-text\"><h5><em>Imagen: Getty Images<\/em><\/h5>\n<\/div><\/figure><figure class=\"gallery-item grazia-gallery-show-text\"><div class=\"gallery-icon landscape\"><img loading=\"lazy\" decoding=\"async\" width=\"720\" height=\"1008\" src=\"https:\/\/graziamagazine.com\/mx\/wp-content\/uploads\/sites\/13\/2019\/05\/como-usar-una-falda-midi-segun-lady-di-8.jpg\" class=\"lazy\" alt=\"\" srcset=\"https:\/\/graziamagazine.com\/mx\/wp-content\/uploads\/sites\/13\/2019\/05\/como-usar-una-falda-midi-segun-lady-di-8.jpg 720w, https:\/\/graziamagazine.com\/mx\/wp-content\/uploads\/sites\/13\/2019\/05\/como-usar-una-falda-midi-segun-lady-di-8.jpg?resize=321,450 321w\" sizes=\"(max-width: 720px) 100vw, 720px\" \/><\/div><div class=\"grazia-gallery-text\"><h5><em>Imagen: Getty Images<\/em><\/h5>\n<\/div><\/figure><\/div><\/div>\n<p>&nbsp;<\/p>\n<p>&nbsp;<\/p>\n<p>&nbsp;<\/p>\n<p>&nbsp;<\/p>\n<p>&nbsp;<\/p>\n<p>&nbsp;<\/p>\n<p>&nbsp;<\/p>\n","protected":false},"author":11656,"featured_media":65594,"template":"","format":"gallery","categories":[4],"acf":[],"yoast_head":"<!-- This site is optimized with the Yoast SEO Premium plugin v18.5 (Yoast SEO v20.4) - https:\/\/yoast.com\/wordpress\/plugins\/seo\/ -->\n<title>C\u00f3mo usar una falda midi seg\u00fan Lady Di | Grazia M\u00e9xico y Latinoam\u00e9rica<\/title>\n<meta name=\"description\" content=\"No podemos olvidar que las faldas midi son las prendas con las que Lady Di se abri\u00f3 camino como un inigualable \u00edcono de estilo.\" \/>\n<meta name=\"robots\" content=\"index, follow, max-snippet:-1, max-image-preview:large, max-video-preview:-1\" \/>\n<link rel=\"canonical\" href=\"https:\/\/graziamagazine.com\/mx\/articles\/como-usar-una-falda-midi-segun-lady-di\/\" \/>\n<meta property=\"og:locale\" content=\"es_MX\" \/>\n<meta property=\"og:type\" content=\"article\" \/>\n<meta property=\"og:title\" content=\"C\u00f3mo usar una falda midi seg\u00fan Lady Di\" \/>\n<meta property=\"og:description\" content=\"No podemos olvidar que las faldas midi son las prendas con las que Lady Di se abri\u00f3 camino como un inigualable \u00edcono de estilo.\" \/>\n<meta property=\"og:url\" content=\"https:\/\/graziamagazine.com\/mx\/articles\/como-usar-una-falda-midi-segun-lady-di\/\" \/>\n<meta property=\"og:site_name\" content=\"Grazia M\u00e9xico y Latinoam\u00e9rica\" \/>\n<meta property=\"article:modified_time\" content=\"2019-05-27T22:58:13+00:00\" \/>\n<meta property=\"og:image\" content=\"https:\/\/graziamagazine.com\/mx\/wp-content\/uploads\/sites\/13\/2019\/05\/como-usar-una-falda-midi-segun-lady-di.jpeg?fit=1024%2C768\" \/>\n\t<meta property=\"og:image:width\" content=\"1024\" \/>\n\t<meta property=\"og:image:height\" content=\"768\" \/>\n\t<meta property=\"og:image:type\" content=\"image\/jpeg\" \/>\n<meta name=\"twitter:card\" content=\"summary_large_image\" \/>\n<script type=\"application\/ld+json\" class=\"yoast-schema-graph\">{\"@context\":\"https:\/\/schema.org\",\"@graph\":[{\"@type\":\"WebPage\",\"@id\":\"https:\/\/graziamagazine.com\/mx\/articles\/como-usar-una-falda-midi-segun-lady-di\/\",\"url\":\"https:\/\/graziamagazine.com\/mx\/articles\/como-usar-una-falda-midi-segun-lady-di\/\",\"name\":\"C\u00f3mo usar una falda midi seg\u00fan Lady Di | Grazia M\u00e9xico y Latinoam\u00e9rica\",\"isPartOf\":{\"@id\":\"https:\/\/graziamagazine.com\/mx\/#website\"},\"datePublished\":\"2019-05-27T22:47:27+00:00\",\"dateModified\":\"2019-05-27T22:58:13+00:00\",\"description\":\"No podemos olvidar que las faldas midi son las prendas con las que Lady Di se abri\u00f3 camino como un inigualable \u00edcono de estilo.\",\"breadcrumb\":{\"@id\":\"https:\/\/graziamagazine.com\/mx\/articles\/como-usar-una-falda-midi-segun-lady-di\/#breadcrumb\"},\"inLanguage\":\"es-MX\",\"potentialAction\":[{\"@type\":\"ReadAction\",\"target\":[\"https:\/\/graziamagazine.com\/mx\/articles\/como-usar-una-falda-midi-segun-lady-di\/\"]}]},{\"@type\":\"BreadcrumbList\",\"@id\":\"https:\/\/graziamagazine.com\/mx\/articles\/como-usar-una-falda-midi-segun-lady-di\/#breadcrumb\",\"itemListElement\":[{\"@type\":\"ListItem\",\"position\":1,\"name\":\"Home\",\"item\":\"https:\/\/graziamagazine.com\/mx\/\"},{\"@type\":\"ListItem\",\"position\":2,\"name\":\"C\u00f3mo usar una falda midi seg\u00fan Lady Di\"}]},{\"@type\":\"WebSite\",\"@id\":\"https:\/\/graziamagazine.com\/mx\/#website\",\"url\":\"https:\/\/graziamagazine.com\/mx\/\",\"name\":\"Grazia M\u00e9xico y Latinoam\u00e9rica\",\"description\":\"Grazia es moda, belleza y noticias  de actualidad \",\"potentialAction\":[{\"@type\":\"SearchAction\",\"target\":{\"@type\":\"EntryPoint\",\"urlTemplate\":\"https:\/\/graziamagazine.com\/mx\/?s={search_term_string}\"},\"query-input\":\"required name=search_term_string\"}],\"inLanguage\":\"es-MX\"}]}<\/script>\n<!-- \/ Yoast SEO Premium plugin. -->","yoast_head_json":{"title":"C\u00f3mo usar una falda midi seg\u00fan Lady Di | Grazia M\u00e9xico y Latinoam\u00e9rica","description":"No podemos olvidar que las faldas midi son las prendas con las que Lady Di se abri\u00f3 camino como un inigualable \u00edcono de estilo.","robots":{"index":"index","follow":"follow","max-snippet":"max-snippet:-1","max-image-preview":"max-image-preview:large","max-video-preview":"max-video-preview:-1"},"canonical":"https:\/\/graziamagazine.com\/mx\/articles\/como-usar-una-falda-midi-segun-lady-di\/","og_locale":"es_MX","og_type":"article","og_title":"C\u00f3mo usar una falda midi seg\u00fan Lady Di","og_description":"No podemos olvidar que las faldas midi son las prendas con las que Lady Di se abri\u00f3 camino como un inigualable \u00edcono de estilo.","og_url":"https:\/\/graziamagazine.com\/mx\/articles\/como-usar-una-falda-midi-segun-lady-di\/","og_site_name":"Grazia M\u00e9xico y Latinoam\u00e9rica","article_modified_time":"2019-05-27T22:58:13+00:00","og_image":[{"width":1024,"height":768,"url":"https:\/\/graziamagazine.com\/mx\/wp-content\/uploads\/sites\/13\/2019\/05\/como-usar-una-falda-midi-segun-lady-di.jpeg?fit=1024%2C768","type":"image\/jpeg"}],"twitter_card":"summary_large_image","schema":{"@context":"https:\/\/schema.org","@graph":[{"@type":"WebPage","@id":"https:\/\/graziamagazine.com\/mx\/articles\/como-usar-una-falda-midi-segun-lady-di\/","url":"https:\/\/graziamagazine.com\/mx\/articles\/como-usar-una-falda-midi-segun-lady-di\/","name":"C\u00f3mo usar una falda midi seg\u00fan Lady Di | Grazia M\u00e9xico y Latinoam\u00e9rica","isPartOf":{"@id":"https:\/\/graziamagazine.com\/mx\/#website"},"datePublished":"2019-05-27T22:47:27+00:00","dateModified":"2019-05-27T22:58:13+00:00","description":"No podemos olvidar que las faldas midi son las prendas con las que Lady Di se abri\u00f3 camino como un inigualable \u00edcono de estilo.","breadcrumb":{"@id":"https:\/\/graziamagazine.com\/mx\/articles\/como-usar-una-falda-midi-segun-lady-di\/#breadcrumb"},"inLanguage":"es-MX","potentialAction":[{"@type":"ReadAction","target":["https:\/\/graziamagazine.com\/mx\/articles\/como-usar-una-falda-midi-segun-lady-di\/"]}]},{"@type":"BreadcrumbList","@id":"https:\/\/graziamagazine.com\/mx\/articles\/como-usar-una-falda-midi-segun-lady-di\/#breadcrumb","itemListElement":[{"@type":"ListItem","position":1,"name":"Home","item":"https:\/\/graziamagazine.com\/mx\/"},{"@type":"ListItem","position":2,"name":"C\u00f3mo usar una falda midi seg\u00fan Lady Di"}]},{"@type":"WebSite","@id":"https:\/\/graziamagazine.com\/mx\/#website","url":"https:\/\/graziamagazine.com\/mx\/","name":"Grazia M\u00e9xico y Latinoam\u00e9rica","description":"Grazia es moda, belleza y noticias  de actualidad ","potentialAction":[{"@type":"SearchAction","target":{"@type":"EntryPoint","urlTemplate":"https:\/\/graziamagazine.com\/mx\/?s={search_term_string}"},"query-input":"required name=search_term_string"}],"inLanguage":"es-MX"}]}},"jetpack_sharing_enabled":true,"distributor_meta":false,"distributor_terms":false,"distributor_media":false,"distributor_original_site_name":"Grazia M\u00e9xico y Latinoam\u00e9rica","distributor_original_site_url":"https:\/\/graziamagazine.com\/mx","push-errors":false,"_links":{"self":[{"href":"https:\/\/graziamagazine.com\/mx\/wp-json\/wp\/v2\/articles\/65588"}],"collection":[{"href":"https:\/\/graziamagazine.com\/mx\/wp-json\/wp\/v2\/articles"}],"about":[{"href":"https:\/\/graziamagazine.com\/mx\/wp-json\/wp\/v2\/types\/articles"}],"author":[{"embeddable":true,"href":"https:\/\/graziamagazine.com\/mx\/wp-json\/wp\/v2\/users\/11656"}],"wp:featuredmedia":[{"embeddable":true,"href":"https:\/\/graziamagazine.com\/mx\/wp-json\/wp\/v2\/media\/65594"}],"wp:attachment":[{"href":"https:\/\/graziamagazine.com\/mx\/wp-json\/wp\/v2\/media?parent=65588"}],"wp:term":[{"taxonomy":"category","embeddable":true,"href":"https:\/\/graziamagazine.com\/mx\/wp-json\/wp\/v2\/categories?post=65588"}],"curies":[{"name":"wp","href":"https:\/\/api.w.org\/{rel}","templated":true}]}}