{"id":64977,"date":"2019-05-13T18:42:56","date_gmt":"2019-05-13T23:42:56","guid":{"rendered":"https:\/\/graziamagazine.com\/mx\/?p=64977"},"modified":"2019-05-20T17:11:43","modified_gmt":"2019-05-20T22:11:43","slug":"la-magia-en-la-nueva-serie-de-cortometrajes-chanel","status":"publish","type":"articles","link":"https:\/\/graziamagazine.com\/mx\/articles\/la-magia-en-la-nueva-serie-de-cortometrajes-chanel\/","title":{"rendered":"La magia en la nueva serie de cortometrajes Chanel"},"content":{"rendered":"<p><strong>Chanel lanza el primer cap\u00edtulo de su nueva serie de cortometrajes &#8220;I am a Chanel perfume&#8221;; un estilo de vida que no querr\u00e1s soltar.<\/strong><!--more--><\/p>\n<p><strong>Chanel No.5, Coco Mademoiselle y Chance,<\/strong>\u00a0son solo algunos ejemplos de las \u00a0emblem\u00e1ticas fragancias de la <em>maison, <\/em>cada\u00a0una con una esencia fresca y \u00fanica. \u00bfLa mente maestra detr\u00e1s de ellas?\u00a0<strong>Olivier Polge&#8217;s. <\/strong>Gracias a \u00e9l, la firma se destaca por ser una de las pocas casas en el mundo que crea las propuestas olfativas que todas queremos usar.<\/p>\n<p>Celebridades como<strong> Keira Knightley<\/strong> y<strong> Nicole Kidman<\/strong> han protagonizado los ya conocidos cortometrajes o <em>fashion films<\/em>\u00a0que acompa\u00f1an a cada esencia. Todos cuentan una historia \u00fanica con una est\u00e9tica que refleja a Chanel y \u00a0nos transporta a un inolvidable viaje.<\/p>\n<p>Esta vez, la propuesta es distinta. Para celebrar la experiencia de cada fragancia, <strong>Chanel<\/strong>\u00a0ha ideado una serie de cortos que son una oda a la belleza y a la elegancia. La <em>maison<\/em> us\u00f3 su historia y cre\u00f3 una l\u00ednea del tiempo en el primer cap\u00edtulo,\u00a0<em>I am a Chanel perfume<\/em>. Se logra\u00a0una mirada \u00edntima a trav\u00e9s\u00a0de un juego de luces y sombras de flores que adornan los cuerpos desnudos.\u00a0La voz de Vanessa Paradis y el sutil ritmo se fusionan para envolverte en una esencia que emite intimidad y glamour&#8230;<\/p>\n<p>El cortometraje indudablemente es una reinterpretaci\u00f3n contempor\u00e1nea de la visi\u00f3n de <strong>Coco Chanel.<\/strong><\/p>\n<p><iframe loading=\"lazy\" title=\"CHANEL PARFUMEUR - I AM AN IDEA\" width=\"500\" height=\"281\" src=\"https:\/\/www.youtube.com\/embed\/UQXnUh3AScw?feature=oembed\" frameborder=\"0\" allow=\"accelerometer; autoplay; encrypted-media; gyroscope; picture-in-picture\" allowfullscreen><\/iframe><\/p>\n<p>&nbsp;<\/p>\n<p><strong>&#8220;I AM A CHANEL PERFUME, I AM AN IDEA&#8221;.\u00a0<\/strong><\/p>\n<p>&nbsp;<\/p>\n<h5><em>*IMAGEN: Cortes\u00eda de Chanel<\/em><\/h5>\n<p>&nbsp;<\/p>\n<p>&nbsp;<\/p>\n<p>&nbsp;<\/p>\n<p>&nbsp;<\/p>\n<p>&nbsp;<\/p>\n","protected":false},"author":11656,"featured_media":64989,"template":"","format":"standard","categories":[3],"acf":[],"yoast_head":"<!-- This site is optimized with the Yoast SEO Premium plugin v18.5 (Yoast SEO v20.4) - https:\/\/yoast.com\/wordpress\/plugins\/seo\/ -->\n<title>La magia en la nueva serie de cortometrajes Chanel | Grazia M\u00e9xico y Latinoam\u00e9rica<\/title>\n<meta name=\"description\" content=\"Chanel lanza el primer cap\u00edtulo de su nueva serie de cortometrajes &quot;I am a Chanel perfume&quot;; un estilo de vida que no querr\u00e1s soltar.\" \/>\n<meta name=\"robots\" content=\"index, follow, max-snippet:-1, max-image-preview:large, max-video-preview:-1\" \/>\n<link rel=\"canonical\" href=\"https:\/\/graziamagazine.com\/mx\/articles\/la-magia-en-la-nueva-serie-de-cortometrajes-chanel\/\" \/>\n<meta property=\"og:locale\" content=\"es_MX\" \/>\n<meta property=\"og:type\" content=\"article\" \/>\n<meta property=\"og:title\" content=\"La magia en la nueva serie de cortometrajes Chanel\" \/>\n<meta property=\"og:description\" content=\"Chanel lanza el primer cap\u00edtulo de su nueva serie de cortometrajes &quot;I am a Chanel perfume&quot;; un estilo de vida que no querr\u00e1s soltar.\" \/>\n<meta property=\"og:url\" content=\"https:\/\/graziamagazine.com\/mx\/articles\/la-magia-en-la-nueva-serie-de-cortometrajes-chanel\/\" \/>\n<meta property=\"og:site_name\" content=\"Grazia M\u00e9xico y Latinoam\u00e9rica\" \/>\n<meta property=\"article:modified_time\" content=\"2019-05-20T22:11:43+00:00\" \/>\n<meta property=\"og:image\" content=\"https:\/\/graziamagazine.com\/mx\/wp-content\/uploads\/sites\/13\/2019\/05\/la-magia-en-la-nueva-serie-de-cortometrajes-chanel.jpg?fit=1500%2C1000\" \/>\n\t<meta property=\"og:image:width\" content=\"1500\" \/>\n\t<meta property=\"og:image:height\" content=\"1000\" \/>\n\t<meta property=\"og:image:type\" content=\"image\/jpeg\" \/>\n<meta name=\"twitter:card\" content=\"summary_large_image\" \/>\n<meta name=\"twitter:label1\" content=\"Est. reading time\" \/>\n\t<meta name=\"twitter:data1\" content=\"1 minuto\" \/>\n<script type=\"application\/ld+json\" class=\"yoast-schema-graph\">{\"@context\":\"https:\/\/schema.org\",\"@graph\":[{\"@type\":\"WebPage\",\"@id\":\"https:\/\/graziamagazine.com\/mx\/articles\/la-magia-en-la-nueva-serie-de-cortometrajes-chanel\/\",\"url\":\"https:\/\/graziamagazine.com\/mx\/articles\/la-magia-en-la-nueva-serie-de-cortometrajes-chanel\/\",\"name\":\"La magia en la nueva serie de cortometrajes Chanel | Grazia M\u00e9xico y Latinoam\u00e9rica\",\"isPartOf\":{\"@id\":\"https:\/\/graziamagazine.com\/mx\/#website\"},\"datePublished\":\"2019-05-13T23:42:56+00:00\",\"dateModified\":\"2019-05-20T22:11:43+00:00\",\"description\":\"Chanel lanza el primer cap\u00edtulo de su nueva serie de cortometrajes \\\"I am a Chanel perfume\\\"; un estilo de vida que no querr\u00e1s soltar.\",\"breadcrumb\":{\"@id\":\"https:\/\/graziamagazine.com\/mx\/articles\/la-magia-en-la-nueva-serie-de-cortometrajes-chanel\/#breadcrumb\"},\"inLanguage\":\"es-MX\",\"potentialAction\":[{\"@type\":\"ReadAction\",\"target\":[\"https:\/\/graziamagazine.com\/mx\/articles\/la-magia-en-la-nueva-serie-de-cortometrajes-chanel\/\"]}]},{\"@type\":\"BreadcrumbList\",\"@id\":\"https:\/\/graziamagazine.com\/mx\/articles\/la-magia-en-la-nueva-serie-de-cortometrajes-chanel\/#breadcrumb\",\"itemListElement\":[{\"@type\":\"ListItem\",\"position\":1,\"name\":\"Home\",\"item\":\"https:\/\/graziamagazine.com\/mx\/\"},{\"@type\":\"ListItem\",\"position\":2,\"name\":\"La magia en la nueva serie de cortometrajes Chanel\"}]},{\"@type\":\"WebSite\",\"@id\":\"https:\/\/graziamagazine.com\/mx\/#website\",\"url\":\"https:\/\/graziamagazine.com\/mx\/\",\"name\":\"Grazia M\u00e9xico y Latinoam\u00e9rica\",\"description\":\"Grazia es moda, belleza y noticias  de actualidad \",\"potentialAction\":[{\"@type\":\"SearchAction\",\"target\":{\"@type\":\"EntryPoint\",\"urlTemplate\":\"https:\/\/graziamagazine.com\/mx\/?s={search_term_string}\"},\"query-input\":\"required name=search_term_string\"}],\"inLanguage\":\"es-MX\"}]}<\/script>\n<!-- \/ Yoast SEO Premium plugin. -->","yoast_head_json":{"title":"La magia en la nueva serie de cortometrajes Chanel | Grazia M\u00e9xico y Latinoam\u00e9rica","description":"Chanel lanza el primer cap\u00edtulo de su nueva serie de cortometrajes \"I am a Chanel perfume\"; un estilo de vida que no querr\u00e1s soltar.","robots":{"index":"index","follow":"follow","max-snippet":"max-snippet:-1","max-image-preview":"max-image-preview:large","max-video-preview":"max-video-preview:-1"},"canonical":"https:\/\/graziamagazine.com\/mx\/articles\/la-magia-en-la-nueva-serie-de-cortometrajes-chanel\/","og_locale":"es_MX","og_type":"article","og_title":"La magia en la nueva serie de cortometrajes Chanel","og_description":"Chanel lanza el primer cap\u00edtulo de su nueva serie de cortometrajes \"I am a Chanel perfume\"; un estilo de vida que no querr\u00e1s soltar.","og_url":"https:\/\/graziamagazine.com\/mx\/articles\/la-magia-en-la-nueva-serie-de-cortometrajes-chanel\/","og_site_name":"Grazia M\u00e9xico y Latinoam\u00e9rica","article_modified_time":"2019-05-20T22:11:43+00:00","og_image":[{"width":1500,"height":1000,"url":"https:\/\/graziamagazine.com\/mx\/wp-content\/uploads\/sites\/13\/2019\/05\/la-magia-en-la-nueva-serie-de-cortometrajes-chanel.jpg?fit=1500%2C1000","type":"image\/jpeg"}],"twitter_card":"summary_large_image","twitter_misc":{"Est. reading time":"1 minuto"},"schema":{"@context":"https:\/\/schema.org","@graph":[{"@type":"WebPage","@id":"https:\/\/graziamagazine.com\/mx\/articles\/la-magia-en-la-nueva-serie-de-cortometrajes-chanel\/","url":"https:\/\/graziamagazine.com\/mx\/articles\/la-magia-en-la-nueva-serie-de-cortometrajes-chanel\/","name":"La magia en la nueva serie de cortometrajes Chanel | Grazia M\u00e9xico y Latinoam\u00e9rica","isPartOf":{"@id":"https:\/\/graziamagazine.com\/mx\/#website"},"datePublished":"2019-05-13T23:42:56+00:00","dateModified":"2019-05-20T22:11:43+00:00","description":"Chanel lanza el primer cap\u00edtulo de su nueva serie de cortometrajes \"I am a Chanel perfume\"; un estilo de vida que no querr\u00e1s soltar.","breadcrumb":{"@id":"https:\/\/graziamagazine.com\/mx\/articles\/la-magia-en-la-nueva-serie-de-cortometrajes-chanel\/#breadcrumb"},"inLanguage":"es-MX","potentialAction":[{"@type":"ReadAction","target":["https:\/\/graziamagazine.com\/mx\/articles\/la-magia-en-la-nueva-serie-de-cortometrajes-chanel\/"]}]},{"@type":"BreadcrumbList","@id":"https:\/\/graziamagazine.com\/mx\/articles\/la-magia-en-la-nueva-serie-de-cortometrajes-chanel\/#breadcrumb","itemListElement":[{"@type":"ListItem","position":1,"name":"Home","item":"https:\/\/graziamagazine.com\/mx\/"},{"@type":"ListItem","position":2,"name":"La magia en la nueva serie de cortometrajes Chanel"}]},{"@type":"WebSite","@id":"https:\/\/graziamagazine.com\/mx\/#website","url":"https:\/\/graziamagazine.com\/mx\/","name":"Grazia M\u00e9xico y Latinoam\u00e9rica","description":"Grazia es moda, belleza y noticias  de actualidad ","potentialAction":[{"@type":"SearchAction","target":{"@type":"EntryPoint","urlTemplate":"https:\/\/graziamagazine.com\/mx\/?s={search_term_string}"},"query-input":"required name=search_term_string"}],"inLanguage":"es-MX"}]}},"jetpack_sharing_enabled":true,"distributor_meta":false,"distributor_terms":false,"distributor_media":false,"distributor_original_site_name":"Grazia M\u00e9xico y Latinoam\u00e9rica","distributor_original_site_url":"https:\/\/graziamagazine.com\/mx","push-errors":false,"_links":{"self":[{"href":"https:\/\/graziamagazine.com\/mx\/wp-json\/wp\/v2\/articles\/64977"}],"collection":[{"href":"https:\/\/graziamagazine.com\/mx\/wp-json\/wp\/v2\/articles"}],"about":[{"href":"https:\/\/graziamagazine.com\/mx\/wp-json\/wp\/v2\/types\/articles"}],"author":[{"embeddable":true,"href":"https:\/\/graziamagazine.com\/mx\/wp-json\/wp\/v2\/users\/11656"}],"wp:featuredmedia":[{"embeddable":true,"href":"https:\/\/graziamagazine.com\/mx\/wp-json\/wp\/v2\/media\/64989"}],"wp:attachment":[{"href":"https:\/\/graziamagazine.com\/mx\/wp-json\/wp\/v2\/media?parent=64977"}],"wp:term":[{"taxonomy":"category","embeddable":true,"href":"https:\/\/graziamagazine.com\/mx\/wp-json\/wp\/v2\/categories?post=64977"}],"curies":[{"name":"wp","href":"https:\/\/api.w.org\/{rel}","templated":true}]}}