{"id":64355,"date":"2019-04-30T14:00:46","date_gmt":"2019-04-30T19:00:46","guid":{"rendered":"https:\/\/graziamagazine.com\/mx\/?p=64355"},"modified":"2019-05-03T15:29:12","modified_gmt":"2019-05-03T20:29:12","slug":"16-datos-curiosos-que-no-sabias-de-mean-girls","status":"publish","type":"articles","link":"https:\/\/graziamagazine.com\/mx\/articles\/16-datos-curiosos-que-no-sabias-de-mean-girls\/","title":{"rendered":"16 datos curiosos que no sab\u00edas de Mean Girls"},"content":{"rendered":"<p><strong>Hoy es el aniversario n\u00famero 15 de nuestra pel\u00edcula favorita de los <em>aughts<\/em>, <em>Mean Girls<\/em>, y la revivimos con 16 datos curiosos que seguramente no conoces.<\/strong><br \/>\n<!--more--><\/p>\n<p>La realeza adolescente aparece por primera vez en una clase de deportes, cuando <strong>Janis<\/strong>\u00a0y <strong>Damien<\/strong> empiezan a describir a cada una de las pl\u00e1sticas. <strong>Lindsay Lohan<\/strong>,<strong> Rachel McAdams<\/strong>,<strong> Lacey Chabert<\/strong> y<strong> Amanda Seyfried<\/strong>, interpretan los inigualables papeles protag\u00f3nicos de <strong>Cady Heron<\/strong>,<strong> Regina George<\/strong>,<strong> Gretchen Wieners <\/strong>y<strong> Karen Smith <\/strong>en la pel\u00edcula favorita de los <em>aughts<\/em>,<strong><em> Mean Girls.<\/em><\/strong><\/p>\n<p><a href=\"https:\/\/graziamagazine.com\/mx\/por-que-mean-girls-es-un-filme-de-culto\/\" target=\"_blank\" rel=\"noopener\">Por 15 a\u00f1os consecutivos hemos escuchado el ic\u00f3nico dicho &#8220;On Wednesdays we wear pink&#8221;<\/a>. Pero seguramente no te sabes estos incre\u00edbles datos curiosos de la pel\u00edcula y de los personajes.\u00a0Aqu\u00ed los enlistamos:<\/p>\n<p>1.<em><strong> Varsity Blues<\/strong>,<\/em>\u00a0protagonizada por el <strong>James Van Der Beek<\/strong>, es la pel\u00edcula favorita de <strong>Regina George<\/strong>.<\/p>\n<p><img decoding=\"async\" src=\"https:\/\/media.giphy.com\/media\/qLivguB1QV3Xi\/giphy.gif\" \/><\/p>\n<p>&nbsp;<\/p>\n<p>2.Rachel McAdams us\u00f3 peluca durante toda la pel\u00edcula. Aunque es impresionante y poco notable, la actriz no ten\u00eda el tono de pelo que necesitaba para interpretar el papel.<\/p>\n<p><img decoding=\"async\" src=\"https:\/\/media.giphy.com\/media\/xT9KVEs4S4HUjrZa3S\/giphy.gif\" \/><\/p>\n<p>&nbsp;<\/p>\n<p>3. Al parecer, Regina era fan\u00e1tica de <strong>Avril Lavinge.<\/strong>\u00a0Lo supimos por el p\u00f3ster colgado en su cuarto.<\/p>\n<p><img decoding=\"async\" src=\"https:\/\/media.giphy.com\/media\/3o7aTGSChPnK5ne968\/giphy.gif\" \/><\/p>\n<p>&nbsp;<\/p>\n<p>4. Las famosas\u00a0<em>K\u00e4lteen\u00a0Bars<\/em> con las que Regina sube de peso, s\u00ed existieron. La marca estadounidense <em>Dylan\u00b4s Candy Bar,\u00a0<\/em>lanz\u00f3 una edici\u00f3n limitada de barras de chocolate con crema de cacahuate para conmemorar el aniversario diez de la pel\u00edcula.<\/p>\n<p><img decoding=\"async\" src=\"https:\/\/media.giphy.com\/media\/l0IunegvlbNtiPV60\/giphy.gif\" \/><\/p>\n<p>&nbsp;<\/p>\n<p>5. La pulsera de procedencia africana de Cady Heron,\u00a0s\u00ed tiene un significado; est\u00e1 relacionada con el sexo femenino, y est\u00e1 hecha como elemento\u00a0generador de vida y de protecci\u00f3n.<\/p>\n<p><img decoding=\"async\" src=\"https:\/\/media.giphy.com\/media\/26uTqnJsZu1rdiK0E\/giphy.gif\" \/><\/p>\n<p>&nbsp;<\/p>\n<p>6. Pocos recordar\u00e1n que la familia de Gretchen Wieners era extremadamente rica por ser due\u00f1os del famoso <em>snack<\/em>\u00a0<strong>Toaster Strudel.\u00a0<\/strong><\/p>\n<p><img decoding=\"async\" src=\"https:\/\/media.giphy.com\/media\/4ze64HHkm7TSE\/giphy.gif\" \/><\/p>\n<p>&nbsp;<\/p>\n<p>7. La pel\u00edcula que Janis y Damien est\u00e1n viendo en Halloween, es la segunda parte de\u00a0<em>Friday the 13th.<\/em><\/p>\n<p><img decoding=\"async\" src=\"https:\/\/media.giphy.com\/media\/nHLvt59LGHo1W\/giphy.gif\" \/><\/p>\n<p>&nbsp;<\/p>\n<p>8. Antes del beso entre\u00a0<strong>Aaron Samuels <\/strong>y\u00a0Cady, \u00e9l le regala dos cupones para comprar en\u00a0<em>Walker Brothers Pancake Cups.<\/em> Esta pasteler\u00eda s\u00ed existe y est\u00e1 en Chicago.<\/p>\n<p><img decoding=\"async\" src=\"https:\/\/media.giphy.com\/media\/3otPoCfQz8532YcBkQ\/giphy.gif\" \/><\/p>\n<p>&nbsp;<\/p>\n<p>9. La famosa canci\u00f3n de Mariah Carey, <em>Obsessed<\/em>, est\u00e1 inspirada en la ic\u00f3nica frase &#8220;Why are you so obsessed with me&#8221; de Regina George.<\/p>\n<p><img decoding=\"async\" src=\"https:\/\/media.giphy.com\/media\/szPZ2NXIGCMcE\/giphy.gif\" \/><\/p>\n<p>&nbsp;<\/p>\n<p>10. El nombre <strong>Regina<\/strong> significa &#8220;reina&#8221; en rumano, italiano y lat\u00edn.<\/p>\n<p><img decoding=\"async\" src=\"https:\/\/media.giphy.com\/media\/3o7aTpFglw46r5BfHi\/giphy.gif\" \/><\/p>\n<p>&nbsp;<\/p>\n<p>11. Por si no lo recuerdas, Nfume fue un amigo africano de Cady y su primer <em>crush.<\/em><\/p>\n<p><img decoding=\"async\" src=\"https:\/\/media.giphy.com\/media\/qTO7lbGDn27i8\/giphy.gif\" \/><\/p>\n<p>&nbsp;<\/p>\n<p>12. Mark Waters, el director de <em>Mean Girls<\/em>, tambi\u00e9n dirigi\u00f3\u00a0<em><strong>Freaky Friday<\/strong>.<\/em><\/p>\n<p><img decoding=\"async\" src=\"https:\/\/media.giphy.com\/media\/aIzy4X8ifEiw8\/giphy.gif\" \/><\/p>\n<p>&nbsp;<\/p>\n<p>13. El <em>speech<\/em> que le da Gretchen a Cady sobre las reglas de las pl\u00e1sticas, viene del famoso libro\u00a0<em>Queen Bees and Wannabees <\/em>de\u00a0Rosalind Wiseman.<\/p>\n<p><img decoding=\"async\" src=\"https:\/\/media.giphy.com\/media\/3o7aTlT8yvcqahWp4A\/giphy.gif\" \/><\/p>\n<p>&nbsp;<\/p>\n<p>14. <strong>Janis Ian<\/strong> es tambi\u00e9n el nombre de una famosa cantante de los a\u00f1os setenta, y podemos escuchar su canci\u00f3n <em>At Seventeen<\/em> en la escena donde Regina aparece llorando por ser <em>half virgin.<\/em><\/p>\n<p><img decoding=\"async\" src=\"https:\/\/media.giphy.com\/media\/l2YWAjOoFmtLqN1ao\/giphy.gif\" \/><\/p>\n<p>&nbsp;<\/p>\n<p>15. La supuesta crema facial que Janis y Cady le dan a Regina \u2013que realmente era una crema para los pies\u2013, estaba hecha a base de menta. Lo curioso es que utilizar aceites y cremas de esta planta humectan el cutis y dan una sensaci\u00f3n refrescante.<\/p>\n<p><img decoding=\"async\" src=\"https:\/\/media.giphy.com\/media\/3o7aTJtkDTh8V5DGVi\/giphy.gif\" \/><\/p>\n<p>&nbsp;<\/p>\n<p>16. Por \u00faltimo, aparte del ic\u00f3nico color rosa, el vestuario incluy\u00f3 mini faldas <strong>Burberry <\/strong>combinadas con\u00a0las cl\u00e1sicas <em>T-shirts<\/em> <strong>Juicy Couture<\/strong>. Y claro, los accesorios que completaron los\u00a0<em>looks<\/em> fueron\u00a0los mini bolsos <strong>Prada<\/strong> y <strong>Louis Vuitton.\u00a0<\/strong><\/p>\n<p><img decoding=\"async\" src=\"https:\/\/media.giphy.com\/media\/G6ojXggFcXWCs\/giphy.gif\" \/><\/p>\n<p>&nbsp;<\/p>\n<h5><em>*IMAGEN: Film still Mean Girls<\/em><\/h5>\n","protected":false},"author":11656,"featured_media":64357,"template":"template-noads.php","format":"standard","categories":[114],"acf":[],"yoast_head":"<!-- This site is optimized with the Yoast SEO Premium plugin v18.5 (Yoast SEO v20.4) - https:\/\/yoast.com\/wordpress\/plugins\/seo\/ -->\n<title>16 datos curiosos que no sab\u00edas de Mean Girls | Grazia M\u00e9xico y Latinoam\u00e9rica<\/title>\n<meta name=\"description\" content=\"Hoy es el aniversario n\u00famero 15 de nuestra pel\u00edcula favorita de los a\u00f1os 2000, Mean Girls.\u00a0Y la revivimos con 16 datos curiosos que seguramente no te sabes.\" \/>\n<meta name=\"robots\" content=\"index, follow, max-snippet:-1, max-image-preview:large, max-video-preview:-1\" \/>\n<link rel=\"canonical\" href=\"https:\/\/graziamagazine.com\/mx\/articles\/16-datos-curiosos-que-no-sabias-de-mean-girls\/\" \/>\n<meta property=\"og:locale\" content=\"es_MX\" \/>\n<meta property=\"og:type\" content=\"article\" \/>\n<meta property=\"og:title\" content=\"16 datos curiosos que no sab\u00edas de Mean Girls\" \/>\n<meta property=\"og:description\" content=\"Hoy es el aniversario n\u00famero 15 de nuestra pel\u00edcula favorita de los a\u00f1os 2000, Mean Girls.\u00a0Y la revivimos con 16 datos curiosos que seguramente no te sabes.\" \/>\n<meta property=\"og:url\" content=\"https:\/\/graziamagazine.com\/mx\/articles\/16-datos-curiosos-que-no-sabias-de-mean-girls\/\" \/>\n<meta property=\"og:site_name\" content=\"Grazia M\u00e9xico y Latinoam\u00e9rica\" \/>\n<meta property=\"article:modified_time\" content=\"2019-05-03T20:29:12+00:00\" \/>\n<meta property=\"og:image\" content=\"https:\/\/graziamagazine.com\/mx\/wp-content\/uploads\/sites\/13\/2019\/04\/16-datos-curiosos-que-no-sabias-de-mean-girls.jpg?fit=1024%2C759\" \/>\n\t<meta property=\"og:image:width\" content=\"1024\" \/>\n\t<meta property=\"og:image:height\" content=\"759\" \/>\n\t<meta property=\"og:image:type\" content=\"image\/jpeg\" \/>\n<meta name=\"twitter:card\" content=\"summary_large_image\" \/>\n<meta name=\"twitter:label1\" content=\"Est. reading time\" \/>\n\t<meta name=\"twitter:data1\" content=\"3 minutos\" \/>\n<script type=\"application\/ld+json\" class=\"yoast-schema-graph\">{\"@context\":\"https:\/\/schema.org\",\"@graph\":[{\"@type\":\"WebPage\",\"@id\":\"https:\/\/graziamagazine.com\/mx\/articles\/16-datos-curiosos-que-no-sabias-de-mean-girls\/\",\"url\":\"https:\/\/graziamagazine.com\/mx\/articles\/16-datos-curiosos-que-no-sabias-de-mean-girls\/\",\"name\":\"16 datos curiosos que no sab\u00edas de Mean Girls | Grazia M\u00e9xico y Latinoam\u00e9rica\",\"isPartOf\":{\"@id\":\"https:\/\/graziamagazine.com\/mx\/#website\"},\"datePublished\":\"2019-04-30T19:00:46+00:00\",\"dateModified\":\"2019-05-03T20:29:12+00:00\",\"description\":\"Hoy es el aniversario n\u00famero 15 de nuestra pel\u00edcula favorita de los a\u00f1os 2000, Mean Girls.\u00a0Y la revivimos con 16 datos curiosos que seguramente no te sabes.\",\"breadcrumb\":{\"@id\":\"https:\/\/graziamagazine.com\/mx\/articles\/16-datos-curiosos-que-no-sabias-de-mean-girls\/#breadcrumb\"},\"inLanguage\":\"es-MX\",\"potentialAction\":[{\"@type\":\"ReadAction\",\"target\":[\"https:\/\/graziamagazine.com\/mx\/articles\/16-datos-curiosos-que-no-sabias-de-mean-girls\/\"]}]},{\"@type\":\"BreadcrumbList\",\"@id\":\"https:\/\/graziamagazine.com\/mx\/articles\/16-datos-curiosos-que-no-sabias-de-mean-girls\/#breadcrumb\",\"itemListElement\":[{\"@type\":\"ListItem\",\"position\":1,\"name\":\"Home\",\"item\":\"https:\/\/graziamagazine.com\/mx\/\"},{\"@type\":\"ListItem\",\"position\":2,\"name\":\"16 datos curiosos que no sab\u00edas de Mean Girls\"}]},{\"@type\":\"WebSite\",\"@id\":\"https:\/\/graziamagazine.com\/mx\/#website\",\"url\":\"https:\/\/graziamagazine.com\/mx\/\",\"name\":\"Grazia M\u00e9xico y Latinoam\u00e9rica\",\"description\":\"Grazia es moda, belleza y noticias  de actualidad \",\"potentialAction\":[{\"@type\":\"SearchAction\",\"target\":{\"@type\":\"EntryPoint\",\"urlTemplate\":\"https:\/\/graziamagazine.com\/mx\/?s={search_term_string}\"},\"query-input\":\"required name=search_term_string\"}],\"inLanguage\":\"es-MX\"}]}<\/script>\n<!-- \/ Yoast SEO Premium plugin. -->","yoast_head_json":{"title":"16 datos curiosos que no sab\u00edas de Mean Girls | Grazia M\u00e9xico y Latinoam\u00e9rica","description":"Hoy es el aniversario n\u00famero 15 de nuestra pel\u00edcula favorita de los a\u00f1os 2000, Mean Girls.\u00a0Y la revivimos con 16 datos curiosos que seguramente no te sabes.","robots":{"index":"index","follow":"follow","max-snippet":"max-snippet:-1","max-image-preview":"max-image-preview:large","max-video-preview":"max-video-preview:-1"},"canonical":"https:\/\/graziamagazine.com\/mx\/articles\/16-datos-curiosos-que-no-sabias-de-mean-girls\/","og_locale":"es_MX","og_type":"article","og_title":"16 datos curiosos que no sab\u00edas de Mean Girls","og_description":"Hoy es el aniversario n\u00famero 15 de nuestra pel\u00edcula favorita de los a\u00f1os 2000, Mean Girls.\u00a0Y la revivimos con 16 datos curiosos que seguramente no te sabes.","og_url":"https:\/\/graziamagazine.com\/mx\/articles\/16-datos-curiosos-que-no-sabias-de-mean-girls\/","og_site_name":"Grazia M\u00e9xico y Latinoam\u00e9rica","article_modified_time":"2019-05-03T20:29:12+00:00","og_image":[{"width":1024,"height":759,"url":"https:\/\/graziamagazine.com\/mx\/wp-content\/uploads\/sites\/13\/2019\/04\/16-datos-curiosos-que-no-sabias-de-mean-girls.jpg?fit=1024%2C759","type":"image\/jpeg"}],"twitter_card":"summary_large_image","twitter_misc":{"Est. reading time":"3 minutos"},"schema":{"@context":"https:\/\/schema.org","@graph":[{"@type":"WebPage","@id":"https:\/\/graziamagazine.com\/mx\/articles\/16-datos-curiosos-que-no-sabias-de-mean-girls\/","url":"https:\/\/graziamagazine.com\/mx\/articles\/16-datos-curiosos-que-no-sabias-de-mean-girls\/","name":"16 datos curiosos que no sab\u00edas de Mean Girls | Grazia M\u00e9xico y Latinoam\u00e9rica","isPartOf":{"@id":"https:\/\/graziamagazine.com\/mx\/#website"},"datePublished":"2019-04-30T19:00:46+00:00","dateModified":"2019-05-03T20:29:12+00:00","description":"Hoy es el aniversario n\u00famero 15 de nuestra pel\u00edcula favorita de los a\u00f1os 2000, Mean Girls.\u00a0Y la revivimos con 16 datos curiosos que seguramente no te sabes.","breadcrumb":{"@id":"https:\/\/graziamagazine.com\/mx\/articles\/16-datos-curiosos-que-no-sabias-de-mean-girls\/#breadcrumb"},"inLanguage":"es-MX","potentialAction":[{"@type":"ReadAction","target":["https:\/\/graziamagazine.com\/mx\/articles\/16-datos-curiosos-que-no-sabias-de-mean-girls\/"]}]},{"@type":"BreadcrumbList","@id":"https:\/\/graziamagazine.com\/mx\/articles\/16-datos-curiosos-que-no-sabias-de-mean-girls\/#breadcrumb","itemListElement":[{"@type":"ListItem","position":1,"name":"Home","item":"https:\/\/graziamagazine.com\/mx\/"},{"@type":"ListItem","position":2,"name":"16 datos curiosos que no sab\u00edas de Mean Girls"}]},{"@type":"WebSite","@id":"https:\/\/graziamagazine.com\/mx\/#website","url":"https:\/\/graziamagazine.com\/mx\/","name":"Grazia M\u00e9xico y Latinoam\u00e9rica","description":"Grazia es moda, belleza y noticias  de actualidad ","potentialAction":[{"@type":"SearchAction","target":{"@type":"EntryPoint","urlTemplate":"https:\/\/graziamagazine.com\/mx\/?s={search_term_string}"},"query-input":"required name=search_term_string"}],"inLanguage":"es-MX"}]}},"jetpack_sharing_enabled":true,"distributor_meta":false,"distributor_terms":false,"distributor_media":false,"distributor_original_site_name":"Grazia M\u00e9xico y Latinoam\u00e9rica","distributor_original_site_url":"https:\/\/graziamagazine.com\/mx","push-errors":false,"_links":{"self":[{"href":"https:\/\/graziamagazine.com\/mx\/wp-json\/wp\/v2\/articles\/64355"}],"collection":[{"href":"https:\/\/graziamagazine.com\/mx\/wp-json\/wp\/v2\/articles"}],"about":[{"href":"https:\/\/graziamagazine.com\/mx\/wp-json\/wp\/v2\/types\/articles"}],"author":[{"embeddable":true,"href":"https:\/\/graziamagazine.com\/mx\/wp-json\/wp\/v2\/users\/11656"}],"wp:featuredmedia":[{"embeddable":true,"href":"https:\/\/graziamagazine.com\/mx\/wp-json\/wp\/v2\/media\/64357"}],"wp:attachment":[{"href":"https:\/\/graziamagazine.com\/mx\/wp-json\/wp\/v2\/media?parent=64355"}],"wp:term":[{"taxonomy":"category","embeddable":true,"href":"https:\/\/graziamagazine.com\/mx\/wp-json\/wp\/v2\/categories?post=64355"}],"curies":[{"name":"wp","href":"https:\/\/api.w.org\/{rel}","templated":true}]}}