{"id":64091,"date":"2019-04-23T18:32:39","date_gmt":"2019-04-23T23:32:39","guid":{"rendered":"https:\/\/graziamagazine.com\/mx\/?p=64091"},"modified":"2019-04-23T18:32:39","modified_gmt":"2019-04-23T23:32:39","slug":"el-documental-sobre-halston-ya-tiene-trailer","status":"publish","type":"articles","link":"https:\/\/graziamagazine.com\/mx\/articles\/el-documental-sobre-halston-ya-tiene-trailer\/","title":{"rendered":"El documental sobre Halston ya tiene trailer"},"content":{"rendered":"<p><b><i>Halston<\/i>, el dise\u00f1ador estadounidense olvidado, es el nuevo protagonista de un documental escrito y dirigido por el mismo hombre que hizo posible <i>Dior and I<\/i>.<\/b><!--more--><\/p>\n<p>Hace unos meses, <a href=\"https:\/\/graziamagazine.com\/mx\/ewan-mcgregor-sera-halston-en-una-serie\/\" target=\"_blank\" rel=\"noopener\"><b>Ewan McGregor<\/b> fue elegido para interpretar al m\u00edtico dise\u00f1ador de los setenta,<\/a> <b>Halston<\/b>, en una nueva serie. Ahora, un documental que rescata el legado de uno de los m\u00e1s grandes en la moda estadounidense, est\u00e1 por estrenarse y el <i>trailer<\/i> ya fue dado a conocer. Dirigida y escrita por el mismo hombre que hizo posible <b><i>Dior and I<\/i><\/b> y <b><i>Valentino: The Last Emperor<\/i><\/b>, <b>Fr\u00e9d\u00e9ric Tcheng<\/b>, este promete regresarle la atenci\u00f3n que se merece al dise\u00f1ador que comenz\u00f3 haciendo sombreros.<\/p>\n<p>La vida de <b>Roy Halston Frowick<\/b> es prueba de los excesos en <strong>Nueva York<\/strong> durante las d\u00e9cadas de los setenta y ochenta. Se codeaba con personalidades tan grandes como <b>Liza Minelli<\/b>, <b>Bianca Jagger<\/b> \u2014ambas sus musas\u2014, <b>Andy Warhol<\/b> e <b>Yves Saint Laurent<\/b>, y era uno de los recurrentes en el emblem\u00e1tico <b>Studio 54<\/b>. Luego de alcanzar el \u00e9xito a trav\u00e9s de su est\u00e9tica minimalista, novedosa en aquellos tiempos maximalistas, el dise\u00f1ador pact\u00f3 una asociaci\u00f3n con <strong>J.C. Penney<\/strong> para masificar sus dise\u00f1os. Le vali\u00f3 su mancuerna con <b>Bergdorf Goodman<\/b>, el cliente m\u00e1s exclusivo que ten\u00eda.<\/p>\n<p>A trav\u00e9s de dos horas, <b><i>Halston<\/i><\/b> promete rendir tributo al creativo. Tcheng, con su exhausta investigaci\u00f3n, dar\u00e1 a conocer al genio como nunca nadie lo ha hecho. Entrevistas con Minelli, <b>Pat Cleveland,<\/b> entre otros, acercar\u00e1n a este personaje hacia p\u00fablico que no lo conoce o lo ha olvidado.<\/p>\n<p><iframe loading=\"lazy\" src=\"https:\/\/www.youtube.com\/embed\/pG499lzVjBE\" width=\"560\" height=\"315\" frameborder=\"0\"><\/iframe><\/p>\n<p><i>El documental se espera para el 7 de junio en salas de cine seleccionadas alrededor del mundo.<\/i><\/p>\n<h5><\/h5>\n<h5><em>*IMAGEN: Getty Images<\/em><\/h5>\n","protected":false},"author":11641,"featured_media":64105,"template":"","format":"standard","categories":[4],"acf":[],"yoast_head":"<!-- This site is optimized with the Yoast SEO Premium plugin v18.5 (Yoast SEO v20.4) - https:\/\/yoast.com\/wordpress\/plugins\/seo\/ -->\n<title>El documental sobre Halston ya tiene trailer | Grazia M\u00e9xico y Latinoam\u00e9rica<\/title>\n<meta name=\"description\" content=\"Halston, el dise\u00f1ador estadounidense olvidado, es el nuevo protagonista de un documental escrito y dirigido por el mismo hombre que hizo posible Dior and I.\" \/>\n<meta name=\"robots\" content=\"index, follow, max-snippet:-1, max-image-preview:large, max-video-preview:-1\" \/>\n<link rel=\"canonical\" href=\"https:\/\/graziamagazine.com\/mx\/articles\/el-documental-sobre-halston-ya-tiene-trailer\/\" \/>\n<meta property=\"og:locale\" content=\"es_MX\" \/>\n<meta property=\"og:type\" content=\"article\" \/>\n<meta property=\"og:title\" content=\"El documental sobre Halston ya tiene trailer\" \/>\n<meta property=\"og:description\" content=\"Halston, el dise\u00f1ador estadounidense olvidado, es el nuevo protagonista de un documental escrito y dirigido por el mismo hombre que hizo posible Dior and I.\" \/>\n<meta property=\"og:url\" content=\"https:\/\/graziamagazine.com\/mx\/articles\/el-documental-sobre-halston-ya-tiene-trailer\/\" \/>\n<meta property=\"og:site_name\" content=\"Grazia M\u00e9xico y Latinoam\u00e9rica\" \/>\n<meta property=\"og:image\" content=\"https:\/\/graziamagazine.com\/mx\/wp-content\/uploads\/sites\/13\/2019\/04\/el-documental-sobre-halston-ya-tiene-trailer-destacada.jpg?fit=1772%2C1241\" \/>\n\t<meta property=\"og:image:width\" content=\"1772\" \/>\n\t<meta property=\"og:image:height\" content=\"1241\" \/>\n\t<meta property=\"og:image:type\" content=\"image\/jpeg\" \/>\n<meta name=\"twitter:card\" content=\"summary_large_image\" \/>\n<meta name=\"twitter:label1\" content=\"Est. reading time\" \/>\n\t<meta name=\"twitter:data1\" content=\"1 minuto\" \/>\n<script type=\"application\/ld+json\" class=\"yoast-schema-graph\">{\"@context\":\"https:\/\/schema.org\",\"@graph\":[{\"@type\":\"WebPage\",\"@id\":\"https:\/\/graziamagazine.com\/mx\/articles\/el-documental-sobre-halston-ya-tiene-trailer\/\",\"url\":\"https:\/\/graziamagazine.com\/mx\/articles\/el-documental-sobre-halston-ya-tiene-trailer\/\",\"name\":\"El documental sobre Halston ya tiene trailer | Grazia M\u00e9xico y Latinoam\u00e9rica\",\"isPartOf\":{\"@id\":\"https:\/\/graziamagazine.com\/mx\/#website\"},\"datePublished\":\"2019-04-23T23:32:39+00:00\",\"dateModified\":\"2019-04-23T23:32:39+00:00\",\"description\":\"Halston, el dise\u00f1ador estadounidense olvidado, es el nuevo protagonista de un documental escrito y dirigido por el mismo hombre que hizo posible Dior and I.\",\"breadcrumb\":{\"@id\":\"https:\/\/graziamagazine.com\/mx\/articles\/el-documental-sobre-halston-ya-tiene-trailer\/#breadcrumb\"},\"inLanguage\":\"es-MX\",\"potentialAction\":[{\"@type\":\"ReadAction\",\"target\":[\"https:\/\/graziamagazine.com\/mx\/articles\/el-documental-sobre-halston-ya-tiene-trailer\/\"]}]},{\"@type\":\"BreadcrumbList\",\"@id\":\"https:\/\/graziamagazine.com\/mx\/articles\/el-documental-sobre-halston-ya-tiene-trailer\/#breadcrumb\",\"itemListElement\":[{\"@type\":\"ListItem\",\"position\":1,\"name\":\"Home\",\"item\":\"https:\/\/graziamagazine.com\/mx\/\"},{\"@type\":\"ListItem\",\"position\":2,\"name\":\"El documental sobre Halston ya tiene trailer\"}]},{\"@type\":\"WebSite\",\"@id\":\"https:\/\/graziamagazine.com\/mx\/#website\",\"url\":\"https:\/\/graziamagazine.com\/mx\/\",\"name\":\"Grazia M\u00e9xico y Latinoam\u00e9rica\",\"description\":\"Grazia es moda, belleza y noticias  de actualidad \",\"potentialAction\":[{\"@type\":\"SearchAction\",\"target\":{\"@type\":\"EntryPoint\",\"urlTemplate\":\"https:\/\/graziamagazine.com\/mx\/?s={search_term_string}\"},\"query-input\":\"required name=search_term_string\"}],\"inLanguage\":\"es-MX\"}]}<\/script>\n<!-- \/ Yoast SEO Premium plugin. -->","yoast_head_json":{"title":"El documental sobre Halston ya tiene trailer | Grazia M\u00e9xico y Latinoam\u00e9rica","description":"Halston, el dise\u00f1ador estadounidense olvidado, es el nuevo protagonista de un documental escrito y dirigido por el mismo hombre que hizo posible Dior and I.","robots":{"index":"index","follow":"follow","max-snippet":"max-snippet:-1","max-image-preview":"max-image-preview:large","max-video-preview":"max-video-preview:-1"},"canonical":"https:\/\/graziamagazine.com\/mx\/articles\/el-documental-sobre-halston-ya-tiene-trailer\/","og_locale":"es_MX","og_type":"article","og_title":"El documental sobre Halston ya tiene trailer","og_description":"Halston, el dise\u00f1ador estadounidense olvidado, es el nuevo protagonista de un documental escrito y dirigido por el mismo hombre que hizo posible Dior and I.","og_url":"https:\/\/graziamagazine.com\/mx\/articles\/el-documental-sobre-halston-ya-tiene-trailer\/","og_site_name":"Grazia M\u00e9xico y Latinoam\u00e9rica","og_image":[{"width":1772,"height":1241,"url":"https:\/\/graziamagazine.com\/mx\/wp-content\/uploads\/sites\/13\/2019\/04\/el-documental-sobre-halston-ya-tiene-trailer-destacada.jpg?fit=1772%2C1241","type":"image\/jpeg"}],"twitter_card":"summary_large_image","twitter_misc":{"Est. reading time":"1 minuto"},"schema":{"@context":"https:\/\/schema.org","@graph":[{"@type":"WebPage","@id":"https:\/\/graziamagazine.com\/mx\/articles\/el-documental-sobre-halston-ya-tiene-trailer\/","url":"https:\/\/graziamagazine.com\/mx\/articles\/el-documental-sobre-halston-ya-tiene-trailer\/","name":"El documental sobre Halston ya tiene trailer | Grazia M\u00e9xico y Latinoam\u00e9rica","isPartOf":{"@id":"https:\/\/graziamagazine.com\/mx\/#website"},"datePublished":"2019-04-23T23:32:39+00:00","dateModified":"2019-04-23T23:32:39+00:00","description":"Halston, el dise\u00f1ador estadounidense olvidado, es el nuevo protagonista de un documental escrito y dirigido por el mismo hombre que hizo posible Dior and I.","breadcrumb":{"@id":"https:\/\/graziamagazine.com\/mx\/articles\/el-documental-sobre-halston-ya-tiene-trailer\/#breadcrumb"},"inLanguage":"es-MX","potentialAction":[{"@type":"ReadAction","target":["https:\/\/graziamagazine.com\/mx\/articles\/el-documental-sobre-halston-ya-tiene-trailer\/"]}]},{"@type":"BreadcrumbList","@id":"https:\/\/graziamagazine.com\/mx\/articles\/el-documental-sobre-halston-ya-tiene-trailer\/#breadcrumb","itemListElement":[{"@type":"ListItem","position":1,"name":"Home","item":"https:\/\/graziamagazine.com\/mx\/"},{"@type":"ListItem","position":2,"name":"El documental sobre Halston ya tiene trailer"}]},{"@type":"WebSite","@id":"https:\/\/graziamagazine.com\/mx\/#website","url":"https:\/\/graziamagazine.com\/mx\/","name":"Grazia M\u00e9xico y Latinoam\u00e9rica","description":"Grazia es moda, belleza y noticias  de actualidad ","potentialAction":[{"@type":"SearchAction","target":{"@type":"EntryPoint","urlTemplate":"https:\/\/graziamagazine.com\/mx\/?s={search_term_string}"},"query-input":"required name=search_term_string"}],"inLanguage":"es-MX"}]}},"jetpack_sharing_enabled":true,"distributor_meta":false,"distributor_terms":false,"distributor_media":false,"distributor_original_site_name":"Grazia M\u00e9xico y Latinoam\u00e9rica","distributor_original_site_url":"https:\/\/graziamagazine.com\/mx","push-errors":false,"_links":{"self":[{"href":"https:\/\/graziamagazine.com\/mx\/wp-json\/wp\/v2\/articles\/64091"}],"collection":[{"href":"https:\/\/graziamagazine.com\/mx\/wp-json\/wp\/v2\/articles"}],"about":[{"href":"https:\/\/graziamagazine.com\/mx\/wp-json\/wp\/v2\/types\/articles"}],"author":[{"embeddable":true,"href":"https:\/\/graziamagazine.com\/mx\/wp-json\/wp\/v2\/users\/11641"}],"wp:featuredmedia":[{"embeddable":true,"href":"https:\/\/graziamagazine.com\/mx\/wp-json\/wp\/v2\/media\/64105"}],"wp:attachment":[{"href":"https:\/\/graziamagazine.com\/mx\/wp-json\/wp\/v2\/media?parent=64091"}],"wp:term":[{"taxonomy":"category","embeddable":true,"href":"https:\/\/graziamagazine.com\/mx\/wp-json\/wp\/v2\/categories?post=64091"}],"curies":[{"name":"wp","href":"https:\/\/api.w.org\/{rel}","templated":true}]}}