{"id":62715,"date":"2019-03-11T17:26:08","date_gmt":"2019-03-11T22:26:08","guid":{"rendered":"https:\/\/graziamagazine.com\/mx\/?p=62715"},"modified":"2019-03-11T17:32:10","modified_gmt":"2019-03-11T22:32:10","slug":"por-que-se-separaron-los-jonas-brothers","status":"publish","type":"articles","link":"https:\/\/graziamagazine.com\/mx\/articles\/por-que-se-separaron-los-jonas-brothers\/","title":{"rendered":"\u00bfPor qu\u00e9 se separaron los Jonas Brothers?"},"content":{"rendered":"<p><b>Los Jonas Brothers se abren ante sus fan\u00e1ticos junto a James Corden y hablan sobre la ruptura de la <i>boy band<\/i> y los m\u00edticos anillos de castidad.<\/b><!--more--><\/p>\n<p><i>Secret\u2019s out<\/i>. \u00bfRecuerdas hace un par de a\u00f1os cuando los <b>Jonas Brothers<\/b> se separaron y fue, de alguna manera, un luto en la cultura pop? Bueno, pues ahora con su regreso y aparici\u00f3n especial en el <b><i>Carpool Karaoke<\/i><\/b> de <b>James Corden<\/b>, el tr\u00edo de hermanos se abrieron ante sus fan\u00e1ticos para explicar todo sobre <a href=\"https:\/\/graziamagazine.com\/mx\/los-jonas-brothers-estan-de-regreso\/\" target=\"_blank\" rel=\"noopener\">su regreso<\/a> y, por supuesto, su ruptura \u2014casi como una relaci\u00f3n amorosa\u2014.<\/p>\n<p>Luego de entonar su \u00faltimo \u00e9xito, <i>Burnin\u2019 Up<\/i>, el presentador ingl\u00e9s no se contuvo en indagar la verdadera raz\u00f3n por la que se volvieron a unir. Seg\u00fan explican, todo empez\u00f3 con un documental que narra su historia hacia el estrellato. Fue en el proceso, como lo pone Nick Jonas, que los tres hermanos sanaron heridas que a\u00fan estaban abiertas; \u201cTerapia forzada\u201d, agreg\u00f3 el mayor, Kevin. Esta, seg\u00fan dijo el esposo de Priyanka Chopra, incluy\u00f3 algunos <i>drinks<\/i> y un <i>bowl<\/i> con preguntas para sacar y contestar aleatoriamente. Fue ah\u00ed cuando el menor de los tres se declar\u00f3 culpable de haber roto la <i>boy band<\/i>. Pero no te preocupes, fue \u00e9l quien alent\u00f3 el regreso, de acuerdo a las declaraciones de los hermanos en la camioneta.<\/p>\n<p>Entre una sesi\u00f3n con detector de mentiras en donde se destaparon algunas verdades muy c\u00f3micas, el tr\u00edo y Corden cantaron el nuevo sencillo de los hermanos, <i>Sucker<\/i>.<\/p>\n<p>De vuelta al cuestionamiento, James no pudo evitar preguntar sobre los m\u00edticos anillos de castidad. Joe tuvo la palabra en esta ocasi\u00f3n y decidi\u00f3 explicar que aunque fueron un chiste para muchos, su carrera no iba a funcionar con las argollas. As\u00ed que por decisi\u00f3n propia, los Jonas optaron por dejar la creencia a un lado. \u00bfQui\u00e9n fue el primero que rompi\u00f3 con la promesa? Kevin, por supuesto.<\/p>\n<p>Pero no dejes que te contemos m\u00e1s, mejor \u00e9chale un vistazo al video completo. Te aseguramos que aunque no hayas sido el fan\u00e1tico m\u00e1s grande de la <i>boy band<\/i>, te sacar\u00e1 una que otra risa. Y s\u00ed, tambi\u00e9n te inspirar\u00e1 nostalgia \u2014pero solo un poquito, no te preocupes\u2014.<\/p>\n<p><iframe loading=\"lazy\" src=\"https:\/\/www.youtube.com\/embed\/aDcTSYZu-zY\" width=\"560\" height=\"315\" frameborder=\"0\"><\/iframe><\/p>\n<h5><\/h5>\n<h5><em>*IMAGEN: Cortes\u00eda\u00a0<\/em><\/h5>\n","protected":false},"author":11636,"featured_media":62725,"template":"","format":"standard","categories":[2],"acf":[],"yoast_head":"<!-- This site is optimized with the Yoast SEO Premium plugin v18.5 (Yoast SEO v20.4) - https:\/\/yoast.com\/wordpress\/plugins\/seo\/ -->\n<title>\u00bfPor qu\u00e9 se separaron los Jonas Brothers? | Grazia M\u00e9xico y Latinoam\u00e9rica<\/title>\n<meta name=\"description\" content=\"Los Jonas Brothers se abren ante sus fan\u00e1ticos junto a James Corden y hablan sobre la ruptura de la boy band y los m\u00edticos anillos de castidad.\" \/>\n<meta name=\"robots\" content=\"index, follow, max-snippet:-1, max-image-preview:large, max-video-preview:-1\" \/>\n<link rel=\"canonical\" href=\"https:\/\/graziamagazine.com\/mx\/articles\/por-que-se-separaron-los-jonas-brothers\/\" \/>\n<meta property=\"og:locale\" content=\"es_MX\" \/>\n<meta property=\"og:type\" content=\"article\" \/>\n<meta property=\"og:title\" content=\"\u00bfPor qu\u00e9 se separaron los Jonas Brothers?\" \/>\n<meta property=\"og:description\" content=\"Los Jonas Brothers se abren ante sus fan\u00e1ticos junto a James Corden y hablan sobre la ruptura de la boy band y los m\u00edticos anillos de castidad.\" \/>\n<meta property=\"og:url\" content=\"https:\/\/graziamagazine.com\/mx\/articles\/por-que-se-separaron-los-jonas-brothers\/\" \/>\n<meta property=\"og:site_name\" content=\"Grazia M\u00e9xico y Latinoam\u00e9rica\" \/>\n<meta property=\"article:modified_time\" content=\"2019-03-11T22:32:10+00:00\" \/>\n<meta property=\"og:image\" content=\"https:\/\/graziamagazine.com\/mx\/wp-content\/uploads\/sites\/13\/2019\/03\/por-que-se-separaron-los-jonas-brothers-destacada.jpg?fit=1920%2C1058\" \/>\n\t<meta property=\"og:image:width\" content=\"1920\" \/>\n\t<meta property=\"og:image:height\" content=\"1058\" \/>\n\t<meta property=\"og:image:type\" content=\"image\/jpeg\" \/>\n<meta name=\"twitter:card\" content=\"summary_large_image\" \/>\n<meta name=\"twitter:label1\" content=\"Est. reading time\" \/>\n\t<meta name=\"twitter:data1\" content=\"2 minutos\" \/>\n<script type=\"application\/ld+json\" class=\"yoast-schema-graph\">{\"@context\":\"https:\/\/schema.org\",\"@graph\":[{\"@type\":\"WebPage\",\"@id\":\"https:\/\/graziamagazine.com\/mx\/articles\/por-que-se-separaron-los-jonas-brothers\/\",\"url\":\"https:\/\/graziamagazine.com\/mx\/articles\/por-que-se-separaron-los-jonas-brothers\/\",\"name\":\"\u00bfPor qu\u00e9 se separaron los Jonas Brothers? | Grazia M\u00e9xico y Latinoam\u00e9rica\",\"isPartOf\":{\"@id\":\"https:\/\/graziamagazine.com\/mx\/#website\"},\"datePublished\":\"2019-03-11T22:26:08+00:00\",\"dateModified\":\"2019-03-11T22:32:10+00:00\",\"description\":\"Los Jonas Brothers se abren ante sus fan\u00e1ticos junto a James Corden y hablan sobre la ruptura de la boy band y los m\u00edticos anillos de castidad.\",\"breadcrumb\":{\"@id\":\"https:\/\/graziamagazine.com\/mx\/articles\/por-que-se-separaron-los-jonas-brothers\/#breadcrumb\"},\"inLanguage\":\"es-MX\",\"potentialAction\":[{\"@type\":\"ReadAction\",\"target\":[\"https:\/\/graziamagazine.com\/mx\/articles\/por-que-se-separaron-los-jonas-brothers\/\"]}]},{\"@type\":\"BreadcrumbList\",\"@id\":\"https:\/\/graziamagazine.com\/mx\/articles\/por-que-se-separaron-los-jonas-brothers\/#breadcrumb\",\"itemListElement\":[{\"@type\":\"ListItem\",\"position\":1,\"name\":\"Home\",\"item\":\"https:\/\/graziamagazine.com\/mx\/\"},{\"@type\":\"ListItem\",\"position\":2,\"name\":\"\u00bfPor qu\u00e9 se separaron los Jonas Brothers?\"}]},{\"@type\":\"WebSite\",\"@id\":\"https:\/\/graziamagazine.com\/mx\/#website\",\"url\":\"https:\/\/graziamagazine.com\/mx\/\",\"name\":\"Grazia M\u00e9xico y Latinoam\u00e9rica\",\"description\":\"Grazia es moda, belleza y noticias  de actualidad \",\"potentialAction\":[{\"@type\":\"SearchAction\",\"target\":{\"@type\":\"EntryPoint\",\"urlTemplate\":\"https:\/\/graziamagazine.com\/mx\/?s={search_term_string}\"},\"query-input\":\"required name=search_term_string\"}],\"inLanguage\":\"es-MX\"}]}<\/script>\n<!-- \/ Yoast SEO Premium plugin. -->","yoast_head_json":{"title":"\u00bfPor qu\u00e9 se separaron los Jonas Brothers? | Grazia M\u00e9xico y Latinoam\u00e9rica","description":"Los Jonas Brothers se abren ante sus fan\u00e1ticos junto a James Corden y hablan sobre la ruptura de la boy band y los m\u00edticos anillos de castidad.","robots":{"index":"index","follow":"follow","max-snippet":"max-snippet:-1","max-image-preview":"max-image-preview:large","max-video-preview":"max-video-preview:-1"},"canonical":"https:\/\/graziamagazine.com\/mx\/articles\/por-que-se-separaron-los-jonas-brothers\/","og_locale":"es_MX","og_type":"article","og_title":"\u00bfPor qu\u00e9 se separaron los Jonas Brothers?","og_description":"Los Jonas Brothers se abren ante sus fan\u00e1ticos junto a James Corden y hablan sobre la ruptura de la boy band y los m\u00edticos anillos de castidad.","og_url":"https:\/\/graziamagazine.com\/mx\/articles\/por-que-se-separaron-los-jonas-brothers\/","og_site_name":"Grazia M\u00e9xico y Latinoam\u00e9rica","article_modified_time":"2019-03-11T22:32:10+00:00","og_image":[{"width":1920,"height":1058,"url":"https:\/\/graziamagazine.com\/mx\/wp-content\/uploads\/sites\/13\/2019\/03\/por-que-se-separaron-los-jonas-brothers-destacada.jpg?fit=1920%2C1058","type":"image\/jpeg"}],"twitter_card":"summary_large_image","twitter_misc":{"Est. reading time":"2 minutos"},"schema":{"@context":"https:\/\/schema.org","@graph":[{"@type":"WebPage","@id":"https:\/\/graziamagazine.com\/mx\/articles\/por-que-se-separaron-los-jonas-brothers\/","url":"https:\/\/graziamagazine.com\/mx\/articles\/por-que-se-separaron-los-jonas-brothers\/","name":"\u00bfPor qu\u00e9 se separaron los Jonas Brothers? | Grazia M\u00e9xico y Latinoam\u00e9rica","isPartOf":{"@id":"https:\/\/graziamagazine.com\/mx\/#website"},"datePublished":"2019-03-11T22:26:08+00:00","dateModified":"2019-03-11T22:32:10+00:00","description":"Los Jonas Brothers se abren ante sus fan\u00e1ticos junto a James Corden y hablan sobre la ruptura de la boy band y los m\u00edticos anillos de castidad.","breadcrumb":{"@id":"https:\/\/graziamagazine.com\/mx\/articles\/por-que-se-separaron-los-jonas-brothers\/#breadcrumb"},"inLanguage":"es-MX","potentialAction":[{"@type":"ReadAction","target":["https:\/\/graziamagazine.com\/mx\/articles\/por-que-se-separaron-los-jonas-brothers\/"]}]},{"@type":"BreadcrumbList","@id":"https:\/\/graziamagazine.com\/mx\/articles\/por-que-se-separaron-los-jonas-brothers\/#breadcrumb","itemListElement":[{"@type":"ListItem","position":1,"name":"Home","item":"https:\/\/graziamagazine.com\/mx\/"},{"@type":"ListItem","position":2,"name":"\u00bfPor qu\u00e9 se separaron los Jonas Brothers?"}]},{"@type":"WebSite","@id":"https:\/\/graziamagazine.com\/mx\/#website","url":"https:\/\/graziamagazine.com\/mx\/","name":"Grazia M\u00e9xico y Latinoam\u00e9rica","description":"Grazia es moda, belleza y noticias  de actualidad ","potentialAction":[{"@type":"SearchAction","target":{"@type":"EntryPoint","urlTemplate":"https:\/\/graziamagazine.com\/mx\/?s={search_term_string}"},"query-input":"required name=search_term_string"}],"inLanguage":"es-MX"}]}},"jetpack_sharing_enabled":true,"distributor_meta":false,"distributor_terms":false,"distributor_media":false,"distributor_original_site_name":"Grazia M\u00e9xico y Latinoam\u00e9rica","distributor_original_site_url":"https:\/\/graziamagazine.com\/mx","push-errors":false,"_links":{"self":[{"href":"https:\/\/graziamagazine.com\/mx\/wp-json\/wp\/v2\/articles\/62715"}],"collection":[{"href":"https:\/\/graziamagazine.com\/mx\/wp-json\/wp\/v2\/articles"}],"about":[{"href":"https:\/\/graziamagazine.com\/mx\/wp-json\/wp\/v2\/types\/articles"}],"author":[{"embeddable":true,"href":"https:\/\/graziamagazine.com\/mx\/wp-json\/wp\/v2\/users\/11636"}],"wp:featuredmedia":[{"embeddable":true,"href":"https:\/\/graziamagazine.com\/mx\/wp-json\/wp\/v2\/media\/62725"}],"wp:attachment":[{"href":"https:\/\/graziamagazine.com\/mx\/wp-json\/wp\/v2\/media?parent=62715"}],"wp:term":[{"taxonomy":"category","embeddable":true,"href":"https:\/\/graziamagazine.com\/mx\/wp-json\/wp\/v2\/categories?post=62715"}],"curies":[{"name":"wp","href":"https:\/\/api.w.org\/{rel}","templated":true}]}}