{"id":62667,"date":"2019-03-08T15:16:24","date_gmt":"2019-03-08T20:16:24","guid":{"rendered":"https:\/\/graziamagazine.com\/mx\/?p=62667"},"modified":"2019-03-08T15:16:24","modified_gmt":"2019-03-08T20:16:24","slug":"9-mujeres-en-casas-de-moda","status":"publish","type":"articles","link":"https:\/\/graziamagazine.com\/mx\/articles\/9-mujeres-en-casas-de-moda\/","title":{"rendered":"9 mujeres en casas de moda"},"content":{"rendered":"<p class=\"p1\"><span class=\"s1\"><b>Porque no son muchas las mujeres que ocupan el puesto de directoras creativas de marcas. Celebramos a ocho mujeres que nos sorprenden cada temporada.<\/b><\/span><\/p>\n<p><!--more--><\/p>\n<h2 class=\"p1\"><span class=\"s1\"><b>Victoria Beckham<\/b><\/span><\/h2>\n<p class=\"p1\"><span class=\"s1\">La cantante de las <strong>Spice Girls<\/strong>, tom\u00f3 por sorpresa a todo el mundo cuando decidi\u00f3 lanzar su marca. Si bien de todas las Spice era la que m\u00e1s sentido de la moda ten\u00eda, muchos pensaron que \u00fanicamente ver\u00edamos mini faldas y tacones en su marca. Y que era solo un capricho.\u00a0<\/span><\/p>\n<p class=\"p1\"><span class=\"s1\">Diez a\u00f1os despu\u00e9s, <strong>Victoria Beckham<\/strong> ha sabido evolucionar, definir su estilo y la est\u00e9tica de su marca. Los vestidos pegados de Herv\u00e8 Leger que tanto le gustaban, cambiaron por su\u00e9teres, vestidos sueltos y pantalones <i>oversized<\/i>. En una d\u00e9cada logr\u00f3 posicionar su marca en todo el mundo, ha sido invitada a estar en <strong>Dover Street Market<\/strong> y ha hecho dos colaboraciones de belleza con <strong>Est\u00e9e Lauder.<\/strong><\/span><\/p>\n<figure id=\"attachment_62669\" aria-describedby=\"caption-attachment-62669\" style=\"width: 683px\" class=\"wp-caption alignnone\"><img loading=\"lazy\" decoding=\"async\" class=\"wp-image-62669 size-large\" src=\"https:\/\/graziamagazine.com\/mx\/wp-content\/uploads\/sites\/13\/2019\/03\/victoria-700x1050.jpg\" alt=\"\" width=\"683\" height=\"1024\" \/><figcaption id=\"caption-attachment-62669\" class=\"wp-caption-text\">Victoria Beckham<\/figcaption><\/figure>\n<p>&nbsp;<\/p>\n<h2 class=\"p1\"><span class=\"s1\"><b>Mary-Kate y Ashley Olsen <\/b><\/span><\/h2>\n<p class=\"p1\"><span class=\"s1\">La primera vez que conocimos a las gemelas Olsen fue en <em>Full House<\/em>, d\u00e1ndole vida al personaje de Michelle Tanner. A sus seis a\u00f1os empezaron a hacer diferentes pel\u00edculas que continuaron hasta su adolescencia. Pronto se convirtieron en un par de mujeres exitosas en el mundo del entretenimiento. <\/span><\/p>\n<p class=\"p1\"><span class=\"s1\">Si algo ve\u00edamos en sus pel\u00edculas era que \u2014adem\u00e1s de viajar por todo el mundo\u2014 ten\u00edan un estilo de la moda \u00fanico. Ellas acu\u00f1aron el t\u00e9rmino <i>boho chic<\/i>. Era cuesti\u00f3n de tiempo para que lanzaran un marca de ropa, o, en su caso, como vienen en par, dos marcas: <strong>Elizabeth &amp; James<\/strong> y <strong>The Row<\/strong>.<\/span><\/p>\n<figure id=\"attachment_62670\" aria-describedby=\"caption-attachment-62670\" style=\"width: 700px\" class=\"wp-caption alignnone\"><img loading=\"lazy\" decoding=\"async\" class=\"wp-image-62670 size-large\" src=\"https:\/\/graziamagazine.com\/mx\/wp-content\/uploads\/sites\/13\/2019\/03\/olsen-700x847.jpg\" alt=\"\" width=\"700\" height=\"847\" \/><figcaption id=\"caption-attachment-62670\" class=\"wp-caption-text\">Mary-Kate y Ashley Olsen<\/figcaption><\/figure>\n<p>&nbsp;<\/p>\n<h2 class=\"p1\"><span class=\"s1\"><b>Miuccia Prada<\/b><\/span><\/h2>\n<p class=\"p1\"><span class=\"s1\">Mucho podemos decir de <strong>Miuccia Prada<\/strong>, la mujer que<span class=\"Apple-converted-space\">\u00a0<\/span>(aunque no le encantaba la idea) tom\u00f3 las riendas del negocio familiar y que lo<span class=\"Apple-converted-space\">\u00a0<\/span>convirti\u00f3 en un grupo de moda que adquiri\u00f3 en su momento marcas como <strong>Jil Sander<\/strong> y <strong>Helmut Lang<\/strong>. <\/span><\/p>\n<p class=\"p1\"><span class=\"s1\">Su \u00e9xito comercial empez\u00f3 al crear una mochila de Nylon para una mujer italiana que estaba cansada de un estilo \u201cse\u00f1orial\u201d. Tres a\u00f1os despu\u00e9s, present\u00f3 su primera colecci\u00f3n de pr\u00eat-\u00e0-porter, una propuesta que sustitu\u00eda a la mujer sexual de la d\u00e9cada por una que prefer\u00eda la comodidad de prendas y unos zapatos planos antes que unos tacones. En retrospectiva, provoc\u00f3 un movimiento s\u00edsmico en los 90, tal y como Christian Dior lo hizo en 1947 con su New Look.<\/span><\/p>\n<p>&nbsp;<\/p>\n<blockquote class=\"instagram-media\" style=\"background: #FFF; border: 0; border-radius: 3px; box-shadow: 0 0 1px 0 rgba(0,0,0,0.5),0 1px 10px 0 rgba(0,0,0,0.15); margin: 1px; max-width: 540px; min-width: 326px; padding: 0; width: calc(100% - 2px);\" data-instgrm-captioned=\"\" data-instgrm-permalink=\"https:\/\/www.instagram.com\/p\/BeuFY3chwYK\/?utm_source=ig_embed&amp;utm_medium=loading&amp;utm_campaign=embed_locale_control\" data-instgrm-version=\"12\">\n<div style=\"padding: 16px;\">\n<p>&nbsp;<\/p>\n<div style=\"display: flex; flex-direction: row; align-items: center;\">\n<div style=\"background-color: #f4f4f4; border-radius: 50%; flex-grow: 0; height: 40px; margin-right: 14px; width: 40px;\"><\/div>\n<div style=\"display: flex; flex-direction: column; flex-grow: 1; justify-content: center;\">\n<div style=\"background-color: #f4f4f4; border-radius: 4px; flex-grow: 0; height: 14px; margin-bottom: 6px; width: 100px;\"><\/div>\n<div style=\"background-color: #f4f4f4; border-radius: 4px; flex-grow: 0; height: 14px; width: 60px;\"><\/div>\n<\/div>\n<\/div>\n<div style=\"padding: 19% 0;\"><\/div>\n<div style=\"display: block; height: 50px; margin: 0 auto 12px; width: 50px;\"><\/div>\n<div style=\"padding-top: 8px;\">\n<div style=\"color: #3897f0; font-family: Arial,sans-serif; font-size: 14px; font-style: normal; font-weight: 550; line-height: 18px;\">Ver esta publicaci\u00f3n en Instagram<\/div>\n<\/div>\n<div style=\"padding: 12.5% 0;\"><\/div>\n<div style=\"display: flex; flex-direction: row; margin-bottom: 14px; align-items: center;\">\n<div>\n<div style=\"background-color: #f4f4f4; border-radius: 50%; height: 12.5px; width: 12.5px; transform: translateX(0px) translateY(7px);\"><\/div>\n<div style=\"background-color: #f4f4f4; height: 12.5px; transform: rotate(-45deg) translateX(3px) translateY(1px); width: 12.5px; flex-grow: 0; margin-right: 14px; margin-left: 2px;\"><\/div>\n<div style=\"background-color: #f4f4f4; border-radius: 50%; height: 12.5px; width: 12.5px; transform: translateX(9px) translateY(-18px);\"><\/div>\n<\/div>\n<div style=\"margin-left: 8px;\">\n<div style=\"background-color: #f4f4f4; border-radius: 50%; flex-grow: 0; height: 20px; width: 20px;\"><\/div>\n<div style=\"width: 0; height: 0; border-top: 2px solid transparent; border-left: 6px solid #f4f4f4; border-bottom: 2px solid transparent; transform: translateX(16px) translateY(-4px) rotate(30deg);\"><\/div>\n<\/div>\n<div style=\"margin-left: auto;\">\n<div style=\"width: 0px; border-top: 8px solid #F4F4F4; border-right: 8px solid transparent; transform: translateY(16px);\"><\/div>\n<div style=\"background-color: #f4f4f4; flex-grow: 0; height: 12px; width: 16px; transform: translateY(-4px);\"><\/div>\n<div style=\"width: 0; height: 0; border-top: 8px solid #F4F4F4; border-left: 8px solid transparent; transform: translateY(-4px) translateX(8px);\"><\/div>\n<\/div>\n<\/div>\n<p>&nbsp;<\/p>\n<p style=\"margin: 8px 0 0 0; padding: 0 4px;\"><a href=\"https:\/\/www.instagram.com\/p\/BeuFY3chwYK\/?utm_source=ig_embed&amp;utm_medium=loading&amp;utm_campaign=embed_locale_control\"style=\"color: #000; font-family: Arial,sans-serif; font-size: 14px; font-style: normal; font-weight: normal; line-height: 17px; text-decoration: none; word-wrap: break-word;\"  target=\"_blank\" rel=\"noopener\" target=\"_blank\">#MiucciaPrada &amp; #models #backstage at #Prada 1997<\/a><\/p>\n<p style=\"color: #c9c8cd; font-family: Arial,sans-serif; font-size: 14px; line-height: 17px; margin-bottom: 0; margin-top: 8px; overflow: hidden; padding: 8px 0 7px; text-align: center; text-overflow: ellipsis; white-space: nowrap;\">Una publicaci\u00f3n compartida por <a href=\"https:\/\/www.instagram.com\/iwannabemiucciaprada\/?utm_source=ig_embed&amp;utm_medium=loading&amp;utm_campaign=embed_locale_control\"style=\"color: #c9c8cd; font-family: Arial,sans-serif; font-size: 14px; font-style: normal; font-weight: normal; line-height: 17px;\"  target=\"_blank\" rel=\"noopener\" target=\"_blank\"> Miumiu Prada<\/a> (@iwannabemiucciaprada) el <time style=\"font-family: Arial,sans-serif; font-size: 14px; line-height: 17px;\" datetime=\"2018-02-03T03:50:13+00:00\">2 de Feb de 2018 a las 7:50 PST<\/time><\/p>\n<\/div>\n<\/blockquote>\n<p><script async src=\"\/\/www.instagram.com\/embed.js\"><\/script><\/p>\n<h2 class=\"p1\"><span class=\"s1\"><b>Clare Waight Keller <\/b><\/span><\/h2>\n<p class=\"p1\"><span class=\"s1\">La primera mujer a cargo de la casa <b>Givenchy.<\/b>\u00a0De hecho, la \u00fanica con una est\u00e9tica con la que el propio <strong>Hubert de Givenchy<\/strong> estaba de acuerdo (el <em>couturier<\/em> odi\u00f3 lo que hicieron McQueen y Tisci con su marca). Clare ya nos hab\u00eda conquistado desde que era dise\u00f1adora en<strong> Chlo\u00e9<\/strong>. Su llegada a Givenchy trajo consigo una est\u00e9tica que regresaba a los archivos de Hubert y que tradujo a una feminidad actual. Su momento estrella vino cuando dise\u00f1\u00f3 el vestido de novia de <strong>Meghan Markle<\/strong>.<\/span><\/p>\n<figure id=\"attachment_62671\" aria-describedby=\"caption-attachment-62671\" style=\"width: 700px\" class=\"wp-caption alignnone\"><img loading=\"lazy\" decoding=\"async\" class=\"wp-image-62671 size-large\" src=\"https:\/\/graziamagazine.com\/mx\/wp-content\/uploads\/sites\/13\/2019\/03\/clare-waight-keller-700x467.jpg\" alt=\"\" width=\"700\" height=\"467\" \/><figcaption id=\"caption-attachment-62671\" class=\"wp-caption-text\">Clare Waight Keller<\/figcaption><\/figure>\n<p>&nbsp;<\/p>\n<h2 class=\"p1\"><span class=\"s1\"><b>Maria Grazia Chiuri<\/b><\/span><\/h2>\n<p class=\"p1\"><span class=\"s1\">En toda la historia de <strong>Dior<\/strong>, a pesar de ser la marca que empez\u00f3 con la intenci\u00f3n de celebrar la feminidad de la mujer, nunca hab\u00eda tenido a una en el puesto de director creativo. Fue hasta el a\u00f1o 2016 que nombraron a <strong>Maria Grazia Chiuri<\/strong> que ven\u00eda de Valentino y que ten\u00eda toda la intenci\u00f3n de empoderar a la mujer Dior. La camiseta con el mensaje \u201cWe should all be feminists\u201d de su primera colecci\u00f3n se convirti\u00f3 en una especie de estandarte para el nuevo<i> girl power<\/i>.<\/span><\/p>\n<figure id=\"attachment_62672\" aria-describedby=\"caption-attachment-62672\" style=\"width: 700px\" class=\"wp-caption alignnone\"><img loading=\"lazy\" decoding=\"async\" class=\"wp-image-62672 size-large\" src=\"https:\/\/graziamagazine.com\/mx\/wp-content\/uploads\/sites\/13\/2019\/03\/mariagrazia-700x394.jpg\" alt=\"\" width=\"700\" height=\"394\" \/><figcaption id=\"caption-attachment-62672\" class=\"wp-caption-text\">Maria Grazia Chiuri<\/figcaption><\/figure>\n<h2 class=\"p1\"><span class=\"s1\"><b>Natacha Ramsay-Levi<\/b><\/span><\/h2>\n<p class=\"p1\"><span class=\"s1\">Despu\u00e9s de haber sido parte del equipo de <strong>Nicolas Ghesqui\u00e8re<\/strong> en <strong>Louis Vuitton<\/strong>, en 2017 fue nombrada directora creativa de <strong>Chlo\u00e9<\/strong>, siendo la primer mujer francesa en ocupar ese puesto. Su colecci\u00f3n debut, fue descrita como espectacular y como un regreso a los a\u00f1os 70 con un estilo que definitivamente hered\u00f3 de Ghesqui\u00e8re: una estructura marcada en hombros y cintura.<\/span><\/p>\n<figure id=\"attachment_62673\" aria-describedby=\"caption-attachment-62673\" style=\"width: 700px\" class=\"wp-caption alignnone\"><img loading=\"lazy\" decoding=\"async\" class=\"wp-image-62673 size-large\" src=\"https:\/\/graziamagazine.com\/mx\/wp-content\/uploads\/sites\/13\/2019\/03\/natacha-ramsay-levi-chloe-700x466.jpg\" alt=\"\" width=\"700\" height=\"466\" \/><figcaption id=\"caption-attachment-62673\" class=\"wp-caption-text\">Natacha Ramsay-Levi<\/figcaption><\/figure>\n<p>&nbsp;<\/p>\n<h2 class=\"p1\"><span class=\"s1\"><b>Sarah Burton<\/b><\/span><\/h2>\n<p class=\"p1\"><span class=\"s1\">Despu\u00e9s de la muerte de <strong>Alexander McQueen<\/strong> en 2010, <strong>Sarah Burton<\/strong> se convirti\u00f3 en la cabeza de la marca. Su primer gran tarea fue hacer el vestido de novia de <strong>Kate Middleton<\/strong> en 2011. Burton, al haber sido parte del equipo de Lee McQueen desde el inicio, absorbi\u00f3 toda la ideolog\u00eda del dise\u00f1ador. Por nueve a\u00f1os, Sarah ha demostrado que puede seguir con el romanticismo y genialidad de McQueen. Adem\u00e1s de ser considerada una de las personas m\u00e1s influyentes de la industria por la revista <em>Forbes<\/em>.<\/span><\/p>\n<figure id=\"attachment_62674\" aria-describedby=\"caption-attachment-62674\" style=\"width: 700px\" class=\"wp-caption alignnone\"><img loading=\"lazy\" decoding=\"async\" class=\"wp-image-62674 size-large\" src=\"https:\/\/graziamagazine.com\/mx\/wp-content\/uploads\/sites\/13\/2019\/03\/sarah-700x467.jpg\" alt=\"\" width=\"700\" height=\"467\" \/><figcaption id=\"caption-attachment-62674\" class=\"wp-caption-text\">Sarah Burton<\/figcaption><\/figure>\n<p>&nbsp;<\/p>\n<h2 class=\"p1\"><span class=\"s1\"><b>Stella McCartney<\/b><\/span><\/h2>\n<p class=\"p1\"><span class=\"s1\">La hija del Beatle ha creado un imperio de moda y ha hecho del dise\u00f1o una causa sustentable en pro del medio ambiente. Stella no usa piel o cuero en su piezas y le ha dado a las mujeres un guardarropa atemporal que celebra la tradici\u00f3n inglesa del <em>tailoring<\/em>. <\/span><\/p>\n<p class=\"p1\"><span class=\"s1\">En 1997, tom\u00f3 el puesto de <strong>Karl Lagerfeld<\/strong> en <strong>Chlo\u00e9<\/strong>, cuando le preguntaron que opinaba, el dise\u00f1ador respondi\u00f3 \u201cCreo que ten\u00edan que haber elegido aun gran nombre. Lo hicieron, pero en la m\u00fasica, no en la moda. Espero que sea igual de talentosa que su padre\u201d. En ese momento, era la dise\u00f1adora m\u00e1s joven en tomar ese puesto y demostr\u00f3 que sab\u00eda lo que hac\u00eda. Le dio a la mujer Chlo\u00e9 frescura y un toque <i>cheekiness <\/i>que sum\u00f3 a muchos nuevos seguidores a la marca.<\/span><\/p>\n<figure id=\"attachment_62675\" aria-describedby=\"caption-attachment-62675\" style=\"width: 700px\" class=\"wp-caption alignnone\"><img loading=\"lazy\" decoding=\"async\" class=\"wp-image-62675 size-large\" src=\"https:\/\/graziamagazine.com\/mx\/wp-content\/uploads\/sites\/13\/2019\/03\/stella-mccartney-header-700x467.jpg\" alt=\"\" width=\"700\" height=\"467\" \/><figcaption id=\"caption-attachment-62675\" class=\"wp-caption-text\">Stella McCartney<\/figcaption><\/figure>\n<p>&nbsp;<\/p>\n","protected":false},"author":11646,"featured_media":62675,"template":"","format":"standard","categories":[4],"acf":[],"yoast_head":"<!-- This site is optimized with the Yoast SEO Premium plugin v18.5 (Yoast SEO v20.4) - https:\/\/yoast.com\/wordpress\/plugins\/seo\/ -->\n<title>9 mujeres en casas de moda | Grazia M\u00e9xico y Latinoam\u00e9rica<\/title>\n<meta name=\"description\" content=\"Porque no son muchas las mujeres que ocupan el puesto de directoras creativas de marcas. Celebramos a ocho mujeres que nos sorprenden cada temporada.\" \/>\n<meta name=\"robots\" content=\"index, follow, max-snippet:-1, max-image-preview:large, max-video-preview:-1\" \/>\n<link rel=\"canonical\" href=\"https:\/\/graziamagazine.com\/mx\/articles\/9-mujeres-en-casas-de-moda\/\" \/>\n<meta property=\"og:locale\" content=\"es_MX\" \/>\n<meta property=\"og:type\" content=\"article\" \/>\n<meta property=\"og:title\" content=\"9 mujeres en casas de moda\" \/>\n<meta property=\"og:description\" content=\"Porque no son muchas las mujeres que ocupan el puesto de directoras creativas de marcas. Celebramos a ocho mujeres que nos sorprenden cada temporada.\" \/>\n<meta property=\"og:url\" content=\"https:\/\/graziamagazine.com\/mx\/articles\/9-mujeres-en-casas-de-moda\/\" \/>\n<meta property=\"og:site_name\" content=\"Grazia M\u00e9xico y Latinoam\u00e9rica\" \/>\n<meta property=\"og:image\" content=\"https:\/\/graziamagazine.com\/mx\/wp-content\/uploads\/sites\/13\/2019\/03\/stella-mccartney-header.jpg?fit=2400%2C1600\" \/>\n\t<meta property=\"og:image:width\" content=\"2400\" \/>\n\t<meta property=\"og:image:height\" content=\"1600\" \/>\n\t<meta property=\"og:image:type\" content=\"image\/jpeg\" \/>\n<meta name=\"twitter:card\" content=\"summary_large_image\" \/>\n<meta name=\"twitter:label1\" content=\"Est. reading time\" \/>\n\t<meta name=\"twitter:data1\" content=\"5 minutos\" \/>\n<script type=\"application\/ld+json\" class=\"yoast-schema-graph\">{\"@context\":\"https:\/\/schema.org\",\"@graph\":[{\"@type\":\"WebPage\",\"@id\":\"https:\/\/graziamagazine.com\/mx\/articles\/9-mujeres-en-casas-de-moda\/\",\"url\":\"https:\/\/graziamagazine.com\/mx\/articles\/9-mujeres-en-casas-de-moda\/\",\"name\":\"9 mujeres en casas de moda | Grazia M\u00e9xico y Latinoam\u00e9rica\",\"isPartOf\":{\"@id\":\"https:\/\/graziamagazine.com\/mx\/#website\"},\"datePublished\":\"2019-03-08T20:16:24+00:00\",\"dateModified\":\"2019-03-08T20:16:24+00:00\",\"description\":\"Porque no son muchas las mujeres que ocupan el puesto de directoras creativas de marcas. Celebramos a ocho mujeres que nos sorprenden cada temporada.\",\"breadcrumb\":{\"@id\":\"https:\/\/graziamagazine.com\/mx\/articles\/9-mujeres-en-casas-de-moda\/#breadcrumb\"},\"inLanguage\":\"es-MX\",\"potentialAction\":[{\"@type\":\"ReadAction\",\"target\":[\"https:\/\/graziamagazine.com\/mx\/articles\/9-mujeres-en-casas-de-moda\/\"]}]},{\"@type\":\"BreadcrumbList\",\"@id\":\"https:\/\/graziamagazine.com\/mx\/articles\/9-mujeres-en-casas-de-moda\/#breadcrumb\",\"itemListElement\":[{\"@type\":\"ListItem\",\"position\":1,\"name\":\"Home\",\"item\":\"https:\/\/graziamagazine.com\/mx\/\"},{\"@type\":\"ListItem\",\"position\":2,\"name\":\"9 mujeres en casas de moda\"}]},{\"@type\":\"WebSite\",\"@id\":\"https:\/\/graziamagazine.com\/mx\/#website\",\"url\":\"https:\/\/graziamagazine.com\/mx\/\",\"name\":\"Grazia M\u00e9xico y Latinoam\u00e9rica\",\"description\":\"Grazia es moda, belleza y noticias  de actualidad \",\"potentialAction\":[{\"@type\":\"SearchAction\",\"target\":{\"@type\":\"EntryPoint\",\"urlTemplate\":\"https:\/\/graziamagazine.com\/mx\/?s={search_term_string}\"},\"query-input\":\"required name=search_term_string\"}],\"inLanguage\":\"es-MX\"}]}<\/script>\n<!-- \/ Yoast SEO Premium plugin. -->","yoast_head_json":{"title":"9 mujeres en casas de moda | Grazia M\u00e9xico y Latinoam\u00e9rica","description":"Porque no son muchas las mujeres que ocupan el puesto de directoras creativas de marcas. Celebramos a ocho mujeres que nos sorprenden cada temporada.","robots":{"index":"index","follow":"follow","max-snippet":"max-snippet:-1","max-image-preview":"max-image-preview:large","max-video-preview":"max-video-preview:-1"},"canonical":"https:\/\/graziamagazine.com\/mx\/articles\/9-mujeres-en-casas-de-moda\/","og_locale":"es_MX","og_type":"article","og_title":"9 mujeres en casas de moda","og_description":"Porque no son muchas las mujeres que ocupan el puesto de directoras creativas de marcas. Celebramos a ocho mujeres que nos sorprenden cada temporada.","og_url":"https:\/\/graziamagazine.com\/mx\/articles\/9-mujeres-en-casas-de-moda\/","og_site_name":"Grazia M\u00e9xico y Latinoam\u00e9rica","og_image":[{"width":2400,"height":1600,"url":"https:\/\/graziamagazine.com\/mx\/wp-content\/uploads\/sites\/13\/2019\/03\/stella-mccartney-header.jpg?fit=2400%2C1600","type":"image\/jpeg"}],"twitter_card":"summary_large_image","twitter_misc":{"Est. reading time":"5 minutos"},"schema":{"@context":"https:\/\/schema.org","@graph":[{"@type":"WebPage","@id":"https:\/\/graziamagazine.com\/mx\/articles\/9-mujeres-en-casas-de-moda\/","url":"https:\/\/graziamagazine.com\/mx\/articles\/9-mujeres-en-casas-de-moda\/","name":"9 mujeres en casas de moda | Grazia M\u00e9xico y Latinoam\u00e9rica","isPartOf":{"@id":"https:\/\/graziamagazine.com\/mx\/#website"},"datePublished":"2019-03-08T20:16:24+00:00","dateModified":"2019-03-08T20:16:24+00:00","description":"Porque no son muchas las mujeres que ocupan el puesto de directoras creativas de marcas. Celebramos a ocho mujeres que nos sorprenden cada temporada.","breadcrumb":{"@id":"https:\/\/graziamagazine.com\/mx\/articles\/9-mujeres-en-casas-de-moda\/#breadcrumb"},"inLanguage":"es-MX","potentialAction":[{"@type":"ReadAction","target":["https:\/\/graziamagazine.com\/mx\/articles\/9-mujeres-en-casas-de-moda\/"]}]},{"@type":"BreadcrumbList","@id":"https:\/\/graziamagazine.com\/mx\/articles\/9-mujeres-en-casas-de-moda\/#breadcrumb","itemListElement":[{"@type":"ListItem","position":1,"name":"Home","item":"https:\/\/graziamagazine.com\/mx\/"},{"@type":"ListItem","position":2,"name":"9 mujeres en casas de moda"}]},{"@type":"WebSite","@id":"https:\/\/graziamagazine.com\/mx\/#website","url":"https:\/\/graziamagazine.com\/mx\/","name":"Grazia M\u00e9xico y Latinoam\u00e9rica","description":"Grazia es moda, belleza y noticias  de actualidad ","potentialAction":[{"@type":"SearchAction","target":{"@type":"EntryPoint","urlTemplate":"https:\/\/graziamagazine.com\/mx\/?s={search_term_string}"},"query-input":"required name=search_term_string"}],"inLanguage":"es-MX"}]}},"jetpack_sharing_enabled":true,"distributor_meta":false,"distributor_terms":false,"distributor_media":false,"distributor_original_site_name":"Grazia M\u00e9xico y Latinoam\u00e9rica","distributor_original_site_url":"https:\/\/graziamagazine.com\/mx","push-errors":false,"_links":{"self":[{"href":"https:\/\/graziamagazine.com\/mx\/wp-json\/wp\/v2\/articles\/62667"}],"collection":[{"href":"https:\/\/graziamagazine.com\/mx\/wp-json\/wp\/v2\/articles"}],"about":[{"href":"https:\/\/graziamagazine.com\/mx\/wp-json\/wp\/v2\/types\/articles"}],"author":[{"embeddable":true,"href":"https:\/\/graziamagazine.com\/mx\/wp-json\/wp\/v2\/users\/11646"}],"wp:featuredmedia":[{"embeddable":true,"href":"https:\/\/graziamagazine.com\/mx\/wp-json\/wp\/v2\/media\/62675"}],"wp:attachment":[{"href":"https:\/\/graziamagazine.com\/mx\/wp-json\/wp\/v2\/media?parent=62667"}],"wp:term":[{"taxonomy":"category","embeddable":true,"href":"https:\/\/graziamagazine.com\/mx\/wp-json\/wp\/v2\/categories?post=62667"}],"curies":[{"name":"wp","href":"https:\/\/api.w.org\/{rel}","templated":true}]}}