{"id":62583,"date":"2019-03-07T11:40:37","date_gmt":"2019-03-07T16:40:37","guid":{"rendered":"https:\/\/graziamagazine.com\/mx\/?p=62583"},"modified":"2020-11-03T11:07:24","modified_gmt":"2020-11-03T16:07:24","slug":"fran-fine-y-sus-mejores-looks","status":"publish","type":"articles","link":"https:\/\/graziamagazine.com\/mx\/articles\/fran-fine-y-sus-mejores-looks\/","title":{"rendered":"Fran Fine y sus mejores looks"},"content":{"rendered":"<div class=\"content-gallery\"><div class=\"gallery-placeholder\"><div class=\"spinner\"><\/div><\/div><span class=\"gallery-pagination\"><\/span><div id=\"gallery-1\" class=\"gallery galleryid-62583 gallery-columns- gallery-size-\"><figure class=\"gallery-item grazia-gallery-show-text\"><div class=\"gallery-icon landscape\"><img loading=\"lazy\" decoding=\"async\" width=\"2953\" height=\"2000\" src=\"https:\/\/graziamagazine.com\/mx\/wp-content\/uploads\/sites\/13\/2019\/03\/10.jpg\" class=\"lazy\" alt=\"\" srcset=\"https:\/\/graziamagazine.com\/mx\/wp-content\/uploads\/sites\/13\/2019\/03\/10.jpg 2953w, https:\/\/graziamagazine.com\/mx\/wp-content\/uploads\/sites\/13\/2019\/03\/10.jpg?resize=450,305 450w, https:\/\/graziamagazine.com\/mx\/wp-content\/uploads\/sites\/13\/2019\/03\/10.jpg?resize=768,520 768w, https:\/\/graziamagazine.com\/mx\/wp-content\/uploads\/sites\/13\/2019\/03\/10.jpg?resize=1024,694 1024w, https:\/\/graziamagazine.com\/mx\/wp-content\/uploads\/sites\/13\/2019\/03\/10.jpg?resize=1536,1040 1536w, https:\/\/graziamagazine.com\/mx\/wp-content\/uploads\/sites\/13\/2019\/03\/10.jpg?resize=2048,1387 2048w, https:\/\/graziamagazine.com\/mx\/wp-content\/uploads\/sites\/13\/2019\/03\/10.jpg?resize=155,105 155w\" sizes=\"(max-width: 2953px) 100vw, 2953px\" \/><\/div><div class=\"grazia-gallery-text\"><p>Para <strong>Fran Fine<\/strong>, la ic\u00f3nica ni\u00f1era de la serie <em>The Nanny<\/em>, el tiempo no es un obst\u00e1culo para dejar de ser el centro de atenci\u00f3n en una conversaci\u00f3n.<\/p>\n<p>Despu\u00e9s de tantos a\u00f1os desde que su \u00faltimo cap\u00edtulo fue transmitido, su estilo exc\u00e9ntrico con colores vibrantes y telas textualizadas sigue presente.<\/p>\n<p><strong>Moschino<\/strong>, <strong>Jean Paul-Gaultier<\/strong>, <strong>Fendi<\/strong>, <strong>Herv\u00e9 Leger<\/strong>, y <strong>Azzedine Ala\u00efa<\/strong> eran algunos de sus dise\u00f1adores predilectos. Siempre nos preguntamos c\u00f3mo una ni\u00f1era pod\u00eda tener ese guardarropa, pero si respuesta era que nunca compraba retail, sino que esperaba a los descuentos.<\/p>\n<\/div><\/figure><figure class=\"gallery-item\"><div class=\"gallery-icon landscape\"><img loading=\"lazy\" decoding=\"async\" width=\"750\" height=\"1134\" src=\"https:\/\/graziamagazine.com\/mx\/wp-content\/uploads\/sites\/13\/2019\/03\/0.j1bfhistk4mo0f6r-The-Nanny-HQ-the-nanny-17083884-1351-2043.jpg\" class=\"lazy\" alt=\"\" srcset=\"https:\/\/graziamagazine.com\/mx\/wp-content\/uploads\/sites\/13\/2019\/03\/0.j1bfhistk4mo0f6r-The-Nanny-HQ-the-nanny-17083884-1351-2043.jpg 750w, https:\/\/graziamagazine.com\/mx\/wp-content\/uploads\/sites\/13\/2019\/03\/0.j1bfhistk4mo0f6r-The-Nanny-HQ-the-nanny-17083884-1351-2043.jpg?resize=298,450 298w, https:\/\/graziamagazine.com\/mx\/wp-content\/uploads\/sites\/13\/2019\/03\/0.j1bfhistk4mo0f6r-The-Nanny-HQ-the-nanny-17083884-1351-2043.jpg?resize=677,1024 677w, https:\/\/graziamagazine.com\/mx\/wp-content\/uploads\/sites\/13\/2019\/03\/0.j1bfhistk4mo0f6r-The-Nanny-HQ-the-nanny-17083884-1351-2043.jpg?resize=142,215 142w\" sizes=\"(max-width: 750px) 100vw, 750px\" \/><\/div><\/figure><figure class=\"gallery-item\"><div class=\"gallery-icon landscape\"><img loading=\"lazy\" decoding=\"async\" width=\"700\" height=\"526\" src=\"https:\/\/graziamagazine.com\/mx\/wp-content\/uploads\/sites\/13\/2019\/03\/01.jpg\" class=\"lazy\" alt=\"\" srcset=\"https:\/\/graziamagazine.com\/mx\/wp-content\/uploads\/sites\/13\/2019\/03\/01.jpg 700w, https:\/\/graziamagazine.com\/mx\/wp-content\/uploads\/sites\/13\/2019\/03\/01.jpg?resize=450,338 450w, https:\/\/graziamagazine.com\/mx\/wp-content\/uploads\/sites\/13\/2019\/03\/01.jpg?resize=155,116 155w\" sizes=\"(max-width: 700px) 100vw, 700px\" \/><\/div><\/figure><figure class=\"gallery-item\"><div class=\"gallery-icon landscape\"><img loading=\"lazy\" decoding=\"async\" width=\"2000\" height=\"2848\" src=\"https:\/\/graziamagazine.com\/mx\/wp-content\/uploads\/sites\/13\/2019\/03\/06.jpg\" class=\"lazy\" alt=\"\" srcset=\"https:\/\/graziamagazine.com\/mx\/wp-content\/uploads\/sites\/13\/2019\/03\/06.jpg 2000w, https:\/\/graziamagazine.com\/mx\/wp-content\/uploads\/sites\/13\/2019\/03\/06.jpg?resize=316,450 316w, https:\/\/graziamagazine.com\/mx\/wp-content\/uploads\/sites\/13\/2019\/03\/06.jpg?resize=768,1094 768w, https:\/\/graziamagazine.com\/mx\/wp-content\/uploads\/sites\/13\/2019\/03\/06.jpg?resize=719,1024 719w, https:\/\/graziamagazine.com\/mx\/wp-content\/uploads\/sites\/13\/2019\/03\/06.jpg?resize=1079,1536 1079w, https:\/\/graziamagazine.com\/mx\/wp-content\/uploads\/sites\/13\/2019\/03\/06.jpg?resize=1438,2048 1438w, https:\/\/graziamagazine.com\/mx\/wp-content\/uploads\/sites\/13\/2019\/03\/06.jpg?resize=151,215 151w\" sizes=\"(max-width: 2000px) 100vw, 2000px\" \/><\/div><\/figure><figure class=\"gallery-item\"><div class=\"gallery-icon landscape\"><img loading=\"lazy\" decoding=\"async\" width=\"2000\" height=\"2946\" src=\"https:\/\/graziamagazine.com\/mx\/wp-content\/uploads\/sites\/13\/2019\/03\/11.jpg\" class=\"lazy\" alt=\"\" srcset=\"https:\/\/graziamagazine.com\/mx\/wp-content\/uploads\/sites\/13\/2019\/03\/11.jpg 2000w, https:\/\/graziamagazine.com\/mx\/wp-content\/uploads\/sites\/13\/2019\/03\/11.jpg?resize=305,450 305w, https:\/\/graziamagazine.com\/mx\/wp-content\/uploads\/sites\/13\/2019\/03\/11.jpg?resize=768,1131 768w, https:\/\/graziamagazine.com\/mx\/wp-content\/uploads\/sites\/13\/2019\/03\/11.jpg?resize=695,1024 695w, https:\/\/graziamagazine.com\/mx\/wp-content\/uploads\/sites\/13\/2019\/03\/11.jpg?resize=1043,1536 1043w, https:\/\/graziamagazine.com\/mx\/wp-content\/uploads\/sites\/13\/2019\/03\/11.jpg?resize=1390,2048 1390w, https:\/\/graziamagazine.com\/mx\/wp-content\/uploads\/sites\/13\/2019\/03\/11.jpg?resize=146,215 146w\" sizes=\"(max-width: 2000px) 100vw, 2000px\" \/><\/div><\/figure><figure class=\"gallery-item\"><div class=\"gallery-icon landscape\"><img loading=\"lazy\" decoding=\"async\" width=\"2000\" height=\"2978\" src=\"https:\/\/graziamagazine.com\/mx\/wp-content\/uploads\/sites\/13\/2019\/03\/12.jpg\" class=\"lazy\" alt=\"\" srcset=\"https:\/\/graziamagazine.com\/mx\/wp-content\/uploads\/sites\/13\/2019\/03\/12.jpg 2000w, https:\/\/graziamagazine.com\/mx\/wp-content\/uploads\/sites\/13\/2019\/03\/12.jpg?resize=302,450 302w, https:\/\/graziamagazine.com\/mx\/wp-content\/uploads\/sites\/13\/2019\/03\/12.jpg?resize=768,1144 768w, https:\/\/graziamagazine.com\/mx\/wp-content\/uploads\/sites\/13\/2019\/03\/12.jpg?resize=688,1024 688w, https:\/\/graziamagazine.com\/mx\/wp-content\/uploads\/sites\/13\/2019\/03\/12.jpg?resize=1032,1536 1032w, https:\/\/graziamagazine.com\/mx\/wp-content\/uploads\/sites\/13\/2019\/03\/12.jpg?resize=1375,2048 1375w, https:\/\/graziamagazine.com\/mx\/wp-content\/uploads\/sites\/13\/2019\/03\/12.jpg?resize=144,215 144w\" sizes=\"(max-width: 2000px) 100vw, 2000px\" \/><\/div><\/figure><figure class=\"gallery-item\"><div class=\"gallery-icon landscape\"><img loading=\"lazy\" decoding=\"async\" width=\"501\" height=\"677\" src=\"https:\/\/graziamagazine.com\/mx\/wp-content\/uploads\/sites\/13\/2019\/03\/53e19ae6d5d324f86b37caeac319b191.jpg\" class=\"lazy\" alt=\"\" srcset=\"https:\/\/graziamagazine.com\/mx\/wp-content\/uploads\/sites\/13\/2019\/03\/53e19ae6d5d324f86b37caeac319b191.jpg 501w, https:\/\/graziamagazine.com\/mx\/wp-content\/uploads\/sites\/13\/2019\/03\/53e19ae6d5d324f86b37caeac319b191.jpg?resize=333,450 333w, https:\/\/graziamagazine.com\/mx\/wp-content\/uploads\/sites\/13\/2019\/03\/53e19ae6d5d324f86b37caeac319b191.jpg?resize=155,209 155w\" sizes=\"(max-width: 501px) 100vw, 501px\" \/><\/div><\/figure><figure class=\"gallery-item\"><div class=\"gallery-icon landscape\"><img loading=\"lazy\" decoding=\"async\" width=\"349\" height=\"522\" src=\"https:\/\/graziamagazine.com\/mx\/wp-content\/uploads\/sites\/13\/2019\/03\/432bcc4cc7503ecfe7db1e12487ea9ec.jpg\" class=\"lazy\" alt=\"\" srcset=\"https:\/\/graziamagazine.com\/mx\/wp-content\/uploads\/sites\/13\/2019\/03\/432bcc4cc7503ecfe7db1e12487ea9ec.jpg 349w, https:\/\/graziamagazine.com\/mx\/wp-content\/uploads\/sites\/13\/2019\/03\/432bcc4cc7503ecfe7db1e12487ea9ec.jpg?resize=301,450 301w, https:\/\/graziamagazine.com\/mx\/wp-content\/uploads\/sites\/13\/2019\/03\/432bcc4cc7503ecfe7db1e12487ea9ec.jpg?resize=144,215 144w\" sizes=\"(max-width: 349px) 100vw, 349px\" \/><\/div><\/figure><figure class=\"gallery-item\"><div class=\"gallery-icon landscape\"><img loading=\"lazy\" decoding=\"async\" width=\"469\" height=\"677\" src=\"https:\/\/graziamagazine.com\/mx\/wp-content\/uploads\/sites\/13\/2019\/03\/4280421de2e9d10317728ced47f469ed.jpg\" class=\"lazy\" alt=\"\" srcset=\"https:\/\/graziamagazine.com\/mx\/wp-content\/uploads\/sites\/13\/2019\/03\/4280421de2e9d10317728ced47f469ed.jpg 469w, https:\/\/graziamagazine.com\/mx\/wp-content\/uploads\/sites\/13\/2019\/03\/4280421de2e9d10317728ced47f469ed.jpg?resize=312,450 312w, https:\/\/graziamagazine.com\/mx\/wp-content\/uploads\/sites\/13\/2019\/03\/4280421de2e9d10317728ced47f469ed.jpg?resize=149,215 149w\" sizes=\"(max-width: 469px) 100vw, 469px\" \/><\/div><\/figure><figure class=\"gallery-item\"><div class=\"gallery-icon landscape\"><img loading=\"lazy\" decoding=\"async\" width=\"1400\" height=\"1400\" src=\"https:\/\/graziamagazine.com\/mx\/wp-content\/uploads\/sites\/13\/2019\/03\/99289729-cf00-4f03-86cc-531d8e9d0f80.0.0.jpg\" class=\"lazy\" alt=\"\" srcset=\"https:\/\/graziamagazine.com\/mx\/wp-content\/uploads\/sites\/13\/2019\/03\/99289729-cf00-4f03-86cc-531d8e9d0f80.0.0.jpg 1400w, https:\/\/graziamagazine.com\/mx\/wp-content\/uploads\/sites\/13\/2019\/03\/99289729-cf00-4f03-86cc-531d8e9d0f80.0.0.jpg?resize=150,150 150w, https:\/\/graziamagazine.com\/mx\/wp-content\/uploads\/sites\/13\/2019\/03\/99289729-cf00-4f03-86cc-531d8e9d0f80.0.0.jpg?resize=450,450 450w, https:\/\/graziamagazine.com\/mx\/wp-content\/uploads\/sites\/13\/2019\/03\/99289729-cf00-4f03-86cc-531d8e9d0f80.0.0.jpg?resize=768,768 768w, https:\/\/graziamagazine.com\/mx\/wp-content\/uploads\/sites\/13\/2019\/03\/99289729-cf00-4f03-86cc-531d8e9d0f80.0.0.jpg?resize=1024,1024 1024w, https:\/\/graziamagazine.com\/mx\/wp-content\/uploads\/sites\/13\/2019\/03\/99289729-cf00-4f03-86cc-531d8e9d0f80.0.0.jpg?resize=155,155 155w\" sizes=\"(max-width: 1400px) 100vw, 1400px\" \/><\/div><\/figure><figure class=\"gallery-item\"><div class=\"gallery-icon landscape\"><img loading=\"lazy\" decoding=\"async\" width=\"564\" height=\"852\" src=\"https:\/\/graziamagazine.com\/mx\/wp-content\/uploads\/sites\/13\/2019\/03\/63550510335420729caf7943a02a398c.jpg\" class=\"lazy\" alt=\"\" srcset=\"https:\/\/graziamagazine.com\/mx\/wp-content\/uploads\/sites\/13\/2019\/03\/63550510335420729caf7943a02a398c.jpg 564w, https:\/\/graziamagazine.com\/mx\/wp-content\/uploads\/sites\/13\/2019\/03\/63550510335420729caf7943a02a398c.jpg?resize=298,450 298w, https:\/\/graziamagazine.com\/mx\/wp-content\/uploads\/sites\/13\/2019\/03\/63550510335420729caf7943a02a398c.jpg?resize=142,215 142w\" sizes=\"(max-width: 564px) 100vw, 564px\" \/><\/div><\/figure><figure class=\"gallery-item\"><div class=\"gallery-icon landscape\"><img loading=\"lazy\" decoding=\"async\" width=\"494\" height=\"750\" src=\"https:\/\/graziamagazine.com\/mx\/wp-content\/uploads\/sites\/13\/2019\/03\/a6db097d9733ac015736d7ade8501d81.jpg\" class=\"lazy\" alt=\"\" srcset=\"https:\/\/graziamagazine.com\/mx\/wp-content\/uploads\/sites\/13\/2019\/03\/a6db097d9733ac015736d7ade8501d81.jpg 494w, https:\/\/graziamagazine.com\/mx\/wp-content\/uploads\/sites\/13\/2019\/03\/a6db097d9733ac015736d7ade8501d81.jpg?resize=296,450 296w, https:\/\/graziamagazine.com\/mx\/wp-content\/uploads\/sites\/13\/2019\/03\/a6db097d9733ac015736d7ade8501d81.jpg?resize=142,215 142w\" sizes=\"(max-width: 494px) 100vw, 494px\" \/><\/div><\/figure><figure class=\"gallery-item\"><div class=\"gallery-icon landscape\"><img loading=\"lazy\" decoding=\"async\" width=\"1600\" height=\"2400\" src=\"https:\/\/graziamagazine.com\/mx\/wp-content\/uploads\/sites\/13\/2019\/03\/GettyImages-136877538.jpg\" class=\"lazy\" alt=\"\" srcset=\"https:\/\/graziamagazine.com\/mx\/wp-content\/uploads\/sites\/13\/2019\/03\/GettyImages-136877538.jpg 1600w, https:\/\/graziamagazine.com\/mx\/wp-content\/uploads\/sites\/13\/2019\/03\/GettyImages-136877538.jpg?resize=300,450 300w, https:\/\/graziamagazine.com\/mx\/wp-content\/uploads\/sites\/13\/2019\/03\/GettyImages-136877538.jpg?resize=768,1152 768w, https:\/\/graziamagazine.com\/mx\/wp-content\/uploads\/sites\/13\/2019\/03\/GettyImages-136877538.jpg?resize=683,1024 683w, https:\/\/graziamagazine.com\/mx\/wp-content\/uploads\/sites\/13\/2019\/03\/GettyImages-136877538.jpg?resize=1024,1536 1024w, https:\/\/graziamagazine.com\/mx\/wp-content\/uploads\/sites\/13\/2019\/03\/GettyImages-136877538.jpg?resize=1365,2048 1365w, https:\/\/graziamagazine.com\/mx\/wp-content\/uploads\/sites\/13\/2019\/03\/GettyImages-136877538.jpg?resize=143,215 143w\" sizes=\"(max-width: 1600px) 100vw, 1600px\" \/><\/div><\/figure><figure class=\"gallery-item\"><div class=\"gallery-icon landscape\"><img loading=\"lazy\" decoding=\"async\" width=\"426\" height=\"640\" src=\"https:\/\/graziamagazine.com\/mx\/wp-content\/uploads\/sites\/13\/2019\/03\/image.jpg\" class=\"lazy\" alt=\"\" srcset=\"https:\/\/graziamagazine.com\/mx\/wp-content\/uploads\/sites\/13\/2019\/03\/image.jpg 426w, https:\/\/graziamagazine.com\/mx\/wp-content\/uploads\/sites\/13\/2019\/03\/image.jpg?resize=300,450 300w, https:\/\/graziamagazine.com\/mx\/wp-content\/uploads\/sites\/13\/2019\/03\/image.jpg?resize=143,215 143w\" sizes=\"(max-width: 426px) 100vw, 426px\" \/><\/div><\/figure><figure class=\"gallery-item\"><div class=\"gallery-icon landscape\"><img loading=\"lazy\" decoding=\"async\" width=\"1651\" height=\"2506\" src=\"https:\/\/graziamagazine.com\/mx\/wp-content\/uploads\/sites\/13\/2019\/03\/the-nanny-style.jpg\" class=\"lazy\" alt=\"\" srcset=\"https:\/\/graziamagazine.com\/mx\/wp-content\/uploads\/sites\/13\/2019\/03\/the-nanny-style.jpg 1651w, https:\/\/graziamagazine.com\/mx\/wp-content\/uploads\/sites\/13\/2019\/03\/the-nanny-style.jpg?resize=296,450 296w, https:\/\/graziamagazine.com\/mx\/wp-content\/uploads\/sites\/13\/2019\/03\/the-nanny-style.jpg?resize=768,1166 768w, https:\/\/graziamagazine.com\/mx\/wp-content\/uploads\/sites\/13\/2019\/03\/the-nanny-style.jpg?resize=675,1024 675w, https:\/\/graziamagazine.com\/mx\/wp-content\/uploads\/sites\/13\/2019\/03\/the-nanny-style.jpg?resize=1012,1536 1012w, https:\/\/graziamagazine.com\/mx\/wp-content\/uploads\/sites\/13\/2019\/03\/the-nanny-style.jpg?resize=1349,2048 1349w, https:\/\/graziamagazine.com\/mx\/wp-content\/uploads\/sites\/13\/2019\/03\/the-nanny-style.jpg?resize=142,215 142w\" sizes=\"(max-width: 1651px) 100vw, 1651px\" \/><\/div><\/figure><figure class=\"gallery-item\"><div class=\"gallery-icon landscape\"><img loading=\"lazy\" decoding=\"async\" width=\"1200\" height=\"898\" src=\"https:\/\/graziamagazine.com\/mx\/wp-content\/uploads\/sites\/13\/2019\/03\/the-nanny-fur.jpg\" class=\"lazy\" alt=\"\" srcset=\"https:\/\/graziamagazine.com\/mx\/wp-content\/uploads\/sites\/13\/2019\/03\/the-nanny-fur.jpg 1200w, https:\/\/graziamagazine.com\/mx\/wp-content\/uploads\/sites\/13\/2019\/03\/the-nanny-fur.jpg?resize=450,337 450w, https:\/\/graziamagazine.com\/mx\/wp-content\/uploads\/sites\/13\/2019\/03\/the-nanny-fur.jpg?resize=768,575 768w, https:\/\/graziamagazine.com\/mx\/wp-content\/uploads\/sites\/13\/2019\/03\/the-nanny-fur.jpg?resize=1024,766 1024w, https:\/\/graziamagazine.com\/mx\/wp-content\/uploads\/sites\/13\/2019\/03\/the-nanny-fur.jpg?resize=155,116 155w\" sizes=\"(max-width: 1200px) 100vw, 1200px\" \/><\/div><\/figure><\/div><\/div>\n","protected":false},"author":11624,"featured_media":62588,"template":"","format":"gallery","categories":[4],"acf":[],"yoast_head":"<!-- This site is optimized with the Yoast SEO Premium plugin v18.5 (Yoast SEO v20.4) - https:\/\/yoast.com\/wordpress\/plugins\/seo\/ -->\n<title>Fran Fine y sus mejores looks | Grazia M\u00e9xico y Latinoam\u00e9rica<\/title>\n<meta name=\"description\" content=\"Porque desde que apareci\u00f3 The Nanny en la televisi\u00f3n, no solo quedamos encantados con la personalidad de Fran Fine, tambi\u00e9n con sus looks.\" \/>\n<meta name=\"robots\" content=\"index, follow, max-snippet:-1, max-image-preview:large, max-video-preview:-1\" \/>\n<link rel=\"canonical\" href=\"https:\/\/graziamagazine.com\/mx\/articles\/fran-fine-y-sus-mejores-looks\/\" \/>\n<meta property=\"og:locale\" content=\"es_MX\" \/>\n<meta property=\"og:type\" content=\"article\" \/>\n<meta property=\"og:title\" content=\"Fran Fine y sus mejores looks\" \/>\n<meta property=\"og:description\" content=\"Porque desde que apareci\u00f3 The Nanny en la televisi\u00f3n, no solo quedamos encantados con la personalidad de Fran Fine, tambi\u00e9n con sus looks.\" \/>\n<meta property=\"og:url\" content=\"https:\/\/graziamagazine.com\/mx\/articles\/fran-fine-y-sus-mejores-looks\/\" \/>\n<meta property=\"og:site_name\" content=\"Grazia M\u00e9xico y Latinoam\u00e9rica\" \/>\n<meta property=\"article:modified_time\" content=\"2020-11-03T16:07:24+00:00\" \/>\n<meta property=\"og:image\" content=\"https:\/\/graziamagazine.com\/mx\/wp-content\/uploads\/sites\/13\/2019\/03\/10.jpg?fit=2953%2C2000\" \/>\n\t<meta property=\"og:image:width\" content=\"2953\" \/>\n\t<meta property=\"og:image:height\" content=\"2000\" \/>\n\t<meta property=\"og:image:type\" content=\"image\/jpeg\" \/>\n<meta name=\"twitter:card\" content=\"summary_large_image\" \/>\n<script type=\"application\/ld+json\" class=\"yoast-schema-graph\">{\"@context\":\"https:\/\/schema.org\",\"@graph\":[{\"@type\":\"WebPage\",\"@id\":\"https:\/\/graziamagazine.com\/mx\/articles\/fran-fine-y-sus-mejores-looks\/\",\"url\":\"https:\/\/graziamagazine.com\/mx\/articles\/fran-fine-y-sus-mejores-looks\/\",\"name\":\"Fran Fine y sus mejores looks | Grazia M\u00e9xico y Latinoam\u00e9rica\",\"isPartOf\":{\"@id\":\"https:\/\/graziamagazine.com\/mx\/#website\"},\"datePublished\":\"2019-03-07T16:40:37+00:00\",\"dateModified\":\"2020-11-03T16:07:24+00:00\",\"description\":\"Porque desde que apareci\u00f3 The Nanny en la televisi\u00f3n, no solo quedamos encantados con la personalidad de Fran Fine, tambi\u00e9n con sus looks.\",\"breadcrumb\":{\"@id\":\"https:\/\/graziamagazine.com\/mx\/articles\/fran-fine-y-sus-mejores-looks\/#breadcrumb\"},\"inLanguage\":\"es-MX\",\"potentialAction\":[{\"@type\":\"ReadAction\",\"target\":[\"https:\/\/graziamagazine.com\/mx\/articles\/fran-fine-y-sus-mejores-looks\/\"]}]},{\"@type\":\"BreadcrumbList\",\"@id\":\"https:\/\/graziamagazine.com\/mx\/articles\/fran-fine-y-sus-mejores-looks\/#breadcrumb\",\"itemListElement\":[{\"@type\":\"ListItem\",\"position\":1,\"name\":\"Home\",\"item\":\"https:\/\/graziamagazine.com\/mx\/\"},{\"@type\":\"ListItem\",\"position\":2,\"name\":\"Fran Fine y sus mejores looks\"}]},{\"@type\":\"WebSite\",\"@id\":\"https:\/\/graziamagazine.com\/mx\/#website\",\"url\":\"https:\/\/graziamagazine.com\/mx\/\",\"name\":\"Grazia M\u00e9xico y Latinoam\u00e9rica\",\"description\":\"Grazia es moda, belleza y noticias  de actualidad \",\"potentialAction\":[{\"@type\":\"SearchAction\",\"target\":{\"@type\":\"EntryPoint\",\"urlTemplate\":\"https:\/\/graziamagazine.com\/mx\/?s={search_term_string}\"},\"query-input\":\"required name=search_term_string\"}],\"inLanguage\":\"es-MX\"}]}<\/script>\n<!-- \/ Yoast SEO Premium plugin. -->","yoast_head_json":{"title":"Fran Fine y sus mejores looks | Grazia M\u00e9xico y Latinoam\u00e9rica","description":"Porque desde que apareci\u00f3 The Nanny en la televisi\u00f3n, no solo quedamos encantados con la personalidad de Fran Fine, tambi\u00e9n con sus looks.","robots":{"index":"index","follow":"follow","max-snippet":"max-snippet:-1","max-image-preview":"max-image-preview:large","max-video-preview":"max-video-preview:-1"},"canonical":"https:\/\/graziamagazine.com\/mx\/articles\/fran-fine-y-sus-mejores-looks\/","og_locale":"es_MX","og_type":"article","og_title":"Fran Fine y sus mejores looks","og_description":"Porque desde que apareci\u00f3 The Nanny en la televisi\u00f3n, no solo quedamos encantados con la personalidad de Fran Fine, tambi\u00e9n con sus looks.","og_url":"https:\/\/graziamagazine.com\/mx\/articles\/fran-fine-y-sus-mejores-looks\/","og_site_name":"Grazia M\u00e9xico y Latinoam\u00e9rica","article_modified_time":"2020-11-03T16:07:24+00:00","og_image":[{"width":2953,"height":2000,"url":"https:\/\/graziamagazine.com\/mx\/wp-content\/uploads\/sites\/13\/2019\/03\/10.jpg?fit=2953%2C2000","type":"image\/jpeg"}],"twitter_card":"summary_large_image","schema":{"@context":"https:\/\/schema.org","@graph":[{"@type":"WebPage","@id":"https:\/\/graziamagazine.com\/mx\/articles\/fran-fine-y-sus-mejores-looks\/","url":"https:\/\/graziamagazine.com\/mx\/articles\/fran-fine-y-sus-mejores-looks\/","name":"Fran Fine y sus mejores looks | Grazia M\u00e9xico y Latinoam\u00e9rica","isPartOf":{"@id":"https:\/\/graziamagazine.com\/mx\/#website"},"datePublished":"2019-03-07T16:40:37+00:00","dateModified":"2020-11-03T16:07:24+00:00","description":"Porque desde que apareci\u00f3 The Nanny en la televisi\u00f3n, no solo quedamos encantados con la personalidad de Fran Fine, tambi\u00e9n con sus looks.","breadcrumb":{"@id":"https:\/\/graziamagazine.com\/mx\/articles\/fran-fine-y-sus-mejores-looks\/#breadcrumb"},"inLanguage":"es-MX","potentialAction":[{"@type":"ReadAction","target":["https:\/\/graziamagazine.com\/mx\/articles\/fran-fine-y-sus-mejores-looks\/"]}]},{"@type":"BreadcrumbList","@id":"https:\/\/graziamagazine.com\/mx\/articles\/fran-fine-y-sus-mejores-looks\/#breadcrumb","itemListElement":[{"@type":"ListItem","position":1,"name":"Home","item":"https:\/\/graziamagazine.com\/mx\/"},{"@type":"ListItem","position":2,"name":"Fran Fine y sus mejores looks"}]},{"@type":"WebSite","@id":"https:\/\/graziamagazine.com\/mx\/#website","url":"https:\/\/graziamagazine.com\/mx\/","name":"Grazia M\u00e9xico y Latinoam\u00e9rica","description":"Grazia es moda, belleza y noticias  de actualidad ","potentialAction":[{"@type":"SearchAction","target":{"@type":"EntryPoint","urlTemplate":"https:\/\/graziamagazine.com\/mx\/?s={search_term_string}"},"query-input":"required name=search_term_string"}],"inLanguage":"es-MX"}]}},"jetpack_sharing_enabled":true,"distributor_meta":false,"distributor_terms":false,"distributor_media":false,"distributor_original_site_name":"Grazia M\u00e9xico y Latinoam\u00e9rica","distributor_original_site_url":"https:\/\/graziamagazine.com\/mx","push-errors":false,"_links":{"self":[{"href":"https:\/\/graziamagazine.com\/mx\/wp-json\/wp\/v2\/articles\/62583"}],"collection":[{"href":"https:\/\/graziamagazine.com\/mx\/wp-json\/wp\/v2\/articles"}],"about":[{"href":"https:\/\/graziamagazine.com\/mx\/wp-json\/wp\/v2\/types\/articles"}],"author":[{"embeddable":true,"href":"https:\/\/graziamagazine.com\/mx\/wp-json\/wp\/v2\/users\/11624"}],"wp:featuredmedia":[{"embeddable":true,"href":"https:\/\/graziamagazine.com\/mx\/wp-json\/wp\/v2\/media\/62588"}],"wp:attachment":[{"href":"https:\/\/graziamagazine.com\/mx\/wp-json\/wp\/v2\/media?parent=62583"}],"wp:term":[{"taxonomy":"category","embeddable":true,"href":"https:\/\/graziamagazine.com\/mx\/wp-json\/wp\/v2\/categories?post=62583"}],"curies":[{"name":"wp","href":"https:\/\/api.w.org\/{rel}","templated":true}]}}