{"id":62073,"date":"2019-02-24T22:53:48","date_gmt":"2019-02-25T03:53:48","guid":{"rendered":"https:\/\/graziamagazine.com\/mx\/?p=62073"},"modified":"2019-09-03T14:33:16","modified_gmt":"2019-09-03T19:33:16","slug":"las-mejor-vestidas-de-la-alfombra-roja-de-los-premios-oscar-2019","status":"publish","type":"articles","link":"https:\/\/graziamagazine.com\/mx\/articles\/las-mejor-vestidas-de-la-alfombra-roja-de-los-premios-oscar-2019\/","title":{"rendered":"Las mejor vestidas de la alfombra roja de los premios Oscar 2019"},"content":{"rendered":"<div class=\"content-gallery\"><div class=\"gallery-placeholder\"><div class=\"spinner\"><\/div><\/div><span class=\"gallery-pagination\"><\/span><div id=\"gallery-1\" class=\"gallery galleryid-62073 gallery-columns- gallery-size-\"><figure class=\"gallery-item\"><div class=\"gallery-icon landscape\"><img loading=\"lazy\" decoding=\"async\" width=\"900\" height=\"1317\" src=\"https:\/\/graziamagazine.com\/mx\/wp-content\/uploads\/sites\/13\/2019\/02\/las-mejor-vestidas-de-la-alfombra-roja-de-los-premios-oscar-2019-glenn-close.jpg\" class=\"lazy\" alt=\"Las mejor vestidas de la alfombra roja de los premios Oscar 2019\" srcset=\"https:\/\/graziamagazine.com\/mx\/wp-content\/uploads\/sites\/13\/2019\/02\/las-mejor-vestidas-de-la-alfombra-roja-de-los-premios-oscar-2019-glenn-close.jpg 900w, https:\/\/graziamagazine.com\/mx\/wp-content\/uploads\/sites\/13\/2019\/02\/las-mejor-vestidas-de-la-alfombra-roja-de-los-premios-oscar-2019-glenn-close.jpg?resize=308,450 308w, https:\/\/graziamagazine.com\/mx\/wp-content\/uploads\/sites\/13\/2019\/02\/las-mejor-vestidas-de-la-alfombra-roja-de-los-premios-oscar-2019-glenn-close.jpg?resize=768,1124 768w, https:\/\/graziamagazine.com\/mx\/wp-content\/uploads\/sites\/13\/2019\/02\/las-mejor-vestidas-de-la-alfombra-roja-de-los-premios-oscar-2019-glenn-close.jpg?resize=700,1024 700w, https:\/\/graziamagazine.com\/mx\/wp-content\/uploads\/sites\/13\/2019\/02\/las-mejor-vestidas-de-la-alfombra-roja-de-los-premios-oscar-2019-glenn-close.jpg?resize=147,215 147w\" sizes=\"(max-width: 900px) 100vw, 900px\" \/><\/div><\/figure><figure class=\"gallery-item\"><div class=\"gallery-icon landscape\"><img loading=\"lazy\" decoding=\"async\" width=\"590\" height=\"788\" src=\"https:\/\/graziamagazine.com\/mx\/wp-content\/uploads\/sites\/13\/2019\/02\/las-mejor-vestidas-de-la-alfombra-roja-de-los-premios-oscar-2019-olivia-colman.jpg\" class=\"lazy\" alt=\"Las mejor vestidas de la alfombra roja de los premios Oscar 2019\" srcset=\"https:\/\/graziamagazine.com\/mx\/wp-content\/uploads\/sites\/13\/2019\/02\/las-mejor-vestidas-de-la-alfombra-roja-de-los-premios-oscar-2019-olivia-colman.jpg 590w, https:\/\/graziamagazine.com\/mx\/wp-content\/uploads\/sites\/13\/2019\/02\/las-mejor-vestidas-de-la-alfombra-roja-de-los-premios-oscar-2019-olivia-colman.jpg?resize=337,450 337w, https:\/\/graziamagazine.com\/mx\/wp-content\/uploads\/sites\/13\/2019\/02\/las-mejor-vestidas-de-la-alfombra-roja-de-los-premios-oscar-2019-olivia-colman.jpg?resize=155,207 155w\" sizes=\"(max-width: 590px) 100vw, 590px\" \/><\/div><\/figure><figure class=\"gallery-item\"><div class=\"gallery-icon landscape\"><img loading=\"lazy\" decoding=\"async\" width=\"640\" height=\"962\" src=\"https:\/\/graziamagazine.com\/mx\/wp-content\/uploads\/sites\/13\/2019\/02\/las-mejor-vestidas-de-la-alfombra-roja-de-los-premios-oscar-2019-marina-de-tavira.jpg\" class=\"lazy\" alt=\"Las mejor vestidas de la alfombra roja de los premios Oscar 2019\" srcset=\"https:\/\/graziamagazine.com\/mx\/wp-content\/uploads\/sites\/13\/2019\/02\/las-mejor-vestidas-de-la-alfombra-roja-de-los-premios-oscar-2019-marina-de-tavira.jpg 640w, https:\/\/graziamagazine.com\/mx\/wp-content\/uploads\/sites\/13\/2019\/02\/las-mejor-vestidas-de-la-alfombra-roja-de-los-premios-oscar-2019-marina-de-tavira.jpg?resize=299,450 299w, https:\/\/graziamagazine.com\/mx\/wp-content\/uploads\/sites\/13\/2019\/02\/las-mejor-vestidas-de-la-alfombra-roja-de-los-premios-oscar-2019-marina-de-tavira.jpg?resize=143,215 143w\" sizes=\"(max-width: 640px) 100vw, 640px\" \/><\/div><\/figure><figure class=\"gallery-item\"><div class=\"gallery-icon landscape\"><img loading=\"lazy\" decoding=\"async\" width=\"853\" height=\"1280\" src=\"https:\/\/graziamagazine.com\/mx\/wp-content\/uploads\/sites\/13\/2019\/02\/las-mejor-vestidas-de-la-alfombra-roja-de-los-premios-oscar-2019-emma-stone.jpg\" class=\"lazy\" alt=\"Las mejor vestidas de la alfombra roja de los premios Oscar 2019\" srcset=\"https:\/\/graziamagazine.com\/mx\/wp-content\/uploads\/sites\/13\/2019\/02\/las-mejor-vestidas-de-la-alfombra-roja-de-los-premios-oscar-2019-emma-stone.jpg 853w, https:\/\/graziamagazine.com\/mx\/wp-content\/uploads\/sites\/13\/2019\/02\/las-mejor-vestidas-de-la-alfombra-roja-de-los-premios-oscar-2019-emma-stone.jpg?resize=300,450 300w, https:\/\/graziamagazine.com\/mx\/wp-content\/uploads\/sites\/13\/2019\/02\/las-mejor-vestidas-de-la-alfombra-roja-de-los-premios-oscar-2019-emma-stone.jpg?resize=768,1152 768w, https:\/\/graziamagazine.com\/mx\/wp-content\/uploads\/sites\/13\/2019\/02\/las-mejor-vestidas-de-la-alfombra-roja-de-los-premios-oscar-2019-emma-stone.jpg?resize=682,1024 682w, https:\/\/graziamagazine.com\/mx\/wp-content\/uploads\/sites\/13\/2019\/02\/las-mejor-vestidas-de-la-alfombra-roja-de-los-premios-oscar-2019-emma-stone.jpg?resize=143,215 143w\" sizes=\"(max-width: 853px) 100vw, 853px\" \/><\/div><\/figure><figure class=\"gallery-item\"><div class=\"gallery-icon landscape\"><img loading=\"lazy\" decoding=\"async\" width=\"1479\" height=\"2048\" src=\"https:\/\/graziamagazine.com\/mx\/wp-content\/uploads\/sites\/13\/2019\/02\/las-mejor-vestidas-de-la-alfombra-roja-de-los-premios-oscar-2019-amy-adams.jpeg\" class=\"lazy\" alt=\"Las mejor vestidas de la alfombra roja de los premios Oscar 2019\" srcset=\"https:\/\/graziamagazine.com\/mx\/wp-content\/uploads\/sites\/13\/2019\/02\/las-mejor-vestidas-de-la-alfombra-roja-de-los-premios-oscar-2019-amy-adams.jpeg 1479w, https:\/\/graziamagazine.com\/mx\/wp-content\/uploads\/sites\/13\/2019\/02\/las-mejor-vestidas-de-la-alfombra-roja-de-los-premios-oscar-2019-amy-adams.jpeg?resize=325,450 325w, https:\/\/graziamagazine.com\/mx\/wp-content\/uploads\/sites\/13\/2019\/02\/las-mejor-vestidas-de-la-alfombra-roja-de-los-premios-oscar-2019-amy-adams.jpeg?resize=768,1063 768w, https:\/\/graziamagazine.com\/mx\/wp-content\/uploads\/sites\/13\/2019\/02\/las-mejor-vestidas-de-la-alfombra-roja-de-los-premios-oscar-2019-amy-adams.jpeg?resize=740,1024 740w, https:\/\/graziamagazine.com\/mx\/wp-content\/uploads\/sites\/13\/2019\/02\/las-mejor-vestidas-de-la-alfombra-roja-de-los-premios-oscar-2019-amy-adams.jpeg?resize=1109,1536 1109w, https:\/\/graziamagazine.com\/mx\/wp-content\/uploads\/sites\/13\/2019\/02\/las-mejor-vestidas-de-la-alfombra-roja-de-los-premios-oscar-2019-amy-adams.jpeg?resize=155,215 155w\" sizes=\"(max-width: 1479px) 100vw, 1479px\" \/><\/div><\/figure><figure class=\"gallery-item\"><div class=\"gallery-icon landscape\"><img loading=\"lazy\" decoding=\"async\" width=\"800\" height=\"1200\" src=\"https:\/\/graziamagazine.com\/mx\/wp-content\/uploads\/sites\/13\/2019\/02\/las-mejor-vestidas-de-la-alfombra-roja-de-los-premios-oscar-2019-brie-larson.jpg\" class=\"lazy\" alt=\"Las mejor vestidas de la alfombra roja de los premios Oscar 2019\" srcset=\"https:\/\/graziamagazine.com\/mx\/wp-content\/uploads\/sites\/13\/2019\/02\/las-mejor-vestidas-de-la-alfombra-roja-de-los-premios-oscar-2019-brie-larson.jpg 800w, https:\/\/graziamagazine.com\/mx\/wp-content\/uploads\/sites\/13\/2019\/02\/las-mejor-vestidas-de-la-alfombra-roja-de-los-premios-oscar-2019-brie-larson.jpg?resize=300,450 300w, https:\/\/graziamagazine.com\/mx\/wp-content\/uploads\/sites\/13\/2019\/02\/las-mejor-vestidas-de-la-alfombra-roja-de-los-premios-oscar-2019-brie-larson.jpg?resize=768,1152 768w, https:\/\/graziamagazine.com\/mx\/wp-content\/uploads\/sites\/13\/2019\/02\/las-mejor-vestidas-de-la-alfombra-roja-de-los-premios-oscar-2019-brie-larson.jpg?resize=683,1024 683w, https:\/\/graziamagazine.com\/mx\/wp-content\/uploads\/sites\/13\/2019\/02\/las-mejor-vestidas-de-la-alfombra-roja-de-los-premios-oscar-2019-brie-larson.jpg?resize=143,215 143w\" sizes=\"(max-width: 800px) 100vw, 800px\" \/><\/div><\/figure><figure class=\"gallery-item\"><div class=\"gallery-icon landscape\"><img loading=\"lazy\" decoding=\"async\" width=\"683\" height=\"1024\" src=\"https:\/\/graziamagazine.com\/mx\/wp-content\/uploads\/sites\/13\/2019\/02\/las-mejor-vestidas-de-la-alfombra-roja-de-los-premios-oscar-2019-charlize-theron.jpg\" class=\"lazy\" alt=\"Las mejor vestidas de la alfombra roja de los premios Oscar 2019\" srcset=\"https:\/\/graziamagazine.com\/mx\/wp-content\/uploads\/sites\/13\/2019\/02\/las-mejor-vestidas-de-la-alfombra-roja-de-los-premios-oscar-2019-charlize-theron.jpg 683w, https:\/\/graziamagazine.com\/mx\/wp-content\/uploads\/sites\/13\/2019\/02\/las-mejor-vestidas-de-la-alfombra-roja-de-los-premios-oscar-2019-charlize-theron.jpg?resize=300,450 300w, https:\/\/graziamagazine.com\/mx\/wp-content\/uploads\/sites\/13\/2019\/02\/las-mejor-vestidas-de-la-alfombra-roja-de-los-premios-oscar-2019-charlize-theron.jpg?resize=143,215 143w\" sizes=\"(max-width: 683px) 100vw, 683px\" \/><\/div><\/figure><figure class=\"gallery-item\"><div class=\"gallery-icon landscape\"><img loading=\"lazy\" decoding=\"async\" width=\"930\" height=\"1280\" src=\"https:\/\/graziamagazine.com\/mx\/wp-content\/uploads\/sites\/13\/2019\/02\/las-mejor-vestidas-de-la-alfombra-roja-de-los-premios-oscar-2019-regina-king.jpg\" class=\"lazy\" alt=\"Las mejor vestidas de la alfombra roja de los premios Oscar 2019\" srcset=\"https:\/\/graziamagazine.com\/mx\/wp-content\/uploads\/sites\/13\/2019\/02\/las-mejor-vestidas-de-la-alfombra-roja-de-los-premios-oscar-2019-regina-king.jpg 930w, https:\/\/graziamagazine.com\/mx\/wp-content\/uploads\/sites\/13\/2019\/02\/las-mejor-vestidas-de-la-alfombra-roja-de-los-premios-oscar-2019-regina-king.jpg?resize=327,450 327w, https:\/\/graziamagazine.com\/mx\/wp-content\/uploads\/sites\/13\/2019\/02\/las-mejor-vestidas-de-la-alfombra-roja-de-los-premios-oscar-2019-regina-king.jpg?resize=768,1057 768w, https:\/\/graziamagazine.com\/mx\/wp-content\/uploads\/sites\/13\/2019\/02\/las-mejor-vestidas-de-la-alfombra-roja-de-los-premios-oscar-2019-regina-king.jpg?resize=744,1024 744w, https:\/\/graziamagazine.com\/mx\/wp-content\/uploads\/sites\/13\/2019\/02\/las-mejor-vestidas-de-la-alfombra-roja-de-los-premios-oscar-2019-regina-king.jpg?resize=155,213 155w\" sizes=\"(max-width: 930px) 100vw, 930px\" \/><\/div><\/figure><\/div><\/div>\n","protected":false},"author":11636,"featured_media":62094,"template":"","format":"gallery","categories":[4],"acf":[],"yoast_head":"<!-- This site is optimized with the Yoast SEO Premium plugin v18.5 (Yoast SEO v20.4) - https:\/\/yoast.com\/wordpress\/plugins\/seo\/ -->\n<title>Las mejor vestidas de la alfombra roja de los premios Oscar 2019 | Grazia M\u00e9xico y Latinoam\u00e9rica<\/title>\n<meta name=\"description\" content=\"Los Oscar son la culminaci\u00f3n de la temporada de premios y, por razones obvias, tiene la mejor alfombra roja de las distintas ceremonias.\" \/>\n<meta name=\"robots\" content=\"index, follow, max-snippet:-1, max-image-preview:large, max-video-preview:-1\" \/>\n<link rel=\"canonical\" href=\"https:\/\/graziamagazine.com\/mx\/articles\/las-mejor-vestidas-de-la-alfombra-roja-de-los-premios-oscar-2019\/\" \/>\n<meta property=\"og:locale\" content=\"es_MX\" \/>\n<meta property=\"og:type\" content=\"article\" \/>\n<meta property=\"og:title\" content=\"Las mejor vestidas de la alfombra roja de los premios Oscar 2019\" \/>\n<meta property=\"og:description\" content=\"Los Oscar son la culminaci\u00f3n de la temporada de premios y, por razones obvias, tiene la mejor alfombra roja de las distintas ceremonias.\" \/>\n<meta property=\"og:url\" content=\"https:\/\/graziamagazine.com\/mx\/articles\/las-mejor-vestidas-de-la-alfombra-roja-de-los-premios-oscar-2019\/\" \/>\n<meta property=\"og:site_name\" content=\"Grazia M\u00e9xico y Latinoam\u00e9rica\" \/>\n<meta property=\"article:modified_time\" content=\"2019-09-03T19:33:16+00:00\" \/>\n<meta property=\"og:image\" content=\"https:\/\/graziamagazine.com\/mx\/wp-content\/uploads\/sites\/13\/2019\/02\/las-mejor-vestidas-de-la-alfombra-roja-de-los-premios-oscar-2019-destacada.jpg?fit=5343%2C3561\" \/>\n\t<meta property=\"og:image:width\" content=\"5343\" \/>\n\t<meta property=\"og:image:height\" content=\"3561\" \/>\n\t<meta property=\"og:image:type\" content=\"image\/jpeg\" \/>\n<meta name=\"twitter:card\" content=\"summary_large_image\" \/>\n<script type=\"application\/ld+json\" class=\"yoast-schema-graph\">{\"@context\":\"https:\/\/schema.org\",\"@graph\":[{\"@type\":\"WebPage\",\"@id\":\"https:\/\/graziamagazine.com\/mx\/articles\/las-mejor-vestidas-de-la-alfombra-roja-de-los-premios-oscar-2019\/\",\"url\":\"https:\/\/graziamagazine.com\/mx\/articles\/las-mejor-vestidas-de-la-alfombra-roja-de-los-premios-oscar-2019\/\",\"name\":\"Las mejor vestidas de la alfombra roja de los premios Oscar 2019 | Grazia M\u00e9xico y Latinoam\u00e9rica\",\"isPartOf\":{\"@id\":\"https:\/\/graziamagazine.com\/mx\/#website\"},\"datePublished\":\"2019-02-25T03:53:48+00:00\",\"dateModified\":\"2019-09-03T19:33:16+00:00\",\"description\":\"Los Oscar son la culminaci\u00f3n de la temporada de premios y, por razones obvias, tiene la mejor alfombra roja de las distintas ceremonias.\",\"breadcrumb\":{\"@id\":\"https:\/\/graziamagazine.com\/mx\/articles\/las-mejor-vestidas-de-la-alfombra-roja-de-los-premios-oscar-2019\/#breadcrumb\"},\"inLanguage\":\"es-MX\",\"potentialAction\":[{\"@type\":\"ReadAction\",\"target\":[\"https:\/\/graziamagazine.com\/mx\/articles\/las-mejor-vestidas-de-la-alfombra-roja-de-los-premios-oscar-2019\/\"]}]},{\"@type\":\"BreadcrumbList\",\"@id\":\"https:\/\/graziamagazine.com\/mx\/articles\/las-mejor-vestidas-de-la-alfombra-roja-de-los-premios-oscar-2019\/#breadcrumb\",\"itemListElement\":[{\"@type\":\"ListItem\",\"position\":1,\"name\":\"Home\",\"item\":\"https:\/\/graziamagazine.com\/mx\/\"},{\"@type\":\"ListItem\",\"position\":2,\"name\":\"Las mejor vestidas de la alfombra roja de los premios Oscar 2019\"}]},{\"@type\":\"WebSite\",\"@id\":\"https:\/\/graziamagazine.com\/mx\/#website\",\"url\":\"https:\/\/graziamagazine.com\/mx\/\",\"name\":\"Grazia M\u00e9xico y Latinoam\u00e9rica\",\"description\":\"Grazia es moda, belleza y noticias  de actualidad \",\"potentialAction\":[{\"@type\":\"SearchAction\",\"target\":{\"@type\":\"EntryPoint\",\"urlTemplate\":\"https:\/\/graziamagazine.com\/mx\/?s={search_term_string}\"},\"query-input\":\"required name=search_term_string\"}],\"inLanguage\":\"es-MX\"}]}<\/script>\n<!-- \/ Yoast SEO Premium plugin. -->","yoast_head_json":{"title":"Las mejor vestidas de la alfombra roja de los premios Oscar 2019 | Grazia M\u00e9xico y Latinoam\u00e9rica","description":"Los Oscar son la culminaci\u00f3n de la temporada de premios y, por razones obvias, tiene la mejor alfombra roja de las distintas ceremonias.","robots":{"index":"index","follow":"follow","max-snippet":"max-snippet:-1","max-image-preview":"max-image-preview:large","max-video-preview":"max-video-preview:-1"},"canonical":"https:\/\/graziamagazine.com\/mx\/articles\/las-mejor-vestidas-de-la-alfombra-roja-de-los-premios-oscar-2019\/","og_locale":"es_MX","og_type":"article","og_title":"Las mejor vestidas de la alfombra roja de los premios Oscar 2019","og_description":"Los Oscar son la culminaci\u00f3n de la temporada de premios y, por razones obvias, tiene la mejor alfombra roja de las distintas ceremonias.","og_url":"https:\/\/graziamagazine.com\/mx\/articles\/las-mejor-vestidas-de-la-alfombra-roja-de-los-premios-oscar-2019\/","og_site_name":"Grazia M\u00e9xico y Latinoam\u00e9rica","article_modified_time":"2019-09-03T19:33:16+00:00","og_image":[{"width":5343,"height":3561,"url":"https:\/\/graziamagazine.com\/mx\/wp-content\/uploads\/sites\/13\/2019\/02\/las-mejor-vestidas-de-la-alfombra-roja-de-los-premios-oscar-2019-destacada.jpg?fit=5343%2C3561","type":"image\/jpeg"}],"twitter_card":"summary_large_image","schema":{"@context":"https:\/\/schema.org","@graph":[{"@type":"WebPage","@id":"https:\/\/graziamagazine.com\/mx\/articles\/las-mejor-vestidas-de-la-alfombra-roja-de-los-premios-oscar-2019\/","url":"https:\/\/graziamagazine.com\/mx\/articles\/las-mejor-vestidas-de-la-alfombra-roja-de-los-premios-oscar-2019\/","name":"Las mejor vestidas de la alfombra roja de los premios Oscar 2019 | Grazia M\u00e9xico y Latinoam\u00e9rica","isPartOf":{"@id":"https:\/\/graziamagazine.com\/mx\/#website"},"datePublished":"2019-02-25T03:53:48+00:00","dateModified":"2019-09-03T19:33:16+00:00","description":"Los Oscar son la culminaci\u00f3n de la temporada de premios y, por razones obvias, tiene la mejor alfombra roja de las distintas ceremonias.","breadcrumb":{"@id":"https:\/\/graziamagazine.com\/mx\/articles\/las-mejor-vestidas-de-la-alfombra-roja-de-los-premios-oscar-2019\/#breadcrumb"},"inLanguage":"es-MX","potentialAction":[{"@type":"ReadAction","target":["https:\/\/graziamagazine.com\/mx\/articles\/las-mejor-vestidas-de-la-alfombra-roja-de-los-premios-oscar-2019\/"]}]},{"@type":"BreadcrumbList","@id":"https:\/\/graziamagazine.com\/mx\/articles\/las-mejor-vestidas-de-la-alfombra-roja-de-los-premios-oscar-2019\/#breadcrumb","itemListElement":[{"@type":"ListItem","position":1,"name":"Home","item":"https:\/\/graziamagazine.com\/mx\/"},{"@type":"ListItem","position":2,"name":"Las mejor vestidas de la alfombra roja de los premios Oscar 2019"}]},{"@type":"WebSite","@id":"https:\/\/graziamagazine.com\/mx\/#website","url":"https:\/\/graziamagazine.com\/mx\/","name":"Grazia M\u00e9xico y Latinoam\u00e9rica","description":"Grazia es moda, belleza y noticias  de actualidad ","potentialAction":[{"@type":"SearchAction","target":{"@type":"EntryPoint","urlTemplate":"https:\/\/graziamagazine.com\/mx\/?s={search_term_string}"},"query-input":"required name=search_term_string"}],"inLanguage":"es-MX"}]}},"jetpack_sharing_enabled":true,"distributor_meta":false,"distributor_terms":false,"distributor_media":false,"distributor_original_site_name":"Grazia M\u00e9xico y Latinoam\u00e9rica","distributor_original_site_url":"https:\/\/graziamagazine.com\/mx","push-errors":false,"_links":{"self":[{"href":"https:\/\/graziamagazine.com\/mx\/wp-json\/wp\/v2\/articles\/62073"}],"collection":[{"href":"https:\/\/graziamagazine.com\/mx\/wp-json\/wp\/v2\/articles"}],"about":[{"href":"https:\/\/graziamagazine.com\/mx\/wp-json\/wp\/v2\/types\/articles"}],"author":[{"embeddable":true,"href":"https:\/\/graziamagazine.com\/mx\/wp-json\/wp\/v2\/users\/11636"}],"wp:featuredmedia":[{"embeddable":true,"href":"https:\/\/graziamagazine.com\/mx\/wp-json\/wp\/v2\/media\/62094"}],"wp:attachment":[{"href":"https:\/\/graziamagazine.com\/mx\/wp-json\/wp\/v2\/media?parent=62073"}],"wp:term":[{"taxonomy":"category","embeddable":true,"href":"https:\/\/graziamagazine.com\/mx\/wp-json\/wp\/v2\/categories?post=62073"}],"curies":[{"name":"wp","href":"https:\/\/api.w.org\/{rel}","templated":true}]}}