{"id":61975,"date":"2019-02-21T21:02:36","date_gmt":"2019-02-22T02:02:36","guid":{"rendered":"https:\/\/graziamagazine.com\/mx\/?p=61975"},"modified":"2019-10-31T18:30:10","modified_gmt":"2019-10-31T23:30:10","slug":"los-peinados-mas-iconicos-del-cine","status":"publish","type":"articles","link":"https:\/\/graziamagazine.com\/mx\/articles\/los-peinados-mas-iconicos-del-cine\/","title":{"rendered":"Los 7 peinados m\u00e1s ic\u00f3nicos del cine"},"content":{"rendered":"<p><strong>Por Isabel Carus<\/strong><\/p>\n<p><span style=\"font-weight: 400;\">Desde sus inicios, el cine ha sido el medio de entretenimiento favorito de muchas personas. \u00bfQui\u00e9n no ha querido ser como alguna de las mujeres m\u00e1s ic\u00f3nicas de la gran pantalla? Seguramente alguna vez quisiste imitar el estilo de pelo de <strong>Brigitte Bardot<\/strong>, tener esas trenzas impecables de <strong>Bo Derek, <\/strong>el corte de<strong> Sharon Stone <\/strong>en la primera d\u00e9cada de los 2000 o ese peinado ic\u00f3nico de <strong>Molly Jensen <\/strong>(<strong>Demi Moore<\/strong>)\u00a0en<strong><em> Ghost<\/em><\/strong>. Y claro, c\u00f3mo olvidar el <em>look <\/em>de <strong>Jane Birkin <\/strong>en los sesenta.\u00a0<\/span><\/p>\n<p>Innumerables mujeres tales como <strong>Olivia Newton John, Rita Hayworth, Brooke Shields, Elizabeth Taylor, Mia Farrow, Farrah Fawcett\u00a0<\/strong>y <strong>Edie Sedgwick<\/strong>\u00a0en su momento impusieron una tendencia que dej\u00f3 huella. Y bueno, hablando de un filme en espec\u00edfico, siempre recordaremos ese peinado ic\u00f3nico de <strong>Carrie Fisher<\/strong>\u00a0como la <strong>princesa Leia <\/strong>en<em><strong> Star Wars<\/strong><\/em>.<\/p>\n<p>Sin embargo, enlistamos siete de nuestros peinados favoritos en la historia del cine:<\/p>\n<h2><b>Holly Golightly, <em>Breakfast at Tiffany\u2019s <\/em><\/b><\/h2>\n<p><span style=\"font-weight: 400;\">El papel interpretado por <strong>Audrey Hepburn<\/strong>, refleja a la mujer perfecta y su buen gusto en los hermosos peinados que luce y que transformaron al personaje en uno de los iconos de moda m\u00e1s famosos de toda la historia. Entre el vestido de Givenchy y su peinado, es el personaje por el Audrey siempre ser\u00e1 recordada.<\/span><\/p>\n<h2><em><b>Marie Antoinette<\/b><\/em><\/h2>\n<p><span style=\"font-weight: 400;\">Esta pel\u00edcula famosa en la historia del cine por retratar el ostentoso vestuario que se usaba en 1700 combinado con elementos actuales como la m\u00fasica o el lenguaje. Las pelucas con <\/span><span style=\"font-weight: 400;\">las que apareci\u00f3 <strong>Kristen Dunst<\/strong> siguen siendo admiradas hasta ahora y gracias Marie Antoinette este es uno de los peinados m\u00e1s ic\u00f3nicos de la historia.<\/span><\/p>\n<figure id=\"attachment_61979\" aria-describedby=\"caption-attachment-61979\" style=\"width: 700px\" class=\"wp-caption alignnone\"><img loading=\"lazy\" decoding=\"async\" class=\"wp-image-61979 size-large\" src=\"https:\/\/graziamagazine.com\/mx\/wp-content\/uploads\/sites\/13\/2019\/02\/Marie-Antoinette-gq-700x464.jpg\" alt=\"\" width=\"700\" height=\"464\" \/><figcaption id=\"caption-attachment-61979\" class=\"wp-caption-text\">Marie Antoinette, 2006 (film still)<\/figcaption><\/figure>\n<h2><em><b>Am\u00e9lie <\/b><\/em><\/h2>\n<p><span style=\"font-weight: 400;\">El personaje ha usado el mismo <em>bob <\/em>de cabello corto con fleco desde que era peque\u00f1a, un peinado sencillo y sin complicaciones, caracter\u00edstico de las francesas.<\/span><\/p>\n<figure id=\"attachment_61980\" aria-describedby=\"caption-attachment-61980\" style=\"width: 700px\" class=\"wp-caption alignnone\"><img loading=\"lazy\" decoding=\"async\" class=\"wp-image-61980 size-large\" src=\"https:\/\/graziamagazine.com\/mx\/wp-content\/uploads\/sites\/13\/2019\/02\/amelie-recommendation-videoSixteenByNineJumbo1600_0-700x394.jpg\" alt=\"\" width=\"700\" height=\"394\" \/><figcaption id=\"caption-attachment-61980\" class=\"wp-caption-text\">Am\u00e9lie, 2001 (film still)<\/figcaption><\/figure>\n<h2><b>Miranda Priestly, <em>The Devil Wears Prada<\/em><\/b><\/h2>\n<p><span style=\"font-weight: 400;\">Una de las pel\u00edculas m\u00e1s influyentes para el mundo de la moda, si no es que la m\u00e1s. <strong>Meryl Streep <\/strong>logr\u00f3 meterse en un personaje exigente que se dedicaba a dirigir <\/span><span style=\"font-weight: 400;\">la revista<\/span><i><span style=\"font-weight: 400;\"> Runway<\/span><\/i><span style=\"font-weight: 400;\">. Su pelo corto plateado \u2014uno de los m\u00e1s conocidos ic\u00f3nicos peinados\u2014 es s\u00edmbolo de elegancia y estilo.<\/span><\/p>\n<figure id=\"attachment_61981\" aria-describedby=\"caption-attachment-61981\" style=\"width: 700px\" class=\"wp-caption alignnone\"><img loading=\"lazy\" decoding=\"async\" class=\"wp-image-61981 size-large\" src=\"https:\/\/graziamagazine.com\/mx\/wp-content\/uploads\/sites\/13\/2019\/02\/1467185456-devilwearsprada-rex-700x350.jpg\" alt=\"\" width=\"700\" height=\"350\" \/><figcaption id=\"caption-attachment-61981\" class=\"wp-caption-text\">The Devil Wears Prada, 2006 (film still)<\/figcaption><\/figure>\n<h2><b>Mia Wallace, <em>Pulp Fiction <\/em><\/b><\/h2>\n<p><span style=\"font-weight: 400;\">El <em>bob<\/em> con fleco que llevaba <strong>Uma Thurman<\/strong> mientras representaba a la esposa rebelde, joven y problem\u00e1tica del celoso \u201cBig Man\u201d es inolvidable hasta la fecha y se convirti\u00f3 en uno de los mejores peinados para usar en la d\u00e9cada.<\/span><\/p>\n<figure id=\"attachment_61983\" aria-describedby=\"caption-attachment-61983\" style=\"width: 700px\" class=\"wp-caption alignnone\"><img loading=\"lazy\" decoding=\"async\" class=\"wp-image-61983 size-large\" src=\"https:\/\/graziamagazine.com\/mx\/wp-content\/uploads\/sites\/13\/2019\/02\/Mia_20Wallace-700x467.png\" alt=\"\" width=\"700\" height=\"467\" \/><figcaption id=\"caption-attachment-61983\" class=\"wp-caption-text\">Pulp Fiction 1994, (film still)<\/figcaption><\/figure>\n<h2><b>Vivian Ward, <em>Pretty Woman <\/em><\/b><\/h2>\n<p><span style=\"font-weight: 400;\">En <em>Mujer Bonita<\/em>, cuando Vivian empieza a trabajar para el magnate de negocios interpretado por <strong>Richard Gere<\/strong>, el primer cambio que se puede ver es su melena. Este es el personaje que marc\u00f3 a <strong>Julia Roberts<\/strong> en Hollywood.<\/span><\/p>\n<figure id=\"attachment_61984\" aria-describedby=\"caption-attachment-61984\" style=\"width: 700px\" class=\"wp-caption alignnone\"><img loading=\"lazy\" decoding=\"async\" class=\"wp-image-61984 size-large\" src=\"https:\/\/graziamagazine.com\/mx\/wp-content\/uploads\/sites\/13\/2019\/02\/Pretty_Woman_Still_1-700x394.jpg\" alt=\"\" width=\"700\" height=\"394\" \/><figcaption id=\"caption-attachment-61984\" class=\"wp-caption-text\">Pretty Women, 1990 (film still)<\/figcaption><\/figure>\n<h2><b>Lorelei Lee, <em>Los Caballeros las Prefieren Rubias<\/em><\/b><\/h2>\n<p><span style=\"font-weight: 400;\">Sin duda cuando se ve una melena rubia corta y rizada lo primero que se nos viene a la mente es <strong>Marilyn Monroe<\/strong>, <\/span><span style=\"font-weight: 400;\">no fue s\u00f3lo su peinado; todo su <em>look<\/em> ha sido de los m\u00e1s ic\u00f3nicos en la historia y en el mundo del cine hasta el d\u00eda de hoy.<\/span><\/p>\n<figure id=\"attachment_61985\" aria-describedby=\"caption-attachment-61985\" style=\"width: 700px\" class=\"wp-caption alignnone\"><img loading=\"lazy\" decoding=\"async\" class=\"wp-image-61985 size-large\" src=\"https:\/\/graziamagazine.com\/mx\/wp-content\/uploads\/sites\/13\/2019\/02\/b93099be15e8dc910b3ba707cfc4d5c2-700x525.jpg\" alt=\"\" width=\"700\" height=\"525\" \/><figcaption id=\"caption-attachment-61985\" class=\"wp-caption-text\">Gentlemen Prefer Blondes, 1953 (film still)<\/figcaption><\/figure>\n<p>&nbsp;<\/p>\n<p>&nbsp;<\/p>\n<p>&nbsp;<\/p>\n","protected":false},"author":11636,"featured_media":61977,"template":"","format":"standard","categories":[3],"acf":[],"yoast_head":"<!-- This site is optimized with the Yoast SEO Premium plugin v18.5 (Yoast SEO v20.4) - https:\/\/yoast.com\/wordpress\/plugins\/seo\/ -->\n<title>Los 7 peinados m\u00e1s ic\u00f3nicos del cine | Grazia M\u00e9xico y Latinoam\u00e9rica<\/title>\n<meta name=\"description\" content=\"Presentamos los peinados ic\u00f3nicos m\u00e1s imitados a lo largo de la historia del cine por ser \u00fanicos, reconocibles y llenos de estilo.\" \/>\n<meta name=\"robots\" content=\"index, follow, max-snippet:-1, max-image-preview:large, max-video-preview:-1\" \/>\n<link rel=\"canonical\" href=\"https:\/\/graziamagazine.com\/mx\/articles\/los-peinados-mas-iconicos-del-cine\/\" \/>\n<meta property=\"og:locale\" content=\"es_MX\" \/>\n<meta property=\"og:type\" content=\"article\" \/>\n<meta property=\"og:title\" content=\"Los 7 peinados m\u00e1s ic\u00f3nicos del cine\" \/>\n<meta property=\"og:description\" content=\"Presentamos los peinados ic\u00f3nicos m\u00e1s imitados a lo largo de la historia del cine por ser \u00fanicos, reconocibles y llenos de estilo.\" \/>\n<meta property=\"og:url\" content=\"https:\/\/graziamagazine.com\/mx\/articles\/los-peinados-mas-iconicos-del-cine\/\" \/>\n<meta property=\"og:site_name\" content=\"Grazia M\u00e9xico y Latinoam\u00e9rica\" \/>\n<meta property=\"article:modified_time\" content=\"2019-10-31T23:30:10+00:00\" \/>\n<meta property=\"og:image\" content=\"https:\/\/graziamagazine.com\/mx\/wp-content\/uploads\/sites\/13\/2019\/02\/peinados-hero.jpg?fit=1200%2C740\" \/>\n\t<meta property=\"og:image:width\" content=\"1200\" \/>\n\t<meta property=\"og:image:height\" content=\"740\" \/>\n\t<meta property=\"og:image:type\" content=\"image\/jpeg\" \/>\n<meta name=\"twitter:card\" content=\"summary_large_image\" \/>\n<meta name=\"twitter:label1\" content=\"Est. reading time\" \/>\n\t<meta name=\"twitter:data1\" content=\"3 minutos\" \/>\n<script type=\"application\/ld+json\" class=\"yoast-schema-graph\">{\"@context\":\"https:\/\/schema.org\",\"@graph\":[{\"@type\":\"WebPage\",\"@id\":\"https:\/\/graziamagazine.com\/mx\/articles\/los-peinados-mas-iconicos-del-cine\/\",\"url\":\"https:\/\/graziamagazine.com\/mx\/articles\/los-peinados-mas-iconicos-del-cine\/\",\"name\":\"Los 7 peinados m\u00e1s ic\u00f3nicos del cine | Grazia M\u00e9xico y Latinoam\u00e9rica\",\"isPartOf\":{\"@id\":\"https:\/\/graziamagazine.com\/mx\/#website\"},\"datePublished\":\"2019-02-22T02:02:36+00:00\",\"dateModified\":\"2019-10-31T23:30:10+00:00\",\"description\":\"Presentamos los peinados ic\u00f3nicos m\u00e1s imitados a lo largo de la historia del cine por ser \u00fanicos, reconocibles y llenos de estilo.\",\"breadcrumb\":{\"@id\":\"https:\/\/graziamagazine.com\/mx\/articles\/los-peinados-mas-iconicos-del-cine\/#breadcrumb\"},\"inLanguage\":\"es-MX\",\"potentialAction\":[{\"@type\":\"ReadAction\",\"target\":[\"https:\/\/graziamagazine.com\/mx\/articles\/los-peinados-mas-iconicos-del-cine\/\"]}]},{\"@type\":\"BreadcrumbList\",\"@id\":\"https:\/\/graziamagazine.com\/mx\/articles\/los-peinados-mas-iconicos-del-cine\/#breadcrumb\",\"itemListElement\":[{\"@type\":\"ListItem\",\"position\":1,\"name\":\"Home\",\"item\":\"https:\/\/graziamagazine.com\/mx\/\"},{\"@type\":\"ListItem\",\"position\":2,\"name\":\"Los 7 peinados m\u00e1s ic\u00f3nicos del cine\"}]},{\"@type\":\"WebSite\",\"@id\":\"https:\/\/graziamagazine.com\/mx\/#website\",\"url\":\"https:\/\/graziamagazine.com\/mx\/\",\"name\":\"Grazia M\u00e9xico y Latinoam\u00e9rica\",\"description\":\"Grazia es moda, belleza y noticias  de actualidad \",\"potentialAction\":[{\"@type\":\"SearchAction\",\"target\":{\"@type\":\"EntryPoint\",\"urlTemplate\":\"https:\/\/graziamagazine.com\/mx\/?s={search_term_string}\"},\"query-input\":\"required name=search_term_string\"}],\"inLanguage\":\"es-MX\"}]}<\/script>\n<!-- \/ Yoast SEO Premium plugin. -->","yoast_head_json":{"title":"Los 7 peinados m\u00e1s ic\u00f3nicos del cine | Grazia M\u00e9xico y Latinoam\u00e9rica","description":"Presentamos los peinados ic\u00f3nicos m\u00e1s imitados a lo largo de la historia del cine por ser \u00fanicos, reconocibles y llenos de estilo.","robots":{"index":"index","follow":"follow","max-snippet":"max-snippet:-1","max-image-preview":"max-image-preview:large","max-video-preview":"max-video-preview:-1"},"canonical":"https:\/\/graziamagazine.com\/mx\/articles\/los-peinados-mas-iconicos-del-cine\/","og_locale":"es_MX","og_type":"article","og_title":"Los 7 peinados m\u00e1s ic\u00f3nicos del cine","og_description":"Presentamos los peinados ic\u00f3nicos m\u00e1s imitados a lo largo de la historia del cine por ser \u00fanicos, reconocibles y llenos de estilo.","og_url":"https:\/\/graziamagazine.com\/mx\/articles\/los-peinados-mas-iconicos-del-cine\/","og_site_name":"Grazia M\u00e9xico y Latinoam\u00e9rica","article_modified_time":"2019-10-31T23:30:10+00:00","og_image":[{"width":1200,"height":740,"url":"https:\/\/graziamagazine.com\/mx\/wp-content\/uploads\/sites\/13\/2019\/02\/peinados-hero.jpg?fit=1200%2C740","type":"image\/jpeg"}],"twitter_card":"summary_large_image","twitter_misc":{"Est. reading time":"3 minutos"},"schema":{"@context":"https:\/\/schema.org","@graph":[{"@type":"WebPage","@id":"https:\/\/graziamagazine.com\/mx\/articles\/los-peinados-mas-iconicos-del-cine\/","url":"https:\/\/graziamagazine.com\/mx\/articles\/los-peinados-mas-iconicos-del-cine\/","name":"Los 7 peinados m\u00e1s ic\u00f3nicos del cine | Grazia M\u00e9xico y Latinoam\u00e9rica","isPartOf":{"@id":"https:\/\/graziamagazine.com\/mx\/#website"},"datePublished":"2019-02-22T02:02:36+00:00","dateModified":"2019-10-31T23:30:10+00:00","description":"Presentamos los peinados ic\u00f3nicos m\u00e1s imitados a lo largo de la historia del cine por ser \u00fanicos, reconocibles y llenos de estilo.","breadcrumb":{"@id":"https:\/\/graziamagazine.com\/mx\/articles\/los-peinados-mas-iconicos-del-cine\/#breadcrumb"},"inLanguage":"es-MX","potentialAction":[{"@type":"ReadAction","target":["https:\/\/graziamagazine.com\/mx\/articles\/los-peinados-mas-iconicos-del-cine\/"]}]},{"@type":"BreadcrumbList","@id":"https:\/\/graziamagazine.com\/mx\/articles\/los-peinados-mas-iconicos-del-cine\/#breadcrumb","itemListElement":[{"@type":"ListItem","position":1,"name":"Home","item":"https:\/\/graziamagazine.com\/mx\/"},{"@type":"ListItem","position":2,"name":"Los 7 peinados m\u00e1s ic\u00f3nicos del cine"}]},{"@type":"WebSite","@id":"https:\/\/graziamagazine.com\/mx\/#website","url":"https:\/\/graziamagazine.com\/mx\/","name":"Grazia M\u00e9xico y Latinoam\u00e9rica","description":"Grazia es moda, belleza y noticias  de actualidad ","potentialAction":[{"@type":"SearchAction","target":{"@type":"EntryPoint","urlTemplate":"https:\/\/graziamagazine.com\/mx\/?s={search_term_string}"},"query-input":"required name=search_term_string"}],"inLanguage":"es-MX"}]}},"jetpack_sharing_enabled":true,"distributor_meta":false,"distributor_terms":false,"distributor_media":false,"distributor_original_site_name":"Grazia M\u00e9xico y Latinoam\u00e9rica","distributor_original_site_url":"https:\/\/graziamagazine.com\/mx","push-errors":false,"_links":{"self":[{"href":"https:\/\/graziamagazine.com\/mx\/wp-json\/wp\/v2\/articles\/61975"}],"collection":[{"href":"https:\/\/graziamagazine.com\/mx\/wp-json\/wp\/v2\/articles"}],"about":[{"href":"https:\/\/graziamagazine.com\/mx\/wp-json\/wp\/v2\/types\/articles"}],"author":[{"embeddable":true,"href":"https:\/\/graziamagazine.com\/mx\/wp-json\/wp\/v2\/users\/11636"}],"wp:featuredmedia":[{"embeddable":true,"href":"https:\/\/graziamagazine.com\/mx\/wp-json\/wp\/v2\/media\/61977"}],"wp:attachment":[{"href":"https:\/\/graziamagazine.com\/mx\/wp-json\/wp\/v2\/media?parent=61975"}],"wp:term":[{"taxonomy":"category","embeddable":true,"href":"https:\/\/graziamagazine.com\/mx\/wp-json\/wp\/v2\/categories?post=61975"}],"curies":[{"name":"wp","href":"https:\/\/api.w.org\/{rel}","templated":true}]}}