{"id":61848,"date":"2019-02-18T14:09:13","date_gmt":"2019-02-18T19:09:13","guid":{"rendered":"https:\/\/graziamagazine.com\/mx\/?p=61848"},"modified":"2019-02-18T14:09:34","modified_gmt":"2019-02-18T19:09:34","slug":"los-makeup-trends-que-amamos-de-new-york-fashion-week","status":"publish","type":"articles","link":"https:\/\/graziamagazine.com\/mx\/articles\/los-makeup-trends-que-amamos-de-new-york-fashion-week\/","title":{"rendered":"Los makeup trends que amamos de New York Fashion Week"},"content":{"rendered":"<p><strong>Desde cadenas, perlas y cristales en el pelo; hasta tonos met\u00e1licos y uniformes, esto es lo que aprendimos de los beauty looks de NYFW.\u00a0<\/strong><\/p>\n<p><!--more--><\/p>\n<p><strong>Por Isabel Carus<\/strong><\/p>\n<p><span style=\"font-weight: 400;\">La primera semana de la moda dej\u00f3 su paso y con ella las tendencias que veremos en oto\u00f1o\/invierno 2019. Con referencias ultra femeninas cortes\u00eda de <\/span><b>Rodarte<\/b><span style=\"font-weight: 400;\"> e inspiraci\u00f3n rockera de <\/span><b>Tom Ford,<\/b><span style=\"font-weight: 400;\"> tambi\u00e9n se vieron sobre la pasarela looks m\u00e1s neutros que nunca fallan. Empecemos.<\/span><\/p>\n<p>&nbsp;<\/p>\n<h2><b>Los smokey eyes de Tom Ford<\/b><\/h2>\n<p><span style=\"font-weight: 400;\">Este look se est\u00e1 volviendo distintivo de la marca \u00a1y lo amamos! Con un peinado natural la atenci\u00f3n se centra completamente en los ojos, conformados por varias capas de sombras en crema en colores plateados brillantes. El resto de la piel es uniforme y los labios se acent\u00faan con un <\/span><i><span style=\"font-weight: 400;\">glossy look.<\/span><\/i><\/p>\n<figure id=\"attachment_61852\" aria-describedby=\"caption-attachment-61852\" style=\"width: 683px\" class=\"wp-caption alignnone\"><img loading=\"lazy\" decoding=\"async\" class=\"wp-image-61852 size-large\" src=\"https:\/\/graziamagazine.com\/mx\/wp-content\/uploads\/sites\/13\/2019\/02\/TomFord2-700x1050.jpg\" alt=\"\" width=\"683\" height=\"1024\" \/><figcaption id=\"caption-attachment-61852\" class=\"wp-caption-text\">Tom Ford, AW19.<\/figcaption><\/figure>\n<p>&nbsp;<\/p>\n<h2><b>La inspiraci\u00f3n floral de Rodarte<\/b><\/h2>\n<p><span style=\"font-weight: 400;\">Creando una sensaci\u00f3n de feminismo pudimos ver los accesorios para pelo a base de flores con los que las hermanas Mulleavy presentaron su colecci\u00f3n oto\u00f1o\/invierno. El maquillaje se enfoc\u00f3 en destacar los puntos de luz del rostro con un highlighter.<\/span><\/p>\n<figure id=\"attachment_61853\" aria-describedby=\"caption-attachment-61853\" style=\"width: 684px\" class=\"wp-caption alignnone\"><img loading=\"lazy\" decoding=\"async\" class=\"wp-image-61853 size-large\" src=\"https:\/\/graziamagazine.com\/mx\/wp-content\/uploads\/sites\/13\/2019\/02\/rodarte-700x1048.jpg\" alt=\"\" width=\"684\" height=\"1024\" \/><figcaption id=\"caption-attachment-61853\" class=\"wp-caption-text\">Rodarte, AW19.<\/figcaption><\/figure>\n<p>&nbsp;<\/p>\n<h2><b>El coolness de Proenza Schouler <\/b><\/h2>\n<p><span style=\"font-weight: 400;\">La mujer Proenza usa delineador gris imperfecto con efecto tinta para las sombras, como si se tratara de un manch\u00f3n sobre los p\u00e1rpados. El resto del look consiste en unas cejas peinadas hacia arriba respetando su forma natural y una piel muy natural. Sin duda, el mejor regreso a las pasarelas de Nueva York.<\/span><\/p>\n<figure id=\"attachment_61854\" aria-describedby=\"caption-attachment-61854\" style=\"width: 684px\" class=\"wp-caption alignnone\"><img loading=\"lazy\" decoding=\"async\" class=\"wp-image-61854 size-large\" src=\"https:\/\/graziamagazine.com\/mx\/wp-content\/uploads\/sites\/13\/2019\/02\/CAN0002-700x1048.jpg\" alt=\"\" width=\"684\" height=\"1024\" \/><figcaption id=\"caption-attachment-61854\" class=\"wp-caption-text\">Proenza Schouler, AW19.<\/figcaption><\/figure>\n<p>&nbsp;<\/p>\n<h2><b>Cushnie: <\/b><b><i>all about<\/i><\/b><b> terracota<\/b><\/h2>\n<p><span style=\"font-weight: 400;\">Una cola de caballo baja pulida con raya en medio creada por la <\/span><i><span style=\"font-weight: 400;\">hairstylist <\/span><\/i><span style=\"font-weight: 400;\">Justin Marjan fue el peinado que acompa\u00f1\u00f3 al <\/span><i><span style=\"font-weight: 400;\">beauty look<\/span><\/i><span style=\"font-weight: 400;\"> en tonos terracota que llevaron por la pasarela las modelos de Cushnie. Las cejas estilizadas con un gel transparente fueron el marco para los ojos en color marr\u00f3n, mismo tono que se utiliz\u00f3 para las mejillas y la boca en acabado mate.<\/span><\/p>\n<figure id=\"attachment_61855\" aria-describedby=\"caption-attachment-61855\" style=\"width: 700px\" class=\"wp-caption alignnone\"><img loading=\"lazy\" decoding=\"async\" class=\"wp-image-61855 size-large\" src=\"https:\/\/graziamagazine.com\/mx\/wp-content\/uploads\/sites\/13\/2019\/02\/cushnie-700x434.jpg\" alt=\"\" width=\"700\" height=\"434\" \/><figcaption id=\"caption-attachment-61855\" class=\"wp-caption-text\">Cushnie, AW19.<\/figcaption><\/figure>\n<h2><\/h2>\n<h2><b>Acentos de perlas en Adeam<\/b><\/h2>\n<p><span style=\"font-weight: 400;\">El makeup artist Sado Ito solo uso 3 productos para Adeam: <\/span><span style=\"font-weight: 400;\">Soft Matte Concealer, Super Radiant Booster, y un lip balm, todos de NARS. Sin embargo la raz\u00f3n por la que elegimos este look como uno de nuestros favoritos son las mini perlas en el lagrimal de las modelos para abrir la mirada y dar luz.<\/span><\/p>\n<figure id=\"attachment_61856\" aria-describedby=\"caption-attachment-61856\" style=\"width: 700px\" class=\"wp-caption alignnone\"><img loading=\"lazy\" decoding=\"async\" class=\"wp-image-61856 size-large\" src=\"https:\/\/graziamagazine.com\/mx\/wp-content\/uploads\/sites\/13\/2019\/02\/adeam-700x875.jpg\" alt=\"\" width=\"700\" height=\"875\" \/><figcaption id=\"caption-attachment-61856\" class=\"wp-caption-text\">Adeam, AW19.<\/figcaption><\/figure>\n<p>&nbsp;<\/p>\n<h2><b>El no-makeup makeup de Marc Jacobs <\/b><\/h2>\n<p><span style=\"font-weight: 400;\">Para la temporada oto\u00f1o\/invierno la marca present\u00f3 su colecci\u00f3n acompa\u00f1ada de un beauty look que consiste en un un maquillaje muy natural. La makeup artist Diane Kendal mencion\u00f3 que ni siquiera aplico base, solo concealer en ciertos puntos para eliminar rojeces y dejar la piel uniforme. Despu\u00e9s un poco de lip gloss <\/span><span style=\"font-weight: 400;\">y por Marc Jacobs Beauty Glow Stick como highlighter. <\/span><\/p>\n<figure id=\"attachment_61857\" aria-describedby=\"caption-attachment-61857\" style=\"width: 683px\" class=\"wp-caption alignnone\"><img loading=\"lazy\" decoding=\"async\" class=\"wp-image-61857 size-large\" src=\"https:\/\/graziamagazine.com\/mx\/wp-content\/uploads\/sites\/13\/2019\/02\/marcjacobs-700x1050.jpg\" alt=\"\" width=\"683\" height=\"1024\" \/><figcaption id=\"caption-attachment-61857\" class=\"wp-caption-text\">Marc Jacobs, AW19.<\/figcaption><\/figure>\n<p>&nbsp;<\/p>\n<p>&nbsp;<\/p>\n","protected":false},"author":11636,"featured_media":61850,"template":"","format":"standard","categories":[3],"acf":[],"yoast_head":"<!-- This site is optimized with the Yoast SEO Premium plugin v18.5 (Yoast SEO v20.4) - https:\/\/yoast.com\/wordpress\/plugins\/seo\/ -->\n<title>Los makeup trends que amamos de New York Fashion Week | Grazia M\u00e9xico y Latinoam\u00e9rica<\/title>\n<meta name=\"description\" content=\"Desde el romanticismo de Rodarte, al smokey look de Tom Ford, esto es lo que aprendimos de las makeup trends que vimos durante New York Fashion Week.\" \/>\n<meta name=\"robots\" content=\"index, follow, max-snippet:-1, max-image-preview:large, max-video-preview:-1\" \/>\n<link rel=\"canonical\" href=\"https:\/\/graziamagazine.com\/mx\/articles\/los-makeup-trends-que-amamos-de-new-york-fashion-week\/\" \/>\n<meta property=\"og:locale\" content=\"es_MX\" \/>\n<meta property=\"og:type\" content=\"article\" \/>\n<meta property=\"og:title\" content=\"Los makeup trends que amamos de New York Fashion Week\" \/>\n<meta property=\"og:description\" content=\"Desde el romanticismo de Rodarte, al smokey look de Tom Ford, esto es lo que aprendimos de las makeup trends que vimos durante New York Fashion Week.\" \/>\n<meta property=\"og:url\" content=\"https:\/\/graziamagazine.com\/mx\/articles\/los-makeup-trends-que-amamos-de-new-york-fashion-week\/\" \/>\n<meta property=\"og:site_name\" content=\"Grazia M\u00e9xico y Latinoam\u00e9rica\" \/>\n<meta property=\"article:modified_time\" content=\"2019-02-18T19:09:34+00:00\" \/>\n<meta property=\"og:image\" content=\"https:\/\/graziamagazine.com\/mx\/wp-content\/uploads\/sites\/13\/2019\/02\/NT_6588.jpg?fit=4098%2C2732\" \/>\n\t<meta property=\"og:image:width\" content=\"4098\" \/>\n\t<meta property=\"og:image:height\" content=\"2732\" \/>\n\t<meta property=\"og:image:type\" content=\"image\/jpeg\" \/>\n<meta name=\"twitter:card\" content=\"summary_large_image\" \/>\n<meta name=\"twitter:label1\" content=\"Est. reading time\" \/>\n\t<meta name=\"twitter:data1\" content=\"3 minutos\" \/>\n<script type=\"application\/ld+json\" class=\"yoast-schema-graph\">{\"@context\":\"https:\/\/schema.org\",\"@graph\":[{\"@type\":\"WebPage\",\"@id\":\"https:\/\/graziamagazine.com\/mx\/articles\/los-makeup-trends-que-amamos-de-new-york-fashion-week\/\",\"url\":\"https:\/\/graziamagazine.com\/mx\/articles\/los-makeup-trends-que-amamos-de-new-york-fashion-week\/\",\"name\":\"Los makeup trends que amamos de New York Fashion Week | Grazia M\u00e9xico y Latinoam\u00e9rica\",\"isPartOf\":{\"@id\":\"https:\/\/graziamagazine.com\/mx\/#website\"},\"datePublished\":\"2019-02-18T19:09:13+00:00\",\"dateModified\":\"2019-02-18T19:09:34+00:00\",\"description\":\"Desde el romanticismo de Rodarte, al smokey look de Tom Ford, esto es lo que aprendimos de las makeup trends que vimos durante New York Fashion Week.\",\"breadcrumb\":{\"@id\":\"https:\/\/graziamagazine.com\/mx\/articles\/los-makeup-trends-que-amamos-de-new-york-fashion-week\/#breadcrumb\"},\"inLanguage\":\"es-MX\",\"potentialAction\":[{\"@type\":\"ReadAction\",\"target\":[\"https:\/\/graziamagazine.com\/mx\/articles\/los-makeup-trends-que-amamos-de-new-york-fashion-week\/\"]}]},{\"@type\":\"BreadcrumbList\",\"@id\":\"https:\/\/graziamagazine.com\/mx\/articles\/los-makeup-trends-que-amamos-de-new-york-fashion-week\/#breadcrumb\",\"itemListElement\":[{\"@type\":\"ListItem\",\"position\":1,\"name\":\"Home\",\"item\":\"https:\/\/graziamagazine.com\/mx\/\"},{\"@type\":\"ListItem\",\"position\":2,\"name\":\"Los makeup trends que amamos de New York Fashion Week\"}]},{\"@type\":\"WebSite\",\"@id\":\"https:\/\/graziamagazine.com\/mx\/#website\",\"url\":\"https:\/\/graziamagazine.com\/mx\/\",\"name\":\"Grazia M\u00e9xico y Latinoam\u00e9rica\",\"description\":\"Grazia es moda, belleza y noticias  de actualidad \",\"potentialAction\":[{\"@type\":\"SearchAction\",\"target\":{\"@type\":\"EntryPoint\",\"urlTemplate\":\"https:\/\/graziamagazine.com\/mx\/?s={search_term_string}\"},\"query-input\":\"required name=search_term_string\"}],\"inLanguage\":\"es-MX\"}]}<\/script>\n<!-- \/ Yoast SEO Premium plugin. -->","yoast_head_json":{"title":"Los makeup trends que amamos de New York Fashion Week | Grazia M\u00e9xico y Latinoam\u00e9rica","description":"Desde el romanticismo de Rodarte, al smokey look de Tom Ford, esto es lo que aprendimos de las makeup trends que vimos durante New York Fashion Week.","robots":{"index":"index","follow":"follow","max-snippet":"max-snippet:-1","max-image-preview":"max-image-preview:large","max-video-preview":"max-video-preview:-1"},"canonical":"https:\/\/graziamagazine.com\/mx\/articles\/los-makeup-trends-que-amamos-de-new-york-fashion-week\/","og_locale":"es_MX","og_type":"article","og_title":"Los makeup trends que amamos de New York Fashion Week","og_description":"Desde el romanticismo de Rodarte, al smokey look de Tom Ford, esto es lo que aprendimos de las makeup trends que vimos durante New York Fashion Week.","og_url":"https:\/\/graziamagazine.com\/mx\/articles\/los-makeup-trends-que-amamos-de-new-york-fashion-week\/","og_site_name":"Grazia M\u00e9xico y Latinoam\u00e9rica","article_modified_time":"2019-02-18T19:09:34+00:00","og_image":[{"width":4098,"height":2732,"url":"https:\/\/graziamagazine.com\/mx\/wp-content\/uploads\/sites\/13\/2019\/02\/NT_6588.jpg?fit=4098%2C2732","type":"image\/jpeg"}],"twitter_card":"summary_large_image","twitter_misc":{"Est. reading time":"3 minutos"},"schema":{"@context":"https:\/\/schema.org","@graph":[{"@type":"WebPage","@id":"https:\/\/graziamagazine.com\/mx\/articles\/los-makeup-trends-que-amamos-de-new-york-fashion-week\/","url":"https:\/\/graziamagazine.com\/mx\/articles\/los-makeup-trends-que-amamos-de-new-york-fashion-week\/","name":"Los makeup trends que amamos de New York Fashion Week | Grazia M\u00e9xico y Latinoam\u00e9rica","isPartOf":{"@id":"https:\/\/graziamagazine.com\/mx\/#website"},"datePublished":"2019-02-18T19:09:13+00:00","dateModified":"2019-02-18T19:09:34+00:00","description":"Desde el romanticismo de Rodarte, al smokey look de Tom Ford, esto es lo que aprendimos de las makeup trends que vimos durante New York Fashion Week.","breadcrumb":{"@id":"https:\/\/graziamagazine.com\/mx\/articles\/los-makeup-trends-que-amamos-de-new-york-fashion-week\/#breadcrumb"},"inLanguage":"es-MX","potentialAction":[{"@type":"ReadAction","target":["https:\/\/graziamagazine.com\/mx\/articles\/los-makeup-trends-que-amamos-de-new-york-fashion-week\/"]}]},{"@type":"BreadcrumbList","@id":"https:\/\/graziamagazine.com\/mx\/articles\/los-makeup-trends-que-amamos-de-new-york-fashion-week\/#breadcrumb","itemListElement":[{"@type":"ListItem","position":1,"name":"Home","item":"https:\/\/graziamagazine.com\/mx\/"},{"@type":"ListItem","position":2,"name":"Los makeup trends que amamos de New York Fashion Week"}]},{"@type":"WebSite","@id":"https:\/\/graziamagazine.com\/mx\/#website","url":"https:\/\/graziamagazine.com\/mx\/","name":"Grazia M\u00e9xico y Latinoam\u00e9rica","description":"Grazia es moda, belleza y noticias  de actualidad ","potentialAction":[{"@type":"SearchAction","target":{"@type":"EntryPoint","urlTemplate":"https:\/\/graziamagazine.com\/mx\/?s={search_term_string}"},"query-input":"required name=search_term_string"}],"inLanguage":"es-MX"}]}},"jetpack_sharing_enabled":true,"distributor_meta":false,"distributor_terms":false,"distributor_media":false,"distributor_original_site_name":"Grazia M\u00e9xico y Latinoam\u00e9rica","distributor_original_site_url":"https:\/\/graziamagazine.com\/mx","push-errors":false,"_links":{"self":[{"href":"https:\/\/graziamagazine.com\/mx\/wp-json\/wp\/v2\/articles\/61848"}],"collection":[{"href":"https:\/\/graziamagazine.com\/mx\/wp-json\/wp\/v2\/articles"}],"about":[{"href":"https:\/\/graziamagazine.com\/mx\/wp-json\/wp\/v2\/types\/articles"}],"author":[{"embeddable":true,"href":"https:\/\/graziamagazine.com\/mx\/wp-json\/wp\/v2\/users\/11636"}],"wp:featuredmedia":[{"embeddable":true,"href":"https:\/\/graziamagazine.com\/mx\/wp-json\/wp\/v2\/media\/61850"}],"wp:attachment":[{"href":"https:\/\/graziamagazine.com\/mx\/wp-json\/wp\/v2\/media?parent=61848"}],"wp:term":[{"taxonomy":"category","embeddable":true,"href":"https:\/\/graziamagazine.com\/mx\/wp-json\/wp\/v2\/categories?post=61848"}],"curies":[{"name":"wp","href":"https:\/\/api.w.org\/{rel}","templated":true}]}}