{"id":61621,"date":"2019-02-11T13:02:39","date_gmt":"2019-02-11T18:02:39","guid":{"rendered":"https:\/\/graziamagazine.com\/mx\/?p=61621"},"modified":"2020-02-11T11:12:58","modified_gmt":"2020-02-11T16:12:58","slug":"el-legado-de-alexander-mcqueen","status":"publish","type":"articles","link":"https:\/\/graziamagazine.com\/mx\/articles\/el-legado-de-alexander-mcqueen\/","title":{"rendered":"El legado de Alexander McQueen"},"content":{"rendered":"<p>El 11 de febrero de 2010 el mundo no esperaba despedirse de <strong>Alexander McQueen<\/strong>. Esa noche el dise\u00f1ador brit\u00e1nico\u00a0se quit\u00f3 la vida en su departamento en Mayfair en Londres. A la ma\u00f1ana siguiente sus tiendas se llenaron de flores que la gente dejaba a manera de despedida. Ese d\u00eda hubo un antes y un despu\u00e9s en el mundo de la moda.<\/p>\n<p>Si bien su marca continu\u00f3 en las manos de la dise\u00f1adora de modas Sarah Burton, y su nombre ser\u00e1 recordado por ser la firma del vestido de novia de <strong>Kate Middleton<\/strong>, Lee Alexander McQueen era mucho m\u00e1s que eso. El dise\u00f1ador ingl\u00e9s\u00a0se entreg\u00f3 por completo a una industria que al inicio dud\u00f3 en abrirle las puertas. Una industria que lo cuestion\u00f3, que se fue enamorando de \u00e9l poco a poco, pero que supo apreciar su creatividad hasta su muerte. McQueen era un genio de la moda.<\/p>\n<p>Es com\u00fan decir que todos los genios tienen algo de locos. La premisa parece coincidir en muchos casos: Ernest Hemingway, Vincent van Gogh, Michelangelo, solo por nombrar algunos. En palabras de Arist\u00f3teles, \u201cninguna gran mente ha existido jam\u00e1s sin un toque de locura\u201d, y Lee Alexander McQueen sin duda se apega a esta declaraci\u00f3n.<\/p>\n<figure id=\"attachment_61632\" aria-describedby=\"caption-attachment-61632\" style=\"width: 683px\" class=\"wp-caption alignnone\"><img loading=\"lazy\" decoding=\"async\" class=\"wp-image-61632 size-large\" src=\"https:\/\/graziamagazine.com\/mx\/wp-content\/uploads\/sites\/13\/2019\/02\/579193f015e36a0c5181bca94b817f6b-700x1050.jpg\" alt=\"\" width=\"683\" height=\"1024\" \/><figcaption id=\"caption-attachment-61632\" class=\"wp-caption-text\">Alexander McQueen.<\/figcaption><\/figure>\n<p>No se volvi\u00f3 loco pero peleaba constantes batallas en su vida privada, con la depresi\u00f3n y adicci\u00f3n a las drogas. Su visi\u00f3n de la moda brit\u00e1nica era extraordinaria y el costo de esa creatividad fue muy alto. Si algo se extra\u00f1a de este maestro son sus desfiles. No es com\u00fan ver en la moda colecciones como las de \u00e9l. No hab\u00eda colecci\u00f3n basada en un tema y sobre todo con una intenci\u00f3n. Como si se tratara de una obra de arte, cada detalle estaba calculado. El pelo, el estilismo, los materiales, el maquillaje y los accesorios se mezclaban para crear un concepto que pretend\u00eda sorprender. \u201cQuiero que cuando veas mis desfiles sientas repulsi\u00f3n o emoci\u00f3n\u201d, dijo Lee Alexander alguna vez en una entrevista, \u201csi no, no estoy haciendo mi trabajo\u201d.<\/p>\n<p>Diez\u00a0a\u00f1os atr\u00e1s, por ejemplo, la idea de crear un holograma para presentarse en vivo no era com\u00fan. Cuando su amiga Kate Moss estuvo en el esc\u00e1ndalo del consumo de coca\u00edna, McQueen le rindi\u00f3 tributo con un holograma en plena pasarela. Es uno de los momentos que pasar\u00e1n a la historia como uno de los m\u00e1s emblem\u00e1ticos en el mundo de la moda. Igual que el desfile No.13, donde cerr\u00f3 con dos robots que proyectaban pintura sobre una modelo con un vestido blanco. Un performance que hizo llorar al propio McQueen.<\/p>\n<p><iframe loading=\"lazy\" src=\"https:\/\/www.youtube.com\/embed\/ErE7O5NceGQ\" width=\"560\" height=\"315\" frameborder=\"0\"><\/iframe><\/p>\n<p>El impacto que dej\u00f3 Alexander McQueen en la moda durante la d\u00e9cada de los 90 contin\u00faa hasta nuestros d\u00edas. El dise\u00f1ador ingl\u00e9s\u00a0contribuy\u00f3 a que <em><strong>London Fashion Week<\/strong><\/em> se posicionara como la semana m\u00e1s arriesgada en t\u00e9rminos creativos. Algo por lo que Londres sigue siendo conocido.<\/p>\n<p>El desfile de modas m\u00e1s controversial fue en marzo de 1995, McQueen dedic\u00f3 su colecci\u00f3n oto\u00f1o\/invierno llamada <em>The Highland Rape<\/em> al da\u00f1o que Inglaterra le hab\u00eda hecho a Escocia. Las modelos caminaban como si hubieran sido brutalizadas, los vestidos de encaje rasgados y sus ojos con lentes de contacto completamente negros.<\/p>\n<p><iframe loading=\"lazy\" src=\"https:\/\/www.youtube.com\/embed\/5Fs2nEKCT1o\" width=\"560\" height=\"315\" frameborder=\"0\"><\/iframe><\/p>\n<p>Despu\u00e9s de la muerte de\u00a0Alexander McQueen, la exposici\u00f3n <em>Savage Beauty<\/em> que se present\u00f3 en Metropolitan Museum of Art y en el Victoria &amp; Albert Museum de Londres, fue la encargada de recordarnos y quiz\u00e1s explicarnos c\u00f3mo funcionaba la mente de este genio de la moda. La exposici\u00f3n en Nueva York rompi\u00f3 el r\u00e9cord de visitas demostrando que la moda le puede hablar a cualquier persona.<\/p>\n<p>McQueen era una tormenta perfecta de muchas cosas al mismo tiempo. Su exigencia tanto en su vida privada como profesional al momento de hacer una colecci\u00f3n, fue lo que lo llev\u00f3 a ser uno de los mejores dise\u00f1adores. Siempre hablamos de los grandes <em>couturiers<\/em> que revolucionaron siluetas, desafiaron las reglas y crearon una nueva est\u00e9tica. Quiz\u00e1s sea tiempo de poner a McQueen en esa lista. La oscuridad en la que vivi\u00f3 despert\u00f3 una mente que nos ense\u00f1\u00f3 que el mundo de la moda es un escape, pero que, como si se tratara de una escultura o una pintura, es arte que muy pocos pueden hacer.<\/p>\n<p>Aqu\u00ed <em>Plato\u2019s Atlantis<\/em>, su \u00faltimo desfile:<\/p>\n<p><iframe loading=\"lazy\" src=\"https:\/\/www.youtube.com\/embed\/CVN4WUKIzjA\" width=\"560\" height=\"315\" frameborder=\"0\"><\/iframe><\/p>\n","protected":false},"author":11646,"featured_media":61637,"template":"","format":"standard","categories":[4],"acf":[],"yoast_head":"<!-- This site is optimized with the Yoast SEO Premium plugin v18.5 (Yoast SEO v20.4) - https:\/\/yoast.com\/wordpress\/plugins\/seo\/ -->\n<title>El legado de Alexander McQueen | Grazia M\u00e9xico y Latinoam\u00e9rica<\/title>\n<meta name=\"description\" content=\"Recordamos el legado que nos dej\u00f3 Alexander McQueen, este genio poco comprendido de la moda pero que hizo grandes aportaciones.\" \/>\n<meta name=\"robots\" content=\"index, follow, max-snippet:-1, max-image-preview:large, max-video-preview:-1\" \/>\n<link rel=\"canonical\" href=\"https:\/\/graziamagazine.com\/mx\/articles\/el-legado-de-alexander-mcqueen\/\" \/>\n<meta property=\"og:locale\" content=\"es_MX\" \/>\n<meta property=\"og:type\" content=\"article\" \/>\n<meta property=\"og:title\" content=\"El legado de Alexander McQueen\" \/>\n<meta property=\"og:description\" content=\"Recordamos el legado que nos dej\u00f3 Alexander McQueen, este genio poco comprendido de la moda pero que hizo grandes aportaciones.\" \/>\n<meta property=\"og:url\" content=\"https:\/\/graziamagazine.com\/mx\/articles\/el-legado-de-alexander-mcqueen\/\" \/>\n<meta property=\"og:site_name\" content=\"Grazia M\u00e9xico y Latinoam\u00e9rica\" \/>\n<meta property=\"article:modified_time\" content=\"2020-02-11T16:12:58+00:00\" \/>\n<meta property=\"og:image\" content=\"https:\/\/graziamagazine.com\/mx\/wp-content\/uploads\/sites\/13\/2019\/02\/5b5114c67dca9-fw432i105.jpg?fit=1079%2C720\" \/>\n\t<meta property=\"og:image:width\" content=\"1079\" \/>\n\t<meta property=\"og:image:height\" content=\"720\" \/>\n\t<meta property=\"og:image:type\" content=\"image\/jpeg\" \/>\n<meta name=\"twitter:card\" content=\"summary_large_image\" \/>\n<meta name=\"twitter:label1\" content=\"Est. reading time\" \/>\n\t<meta name=\"twitter:data1\" content=\"4 minutos\" \/>\n<script type=\"application\/ld+json\" class=\"yoast-schema-graph\">{\"@context\":\"https:\/\/schema.org\",\"@graph\":[{\"@type\":\"WebPage\",\"@id\":\"https:\/\/graziamagazine.com\/mx\/articles\/el-legado-de-alexander-mcqueen\/\",\"url\":\"https:\/\/graziamagazine.com\/mx\/articles\/el-legado-de-alexander-mcqueen\/\",\"name\":\"El legado de Alexander McQueen | Grazia M\u00e9xico y Latinoam\u00e9rica\",\"isPartOf\":{\"@id\":\"https:\/\/graziamagazine.com\/mx\/#website\"},\"datePublished\":\"2019-02-11T18:02:39+00:00\",\"dateModified\":\"2020-02-11T16:12:58+00:00\",\"description\":\"Recordamos el legado que nos dej\u00f3 Alexander McQueen, este genio poco comprendido de la moda pero que hizo grandes aportaciones.\",\"breadcrumb\":{\"@id\":\"https:\/\/graziamagazine.com\/mx\/articles\/el-legado-de-alexander-mcqueen\/#breadcrumb\"},\"inLanguage\":\"es-MX\",\"potentialAction\":[{\"@type\":\"ReadAction\",\"target\":[\"https:\/\/graziamagazine.com\/mx\/articles\/el-legado-de-alexander-mcqueen\/\"]}]},{\"@type\":\"BreadcrumbList\",\"@id\":\"https:\/\/graziamagazine.com\/mx\/articles\/el-legado-de-alexander-mcqueen\/#breadcrumb\",\"itemListElement\":[{\"@type\":\"ListItem\",\"position\":1,\"name\":\"Home\",\"item\":\"https:\/\/graziamagazine.com\/mx\/\"},{\"@type\":\"ListItem\",\"position\":2,\"name\":\"El legado de Alexander McQueen\"}]},{\"@type\":\"WebSite\",\"@id\":\"https:\/\/graziamagazine.com\/mx\/#website\",\"url\":\"https:\/\/graziamagazine.com\/mx\/\",\"name\":\"Grazia M\u00e9xico y Latinoam\u00e9rica\",\"description\":\"Grazia es moda, belleza y noticias  de actualidad \",\"potentialAction\":[{\"@type\":\"SearchAction\",\"target\":{\"@type\":\"EntryPoint\",\"urlTemplate\":\"https:\/\/graziamagazine.com\/mx\/?s={search_term_string}\"},\"query-input\":\"required name=search_term_string\"}],\"inLanguage\":\"es-MX\"}]}<\/script>\n<!-- \/ Yoast SEO Premium plugin. -->","yoast_head_json":{"title":"El legado de Alexander McQueen | Grazia M\u00e9xico y Latinoam\u00e9rica","description":"Recordamos el legado que nos dej\u00f3 Alexander McQueen, este genio poco comprendido de la moda pero que hizo grandes aportaciones.","robots":{"index":"index","follow":"follow","max-snippet":"max-snippet:-1","max-image-preview":"max-image-preview:large","max-video-preview":"max-video-preview:-1"},"canonical":"https:\/\/graziamagazine.com\/mx\/articles\/el-legado-de-alexander-mcqueen\/","og_locale":"es_MX","og_type":"article","og_title":"El legado de Alexander McQueen","og_description":"Recordamos el legado que nos dej\u00f3 Alexander McQueen, este genio poco comprendido de la moda pero que hizo grandes aportaciones.","og_url":"https:\/\/graziamagazine.com\/mx\/articles\/el-legado-de-alexander-mcqueen\/","og_site_name":"Grazia M\u00e9xico y Latinoam\u00e9rica","article_modified_time":"2020-02-11T16:12:58+00:00","og_image":[{"width":1079,"height":720,"url":"https:\/\/graziamagazine.com\/mx\/wp-content\/uploads\/sites\/13\/2019\/02\/5b5114c67dca9-fw432i105.jpg?fit=1079%2C720","type":"image\/jpeg"}],"twitter_card":"summary_large_image","twitter_misc":{"Est. reading time":"4 minutos"},"schema":{"@context":"https:\/\/schema.org","@graph":[{"@type":"WebPage","@id":"https:\/\/graziamagazine.com\/mx\/articles\/el-legado-de-alexander-mcqueen\/","url":"https:\/\/graziamagazine.com\/mx\/articles\/el-legado-de-alexander-mcqueen\/","name":"El legado de Alexander McQueen | Grazia M\u00e9xico y Latinoam\u00e9rica","isPartOf":{"@id":"https:\/\/graziamagazine.com\/mx\/#website"},"datePublished":"2019-02-11T18:02:39+00:00","dateModified":"2020-02-11T16:12:58+00:00","description":"Recordamos el legado que nos dej\u00f3 Alexander McQueen, este genio poco comprendido de la moda pero que hizo grandes aportaciones.","breadcrumb":{"@id":"https:\/\/graziamagazine.com\/mx\/articles\/el-legado-de-alexander-mcqueen\/#breadcrumb"},"inLanguage":"es-MX","potentialAction":[{"@type":"ReadAction","target":["https:\/\/graziamagazine.com\/mx\/articles\/el-legado-de-alexander-mcqueen\/"]}]},{"@type":"BreadcrumbList","@id":"https:\/\/graziamagazine.com\/mx\/articles\/el-legado-de-alexander-mcqueen\/#breadcrumb","itemListElement":[{"@type":"ListItem","position":1,"name":"Home","item":"https:\/\/graziamagazine.com\/mx\/"},{"@type":"ListItem","position":2,"name":"El legado de Alexander McQueen"}]},{"@type":"WebSite","@id":"https:\/\/graziamagazine.com\/mx\/#website","url":"https:\/\/graziamagazine.com\/mx\/","name":"Grazia M\u00e9xico y Latinoam\u00e9rica","description":"Grazia es moda, belleza y noticias  de actualidad ","potentialAction":[{"@type":"SearchAction","target":{"@type":"EntryPoint","urlTemplate":"https:\/\/graziamagazine.com\/mx\/?s={search_term_string}"},"query-input":"required name=search_term_string"}],"inLanguage":"es-MX"}]}},"jetpack_sharing_enabled":true,"distributor_meta":false,"distributor_terms":false,"distributor_media":false,"distributor_original_site_name":"Grazia M\u00e9xico y Latinoam\u00e9rica","distributor_original_site_url":"https:\/\/graziamagazine.com\/mx","push-errors":false,"_links":{"self":[{"href":"https:\/\/graziamagazine.com\/mx\/wp-json\/wp\/v2\/articles\/61621"}],"collection":[{"href":"https:\/\/graziamagazine.com\/mx\/wp-json\/wp\/v2\/articles"}],"about":[{"href":"https:\/\/graziamagazine.com\/mx\/wp-json\/wp\/v2\/types\/articles"}],"author":[{"embeddable":true,"href":"https:\/\/graziamagazine.com\/mx\/wp-json\/wp\/v2\/users\/11646"}],"wp:featuredmedia":[{"embeddable":true,"href":"https:\/\/graziamagazine.com\/mx\/wp-json\/wp\/v2\/media\/61637"}],"wp:attachment":[{"href":"https:\/\/graziamagazine.com\/mx\/wp-json\/wp\/v2\/media?parent=61621"}],"wp:term":[{"taxonomy":"category","embeddable":true,"href":"https:\/\/graziamagazine.com\/mx\/wp-json\/wp\/v2\/categories?post=61621"}],"curies":[{"name":"wp","href":"https:\/\/api.w.org\/{rel}","templated":true}]}}