{"id":61235,"date":"2019-01-25T14:49:33","date_gmt":"2019-01-25T19:49:33","guid":{"rendered":"https:\/\/graziamagazine.com\/mx\/?p=61235"},"modified":"2019-01-25T14:49:47","modified_gmt":"2019-01-25T19:49:47","slug":"si-habra-una-tercera-parte-del-diario-de-la-princesa","status":"publish","type":"articles","link":"https:\/\/graziamagazine.com\/mx\/articles\/si-habra-una-tercera-parte-del-diario-de-la-princesa\/","title":{"rendered":"S\u00ed habr\u00e1 una tercera parte del Diario de la Princesa"},"content":{"rendered":"<p><b><i>The Princess Diaries<\/i> o en espa\u00f1ol, <i>El Diario de la Princesa<\/i>, tendr\u00e1 una tercera parte y nosotros no podemos controlar nuestra emoci\u00f3n.<\/b><!--more--><\/p>\n<p>Debes de ser muy joven si no conoces estas pel\u00edculas, las cuales pr\u00e1cticamente hicieron que todas crey\u00e9ramos que alguna vez podr\u00edamos ser princesas&#8230; Adem\u00e1s de enamorarnos de nuestro pr\u00edncipe <b>Chris Pine<\/b> en la segunda entrega. \u00bfSe te ocurre alg\u00fan <i>makeover<\/i> m\u00e1s ic\u00f3nico que el de <b>Mia Thermopolis<\/b>? No lo creemos. Pero, en fin, para todas las fan\u00e1ticas nost\u00e1lgicas, esta noticia les alegrar\u00e1 el viernes y, muy probablemente, el a\u00f1o: parece que <i><strong>El<\/strong> <\/i><b><i>Diario de la Princesa 3<\/i><\/b> es un hecho.<\/p>\n<p><iframe loading=\"lazy\" src=\"https:\/\/giphy.com\/embed\/NYeRpsqIITFyo\" width=\"480\" height=\"250\" frameborder=\"0\"><\/iframe><\/p>\n<p>Aunque puede ser que no nos creas y cuestiones nuestras fuentes, te decimos que fue la mism\u00edsima <b>Anne Hathaway<\/b> quien lo afirm\u00f3 en una entrevista con <b>Andy Cohen<\/b>. La pregunta fue cortes\u00eda de una fan\u00e1tica y esto fue lo que dijo Amelia Mignonette Grimaldi Thermopolis Renaldo: \u201cHay un gui\u00f3n para la tercera pel\u00edcula [\u2026] Yo lo quiero hacer [realidad], Julie tambi\u00e9n\u201d. Y te preguntar\u00e1s, \u00bfentonces qu\u00e9 falta? La actriz dijo que quieren que todo salga perfecto porque aman el proyecto tanto como los fan\u00e1ticos. Pero no te decepciones, Anne afirm\u00f3 que ya est\u00e1n trabajando en ello.<\/p>\n<p><iframe loading=\"lazy\" src=\"https:\/\/www.youtube.com\/embed\/VDJ_BAzmdoE\" width=\"560\" height=\"315\" frameborder=\"0\"><\/iframe><\/p>\n<p>Las aventuras de Mia marcaron completamente nuestra infancia. Quiz\u00e1 el atraso sea por la busca del director perfecto, pues el original, Gary Marshall, falleci\u00f3 en junio de 2016. Estamos seguros de que la nueva entrega ser\u00e1 un gran tributo al legado del cineasta y ya no podemos esperar m\u00e1s.<\/p>\n<p><iframe loading=\"lazy\" src=\"https:\/\/giphy.com\/embed\/uCmwwOfqiL6Eg\" width=\"480\" height=\"424\" frameborder=\"0\"><\/iframe><\/p>\n<h5><\/h5>\n<h5><em>*IMAGEN: Cortes\u00eda de Walt Disney Pictures<\/em><\/h5>\n","protected":false},"author":11642,"featured_media":61236,"template":"","format":"standard","categories":[114],"acf":[],"yoast_head":"<!-- This site is optimized with the Yoast SEO Premium plugin v18.5 (Yoast SEO v20.4) - https:\/\/yoast.com\/wordpress\/plugins\/seo\/ -->\n<title>S\u00ed habr\u00e1 una tercera parte del Diario de la Princesa | Grazia M\u00e9xico y Latinoam\u00e9rica<\/title>\n<meta name=\"description\" content=\"The Princess Diaries o en espa\u00f1ol, El Diario de la Princesa, tendr\u00e1 una tercera parte y nosotros no podemos controlar nuestra emoci\u00f3n.\" \/>\n<meta name=\"robots\" content=\"index, follow, max-snippet:-1, max-image-preview:large, max-video-preview:-1\" \/>\n<link rel=\"canonical\" href=\"https:\/\/graziamagazine.com\/mx\/articles\/si-habra-una-tercera-parte-del-diario-de-la-princesa\/\" \/>\n<meta property=\"og:locale\" content=\"es_MX\" \/>\n<meta property=\"og:type\" content=\"article\" \/>\n<meta property=\"og:title\" content=\"S\u00ed habr\u00e1 una tercera parte del Diario de la Princesa\" \/>\n<meta property=\"og:description\" content=\"The Princess Diaries o en espa\u00f1ol, El Diario de la Princesa, tendr\u00e1 una tercera parte y nosotros no podemos controlar nuestra emoci\u00f3n.\" \/>\n<meta property=\"og:url\" content=\"https:\/\/graziamagazine.com\/mx\/articles\/si-habra-una-tercera-parte-del-diario-de-la-princesa\/\" \/>\n<meta property=\"og:site_name\" content=\"Grazia M\u00e9xico y Latinoam\u00e9rica\" \/>\n<meta property=\"article:modified_time\" content=\"2019-01-25T19:49:47+00:00\" \/>\n<meta property=\"og:image\" content=\"https:\/\/graziamagazine.com\/mx\/wp-content\/uploads\/sites\/13\/2019\/01\/si-habra-una-tercera-parte-del-diario-de-la-princesa-destacada.jpg?fit=700%2C525\" \/>\n\t<meta property=\"og:image:width\" content=\"700\" \/>\n\t<meta property=\"og:image:height\" content=\"525\" \/>\n\t<meta property=\"og:image:type\" content=\"image\/jpeg\" \/>\n<meta name=\"twitter:card\" content=\"summary_large_image\" \/>\n<meta name=\"twitter:label1\" content=\"Est. reading time\" \/>\n\t<meta name=\"twitter:data1\" content=\"1 minuto\" \/>\n<script type=\"application\/ld+json\" class=\"yoast-schema-graph\">{\"@context\":\"https:\/\/schema.org\",\"@graph\":[{\"@type\":\"WebPage\",\"@id\":\"https:\/\/graziamagazine.com\/mx\/articles\/si-habra-una-tercera-parte-del-diario-de-la-princesa\/\",\"url\":\"https:\/\/graziamagazine.com\/mx\/articles\/si-habra-una-tercera-parte-del-diario-de-la-princesa\/\",\"name\":\"S\u00ed habr\u00e1 una tercera parte del Diario de la Princesa | Grazia M\u00e9xico y Latinoam\u00e9rica\",\"isPartOf\":{\"@id\":\"https:\/\/graziamagazine.com\/mx\/#website\"},\"datePublished\":\"2019-01-25T19:49:33+00:00\",\"dateModified\":\"2019-01-25T19:49:47+00:00\",\"description\":\"The Princess Diaries o en espa\u00f1ol, El Diario de la Princesa, tendr\u00e1 una tercera parte y nosotros no podemos controlar nuestra emoci\u00f3n.\",\"breadcrumb\":{\"@id\":\"https:\/\/graziamagazine.com\/mx\/articles\/si-habra-una-tercera-parte-del-diario-de-la-princesa\/#breadcrumb\"},\"inLanguage\":\"es-MX\",\"potentialAction\":[{\"@type\":\"ReadAction\",\"target\":[\"https:\/\/graziamagazine.com\/mx\/articles\/si-habra-una-tercera-parte-del-diario-de-la-princesa\/\"]}]},{\"@type\":\"BreadcrumbList\",\"@id\":\"https:\/\/graziamagazine.com\/mx\/articles\/si-habra-una-tercera-parte-del-diario-de-la-princesa\/#breadcrumb\",\"itemListElement\":[{\"@type\":\"ListItem\",\"position\":1,\"name\":\"Home\",\"item\":\"https:\/\/graziamagazine.com\/mx\/\"},{\"@type\":\"ListItem\",\"position\":2,\"name\":\"S\u00ed habr\u00e1 una tercera parte del Diario de la Princesa\"}]},{\"@type\":\"WebSite\",\"@id\":\"https:\/\/graziamagazine.com\/mx\/#website\",\"url\":\"https:\/\/graziamagazine.com\/mx\/\",\"name\":\"Grazia M\u00e9xico y Latinoam\u00e9rica\",\"description\":\"Grazia es moda, belleza y noticias  de actualidad \",\"potentialAction\":[{\"@type\":\"SearchAction\",\"target\":{\"@type\":\"EntryPoint\",\"urlTemplate\":\"https:\/\/graziamagazine.com\/mx\/?s={search_term_string}\"},\"query-input\":\"required name=search_term_string\"}],\"inLanguage\":\"es-MX\"}]}<\/script>\n<!-- \/ Yoast SEO Premium plugin. -->","yoast_head_json":{"title":"S\u00ed habr\u00e1 una tercera parte del Diario de la Princesa | Grazia M\u00e9xico y Latinoam\u00e9rica","description":"The Princess Diaries o en espa\u00f1ol, El Diario de la Princesa, tendr\u00e1 una tercera parte y nosotros no podemos controlar nuestra emoci\u00f3n.","robots":{"index":"index","follow":"follow","max-snippet":"max-snippet:-1","max-image-preview":"max-image-preview:large","max-video-preview":"max-video-preview:-1"},"canonical":"https:\/\/graziamagazine.com\/mx\/articles\/si-habra-una-tercera-parte-del-diario-de-la-princesa\/","og_locale":"es_MX","og_type":"article","og_title":"S\u00ed habr\u00e1 una tercera parte del Diario de la Princesa","og_description":"The Princess Diaries o en espa\u00f1ol, El Diario de la Princesa, tendr\u00e1 una tercera parte y nosotros no podemos controlar nuestra emoci\u00f3n.","og_url":"https:\/\/graziamagazine.com\/mx\/articles\/si-habra-una-tercera-parte-del-diario-de-la-princesa\/","og_site_name":"Grazia M\u00e9xico y Latinoam\u00e9rica","article_modified_time":"2019-01-25T19:49:47+00:00","og_image":[{"width":700,"height":525,"url":"https:\/\/graziamagazine.com\/mx\/wp-content\/uploads\/sites\/13\/2019\/01\/si-habra-una-tercera-parte-del-diario-de-la-princesa-destacada.jpg?fit=700%2C525","type":"image\/jpeg"}],"twitter_card":"summary_large_image","twitter_misc":{"Est. reading time":"1 minuto"},"schema":{"@context":"https:\/\/schema.org","@graph":[{"@type":"WebPage","@id":"https:\/\/graziamagazine.com\/mx\/articles\/si-habra-una-tercera-parte-del-diario-de-la-princesa\/","url":"https:\/\/graziamagazine.com\/mx\/articles\/si-habra-una-tercera-parte-del-diario-de-la-princesa\/","name":"S\u00ed habr\u00e1 una tercera parte del Diario de la Princesa | Grazia M\u00e9xico y Latinoam\u00e9rica","isPartOf":{"@id":"https:\/\/graziamagazine.com\/mx\/#website"},"datePublished":"2019-01-25T19:49:33+00:00","dateModified":"2019-01-25T19:49:47+00:00","description":"The Princess Diaries o en espa\u00f1ol, El Diario de la Princesa, tendr\u00e1 una tercera parte y nosotros no podemos controlar nuestra emoci\u00f3n.","breadcrumb":{"@id":"https:\/\/graziamagazine.com\/mx\/articles\/si-habra-una-tercera-parte-del-diario-de-la-princesa\/#breadcrumb"},"inLanguage":"es-MX","potentialAction":[{"@type":"ReadAction","target":["https:\/\/graziamagazine.com\/mx\/articles\/si-habra-una-tercera-parte-del-diario-de-la-princesa\/"]}]},{"@type":"BreadcrumbList","@id":"https:\/\/graziamagazine.com\/mx\/articles\/si-habra-una-tercera-parte-del-diario-de-la-princesa\/#breadcrumb","itemListElement":[{"@type":"ListItem","position":1,"name":"Home","item":"https:\/\/graziamagazine.com\/mx\/"},{"@type":"ListItem","position":2,"name":"S\u00ed habr\u00e1 una tercera parte del Diario de la Princesa"}]},{"@type":"WebSite","@id":"https:\/\/graziamagazine.com\/mx\/#website","url":"https:\/\/graziamagazine.com\/mx\/","name":"Grazia M\u00e9xico y Latinoam\u00e9rica","description":"Grazia es moda, belleza y noticias  de actualidad ","potentialAction":[{"@type":"SearchAction","target":{"@type":"EntryPoint","urlTemplate":"https:\/\/graziamagazine.com\/mx\/?s={search_term_string}"},"query-input":"required name=search_term_string"}],"inLanguage":"es-MX"}]}},"jetpack_sharing_enabled":true,"distributor_meta":false,"distributor_terms":false,"distributor_media":false,"distributor_original_site_name":"Grazia M\u00e9xico y Latinoam\u00e9rica","distributor_original_site_url":"https:\/\/graziamagazine.com\/mx","push-errors":false,"_links":{"self":[{"href":"https:\/\/graziamagazine.com\/mx\/wp-json\/wp\/v2\/articles\/61235"}],"collection":[{"href":"https:\/\/graziamagazine.com\/mx\/wp-json\/wp\/v2\/articles"}],"about":[{"href":"https:\/\/graziamagazine.com\/mx\/wp-json\/wp\/v2\/types\/articles"}],"author":[{"embeddable":true,"href":"https:\/\/graziamagazine.com\/mx\/wp-json\/wp\/v2\/users\/11642"}],"wp:featuredmedia":[{"embeddable":true,"href":"https:\/\/graziamagazine.com\/mx\/wp-json\/wp\/v2\/media\/61236"}],"wp:attachment":[{"href":"https:\/\/graziamagazine.com\/mx\/wp-json\/wp\/v2\/media?parent=61235"}],"wp:term":[{"taxonomy":"category","embeddable":true,"href":"https:\/\/graziamagazine.com\/mx\/wp-json\/wp\/v2\/categories?post=61235"}],"curies":[{"name":"wp","href":"https:\/\/api.w.org\/{rel}","templated":true}]}}