{"id":61102,"date":"2019-01-22T14:27:47","date_gmt":"2019-01-22T19:27:47","guid":{"rendered":"https:\/\/graziamagazine.com\/mx\/?p=61102"},"modified":"2019-01-22T14:28:04","modified_gmt":"2019-01-22T19:28:04","slug":"el-poder-del-guardarropa-catherine-deneuve","status":"publish","type":"articles","link":"https:\/\/graziamagazine.com\/mx\/articles\/el-poder-del-guardarropa-catherine-deneuve\/","title":{"rendered":"El poder del guardarropa Catherine Deneuve"},"content":{"rendered":"<p class=\"p1\"><span class=\"s1\"><b>Esta semana, Catherine Deneuve subastar\u00e1 su colecci\u00f3n de ropa hecha por Yves Saint Laurent. Analizamos qu\u00e9 hace que ese guardarropa sea tan deseado.<\/b><\/span><!--more--><\/p>\n<p>&nbsp;<\/p>\n<p>Por Eduardo Lim\u00f3n<\/p>\n<p class=\"p1\"><span class=\"s1\">Con la reciente noticia de que <strong>Catherine Deneuve<\/strong> subastar\u00e1 su colecci\u00f3n de ropa creada por <b>Yves Saint Laurent<\/b> en el marco de la semana de la moda de Alta Costura en Par\u00eds, todos hemos ca\u00eddo en <i>shock<\/i> y las preguntas nos invaden. <\/span><span class=\"s1\">\u00bfC\u00f3mo es que la francesa liberar\u00e1 tan preciado guardarropa? \u00bfPor qu\u00e9 es tan hist\u00f3ricamente codiciada esta colecci\u00f3n, a tal grado de motivar toda una discusi\u00f3n en los medios?<\/span><\/p>\n<p class=\"p1\"><span class=\"s1\">Vayamos por partes. Primero, porque Deneuve es una instituci\u00f3n parisina en toda su extensi\u00f3n; por d\u00e9cadas su talento y belleza fueron considerados un estandarte de la cultura en su pa\u00eds, adem\u00e1s de un orgullo qu\u00e9 presumir en toda Europa. Pens\u00e9moslo as\u00ed: el retrato de la Marianne \u2013s\u00edmbolo nacional franc\u00e9s que personifica a la libertad y la raz\u00f3n\u2013 estuvo inspirado en el rostro de la actriz durante el per\u00edodo de 1985 a 1989.<\/span><\/p>\n<p class=\"p1\"><span class=\"s1\">Por parte de Yves; bueno\u2026 las justificaciones sobran cuando hablamos del hombre que revolucion\u00f3 la moda de la segunda mitad del Siglo XX. Si acaso, y en funci\u00f3n de explicar lo que tanto conmociona con esta subasta, debemos decir que sus dise\u00f1os demostraron que la ropa no s\u00f3lo cuenta con una utilidad bien fija, sino que guarda un mensaje capaz de leerse y entenderse de distintas formas.<\/span><\/p>\n<figure id=\"attachment_61108\" aria-describedby=\"caption-attachment-61108\" style=\"width: 587px\" class=\"wp-caption alignnone\"><img loading=\"lazy\" decoding=\"async\" class=\"wp-image-61108 size-full\" src=\"https:\/\/graziamagazine.com\/mx\/wp-content\/uploads\/sites\/13\/2019\/01\/catherine-deneuve-style-belle-de-jour-e1322582845215.png\" alt=\"\" width=\"587\" height=\"344\" srcset=\"https:\/\/graziamagazine.com\/mx\/wp-content\/uploads\/sites\/13\/2019\/01\/catherine-deneuve-style-belle-de-jour-e1322582845215.png 587w, https:\/\/graziamagazine.com\/mx\/wp-content\/uploads\/sites\/13\/2019\/01\/catherine-deneuve-style-belle-de-jour-e1322582845215.png?resize=450,264 450w, https:\/\/graziamagazine.com\/mx\/wp-content\/uploads\/sites\/13\/2019\/01\/catherine-deneuve-style-belle-de-jour-e1322582845215.png?resize=155,91 155w\" sizes=\"(max-width: 587px) 100vw, 587px\" \/><figcaption id=\"caption-attachment-61108\" class=\"wp-caption-text\">Belle de Jour, (film still), 1967.<\/figcaption><\/figure>\n<p>&nbsp;<\/p>\n<p class=\"p1\"><span class=\"s1\">Para ejemplificar esto, pensemos en <i>Belle de Jour<\/i> (<i>Bella de d\u00eda<\/i>), una pel\u00edcula dirigida por Luis Bu\u00f1uel en 1967 y en la que Saint Laurent es parte fundamental del vestuario. Con la ropa del dise\u00f1ador, Deneuve \u2013protagonista\u2013 aclara escena tras escena la personalidad de su personaje: una ama de casa sexualmente insatisfecha, S\u00e9verine Serizy, quien buscando c\u00f3mo cumplir sus fantas\u00edas er\u00f3ticas pasa las tardes trabajando como prostituta de clase alta a espaldas de su esposo y una sociedad opresora. <\/span><\/p>\n<p class=\"p1\"><span class=\"s1\">Toda esa cr\u00edtica a la moralidad y los deseos reprimidos que hizo Bu\u00f1uel en su historia, los retrata Saint Laurent con el vestuario de la protagonista: ella viste en tonos inocentes que van del blanco al rosa p\u00e1lido cuando juega su papel de abnegada esposa, y utiliza colores oscuros y texturas radicales cuando hace de prostituta clandestina.\u00a0Todo sin caer en la imagen vulgar y prosaica de ese papel.<\/span><\/p>\n<figure id=\"attachment_61109\" aria-describedby=\"caption-attachment-61109\" style=\"width: 640px\" class=\"wp-caption alignnone\"><img loading=\"lazy\" decoding=\"async\" class=\"wp-image-61109 size-full\" src=\"https:\/\/graziamagazine.com\/mx\/wp-content\/uploads\/sites\/13\/2019\/01\/Catherine-Deneuve-Belle-de-Jour-black-leather-trench-2.jpg\" alt=\"\" width=\"640\" height=\"389\" srcset=\"https:\/\/graziamagazine.com\/mx\/wp-content\/uploads\/sites\/13\/2019\/01\/Catherine-Deneuve-Belle-de-Jour-black-leather-trench-2.jpg 640w, https:\/\/graziamagazine.com\/mx\/wp-content\/uploads\/sites\/13\/2019\/01\/Catherine-Deneuve-Belle-de-Jour-black-leather-trench-2.jpg?resize=450,274 450w, https:\/\/graziamagazine.com\/mx\/wp-content\/uploads\/sites\/13\/2019\/01\/Catherine-Deneuve-Belle-de-Jour-black-leather-trench-2.jpg?resize=155,94 155w\" sizes=\"(max-width: 640px) 100vw, 640px\" \/><figcaption id=\"caption-attachment-61109\" class=\"wp-caption-text\">Belle de Jour, (film still), 1967.<\/figcaption><\/figure>\n<p>&nbsp;<\/p>\n<p class=\"p1\"><span class=\"s1\">Piel, sint\u00e9ticos y prendas de corte militar conforman el look de S\u00e9verine para dicho prop\u00f3sito. Casos ejemplares son la gabardina en vinilo y el vestido <i>school girl<\/i> que se hicieron ic\u00f3nicos con esta pel\u00edcula, y que demuestran las intenciones ocultas de la protagonista en su d\u00eda a d\u00eda hasta el desenlace de la cinta.<\/span><\/p>\n<p class=\"p1\"><span class=\"s1\">Con esta pel\u00edcula entonces, queda de manifiesto que las aportaciones de Yves Saint Laurent no s\u00f3lo inauguraron un episodio en la moda lleno de <i>pr\u00eat-\u00e0-porter<\/i> e innovaciones; tambi\u00e9n fueron las causantes de que el mundo entendiera c\u00f3mo nuestra ropa dice incluso m\u00e1s que nuestra propia letra. <\/span><\/p>\n<figure id=\"attachment_61110\" aria-describedby=\"caption-attachment-61110\" style=\"width: 700px\" class=\"wp-caption alignnone\"><img loading=\"lazy\" decoding=\"async\" class=\"wp-image-61110 size-large\" src=\"https:\/\/graziamagazine.com\/mx\/wp-content\/uploads\/sites\/13\/2019\/01\/367148-700x420.jpg\" alt=\"\" width=\"700\" height=\"420\" \/><figcaption id=\"caption-attachment-61110\" class=\"wp-caption-text\">Belle de Jour, (film still), 1967.<\/figcaption><\/figure>\n<p>&nbsp;<\/p>\n<p class=\"p1\"><span class=\"s1\">La puja por el armario de Deneuve estar\u00e1 a cargo de <strong>Christie\u2019s<\/strong> y se celebrar\u00e1 el 24 de enero de 2019. Ante dicho suceso no podemos afirmar nada, salvo que no presenciaremos una venta de lujo, pero s\u00ed la muestra de un archivo textil que cambi\u00f3 al planeta.<\/span><\/p>\n<p>&nbsp;<\/p>\n<p>&nbsp;<\/p>\n","protected":false},"author":11636,"featured_media":61115,"template":"","format":"standard","categories":[4],"acf":[],"yoast_head":"<!-- This site is optimized with the Yoast SEO Premium plugin v18.5 (Yoast SEO v20.4) - https:\/\/yoast.com\/wordpress\/plugins\/seo\/ -->\n<title>El poder del guardarropa Catherine Deneuve | Grazia M\u00e9xico y Latinoam\u00e9rica<\/title>\n<meta name=\"description\" content=\"Catherine Deneuve subastar\u00e1 su colecci\u00f3n de ropa hecha por Yves Saint Laurent. \u00bfQu\u00e9 hace que ese guardarropa sea tan deseado?\" \/>\n<meta name=\"robots\" content=\"index, follow, max-snippet:-1, max-image-preview:large, max-video-preview:-1\" \/>\n<link rel=\"canonical\" href=\"https:\/\/graziamagazine.com\/mx\/articles\/el-poder-del-guardarropa-catherine-deneuve\/\" \/>\n<meta property=\"og:locale\" content=\"es_MX\" \/>\n<meta property=\"og:type\" content=\"article\" \/>\n<meta property=\"og:title\" content=\"El poder del guardarropa Catherine Deneuve\" \/>\n<meta property=\"og:description\" content=\"Catherine Deneuve subastar\u00e1 su colecci\u00f3n de ropa hecha por Yves Saint Laurent. \u00bfQu\u00e9 hace que ese guardarropa sea tan deseado?\" \/>\n<meta property=\"og:url\" content=\"https:\/\/graziamagazine.com\/mx\/articles\/el-poder-del-guardarropa-catherine-deneuve\/\" \/>\n<meta property=\"og:site_name\" content=\"Grazia M\u00e9xico y Latinoam\u00e9rica\" \/>\n<meta property=\"article:modified_time\" content=\"2019-01-22T19:28:04+00:00\" \/>\n<meta property=\"og:image\" content=\"https:\/\/graziamagazine.com\/mx\/wp-content\/uploads\/sites\/13\/2019\/01\/bell_de_jour_5.jpg?resize=1024,951\" \/>\n\t<meta property=\"og:image:width\" content=\"1024\" \/>\n\t<meta property=\"og:image:height\" content=\"951\" \/>\n\t<meta property=\"og:image:type\" content=\"image\/jpeg\" \/>\n<meta name=\"twitter:card\" content=\"summary_large_image\" \/>\n<meta name=\"twitter:label1\" content=\"Est. reading time\" \/>\n\t<meta name=\"twitter:data1\" content=\"3 minutos\" \/>\n<script type=\"application\/ld+json\" class=\"yoast-schema-graph\">{\"@context\":\"https:\/\/schema.org\",\"@graph\":[{\"@type\":\"WebPage\",\"@id\":\"https:\/\/graziamagazine.com\/mx\/articles\/el-poder-del-guardarropa-catherine-deneuve\/\",\"url\":\"https:\/\/graziamagazine.com\/mx\/articles\/el-poder-del-guardarropa-catherine-deneuve\/\",\"name\":\"El poder del guardarropa Catherine Deneuve | Grazia M\u00e9xico y Latinoam\u00e9rica\",\"isPartOf\":{\"@id\":\"https:\/\/graziamagazine.com\/mx\/#website\"},\"datePublished\":\"2019-01-22T19:27:47+00:00\",\"dateModified\":\"2019-01-22T19:28:04+00:00\",\"description\":\"Catherine Deneuve subastar\u00e1 su colecci\u00f3n de ropa hecha por Yves Saint Laurent. \u00bfQu\u00e9 hace que ese guardarropa sea tan deseado?\",\"breadcrumb\":{\"@id\":\"https:\/\/graziamagazine.com\/mx\/articles\/el-poder-del-guardarropa-catherine-deneuve\/#breadcrumb\"},\"inLanguage\":\"es-MX\",\"potentialAction\":[{\"@type\":\"ReadAction\",\"target\":[\"https:\/\/graziamagazine.com\/mx\/articles\/el-poder-del-guardarropa-catherine-deneuve\/\"]}]},{\"@type\":\"BreadcrumbList\",\"@id\":\"https:\/\/graziamagazine.com\/mx\/articles\/el-poder-del-guardarropa-catherine-deneuve\/#breadcrumb\",\"itemListElement\":[{\"@type\":\"ListItem\",\"position\":1,\"name\":\"Home\",\"item\":\"https:\/\/graziamagazine.com\/mx\/\"},{\"@type\":\"ListItem\",\"position\":2,\"name\":\"El poder del guardarropa Catherine Deneuve\"}]},{\"@type\":\"WebSite\",\"@id\":\"https:\/\/graziamagazine.com\/mx\/#website\",\"url\":\"https:\/\/graziamagazine.com\/mx\/\",\"name\":\"Grazia M\u00e9xico y Latinoam\u00e9rica\",\"description\":\"Grazia es moda, belleza y noticias  de actualidad \",\"potentialAction\":[{\"@type\":\"SearchAction\",\"target\":{\"@type\":\"EntryPoint\",\"urlTemplate\":\"https:\/\/graziamagazine.com\/mx\/?s={search_term_string}\"},\"query-input\":\"required name=search_term_string\"}],\"inLanguage\":\"es-MX\"}]}<\/script>\n<!-- \/ Yoast SEO Premium plugin. -->","yoast_head_json":{"title":"El poder del guardarropa Catherine Deneuve | Grazia M\u00e9xico y Latinoam\u00e9rica","description":"Catherine Deneuve subastar\u00e1 su colecci\u00f3n de ropa hecha por Yves Saint Laurent. \u00bfQu\u00e9 hace que ese guardarropa sea tan deseado?","robots":{"index":"index","follow":"follow","max-snippet":"max-snippet:-1","max-image-preview":"max-image-preview:large","max-video-preview":"max-video-preview:-1"},"canonical":"https:\/\/graziamagazine.com\/mx\/articles\/el-poder-del-guardarropa-catherine-deneuve\/","og_locale":"es_MX","og_type":"article","og_title":"El poder del guardarropa Catherine Deneuve","og_description":"Catherine Deneuve subastar\u00e1 su colecci\u00f3n de ropa hecha por Yves Saint Laurent. \u00bfQu\u00e9 hace que ese guardarropa sea tan deseado?","og_url":"https:\/\/graziamagazine.com\/mx\/articles\/el-poder-del-guardarropa-catherine-deneuve\/","og_site_name":"Grazia M\u00e9xico y Latinoam\u00e9rica","article_modified_time":"2019-01-22T19:28:04+00:00","og_image":[{"width":1024,"height":951,"url":"https:\/\/graziamagazine.com\/mx\/wp-content\/uploads\/sites\/13\/2019\/01\/bell_de_jour_5.jpg?resize=1024,951","type":"image\/jpeg"}],"twitter_card":"summary_large_image","twitter_misc":{"Est. reading time":"3 minutos"},"schema":{"@context":"https:\/\/schema.org","@graph":[{"@type":"WebPage","@id":"https:\/\/graziamagazine.com\/mx\/articles\/el-poder-del-guardarropa-catherine-deneuve\/","url":"https:\/\/graziamagazine.com\/mx\/articles\/el-poder-del-guardarropa-catherine-deneuve\/","name":"El poder del guardarropa Catherine Deneuve | Grazia M\u00e9xico y Latinoam\u00e9rica","isPartOf":{"@id":"https:\/\/graziamagazine.com\/mx\/#website"},"datePublished":"2019-01-22T19:27:47+00:00","dateModified":"2019-01-22T19:28:04+00:00","description":"Catherine Deneuve subastar\u00e1 su colecci\u00f3n de ropa hecha por Yves Saint Laurent. \u00bfQu\u00e9 hace que ese guardarropa sea tan deseado?","breadcrumb":{"@id":"https:\/\/graziamagazine.com\/mx\/articles\/el-poder-del-guardarropa-catherine-deneuve\/#breadcrumb"},"inLanguage":"es-MX","potentialAction":[{"@type":"ReadAction","target":["https:\/\/graziamagazine.com\/mx\/articles\/el-poder-del-guardarropa-catherine-deneuve\/"]}]},{"@type":"BreadcrumbList","@id":"https:\/\/graziamagazine.com\/mx\/articles\/el-poder-del-guardarropa-catherine-deneuve\/#breadcrumb","itemListElement":[{"@type":"ListItem","position":1,"name":"Home","item":"https:\/\/graziamagazine.com\/mx\/"},{"@type":"ListItem","position":2,"name":"El poder del guardarropa Catherine Deneuve"}]},{"@type":"WebSite","@id":"https:\/\/graziamagazine.com\/mx\/#website","url":"https:\/\/graziamagazine.com\/mx\/","name":"Grazia M\u00e9xico y Latinoam\u00e9rica","description":"Grazia es moda, belleza y noticias  de actualidad ","potentialAction":[{"@type":"SearchAction","target":{"@type":"EntryPoint","urlTemplate":"https:\/\/graziamagazine.com\/mx\/?s={search_term_string}"},"query-input":"required name=search_term_string"}],"inLanguage":"es-MX"}]}},"jetpack_sharing_enabled":true,"distributor_meta":false,"distributor_terms":false,"distributor_media":false,"distributor_original_site_name":"Grazia M\u00e9xico y Latinoam\u00e9rica","distributor_original_site_url":"https:\/\/graziamagazine.com\/mx","push-errors":false,"_links":{"self":[{"href":"https:\/\/graziamagazine.com\/mx\/wp-json\/wp\/v2\/articles\/61102"}],"collection":[{"href":"https:\/\/graziamagazine.com\/mx\/wp-json\/wp\/v2\/articles"}],"about":[{"href":"https:\/\/graziamagazine.com\/mx\/wp-json\/wp\/v2\/types\/articles"}],"author":[{"embeddable":true,"href":"https:\/\/graziamagazine.com\/mx\/wp-json\/wp\/v2\/users\/11636"}],"wp:featuredmedia":[{"embeddable":true,"href":"https:\/\/graziamagazine.com\/mx\/wp-json\/wp\/v2\/media\/61115"}],"wp:attachment":[{"href":"https:\/\/graziamagazine.com\/mx\/wp-json\/wp\/v2\/media?parent=61102"}],"wp:term":[{"taxonomy":"category","embeddable":true,"href":"https:\/\/graziamagazine.com\/mx\/wp-json\/wp\/v2\/categories?post=61102"}],"curies":[{"name":"wp","href":"https:\/\/api.w.org\/{rel}","templated":true}]}}