{"id":60545,"date":"2019-01-07T13:27:01","date_gmt":"2019-01-07T18:27:01","guid":{"rendered":"https:\/\/graziamagazine.com\/mx\/?p=60545"},"modified":"2019-01-07T13:27:01","modified_gmt":"2019-01-07T18:27:01","slug":"ewan-mcgregor-sera-halston-en-una-serie","status":"publish","type":"articles","link":"https:\/\/graziamagazine.com\/mx\/articles\/ewan-mcgregor-sera-halston-en-una-serie\/","title":{"rendered":"Ewan McGregor ser\u00e1 Halston en una serie"},"content":{"rendered":"<p><span style=\"font-weight: 400;\"><strong>McGregor ser\u00e1 parte de una serie que pretende recordarnos la legendaria vida de Halston. El dise\u00f1ador que rein\u00f3 la d\u00e9cada de los 70 en Estados Unidos.\u00a0<\/strong><\/span><\/p>\n<p><!--more--><\/p>\n<p>&nbsp;<\/p>\n<p><span style=\"font-weight: 400;\">Si la televisi\u00f3n quiere contar una buena historia necesita de un escritor como Sharr White quien escribi\u00f3 <\/span><i><span style=\"font-weight: 400;\">The Affair<\/span><\/i><span style=\"font-weight: 400;\"> y un director como Dan Minahan responsable de <\/span><i><span style=\"font-weight: 400;\">American Crime Story<\/span><\/i><span style=\"font-weight: 400;\">. Con esta mancuerna se lanzar\u00e1 <\/span><i><span style=\"font-weight: 400;\">Simply Halston<\/span><\/i><span style=\"font-weight: 400;\">, una serie que se centra en la vida de <\/span><b>Halston<\/b><span style=\"font-weight: 400;\">. <\/span><\/p>\n<p><span style=\"font-weight: 400;\">Popular por sus elegantes vestidos y por su manera de disfrutar las fiestas de Studio 54 al lado de<\/span><b> Liza Minelli<\/b><span style=\"font-weight: 400;\"> y <\/span><b>Bianca Jagger<\/b><span style=\"font-weight: 400;\">, Halston fue el dise\u00f1ador elegido por muchas mujeres durante los a\u00f1os 70. Su popularidad lo convirti\u00f3 en un representante de la escena creativa de esa \u00e9poca, la \u00e9poca disco.<\/span><\/p>\n<p>Con el tiempo su nombre se ha perdido en la historia de la moda. Sarah Jessica Parker utiliz\u00f3 algunos de sus vestidos en la segunda pel\u00edcula de <em>Sex and the City<\/em> pero a\u00fan as\u00ed no fue suficiente para revivir el legado del dise\u00f1ador que demostr\u00f3 que la moda estadounidense pod\u00eda ser igual de propositiva que la europea. Nadie hac\u00eda vestidos como \u00e9l.<\/p>\n<p>Despu\u00e9s de haber sido el responsable de dise\u00f1ar el sombrero de caja que Jackie Kennedy llev\u00f3 a la ceremonia de inauguraci\u00f3n de su esposo en 1960, Halston se mud\u00f3 a Nueva York para trabajar en la tienda departamental Bergdorf Goodman, pero fue cuesti\u00f3n de tiempo para que su nombre fuera una de las fuerzas de la industria americana.<\/p>\n<p>En 1973, fue parte del grupo de dise\u00f1adores que representaron a Estados Unidos en un enfrentamiento ante cinco dise\u00f1adores franceses en un desfile conocido como la \u201cBatalla de Versalles\u201d. Sus dise\u00f1os eran lo contrario a lo que la gente estaba acostumbrada a ver en la moda parisina. Sus prendas gritaban sensualidad, libertad y comodidad. Por lo que los franceses quedaron maravillados por esa forma de hacer prendas.<\/p>\n<p>Adem\u00e1s de que para ese desfile, Estados Unidos se llev\u00f3 a Versalles a las modelos Pat Cleveland, Beverly Johnson, Alva Chinn y Karen Bjornson, el primer grupo de afroamericanas que revolucionaron la industria por su forma de caminar, su aspecto y la energ\u00eda que reflejaban.<\/p>\n<p>Si te gusta la moda, entonces tienes que ver el documental dedicado a esa noche en Versalles. Aqu\u00ed el trailer:<\/p>\n<p><iframe loading=\"lazy\" src=\"https:\/\/www.youtube.com\/embed\/yszBDHSFzt8\" width=\"560\" height=\"315\" frameborder=\"0\"><\/iframe><\/p>\n<p><span style=\"font-weight: 400;\">La marca Halston sigui\u00f3 su crecimiento durante la d\u00e9cada de los 80 hasta que el dise\u00f1ador decidi\u00f3 vender la marca y los derechos de su nombre al enterarse de que ten\u00eda VIH. Muri\u00f3 en 1990 debido a complicaciones del virus. <\/span><\/p>\n<p><span style=\"font-weight: 400;\">El legado de Halston estar\u00e1 en las manos del director de la historia del asesinato de Gianni Versace en 1997 en <\/span><i><span style=\"font-weight: 400;\">American Crime Story: The Assassination of Gianni Versace<\/span><\/i><span style=\"font-weight: 400;\"> y aunque a\u00fan no hay fecha de estreno, el nombramiento de Ewan McGregor nos hace pensar en qui\u00e9n m\u00e1s estar\u00e1 en la serie. \u00bfQui\u00e9n interpretar\u00e1 a Bianca Jagger, Andy Warhol o Liza Minelli?<\/span><\/p>\n<figure id=\"attachment_60547\" aria-describedby=\"caption-attachment-60547\" style=\"width: 700px\" class=\"wp-caption alignnone\"><img loading=\"lazy\" decoding=\"async\" class=\"wp-image-60547 size-large\" src=\"https:\/\/graziamagazine.com\/mx\/wp-content\/uploads\/sites\/13\/2019\/01\/10249157_fullsize-700x468.jpg\" alt=\"\" width=\"700\" height=\"468\" \/><figcaption id=\"caption-attachment-60547\" class=\"wp-caption-text\">Halston, Andy Warhol y Bianca Jagger en Studio 54.<\/figcaption><\/figure>\n<p>&nbsp;<\/p>\n","protected":false},"author":11646,"featured_media":60548,"template":"","format":"standard","categories":[4],"acf":[],"yoast_head":"<!-- This site is optimized with the Yoast SEO Premium plugin v18.5 (Yoast SEO v20.4) - https:\/\/yoast.com\/wordpress\/plugins\/seo\/ -->\n<title>Ewan McGregor ser\u00e1 Halston en una serie | Grazia M\u00e9xico y Latinoam\u00e9rica<\/title>\n<meta name=\"description\" content=\"McGregor ser\u00e1 parte de una serie que pretende recordarnos la legendaria vida de Halston. El dise\u00f1ador que rein\u00f3 la d\u00e9cada de los 70 en Estados Unidos.\u00a0\" \/>\n<meta name=\"robots\" content=\"index, follow, max-snippet:-1, max-image-preview:large, max-video-preview:-1\" \/>\n<link rel=\"canonical\" href=\"https:\/\/graziamagazine.com\/mx\/articles\/ewan-mcgregor-sera-halston-en-una-serie\/\" \/>\n<meta property=\"og:locale\" content=\"es_MX\" \/>\n<meta property=\"og:type\" content=\"article\" \/>\n<meta property=\"og:title\" content=\"Ewan McGregor ser\u00e1 Halston en una serie\" \/>\n<meta property=\"og:description\" content=\"McGregor ser\u00e1 parte de una serie que pretende recordarnos la legendaria vida de Halston. El dise\u00f1ador que rein\u00f3 la d\u00e9cada de los 70 en Estados Unidos.\u00a0\" \/>\n<meta property=\"og:url\" content=\"https:\/\/graziamagazine.com\/mx\/articles\/ewan-mcgregor-sera-halston-en-una-serie\/\" \/>\n<meta property=\"og:site_name\" content=\"Grazia M\u00e9xico y Latinoam\u00e9rica\" \/>\n<meta property=\"og:image\" content=\"https:\/\/graziamagazine.com\/mx\/wp-content\/uploads\/sites\/13\/2019\/01\/MV5BNzQwMDgxMjI1OV5BMl5BanBnXkFtZTcwMjA3NTUxNw@@._V1_.jpg?fit=2000%2C1394\" \/>\n\t<meta property=\"og:image:width\" content=\"2000\" \/>\n\t<meta property=\"og:image:height\" content=\"1394\" \/>\n\t<meta property=\"og:image:type\" content=\"image\/jpeg\" \/>\n<meta name=\"twitter:card\" content=\"summary_large_image\" \/>\n<meta name=\"twitter:label1\" content=\"Est. reading time\" \/>\n\t<meta name=\"twitter:data1\" content=\"3 minutos\" \/>\n<script type=\"application\/ld+json\" class=\"yoast-schema-graph\">{\"@context\":\"https:\/\/schema.org\",\"@graph\":[{\"@type\":\"WebPage\",\"@id\":\"https:\/\/graziamagazine.com\/mx\/articles\/ewan-mcgregor-sera-halston-en-una-serie\/\",\"url\":\"https:\/\/graziamagazine.com\/mx\/articles\/ewan-mcgregor-sera-halston-en-una-serie\/\",\"name\":\"Ewan McGregor ser\u00e1 Halston en una serie | Grazia M\u00e9xico y Latinoam\u00e9rica\",\"isPartOf\":{\"@id\":\"https:\/\/graziamagazine.com\/mx\/#website\"},\"datePublished\":\"2019-01-07T18:27:01+00:00\",\"dateModified\":\"2019-01-07T18:27:01+00:00\",\"description\":\"McGregor ser\u00e1 parte de una serie que pretende recordarnos la legendaria vida de Halston. El dise\u00f1ador que rein\u00f3 la d\u00e9cada de los 70 en Estados Unidos.\u00a0\",\"breadcrumb\":{\"@id\":\"https:\/\/graziamagazine.com\/mx\/articles\/ewan-mcgregor-sera-halston-en-una-serie\/#breadcrumb\"},\"inLanguage\":\"es-MX\",\"potentialAction\":[{\"@type\":\"ReadAction\",\"target\":[\"https:\/\/graziamagazine.com\/mx\/articles\/ewan-mcgregor-sera-halston-en-una-serie\/\"]}]},{\"@type\":\"BreadcrumbList\",\"@id\":\"https:\/\/graziamagazine.com\/mx\/articles\/ewan-mcgregor-sera-halston-en-una-serie\/#breadcrumb\",\"itemListElement\":[{\"@type\":\"ListItem\",\"position\":1,\"name\":\"Home\",\"item\":\"https:\/\/graziamagazine.com\/mx\/\"},{\"@type\":\"ListItem\",\"position\":2,\"name\":\"Ewan McGregor ser\u00e1 Halston en una serie\"}]},{\"@type\":\"WebSite\",\"@id\":\"https:\/\/graziamagazine.com\/mx\/#website\",\"url\":\"https:\/\/graziamagazine.com\/mx\/\",\"name\":\"Grazia M\u00e9xico y Latinoam\u00e9rica\",\"description\":\"Grazia es moda, belleza y noticias  de actualidad \",\"potentialAction\":[{\"@type\":\"SearchAction\",\"target\":{\"@type\":\"EntryPoint\",\"urlTemplate\":\"https:\/\/graziamagazine.com\/mx\/?s={search_term_string}\"},\"query-input\":\"required name=search_term_string\"}],\"inLanguage\":\"es-MX\"}]}<\/script>\n<!-- \/ Yoast SEO Premium plugin. -->","yoast_head_json":{"title":"Ewan McGregor ser\u00e1 Halston en una serie | Grazia M\u00e9xico y Latinoam\u00e9rica","description":"McGregor ser\u00e1 parte de una serie que pretende recordarnos la legendaria vida de Halston. El dise\u00f1ador que rein\u00f3 la d\u00e9cada de los 70 en Estados Unidos.\u00a0","robots":{"index":"index","follow":"follow","max-snippet":"max-snippet:-1","max-image-preview":"max-image-preview:large","max-video-preview":"max-video-preview:-1"},"canonical":"https:\/\/graziamagazine.com\/mx\/articles\/ewan-mcgregor-sera-halston-en-una-serie\/","og_locale":"es_MX","og_type":"article","og_title":"Ewan McGregor ser\u00e1 Halston en una serie","og_description":"McGregor ser\u00e1 parte de una serie que pretende recordarnos la legendaria vida de Halston. El dise\u00f1ador que rein\u00f3 la d\u00e9cada de los 70 en Estados Unidos.\u00a0","og_url":"https:\/\/graziamagazine.com\/mx\/articles\/ewan-mcgregor-sera-halston-en-una-serie\/","og_site_name":"Grazia M\u00e9xico y Latinoam\u00e9rica","og_image":[{"width":2000,"height":1394,"url":"https:\/\/graziamagazine.com\/mx\/wp-content\/uploads\/sites\/13\/2019\/01\/MV5BNzQwMDgxMjI1OV5BMl5BanBnXkFtZTcwMjA3NTUxNw@@._V1_.jpg?fit=2000%2C1394","type":"image\/jpeg"}],"twitter_card":"summary_large_image","twitter_misc":{"Est. reading time":"3 minutos"},"schema":{"@context":"https:\/\/schema.org","@graph":[{"@type":"WebPage","@id":"https:\/\/graziamagazine.com\/mx\/articles\/ewan-mcgregor-sera-halston-en-una-serie\/","url":"https:\/\/graziamagazine.com\/mx\/articles\/ewan-mcgregor-sera-halston-en-una-serie\/","name":"Ewan McGregor ser\u00e1 Halston en una serie | Grazia M\u00e9xico y Latinoam\u00e9rica","isPartOf":{"@id":"https:\/\/graziamagazine.com\/mx\/#website"},"datePublished":"2019-01-07T18:27:01+00:00","dateModified":"2019-01-07T18:27:01+00:00","description":"McGregor ser\u00e1 parte de una serie que pretende recordarnos la legendaria vida de Halston. El dise\u00f1ador que rein\u00f3 la d\u00e9cada de los 70 en Estados Unidos.\u00a0","breadcrumb":{"@id":"https:\/\/graziamagazine.com\/mx\/articles\/ewan-mcgregor-sera-halston-en-una-serie\/#breadcrumb"},"inLanguage":"es-MX","potentialAction":[{"@type":"ReadAction","target":["https:\/\/graziamagazine.com\/mx\/articles\/ewan-mcgregor-sera-halston-en-una-serie\/"]}]},{"@type":"BreadcrumbList","@id":"https:\/\/graziamagazine.com\/mx\/articles\/ewan-mcgregor-sera-halston-en-una-serie\/#breadcrumb","itemListElement":[{"@type":"ListItem","position":1,"name":"Home","item":"https:\/\/graziamagazine.com\/mx\/"},{"@type":"ListItem","position":2,"name":"Ewan McGregor ser\u00e1 Halston en una serie"}]},{"@type":"WebSite","@id":"https:\/\/graziamagazine.com\/mx\/#website","url":"https:\/\/graziamagazine.com\/mx\/","name":"Grazia M\u00e9xico y Latinoam\u00e9rica","description":"Grazia es moda, belleza y noticias  de actualidad ","potentialAction":[{"@type":"SearchAction","target":{"@type":"EntryPoint","urlTemplate":"https:\/\/graziamagazine.com\/mx\/?s={search_term_string}"},"query-input":"required name=search_term_string"}],"inLanguage":"es-MX"}]}},"jetpack_sharing_enabled":true,"distributor_meta":false,"distributor_terms":false,"distributor_media":false,"distributor_original_site_name":"Grazia M\u00e9xico y Latinoam\u00e9rica","distributor_original_site_url":"https:\/\/graziamagazine.com\/mx","push-errors":false,"_links":{"self":[{"href":"https:\/\/graziamagazine.com\/mx\/wp-json\/wp\/v2\/articles\/60545"}],"collection":[{"href":"https:\/\/graziamagazine.com\/mx\/wp-json\/wp\/v2\/articles"}],"about":[{"href":"https:\/\/graziamagazine.com\/mx\/wp-json\/wp\/v2\/types\/articles"}],"author":[{"embeddable":true,"href":"https:\/\/graziamagazine.com\/mx\/wp-json\/wp\/v2\/users\/11646"}],"wp:featuredmedia":[{"embeddable":true,"href":"https:\/\/graziamagazine.com\/mx\/wp-json\/wp\/v2\/media\/60548"}],"wp:attachment":[{"href":"https:\/\/graziamagazine.com\/mx\/wp-json\/wp\/v2\/media?parent=60545"}],"wp:term":[{"taxonomy":"category","embeddable":true,"href":"https:\/\/graziamagazine.com\/mx\/wp-json\/wp\/v2\/categories?post=60545"}],"curies":[{"name":"wp","href":"https:\/\/api.w.org\/{rel}","templated":true}]}}