{"id":59794,"date":"2018-12-10T11:25:50","date_gmt":"2018-12-10T16:25:50","guid":{"rendered":"https:\/\/graziamagazine.com\/mx\/?p=59794"},"modified":"2018-12-10T11:28:01","modified_gmt":"2018-12-10T16:28:01","slug":"el-dia-que-blake-lively-quiso-ser-serena-van-der-woodsen-otra-vez","status":"publish","type":"articles","link":"https:\/\/graziamagazine.com\/mx\/articles\/el-dia-que-blake-lively-quiso-ser-serena-van-der-woodsen-otra-vez\/","title":{"rendered":"El d\u00eda que Blake Lively quiso ser Serena van der Woodsen, otra vez"},"content":{"rendered":"<p><b>Blake Lively hace referencia a los gloriosos d\u00edas de <i>Gossip Girl<\/i> y tan solo nos record\u00f3 a aquella gala del Met en el que se reencontr\u00f3 con Leighton Meester.<\/b><!--more--><\/p>\n<p><b><i>Gossip Girl<\/i><\/b> vive siempre en nuestros corazones y sus personajes tambi\u00e9n. Como lo fue <b><i>Sex and the City<\/i><\/b> para una generaci\u00f3n, <i>Gossip Girl<\/i> tambi\u00e9n nos hizo so\u00f1ar en el Nueva York que todos queremos vivir. Y aunque distintos medios han declarado que <b>Blake Lively<\/b> se arrepinti\u00f3 de interpretar a la <i>it girl<\/i> del <i>Upper East Side<\/i>, <b>Serena van der Woodsen<\/b>, la actriz apag\u00f3 todas esas especulaciones con una publicaci\u00f3n en su Instagram.<\/p>\n<p>Si bien, la presentaci\u00f3n <a href=\"https:\/\/graziamagazine.com\/mx\/chanel-quiere-que-visites-el-antiguo-egipto\/\" target=\"_blank\" rel=\"noopener\"><b><i>M\u00e9tiers d\u2019Ar<\/i><\/b><i>t<\/i> de <b>Chanel<\/b><\/a> se dio en el <b><i>Metropolitan Museum of Art<\/i><\/b> hace casi una semana y claro que Lively estuvo ah\u00ed para apoyar a Karl Lagerfeld. Pero fue hasta el viernes cuando la esposa de <b>Ryan Reynolds<\/b> public\u00f3 en la red social una foto de su asistencia. \u00bfLo mejor? Lo hizo en formato <i>Gossip Girl<\/i>; \u201c<i>Spotted<\/i>: S regresa a los escalones del Met\u201d. Si eres ultra fan\u00e1tica de la serie, entonces bien sabr\u00e1s que el museo era el lugar de reunion de las ni\u00f1as populares de <i>Constance Billard School<\/i>, la preparatoria donde Serena y Blair estuvieron.<\/p>\n<p>https:\/\/www.instagram.com\/p\/BrJOXxtnQRr\/<\/p>\n<p>Esto tan solo nos hace recordar la vez que Blake y Leighton Meester, <i>aka<\/i> Blair Waldorf, se reencontraron en la gala del Met de 2014. Sin embargo, no hay evidencia de que ambas hayan estado juntas \u2014en la alfombra roja ambas llegaron con sus respectivos <i>plus ones<\/i>, Lively con su esposo y Meester con el dise\u00f1ador Peter Dundas que en ese momento lideraba Emilio Pucci\u2014.<\/p>\n<h5><\/h5>\n<h5><em>*IMAGEN: Getty Images<\/em><\/h5>\n","protected":false},"author":11636,"featured_media":59797,"template":"","format":"standard","categories":[2],"acf":[],"yoast_head":"<!-- This site is optimized with the Yoast SEO Premium plugin v18.5 (Yoast SEO v20.4) - https:\/\/yoast.com\/wordpress\/plugins\/seo\/ -->\n<title>El d\u00eda que Blake Lively quiso ser Serena van der Woodsen, otra vez | Grazia M\u00e9xico y Latinoam\u00e9rica<\/title>\n<meta name=\"description\" content=\"Blake Lively hace referencia a los gloriosos d\u00edas de Gossip Girl y tan solo nos record\u00f3 a aquella gala del Met en el que se reencontr\u00f3 con Leighton Meester.\" \/>\n<meta name=\"robots\" content=\"index, follow, max-snippet:-1, max-image-preview:large, max-video-preview:-1\" \/>\n<link rel=\"canonical\" href=\"https:\/\/graziamagazine.com\/mx\/articles\/el-dia-que-blake-lively-quiso-ser-serena-van-der-woodsen-otra-vez\/\" \/>\n<meta property=\"og:locale\" content=\"es_MX\" \/>\n<meta property=\"og:type\" content=\"article\" \/>\n<meta property=\"og:title\" content=\"El d\u00eda que Blake Lively quiso ser Serena van der Woodsen, otra vez\" \/>\n<meta property=\"og:description\" content=\"Blake Lively hace referencia a los gloriosos d\u00edas de Gossip Girl y tan solo nos record\u00f3 a aquella gala del Met en el que se reencontr\u00f3 con Leighton Meester.\" \/>\n<meta property=\"og:url\" content=\"https:\/\/graziamagazine.com\/mx\/articles\/el-dia-que-blake-lively-quiso-ser-serena-van-der-woodsen-otra-vez\/\" \/>\n<meta property=\"og:site_name\" content=\"Grazia M\u00e9xico y Latinoam\u00e9rica\" \/>\n<meta property=\"article:modified_time\" content=\"2018-12-10T16:28:01+00:00\" \/>\n<meta property=\"og:image\" content=\"https:\/\/graziamagazine.com\/mx\/wp-content\/uploads\/sites\/13\/2018\/12\/el-dia-que-blake-lively-quiso-ser-serena-van-der-woodsen-otra-vez-destacada.jpg?fit=4472%2C3076\" \/>\n\t<meta property=\"og:image:width\" content=\"4472\" \/>\n\t<meta property=\"og:image:height\" content=\"3076\" \/>\n\t<meta property=\"og:image:type\" content=\"image\/jpeg\" \/>\n<meta name=\"twitter:card\" content=\"summary_large_image\" \/>\n<meta name=\"twitter:label1\" content=\"Est. reading time\" \/>\n\t<meta name=\"twitter:data1\" content=\"1 minuto\" \/>\n<script type=\"application\/ld+json\" class=\"yoast-schema-graph\">{\"@context\":\"https:\/\/schema.org\",\"@graph\":[{\"@type\":\"WebPage\",\"@id\":\"https:\/\/graziamagazine.com\/mx\/articles\/el-dia-que-blake-lively-quiso-ser-serena-van-der-woodsen-otra-vez\/\",\"url\":\"https:\/\/graziamagazine.com\/mx\/articles\/el-dia-que-blake-lively-quiso-ser-serena-van-der-woodsen-otra-vez\/\",\"name\":\"El d\u00eda que Blake Lively quiso ser Serena van der Woodsen, otra vez | Grazia M\u00e9xico y Latinoam\u00e9rica\",\"isPartOf\":{\"@id\":\"https:\/\/graziamagazine.com\/mx\/#website\"},\"datePublished\":\"2018-12-10T16:25:50+00:00\",\"dateModified\":\"2018-12-10T16:28:01+00:00\",\"description\":\"Blake Lively hace referencia a los gloriosos d\u00edas de Gossip Girl y tan solo nos record\u00f3 a aquella gala del Met en el que se reencontr\u00f3 con Leighton Meester.\",\"breadcrumb\":{\"@id\":\"https:\/\/graziamagazine.com\/mx\/articles\/el-dia-que-blake-lively-quiso-ser-serena-van-der-woodsen-otra-vez\/#breadcrumb\"},\"inLanguage\":\"es-MX\",\"potentialAction\":[{\"@type\":\"ReadAction\",\"target\":[\"https:\/\/graziamagazine.com\/mx\/articles\/el-dia-que-blake-lively-quiso-ser-serena-van-der-woodsen-otra-vez\/\"]}]},{\"@type\":\"BreadcrumbList\",\"@id\":\"https:\/\/graziamagazine.com\/mx\/articles\/el-dia-que-blake-lively-quiso-ser-serena-van-der-woodsen-otra-vez\/#breadcrumb\",\"itemListElement\":[{\"@type\":\"ListItem\",\"position\":1,\"name\":\"Home\",\"item\":\"https:\/\/graziamagazine.com\/mx\/\"},{\"@type\":\"ListItem\",\"position\":2,\"name\":\"El d\u00eda que Blake Lively quiso ser Serena van der Woodsen, otra vez\"}]},{\"@type\":\"WebSite\",\"@id\":\"https:\/\/graziamagazine.com\/mx\/#website\",\"url\":\"https:\/\/graziamagazine.com\/mx\/\",\"name\":\"Grazia M\u00e9xico y Latinoam\u00e9rica\",\"description\":\"Grazia es moda, belleza y noticias  de actualidad \",\"potentialAction\":[{\"@type\":\"SearchAction\",\"target\":{\"@type\":\"EntryPoint\",\"urlTemplate\":\"https:\/\/graziamagazine.com\/mx\/?s={search_term_string}\"},\"query-input\":\"required name=search_term_string\"}],\"inLanguage\":\"es-MX\"}]}<\/script>\n<!-- \/ Yoast SEO Premium plugin. -->","yoast_head_json":{"title":"El d\u00eda que Blake Lively quiso ser Serena van der Woodsen, otra vez | Grazia M\u00e9xico y Latinoam\u00e9rica","description":"Blake Lively hace referencia a los gloriosos d\u00edas de Gossip Girl y tan solo nos record\u00f3 a aquella gala del Met en el que se reencontr\u00f3 con Leighton Meester.","robots":{"index":"index","follow":"follow","max-snippet":"max-snippet:-1","max-image-preview":"max-image-preview:large","max-video-preview":"max-video-preview:-1"},"canonical":"https:\/\/graziamagazine.com\/mx\/articles\/el-dia-que-blake-lively-quiso-ser-serena-van-der-woodsen-otra-vez\/","og_locale":"es_MX","og_type":"article","og_title":"El d\u00eda que Blake Lively quiso ser Serena van der Woodsen, otra vez","og_description":"Blake Lively hace referencia a los gloriosos d\u00edas de Gossip Girl y tan solo nos record\u00f3 a aquella gala del Met en el que se reencontr\u00f3 con Leighton Meester.","og_url":"https:\/\/graziamagazine.com\/mx\/articles\/el-dia-que-blake-lively-quiso-ser-serena-van-der-woodsen-otra-vez\/","og_site_name":"Grazia M\u00e9xico y Latinoam\u00e9rica","article_modified_time":"2018-12-10T16:28:01+00:00","og_image":[{"width":4472,"height":3076,"url":"https:\/\/graziamagazine.com\/mx\/wp-content\/uploads\/sites\/13\/2018\/12\/el-dia-que-blake-lively-quiso-ser-serena-van-der-woodsen-otra-vez-destacada.jpg?fit=4472%2C3076","type":"image\/jpeg"}],"twitter_card":"summary_large_image","twitter_misc":{"Est. reading time":"1 minuto"},"schema":{"@context":"https:\/\/schema.org","@graph":[{"@type":"WebPage","@id":"https:\/\/graziamagazine.com\/mx\/articles\/el-dia-que-blake-lively-quiso-ser-serena-van-der-woodsen-otra-vez\/","url":"https:\/\/graziamagazine.com\/mx\/articles\/el-dia-que-blake-lively-quiso-ser-serena-van-der-woodsen-otra-vez\/","name":"El d\u00eda que Blake Lively quiso ser Serena van der Woodsen, otra vez | Grazia M\u00e9xico y Latinoam\u00e9rica","isPartOf":{"@id":"https:\/\/graziamagazine.com\/mx\/#website"},"datePublished":"2018-12-10T16:25:50+00:00","dateModified":"2018-12-10T16:28:01+00:00","description":"Blake Lively hace referencia a los gloriosos d\u00edas de Gossip Girl y tan solo nos record\u00f3 a aquella gala del Met en el que se reencontr\u00f3 con Leighton Meester.","breadcrumb":{"@id":"https:\/\/graziamagazine.com\/mx\/articles\/el-dia-que-blake-lively-quiso-ser-serena-van-der-woodsen-otra-vez\/#breadcrumb"},"inLanguage":"es-MX","potentialAction":[{"@type":"ReadAction","target":["https:\/\/graziamagazine.com\/mx\/articles\/el-dia-que-blake-lively-quiso-ser-serena-van-der-woodsen-otra-vez\/"]}]},{"@type":"BreadcrumbList","@id":"https:\/\/graziamagazine.com\/mx\/articles\/el-dia-que-blake-lively-quiso-ser-serena-van-der-woodsen-otra-vez\/#breadcrumb","itemListElement":[{"@type":"ListItem","position":1,"name":"Home","item":"https:\/\/graziamagazine.com\/mx\/"},{"@type":"ListItem","position":2,"name":"El d\u00eda que Blake Lively quiso ser Serena van der Woodsen, otra vez"}]},{"@type":"WebSite","@id":"https:\/\/graziamagazine.com\/mx\/#website","url":"https:\/\/graziamagazine.com\/mx\/","name":"Grazia M\u00e9xico y Latinoam\u00e9rica","description":"Grazia es moda, belleza y noticias  de actualidad ","potentialAction":[{"@type":"SearchAction","target":{"@type":"EntryPoint","urlTemplate":"https:\/\/graziamagazine.com\/mx\/?s={search_term_string}"},"query-input":"required name=search_term_string"}],"inLanguage":"es-MX"}]}},"jetpack_sharing_enabled":true,"distributor_meta":false,"distributor_terms":false,"distributor_media":false,"distributor_original_site_name":"Grazia M\u00e9xico y Latinoam\u00e9rica","distributor_original_site_url":"https:\/\/graziamagazine.com\/mx","push-errors":false,"_links":{"self":[{"href":"https:\/\/graziamagazine.com\/mx\/wp-json\/wp\/v2\/articles\/59794"}],"collection":[{"href":"https:\/\/graziamagazine.com\/mx\/wp-json\/wp\/v2\/articles"}],"about":[{"href":"https:\/\/graziamagazine.com\/mx\/wp-json\/wp\/v2\/types\/articles"}],"author":[{"embeddable":true,"href":"https:\/\/graziamagazine.com\/mx\/wp-json\/wp\/v2\/users\/11636"}],"wp:featuredmedia":[{"embeddable":true,"href":"https:\/\/graziamagazine.com\/mx\/wp-json\/wp\/v2\/media\/59797"}],"wp:attachment":[{"href":"https:\/\/graziamagazine.com\/mx\/wp-json\/wp\/v2\/media?parent=59794"}],"wp:term":[{"taxonomy":"category","embeddable":true,"href":"https:\/\/graziamagazine.com\/mx\/wp-json\/wp\/v2\/categories?post=59794"}],"curies":[{"name":"wp","href":"https:\/\/api.w.org\/{rel}","templated":true}]}}