{"id":59732,"date":"2018-12-07T14:47:44","date_gmt":"2018-12-07T19:47:44","guid":{"rendered":"https:\/\/graziamagazine.com\/mx\/?p=59732"},"modified":"2019-08-21T11:06:59","modified_gmt":"2019-08-21T16:06:59","slug":"exclusiva-carla-fernandez-sobre-su-visionary-award-en-design-miami-y-la-grandeza-de-mexico","status":"publish","type":"articles","link":"https:\/\/graziamagazine.com\/mx\/articles\/exclusiva-carla-fernandez-sobre-su-visionary-award-en-design-miami-y-la-grandeza-de-mexico\/","title":{"rendered":"Carla Fern\u00e1ndez la dise\u00f1adora mexicana que abraza sus ra\u00edces"},"content":{"rendered":"<p><strong>Carla Fern\u00e1ndez, una visionaria mexicana, platica en exclusiva con <i><em>Grazia<\/em><\/i> sobre la importancia de abrazar nuestras ra\u00edces y aprender de ellas.<\/strong><!--more--><\/p>\n<p>La casa en donde habita <strong>Carla Fern\u00e1ndez<\/strong> y su familia, es un impactante oasis art\u00edstico dentro de la Ciudad de M\u00e9xico. En unas cuantas d\u00e9cadas, este espectacular recinto se convertir\u00e1 en un pilar arquitect\u00f3nico contempor\u00e1neo y, seguramente, abrir\u00e1 sus puertas como aquellas casas de <strong>Luis Barrag\u00e1n<\/strong>, la casa azul de <strong>Frida Kahlo<\/strong> y <strong>Diego Rivera<\/strong>, la mansi\u00f3n de <strong>Antonio Rivas Mercado<\/strong>, entre otras.<\/p>\n<p>En estos d\u00edas, Carla Fern\u00e1ndez y su esposo, el reconocido artista <strong>Pedro Reyes<\/strong>, recibir\u00e1n el <strong><em>Visionary Award<\/em><\/strong> en <strong><em>Design Miami<\/em><\/strong>,\u00a0el primero que otorgan a una dise\u00f1adora de moda. Su casa es tan solo uno de los ejemplos del trabajo en equipo que ambos han llevado a cabo. Ese d\u00eda la dise\u00f1adora vest\u00eda una <em>oversized T-shirt<\/em> estampada con un mapa del continente americano formado por los nombres de las comunidades de cada regi\u00f3n; una idea tambi\u00e9n concebida en colaboraci\u00f3n con Reyes y que estar\u00e1 exhibida en su <em>booth<\/em> en el formato de una placa de aluminio rotulada con el dise\u00f1o. Las ganancias de las camisetas, como la de Carla, que se vendan durante el evento, ser\u00e1n donadas a una organizaci\u00f3n que busca reunir a los ni\u00f1os inmigrantes con sus familias.<\/p>\n<div><script src=\"https:\/\/cdn.jwplayer.com\/players\/VUUhX1ha-tWObBMS1.js\"><\/script><\/div>\n<p>\u201c\u00bfQuieren algo de tomar\u201d, nos dijo Fern\u00e1ndez luego de recibirnos en la acogedora cocina. La habitaci\u00f3n, no tan ajena al estilo que maneja la casa en general, tiene todos los artefactos de cocina \u2014platos, vasos, cucharones, esp\u00e1tulas\u2014 hechos en M\u00e9xico. Desde ah\u00ed comienzas a entender a Carla Fern\u00e1ndez como persona amante de su cultura y activista. \u201cPerd\u00f3n el tiradero\u201d, dijo la dise\u00f1adora refiri\u00e9ndose a unas bolsas negras que estaban en el piso atr\u00e1s del antecomedor, \u201cson para donar a los migrantes\u201d. Esa semana la caravana de migrantes, proveniente del sur del continente, toc\u00f3 base en la capital mexicana y Fern\u00e1ndez tan solo busca poner su granito de arena para abordar la crisis social.<\/p>\n<p>Reci\u00e9n llegada de Londres en donde expuso su habilidad como dise\u00f1adora y guardiana de la cultura mexicana en la plataforma del <strong><em>V&amp;A Museum<\/em><\/strong>, <strong><em>Fashion In Motion<\/em><\/strong>, Fern\u00e1ndez se sent\u00f3 en su sala, un juego de sillones y dos sillas en palma tejida que contrastaban con los coloridos lomos de los libros que permanecen empotrados en los cub\u00edculos de concreto. Una obra de arte m\u00e1s en su casa, la inmensa biblioteca que ve, no solo hacia el recibidor y la sala, sino al comedor y a una especie de estudio tambi\u00e9n. Al fondo una pir\u00e1mide construida con bloques de concreto tallados y una escultura sim\u00e9trica, en el mismo material, completa el panorama art\u00edstico.<\/p>\n<p>La mexicana, ha hecho de su carrera una oportunidad de devolverle a la indumentaria tradicional mexicana una voz en la industria de la moda luego de la globalizaci\u00f3n de ideas. En M\u00e9xico \u201cdebemos comenzar a hacer lo que sabemos hacer y partir de otra realidad\u201d, declara la dise\u00f1adora que escribi\u00f3 en su manifiesto de moda: \u201cUn d\u00eda nos despertamos y nos dimos cuenta que nos importaba poco lo sucediera en Par\u00eds\u201d.<span class=\"Apple-converted-space\">\u00a0<\/span><\/p>\n<p>Carla Fern\u00e1ndez y su equipo tienen como objetivo principal conservar las reliquias de la indumentaria mexicana y las tradiciones; ella vende a coleccionistas. \u201cYo s\u00ed creo que las personas [a quienes] les interesa nuestro proyecto y que usan nuestras prendas, son los guardianes de estos haberes ancestrales. Son personas que leen acerca de la pieza, se interesan, que preguntan, que saben la complejidad que hay atr\u00e1s de un objeto\u201d, argument\u00f3 Fern\u00e1ndez.<\/p>\n<p>La sostenibilidad, uno de los temas m\u00e1s comentados en la industria de la moda nacional e internacional, es un pilar de la firma hom\u00f3nima de la dise\u00f1adora. \u201cNosotros aprendemos todos los d\u00edas de las comunidades ind\u00edgenas, de su manera de vivir\u201d, dice Carla. El \u201cequilibrio maravilloso\u201d de dichas localidades, como lo pone Fern\u00e1ndez, \u201cdonde hacen un vestido y ese huipil que se tardan ocho meses en hacer, lo usan ocho a\u00f1os. Tenemos que empezar a pensar como piensan las comunidades ind\u00edgenas; con este respeto hacia tu comunidad, hacia ti misma y hacia la naturaleza [\u2026] No podemos llenar al mundo de basura, \u00a1ya no podemos! O sea, un cierre met\u00e1lico se tarda en deshacerse 500 a\u00f1os\u201d.<\/p>\n<p>Con ese mismo respeto del que Carla habla, a trav\u00e9s de sus prendas, que en realidad son \u00fanicas por su proceso de elaboraci\u00f3n siguiendo costumbres milenarias, ella contagia una visi\u00f3n progresiva. Aunque la indumentaria es una categor\u00eda importante en nuestra cultura, no todos los mexicanos pueden hablar sobre las comunidades \u00e9tnicas con gran conocimiento; Carla s\u00ed. Es su exhaustiva investigaci\u00f3n, con recorridos por todo el pa\u00eds, lo que la hace una experta en el tema y que le ha valido una licencia para intervenir los dise\u00f1os tradicionales.<\/p>\n<p>Al momento de poner manos a la obra y dise\u00f1ar, Carla, con su gran conocimiento en el patronaje aut\u00f3ctono \u2014lleva 28 a\u00f1os estudiando la indumentaria ind\u00edgena de las 68 comunidades alrededor de M\u00e9xico\u2014, comienza a idealizar piezas camale\u00f3nicas. \u201cA nosotros nos gusta mucho trabajar con prendas que son muy juguetonas; que las puedes hacer un vestido pero de repente se puede amarrar de ocho maneras diferentes, o se puede hacer un short\u201d, dice Fern\u00e1ndez. Y no solo se trata de jugar con una prenda en espec\u00edfico, sino de maximizar los recursos y reciclar, de cierta forma, la compra \u2014ah\u00ed se ve reflejada nuestra personalidad\u2014. \u201cLo bonito de la moda es que t\u00fa la haces. A m\u00ed me gusta una prenda y la uso de una manera y alguien m\u00e1s la usa de otra manera\u201d, agreg\u00f3.<\/p>\n<p>Sobre su <em>Visionary Award<\/em>, Carla se lo atribuye a las artes populares nacionales: \u201cEs un reconocimiento para esa fusi\u00f3n de moda \u2014futuro, presente, pasado, lo hecho a mano\u2014. El compromiso que tienes t\u00fa como empresa con el lugar en donde vives y con lo que quieres hacer\u201d. Y como visionaria de nuestros tiempos, Carla Fern\u00e1ndez sue\u00f1a con un futuro hecho a mano como un poder econ\u00f3mico y un di\u00e1logo. \u201cCreo que M\u00e9xico es un muy buen ejemplo de c\u00f3mo hacer moda diferente, de c\u00f3mo estamos creando nuestro propio sistema de la moda\u201d, declara Fern\u00e1ndez mientras hace un llamado a involucrarse e informarse sobre lo que pasa art\u00edsticamente en el pa\u00eds. \u201cEn cuesti\u00f3n de este tipo de colaboraciones con diferentes \u00e1reas \u2014diferentes artistas, diferentes artesanos, en dise\u00f1o\u2014, somos punta de lanza\u201d, concluye la dise\u00f1adora.<\/p>\n<h5><em>*Fotograf\u00eda y video: Salvador \u00c1lvarez<\/em><\/h5>\n","protected":false},"author":11641,"featured_media":59748,"template":"","format":"standard","categories":[4],"acf":[],"yoast_head":"<!-- This site is optimized with the Yoast SEO Premium plugin v18.5 (Yoast SEO v20.4) - https:\/\/yoast.com\/wordpress\/plugins\/seo\/ -->\n<title>Carla Fern\u00e1ndez la dise\u00f1adora mexicana que abraza sus ra\u00edces | Grazia M\u00e9xico y Latinoam\u00e9rica<\/title>\n<meta name=\"description\" content=\"Carla Fern\u00e1ndez, una visionaria mexicana, platica en exclusiva con Grazia sobre la importancia de abrazar nuestras ra\u00edces y aprender de ellas.\" \/>\n<meta name=\"robots\" content=\"index, follow, max-snippet:-1, max-image-preview:large, max-video-preview:-1\" \/>\n<link rel=\"canonical\" href=\"https:\/\/graziamagazine.com\/mx\/articles\/exclusiva-carla-fernandez-sobre-su-visionary-award-en-design-miami-y-la-grandeza-de-mexico\/\" \/>\n<meta property=\"og:locale\" content=\"es_MX\" \/>\n<meta property=\"og:type\" content=\"article\" \/>\n<meta property=\"og:title\" content=\"Carla Fern\u00e1ndez la dise\u00f1adora mexicana que abraza sus ra\u00edces\" \/>\n<meta property=\"og:description\" content=\"Carla Fern\u00e1ndez, una visionaria mexicana, platica en exclusiva con Grazia sobre la importancia de abrazar nuestras ra\u00edces y aprender de ellas.\" \/>\n<meta property=\"og:url\" content=\"https:\/\/graziamagazine.com\/mx\/articles\/exclusiva-carla-fernandez-sobre-su-visionary-award-en-design-miami-y-la-grandeza-de-mexico\/\" \/>\n<meta property=\"og:site_name\" content=\"Grazia M\u00e9xico y Latinoam\u00e9rica\" \/>\n<meta property=\"article:modified_time\" content=\"2019-08-21T16:06:59+00:00\" \/>\n<meta property=\"og:image\" content=\"https:\/\/graziamagazine.com\/mx\/wp-content\/uploads\/sites\/13\/2018\/12\/carla-fernandez-sobre-su-manifiesto-de-moda-de-impulsar-la-sostenibilidad-como-las-comunidades-indigenas-destacada.jpg?fit=2768%2C1848\" \/>\n\t<meta property=\"og:image:width\" content=\"2768\" \/>\n\t<meta property=\"og:image:height\" content=\"1848\" \/>\n\t<meta property=\"og:image:type\" content=\"image\/jpeg\" \/>\n<meta name=\"twitter:card\" content=\"summary_large_image\" \/>\n<meta name=\"twitter:label1\" content=\"Est. reading time\" \/>\n\t<meta name=\"twitter:data1\" content=\"6 minutos\" \/>\n<script type=\"application\/ld+json\" class=\"yoast-schema-graph\">{\"@context\":\"https:\/\/schema.org\",\"@graph\":[{\"@type\":\"WebPage\",\"@id\":\"https:\/\/graziamagazine.com\/mx\/articles\/exclusiva-carla-fernandez-sobre-su-visionary-award-en-design-miami-y-la-grandeza-de-mexico\/\",\"url\":\"https:\/\/graziamagazine.com\/mx\/articles\/exclusiva-carla-fernandez-sobre-su-visionary-award-en-design-miami-y-la-grandeza-de-mexico\/\",\"name\":\"Carla Fern\u00e1ndez la dise\u00f1adora mexicana que abraza sus ra\u00edces | Grazia M\u00e9xico y Latinoam\u00e9rica\",\"isPartOf\":{\"@id\":\"https:\/\/graziamagazine.com\/mx\/#website\"},\"datePublished\":\"2018-12-07T19:47:44+00:00\",\"dateModified\":\"2019-08-21T16:06:59+00:00\",\"description\":\"Carla Fern\u00e1ndez, una visionaria mexicana, platica en exclusiva con Grazia sobre la importancia de abrazar nuestras ra\u00edces y aprender de ellas.\",\"breadcrumb\":{\"@id\":\"https:\/\/graziamagazine.com\/mx\/articles\/exclusiva-carla-fernandez-sobre-su-visionary-award-en-design-miami-y-la-grandeza-de-mexico\/#breadcrumb\"},\"inLanguage\":\"es-MX\",\"potentialAction\":[{\"@type\":\"ReadAction\",\"target\":[\"https:\/\/graziamagazine.com\/mx\/articles\/exclusiva-carla-fernandez-sobre-su-visionary-award-en-design-miami-y-la-grandeza-de-mexico\/\"]}]},{\"@type\":\"BreadcrumbList\",\"@id\":\"https:\/\/graziamagazine.com\/mx\/articles\/exclusiva-carla-fernandez-sobre-su-visionary-award-en-design-miami-y-la-grandeza-de-mexico\/#breadcrumb\",\"itemListElement\":[{\"@type\":\"ListItem\",\"position\":1,\"name\":\"Home\",\"item\":\"https:\/\/graziamagazine.com\/mx\/\"},{\"@type\":\"ListItem\",\"position\":2,\"name\":\"Carla Fern\u00e1ndez la dise\u00f1adora mexicana que abraza sus ra\u00edces\"}]},{\"@type\":\"WebSite\",\"@id\":\"https:\/\/graziamagazine.com\/mx\/#website\",\"url\":\"https:\/\/graziamagazine.com\/mx\/\",\"name\":\"Grazia M\u00e9xico y Latinoam\u00e9rica\",\"description\":\"Grazia es moda, belleza y noticias  de actualidad \",\"potentialAction\":[{\"@type\":\"SearchAction\",\"target\":{\"@type\":\"EntryPoint\",\"urlTemplate\":\"https:\/\/graziamagazine.com\/mx\/?s={search_term_string}\"},\"query-input\":\"required name=search_term_string\"}],\"inLanguage\":\"es-MX\"}]}<\/script>\n<!-- \/ Yoast SEO Premium plugin. -->","yoast_head_json":{"title":"Carla Fern\u00e1ndez la dise\u00f1adora mexicana que abraza sus ra\u00edces | Grazia M\u00e9xico y Latinoam\u00e9rica","description":"Carla Fern\u00e1ndez, una visionaria mexicana, platica en exclusiva con Grazia sobre la importancia de abrazar nuestras ra\u00edces y aprender de ellas.","robots":{"index":"index","follow":"follow","max-snippet":"max-snippet:-1","max-image-preview":"max-image-preview:large","max-video-preview":"max-video-preview:-1"},"canonical":"https:\/\/graziamagazine.com\/mx\/articles\/exclusiva-carla-fernandez-sobre-su-visionary-award-en-design-miami-y-la-grandeza-de-mexico\/","og_locale":"es_MX","og_type":"article","og_title":"Carla Fern\u00e1ndez la dise\u00f1adora mexicana que abraza sus ra\u00edces","og_description":"Carla Fern\u00e1ndez, una visionaria mexicana, platica en exclusiva con Grazia sobre la importancia de abrazar nuestras ra\u00edces y aprender de ellas.","og_url":"https:\/\/graziamagazine.com\/mx\/articles\/exclusiva-carla-fernandez-sobre-su-visionary-award-en-design-miami-y-la-grandeza-de-mexico\/","og_site_name":"Grazia M\u00e9xico y Latinoam\u00e9rica","article_modified_time":"2019-08-21T16:06:59+00:00","og_image":[{"width":2768,"height":1848,"url":"https:\/\/graziamagazine.com\/mx\/wp-content\/uploads\/sites\/13\/2018\/12\/carla-fernandez-sobre-su-manifiesto-de-moda-de-impulsar-la-sostenibilidad-como-las-comunidades-indigenas-destacada.jpg?fit=2768%2C1848","type":"image\/jpeg"}],"twitter_card":"summary_large_image","twitter_misc":{"Est. reading time":"6 minutos"},"schema":{"@context":"https:\/\/schema.org","@graph":[{"@type":"WebPage","@id":"https:\/\/graziamagazine.com\/mx\/articles\/exclusiva-carla-fernandez-sobre-su-visionary-award-en-design-miami-y-la-grandeza-de-mexico\/","url":"https:\/\/graziamagazine.com\/mx\/articles\/exclusiva-carla-fernandez-sobre-su-visionary-award-en-design-miami-y-la-grandeza-de-mexico\/","name":"Carla Fern\u00e1ndez la dise\u00f1adora mexicana que abraza sus ra\u00edces | Grazia M\u00e9xico y Latinoam\u00e9rica","isPartOf":{"@id":"https:\/\/graziamagazine.com\/mx\/#website"},"datePublished":"2018-12-07T19:47:44+00:00","dateModified":"2019-08-21T16:06:59+00:00","description":"Carla Fern\u00e1ndez, una visionaria mexicana, platica en exclusiva con Grazia sobre la importancia de abrazar nuestras ra\u00edces y aprender de ellas.","breadcrumb":{"@id":"https:\/\/graziamagazine.com\/mx\/articles\/exclusiva-carla-fernandez-sobre-su-visionary-award-en-design-miami-y-la-grandeza-de-mexico\/#breadcrumb"},"inLanguage":"es-MX","potentialAction":[{"@type":"ReadAction","target":["https:\/\/graziamagazine.com\/mx\/articles\/exclusiva-carla-fernandez-sobre-su-visionary-award-en-design-miami-y-la-grandeza-de-mexico\/"]}]},{"@type":"BreadcrumbList","@id":"https:\/\/graziamagazine.com\/mx\/articles\/exclusiva-carla-fernandez-sobre-su-visionary-award-en-design-miami-y-la-grandeza-de-mexico\/#breadcrumb","itemListElement":[{"@type":"ListItem","position":1,"name":"Home","item":"https:\/\/graziamagazine.com\/mx\/"},{"@type":"ListItem","position":2,"name":"Carla Fern\u00e1ndez la dise\u00f1adora mexicana que abraza sus ra\u00edces"}]},{"@type":"WebSite","@id":"https:\/\/graziamagazine.com\/mx\/#website","url":"https:\/\/graziamagazine.com\/mx\/","name":"Grazia M\u00e9xico y Latinoam\u00e9rica","description":"Grazia es moda, belleza y noticias  de actualidad ","potentialAction":[{"@type":"SearchAction","target":{"@type":"EntryPoint","urlTemplate":"https:\/\/graziamagazine.com\/mx\/?s={search_term_string}"},"query-input":"required name=search_term_string"}],"inLanguage":"es-MX"}]}},"jetpack_sharing_enabled":true,"distributor_meta":false,"distributor_terms":false,"distributor_media":false,"distributor_original_site_name":"Grazia M\u00e9xico y Latinoam\u00e9rica","distributor_original_site_url":"https:\/\/graziamagazine.com\/mx","push-errors":false,"_links":{"self":[{"href":"https:\/\/graziamagazine.com\/mx\/wp-json\/wp\/v2\/articles\/59732"}],"collection":[{"href":"https:\/\/graziamagazine.com\/mx\/wp-json\/wp\/v2\/articles"}],"about":[{"href":"https:\/\/graziamagazine.com\/mx\/wp-json\/wp\/v2\/types\/articles"}],"author":[{"embeddable":true,"href":"https:\/\/graziamagazine.com\/mx\/wp-json\/wp\/v2\/users\/11641"}],"wp:featuredmedia":[{"embeddable":true,"href":"https:\/\/graziamagazine.com\/mx\/wp-json\/wp\/v2\/media\/59748"}],"wp:attachment":[{"href":"https:\/\/graziamagazine.com\/mx\/wp-json\/wp\/v2\/media?parent=59732"}],"wp:term":[{"taxonomy":"category","embeddable":true,"href":"https:\/\/graziamagazine.com\/mx\/wp-json\/wp\/v2\/categories?post=59732"}],"curies":[{"name":"wp","href":"https:\/\/api.w.org\/{rel}","templated":true}]}}