{"id":58472,"date":"2018-10-23T08:19:04","date_gmt":"2018-10-23T13:19:04","guid":{"rendered":"https:\/\/graziamagazine.com\/mx\/?p=58472"},"modified":"2018-10-23T08:23:16","modified_gmt":"2018-10-23T13:23:16","slug":"nina-o-nino-esto-es-lo-que-quiere-prince-harry","status":"publish","type":"articles","link":"https:\/\/graziamagazine.com\/mx\/articles\/nina-o-nino-esto-es-lo-que-quiere-prince-harry\/","title":{"rendered":"\u00bfNi\u00f1a o ni\u00f1o? Esto es lo que quiere Prince Harry"},"content":{"rendered":"<p><b>\u00bfAcaso el subconsciente de Prince Harry le hizo revelar su deseo m\u00e1s grande? Esto es lo que el duque de Sussex quiere que sea el pr\u00f3ximo <i>royal baby<\/i>.<\/b><!--more--><\/p>\n<p>Cuando tiene su discurso previamente preparado y ensayado, a <b>Prince Harry<\/b> no le resulta dif\u00edcil mantenerse dentro del gui\u00f3n. Y para muestra, la rueda de prensa ofrecida por el hijo de <b>Lady Di<\/b> durante su visita a Australia donde <a href=\"http:\/\/www.grazia.es\/celebs\/el-principe-harry-habla-por-primera-vez-sobre-su-futura-paternidad\/\" target=\"_blank\" rel=\"noopener\" target=\"_blank\">se pronunci\u00f3 sobre su pr\u00f3xima paternidad<\/a>:\u00a0\u201cNo podr\u00edamos imaginar un lugar mejor para anunciar la llegada de nuestro beb\u00e9, sea ni\u00f1o o ni\u00f1a, as\u00ed que muchas, muchas gracias\u201d, dijo.<\/p>\n<p>Sin embargo; cuando no hay filtros de por medio ni avisos previos, parece que al duque de Sussex le falla el subconsciente. Eso fue lo ocurrido durante un paseo del esposo de <b>Meghan Markle<\/b> por un parque de S\u00eddney. Mientras atravesaba una de las avenidas principales de esta especie de Central Park, visiblemente apurado, una se\u00f1ora le grit\u00f3: \u201c\u00a1Espero que sea ni\u00f1a!\u201d, a lo que el pr\u00edncipe contest\u00f3 (sin filtros y para sorpresa de todos): \u201c\u00a1Yo tambi\u00e9n!\u201d. Aqu\u00ed el momento exacto:<\/p>\n<p>https:\/\/www.instagram.com\/p\/BpMjkErCur-\/?utm_source=ig_embed<\/p>\n<p>No sabemos si su mujer, Meghan, opinar\u00e1 lo mismo ya que la duquesa de Sussex ha tenido que seleccionar los eventos a los que asiste y descansar un poco de su ajetreada agenda debido a su embarazo. Y no, <a href=\"https:\/\/graziamagazine.com\/mx\/los-tenis-estan-aprobados-por-meghan-markle-y-la-monarquia\/\" target=\"_blank\" rel=\"noopener\">no hablamos solo de la licencia que se ha dado al asistir a un acto oficial en tenis<\/a>. Hablamos de que la esposa de Harry ha tenido que bajar el ritmo a los compromisos por el continente oce\u00e1nico.\u00a0\u201cLuego de un programa bien repleto, el duque y la duquesa decidieron aligerar levemente la agenda de la duquesa para los pr\u00f3ximos dos d\u00edas, antes de la \u00faltima semana y media de su gira\u201d, dijo <i>Kensington Palace<\/i> en un comunicado.<\/p>\n<p>Por ese motivo, tendremos que esperar a la siguiente aparici\u00f3n p\u00fablica de Meghan Markle y confiar en que alg\u00fan viandante espont\u00e1neo le lance la pregunta del mill\u00f3n y tener, al igual que ocurri\u00f3 con el pr\u00edncipe Harry, la suerte de que su subconsciente hable por ella.<\/p>\n<h5><\/h5>\n<h5><em>Art\u00edculo publicado originalmente en <a href=\"http:\/\/www.grazia.es\/celebs\/nino-o-nina-el-principe-harry-tiene-claras-sus-preferencias\/\" target=\"_blank\" rel=\"noopener\" target=\"_blank\">Grazia.es<\/a><\/em><\/h5>\n<h5><em>*IMAGEN: Getty Images<\/em><\/h5>\n","protected":false},"author":11623,"featured_media":58473,"template":"","format":"standard","categories":[2],"acf":[],"yoast_head":"<!-- This site is optimized with the Yoast SEO Premium plugin v18.5 (Yoast SEO v20.4) - https:\/\/yoast.com\/wordpress\/plugins\/seo\/ -->\n<title>\u00bfNi\u00f1a o ni\u00f1o? Esto es lo que quiere Prince Harry | Grazia M\u00e9xico y Latinoam\u00e9rica<\/title>\n<meta name=\"description\" content=\"\u00bfAcaso el subconsciente de Prince Harry le hizo revelar su deseo m\u00e1s grande? Esto es lo que el duque de Sussex quiere que sea el pr\u00f3ximo royal baby.\" \/>\n<meta name=\"robots\" content=\"index, follow, max-snippet:-1, max-image-preview:large, max-video-preview:-1\" \/>\n<link rel=\"canonical\" href=\"https:\/\/graziamagazine.com\/mx\/articles\/nina-o-nino-esto-es-lo-que-quiere-prince-harry\/\" \/>\n<meta property=\"og:locale\" content=\"es_MX\" \/>\n<meta property=\"og:type\" content=\"article\" \/>\n<meta property=\"og:title\" content=\"\u00bfNi\u00f1a o ni\u00f1o? Esto es lo que quiere Prince Harry\" \/>\n<meta property=\"og:description\" content=\"\u00bfAcaso el subconsciente de Prince Harry le hizo revelar su deseo m\u00e1s grande? Esto es lo que el duque de Sussex quiere que sea el pr\u00f3ximo royal baby.\" \/>\n<meta property=\"og:url\" content=\"https:\/\/graziamagazine.com\/mx\/articles\/nina-o-nino-esto-es-lo-que-quiere-prince-harry\/\" \/>\n<meta property=\"og:site_name\" content=\"Grazia M\u00e9xico y Latinoam\u00e9rica\" \/>\n<meta property=\"article:modified_time\" content=\"2018-10-23T13:23:16+00:00\" \/>\n<meta property=\"og:image\" content=\"https:\/\/graziamagazine.com\/mx\/wp-content\/uploads\/sites\/13\/2018\/10\/nina-o-nino-esto-es-lo-que-quiere-prince-harry-destacada.jpeg?fit=2200%2C1467\" \/>\n\t<meta property=\"og:image:width\" content=\"2200\" \/>\n\t<meta property=\"og:image:height\" content=\"1467\" \/>\n\t<meta property=\"og:image:type\" content=\"image\/jpeg\" \/>\n<meta name=\"twitter:card\" content=\"summary_large_image\" \/>\n<meta name=\"twitter:label1\" content=\"Est. reading time\" \/>\n\t<meta name=\"twitter:data1\" content=\"2 minutos\" \/>\n<script type=\"application\/ld+json\" class=\"yoast-schema-graph\">{\"@context\":\"https:\/\/schema.org\",\"@graph\":[{\"@type\":\"WebPage\",\"@id\":\"https:\/\/graziamagazine.com\/mx\/articles\/nina-o-nino-esto-es-lo-que-quiere-prince-harry\/\",\"url\":\"https:\/\/graziamagazine.com\/mx\/articles\/nina-o-nino-esto-es-lo-que-quiere-prince-harry\/\",\"name\":\"\u00bfNi\u00f1a o ni\u00f1o? Esto es lo que quiere Prince Harry | Grazia M\u00e9xico y Latinoam\u00e9rica\",\"isPartOf\":{\"@id\":\"https:\/\/graziamagazine.com\/mx\/#website\"},\"datePublished\":\"2018-10-23T13:19:04+00:00\",\"dateModified\":\"2018-10-23T13:23:16+00:00\",\"description\":\"\u00bfAcaso el subconsciente de Prince Harry le hizo revelar su deseo m\u00e1s grande? Esto es lo que el duque de Sussex quiere que sea el pr\u00f3ximo royal baby.\",\"breadcrumb\":{\"@id\":\"https:\/\/graziamagazine.com\/mx\/articles\/nina-o-nino-esto-es-lo-que-quiere-prince-harry\/#breadcrumb\"},\"inLanguage\":\"es-MX\",\"potentialAction\":[{\"@type\":\"ReadAction\",\"target\":[\"https:\/\/graziamagazine.com\/mx\/articles\/nina-o-nino-esto-es-lo-que-quiere-prince-harry\/\"]}]},{\"@type\":\"BreadcrumbList\",\"@id\":\"https:\/\/graziamagazine.com\/mx\/articles\/nina-o-nino-esto-es-lo-que-quiere-prince-harry\/#breadcrumb\",\"itemListElement\":[{\"@type\":\"ListItem\",\"position\":1,\"name\":\"Home\",\"item\":\"https:\/\/graziamagazine.com\/mx\/\"},{\"@type\":\"ListItem\",\"position\":2,\"name\":\"\u00bfNi\u00f1a o ni\u00f1o? Esto es lo que quiere Prince Harry\"}]},{\"@type\":\"WebSite\",\"@id\":\"https:\/\/graziamagazine.com\/mx\/#website\",\"url\":\"https:\/\/graziamagazine.com\/mx\/\",\"name\":\"Grazia M\u00e9xico y Latinoam\u00e9rica\",\"description\":\"Grazia es moda, belleza y noticias  de actualidad \",\"potentialAction\":[{\"@type\":\"SearchAction\",\"target\":{\"@type\":\"EntryPoint\",\"urlTemplate\":\"https:\/\/graziamagazine.com\/mx\/?s={search_term_string}\"},\"query-input\":\"required name=search_term_string\"}],\"inLanguage\":\"es-MX\"}]}<\/script>\n<!-- \/ Yoast SEO Premium plugin. -->","yoast_head_json":{"title":"\u00bfNi\u00f1a o ni\u00f1o? Esto es lo que quiere Prince Harry | Grazia M\u00e9xico y Latinoam\u00e9rica","description":"\u00bfAcaso el subconsciente de Prince Harry le hizo revelar su deseo m\u00e1s grande? Esto es lo que el duque de Sussex quiere que sea el pr\u00f3ximo royal baby.","robots":{"index":"index","follow":"follow","max-snippet":"max-snippet:-1","max-image-preview":"max-image-preview:large","max-video-preview":"max-video-preview:-1"},"canonical":"https:\/\/graziamagazine.com\/mx\/articles\/nina-o-nino-esto-es-lo-que-quiere-prince-harry\/","og_locale":"es_MX","og_type":"article","og_title":"\u00bfNi\u00f1a o ni\u00f1o? Esto es lo que quiere Prince Harry","og_description":"\u00bfAcaso el subconsciente de Prince Harry le hizo revelar su deseo m\u00e1s grande? Esto es lo que el duque de Sussex quiere que sea el pr\u00f3ximo royal baby.","og_url":"https:\/\/graziamagazine.com\/mx\/articles\/nina-o-nino-esto-es-lo-que-quiere-prince-harry\/","og_site_name":"Grazia M\u00e9xico y Latinoam\u00e9rica","article_modified_time":"2018-10-23T13:23:16+00:00","og_image":[{"width":2200,"height":1467,"url":"https:\/\/graziamagazine.com\/mx\/wp-content\/uploads\/sites\/13\/2018\/10\/nina-o-nino-esto-es-lo-que-quiere-prince-harry-destacada.jpeg?fit=2200%2C1467","type":"image\/jpeg"}],"twitter_card":"summary_large_image","twitter_misc":{"Est. reading time":"2 minutos"},"schema":{"@context":"https:\/\/schema.org","@graph":[{"@type":"WebPage","@id":"https:\/\/graziamagazine.com\/mx\/articles\/nina-o-nino-esto-es-lo-que-quiere-prince-harry\/","url":"https:\/\/graziamagazine.com\/mx\/articles\/nina-o-nino-esto-es-lo-que-quiere-prince-harry\/","name":"\u00bfNi\u00f1a o ni\u00f1o? Esto es lo que quiere Prince Harry | Grazia M\u00e9xico y Latinoam\u00e9rica","isPartOf":{"@id":"https:\/\/graziamagazine.com\/mx\/#website"},"datePublished":"2018-10-23T13:19:04+00:00","dateModified":"2018-10-23T13:23:16+00:00","description":"\u00bfAcaso el subconsciente de Prince Harry le hizo revelar su deseo m\u00e1s grande? Esto es lo que el duque de Sussex quiere que sea el pr\u00f3ximo royal baby.","breadcrumb":{"@id":"https:\/\/graziamagazine.com\/mx\/articles\/nina-o-nino-esto-es-lo-que-quiere-prince-harry\/#breadcrumb"},"inLanguage":"es-MX","potentialAction":[{"@type":"ReadAction","target":["https:\/\/graziamagazine.com\/mx\/articles\/nina-o-nino-esto-es-lo-que-quiere-prince-harry\/"]}]},{"@type":"BreadcrumbList","@id":"https:\/\/graziamagazine.com\/mx\/articles\/nina-o-nino-esto-es-lo-que-quiere-prince-harry\/#breadcrumb","itemListElement":[{"@type":"ListItem","position":1,"name":"Home","item":"https:\/\/graziamagazine.com\/mx\/"},{"@type":"ListItem","position":2,"name":"\u00bfNi\u00f1a o ni\u00f1o? Esto es lo que quiere Prince Harry"}]},{"@type":"WebSite","@id":"https:\/\/graziamagazine.com\/mx\/#website","url":"https:\/\/graziamagazine.com\/mx\/","name":"Grazia M\u00e9xico y Latinoam\u00e9rica","description":"Grazia es moda, belleza y noticias  de actualidad ","potentialAction":[{"@type":"SearchAction","target":{"@type":"EntryPoint","urlTemplate":"https:\/\/graziamagazine.com\/mx\/?s={search_term_string}"},"query-input":"required name=search_term_string"}],"inLanguage":"es-MX"}]}},"jetpack_sharing_enabled":true,"distributor_meta":false,"distributor_terms":false,"distributor_media":false,"distributor_original_site_name":"Grazia M\u00e9xico y Latinoam\u00e9rica","distributor_original_site_url":"https:\/\/graziamagazine.com\/mx","push-errors":false,"_links":{"self":[{"href":"https:\/\/graziamagazine.com\/mx\/wp-json\/wp\/v2\/articles\/58472"}],"collection":[{"href":"https:\/\/graziamagazine.com\/mx\/wp-json\/wp\/v2\/articles"}],"about":[{"href":"https:\/\/graziamagazine.com\/mx\/wp-json\/wp\/v2\/types\/articles"}],"author":[{"embeddable":true,"href":"https:\/\/graziamagazine.com\/mx\/wp-json\/wp\/v2\/users\/11623"}],"wp:featuredmedia":[{"embeddable":true,"href":"https:\/\/graziamagazine.com\/mx\/wp-json\/wp\/v2\/media\/58473"}],"wp:attachment":[{"href":"https:\/\/graziamagazine.com\/mx\/wp-json\/wp\/v2\/media?parent=58472"}],"wp:term":[{"taxonomy":"category","embeddable":true,"href":"https:\/\/graziamagazine.com\/mx\/wp-json\/wp\/v2\/categories?post=58472"}],"curies":[{"name":"wp","href":"https:\/\/api.w.org\/{rel}","templated":true}]}}