{"id":58324,"date":"2018-10-17T12:07:39","date_gmt":"2018-10-17T17:07:39","guid":{"rendered":"https:\/\/graziamagazine.com\/mx\/?p=58324"},"modified":"2018-10-17T12:09:23","modified_gmt":"2018-10-17T17:09:23","slug":"los-corgis-de-la-reina-elizabeth-ii-tendran-una-pelicula-animada","status":"publish","type":"articles","link":"https:\/\/graziamagazine.com\/mx\/articles\/los-corgis-de-la-reina-elizabeth-ii-tendran-una-pelicula-animada\/","title":{"rendered":"Los corgis de la reina Elizabeth II tendr\u00e1n una pel\u00edcula animada"},"content":{"rendered":"<p><b>S\u00ed, los famosos corgis de la reina Elizabeth II tendr\u00e1n su propio filme animado y solo nos preguntamos si la monarca lo ver\u00e1 junto a sus nietos y bisnietos.<\/b><!--more--><\/p>\n<p>Todo el mundo sabe que los <b>corgis<\/b> de la <b>reina Elizabeth II<\/b> son miembros muy importantes de la familia real brit\u00e1nica. Mejores amigos de la monarca y su esposo, <b>Prince Philip<\/b>, estos perros incluso tienen una entrada en <i>Wikipedia<\/i>. Y aunque sabemos que la reina se desvive de amor por ellos, es un completo misterio como es la vida de estos afortunados animales dentro de <i>Buckingham Palace<\/i>. Pero ahora puedes darte una idea pues una pel\u00edcula animada basada en los favoritos reales est\u00e1 por llegar.<\/p>\n<p>La idea brillante de convertir a los corgis en personajes infantiles viene de Rob Spackling y John R. Smith, quienes escribieron <i>The Queen\u2019s Corgi<\/i> y ser\u00e1 dirigida por Ben Stassen y Vincent Kesteloot.<\/p>\n<p><iframe loading=\"lazy\" src=\"https:\/\/www.youtube.com\/embed\/1EezOE9WtvU\" width=\"560\" height=\"315\" frameborder=\"0\"><\/iframe><\/p>\n<p>Seg\u00fan el <i>trailer<\/i>, la historia se enfoca en el nuevo corgi que llega a <i>Buckingham Palace<\/i> y vive la vida como todos quisi\u00e9ramos hacerlo. Entre destrozos y aventuras, Rex se convierte en el favorito de la reina e incluso se gana los celos del duque de Edinburgh.<\/p>\n<p>Aunque una historia de fantas\u00eda, esta promete divertir a todas las familias mientras nos muestra los interiores de <i>Buckingham Palace<\/i>. Ahora la duda est\u00e1 en que si la reina disfrutar\u00e1 del filme junto a sus nietos y bisnietos para despu\u00e9s abrir el panel de preguntas y respuestas sobre los mejores momentos con su corgis. Adem\u00e1s es una buena forma de recordar la dinast\u00eda que <a href=\"https:\/\/graziamagazine.com\/mx\/acaso-la-reina-elizabeth-ii-adoptara-al-perro-de-meghan-markle\/\" target=\"_blank\" rel=\"noopener\">acab\u00f3 hace algunos meses con la \u00faltima, Willow<\/a>.<\/p>\n<h5><\/h5>\n<h5><em>*IMAGEN: Getty Images<\/em><\/h5>\n","protected":false},"author":11636,"featured_media":58326,"template":"","format":"standard","categories":[2],"acf":[],"yoast_head":"<!-- This site is optimized with the Yoast SEO Premium plugin v18.5 (Yoast SEO v20.4) - https:\/\/yoast.com\/wordpress\/plugins\/seo\/ -->\n<title>Los corgis de la reina Elizabeth II tendr\u00e1n una pel\u00edcula animada | Grazia M\u00e9xico y Latinoam\u00e9rica<\/title>\n<meta name=\"description\" content=\"S\u00ed, los famosos corgis de la reina Elizabeth II tendr\u00e1n su propio filme animado y solo nos preguntamos si la monarca lo ver\u00e1 junto a sus nietos y bisnietos.\" \/>\n<meta name=\"robots\" content=\"index, follow, max-snippet:-1, max-image-preview:large, max-video-preview:-1\" \/>\n<link rel=\"canonical\" href=\"https:\/\/graziamagazine.com\/mx\/articles\/los-corgis-de-la-reina-elizabeth-ii-tendran-una-pelicula-animada\/\" \/>\n<meta property=\"og:locale\" content=\"es_MX\" \/>\n<meta property=\"og:type\" content=\"article\" \/>\n<meta property=\"og:title\" content=\"Los corgis de la reina Elizabeth II tendr\u00e1n una pel\u00edcula animada\" \/>\n<meta property=\"og:description\" content=\"S\u00ed, los famosos corgis de la reina Elizabeth II tendr\u00e1n su propio filme animado y solo nos preguntamos si la monarca lo ver\u00e1 junto a sus nietos y bisnietos.\" \/>\n<meta property=\"og:url\" content=\"https:\/\/graziamagazine.com\/mx\/articles\/los-corgis-de-la-reina-elizabeth-ii-tendran-una-pelicula-animada\/\" \/>\n<meta property=\"og:site_name\" content=\"Grazia M\u00e9xico y Latinoam\u00e9rica\" \/>\n<meta property=\"article:modified_time\" content=\"2018-10-17T17:09:23+00:00\" \/>\n<meta property=\"og:image\" content=\"https:\/\/graziamagazine.com\/mx\/wp-content\/uploads\/sites\/13\/2018\/10\/los-corgis-de-la-reina-elizabeth-ii-tendran-una-pelicula-animada-destacada.jpg?fit=2048%2C1601\" \/>\n\t<meta property=\"og:image:width\" content=\"2048\" \/>\n\t<meta property=\"og:image:height\" content=\"1601\" \/>\n\t<meta property=\"og:image:type\" content=\"image\/jpeg\" \/>\n<meta name=\"twitter:card\" content=\"summary_large_image\" \/>\n<meta name=\"twitter:label1\" content=\"Est. reading time\" \/>\n\t<meta name=\"twitter:data1\" content=\"1 minuto\" \/>\n<script type=\"application\/ld+json\" class=\"yoast-schema-graph\">{\"@context\":\"https:\/\/schema.org\",\"@graph\":[{\"@type\":\"WebPage\",\"@id\":\"https:\/\/graziamagazine.com\/mx\/articles\/los-corgis-de-la-reina-elizabeth-ii-tendran-una-pelicula-animada\/\",\"url\":\"https:\/\/graziamagazine.com\/mx\/articles\/los-corgis-de-la-reina-elizabeth-ii-tendran-una-pelicula-animada\/\",\"name\":\"Los corgis de la reina Elizabeth II tendr\u00e1n una pel\u00edcula animada | Grazia M\u00e9xico y Latinoam\u00e9rica\",\"isPartOf\":{\"@id\":\"https:\/\/graziamagazine.com\/mx\/#website\"},\"datePublished\":\"2018-10-17T17:07:39+00:00\",\"dateModified\":\"2018-10-17T17:09:23+00:00\",\"description\":\"S\u00ed, los famosos corgis de la reina Elizabeth II tendr\u00e1n su propio filme animado y solo nos preguntamos si la monarca lo ver\u00e1 junto a sus nietos y bisnietos.\",\"breadcrumb\":{\"@id\":\"https:\/\/graziamagazine.com\/mx\/articles\/los-corgis-de-la-reina-elizabeth-ii-tendran-una-pelicula-animada\/#breadcrumb\"},\"inLanguage\":\"es-MX\",\"potentialAction\":[{\"@type\":\"ReadAction\",\"target\":[\"https:\/\/graziamagazine.com\/mx\/articles\/los-corgis-de-la-reina-elizabeth-ii-tendran-una-pelicula-animada\/\"]}]},{\"@type\":\"BreadcrumbList\",\"@id\":\"https:\/\/graziamagazine.com\/mx\/articles\/los-corgis-de-la-reina-elizabeth-ii-tendran-una-pelicula-animada\/#breadcrumb\",\"itemListElement\":[{\"@type\":\"ListItem\",\"position\":1,\"name\":\"Home\",\"item\":\"https:\/\/graziamagazine.com\/mx\/\"},{\"@type\":\"ListItem\",\"position\":2,\"name\":\"Los corgis de la reina Elizabeth II tendr\u00e1n una pel\u00edcula animada\"}]},{\"@type\":\"WebSite\",\"@id\":\"https:\/\/graziamagazine.com\/mx\/#website\",\"url\":\"https:\/\/graziamagazine.com\/mx\/\",\"name\":\"Grazia M\u00e9xico y Latinoam\u00e9rica\",\"description\":\"Grazia es moda, belleza y noticias  de actualidad \",\"potentialAction\":[{\"@type\":\"SearchAction\",\"target\":{\"@type\":\"EntryPoint\",\"urlTemplate\":\"https:\/\/graziamagazine.com\/mx\/?s={search_term_string}\"},\"query-input\":\"required name=search_term_string\"}],\"inLanguage\":\"es-MX\"}]}<\/script>\n<!-- \/ Yoast SEO Premium plugin. -->","yoast_head_json":{"title":"Los corgis de la reina Elizabeth II tendr\u00e1n una pel\u00edcula animada | Grazia M\u00e9xico y Latinoam\u00e9rica","description":"S\u00ed, los famosos corgis de la reina Elizabeth II tendr\u00e1n su propio filme animado y solo nos preguntamos si la monarca lo ver\u00e1 junto a sus nietos y bisnietos.","robots":{"index":"index","follow":"follow","max-snippet":"max-snippet:-1","max-image-preview":"max-image-preview:large","max-video-preview":"max-video-preview:-1"},"canonical":"https:\/\/graziamagazine.com\/mx\/articles\/los-corgis-de-la-reina-elizabeth-ii-tendran-una-pelicula-animada\/","og_locale":"es_MX","og_type":"article","og_title":"Los corgis de la reina Elizabeth II tendr\u00e1n una pel\u00edcula animada","og_description":"S\u00ed, los famosos corgis de la reina Elizabeth II tendr\u00e1n su propio filme animado y solo nos preguntamos si la monarca lo ver\u00e1 junto a sus nietos y bisnietos.","og_url":"https:\/\/graziamagazine.com\/mx\/articles\/los-corgis-de-la-reina-elizabeth-ii-tendran-una-pelicula-animada\/","og_site_name":"Grazia M\u00e9xico y Latinoam\u00e9rica","article_modified_time":"2018-10-17T17:09:23+00:00","og_image":[{"width":2048,"height":1601,"url":"https:\/\/graziamagazine.com\/mx\/wp-content\/uploads\/sites\/13\/2018\/10\/los-corgis-de-la-reina-elizabeth-ii-tendran-una-pelicula-animada-destacada.jpg?fit=2048%2C1601","type":"image\/jpeg"}],"twitter_card":"summary_large_image","twitter_misc":{"Est. reading time":"1 minuto"},"schema":{"@context":"https:\/\/schema.org","@graph":[{"@type":"WebPage","@id":"https:\/\/graziamagazine.com\/mx\/articles\/los-corgis-de-la-reina-elizabeth-ii-tendran-una-pelicula-animada\/","url":"https:\/\/graziamagazine.com\/mx\/articles\/los-corgis-de-la-reina-elizabeth-ii-tendran-una-pelicula-animada\/","name":"Los corgis de la reina Elizabeth II tendr\u00e1n una pel\u00edcula animada | Grazia M\u00e9xico y Latinoam\u00e9rica","isPartOf":{"@id":"https:\/\/graziamagazine.com\/mx\/#website"},"datePublished":"2018-10-17T17:07:39+00:00","dateModified":"2018-10-17T17:09:23+00:00","description":"S\u00ed, los famosos corgis de la reina Elizabeth II tendr\u00e1n su propio filme animado y solo nos preguntamos si la monarca lo ver\u00e1 junto a sus nietos y bisnietos.","breadcrumb":{"@id":"https:\/\/graziamagazine.com\/mx\/articles\/los-corgis-de-la-reina-elizabeth-ii-tendran-una-pelicula-animada\/#breadcrumb"},"inLanguage":"es-MX","potentialAction":[{"@type":"ReadAction","target":["https:\/\/graziamagazine.com\/mx\/articles\/los-corgis-de-la-reina-elizabeth-ii-tendran-una-pelicula-animada\/"]}]},{"@type":"BreadcrumbList","@id":"https:\/\/graziamagazine.com\/mx\/articles\/los-corgis-de-la-reina-elizabeth-ii-tendran-una-pelicula-animada\/#breadcrumb","itemListElement":[{"@type":"ListItem","position":1,"name":"Home","item":"https:\/\/graziamagazine.com\/mx\/"},{"@type":"ListItem","position":2,"name":"Los corgis de la reina Elizabeth II tendr\u00e1n una pel\u00edcula animada"}]},{"@type":"WebSite","@id":"https:\/\/graziamagazine.com\/mx\/#website","url":"https:\/\/graziamagazine.com\/mx\/","name":"Grazia M\u00e9xico y Latinoam\u00e9rica","description":"Grazia es moda, belleza y noticias  de actualidad ","potentialAction":[{"@type":"SearchAction","target":{"@type":"EntryPoint","urlTemplate":"https:\/\/graziamagazine.com\/mx\/?s={search_term_string}"},"query-input":"required name=search_term_string"}],"inLanguage":"es-MX"}]}},"jetpack_sharing_enabled":true,"distributor_meta":false,"distributor_terms":false,"distributor_media":false,"distributor_original_site_name":"Grazia M\u00e9xico y Latinoam\u00e9rica","distributor_original_site_url":"https:\/\/graziamagazine.com\/mx","push-errors":false,"_links":{"self":[{"href":"https:\/\/graziamagazine.com\/mx\/wp-json\/wp\/v2\/articles\/58324"}],"collection":[{"href":"https:\/\/graziamagazine.com\/mx\/wp-json\/wp\/v2\/articles"}],"about":[{"href":"https:\/\/graziamagazine.com\/mx\/wp-json\/wp\/v2\/types\/articles"}],"author":[{"embeddable":true,"href":"https:\/\/graziamagazine.com\/mx\/wp-json\/wp\/v2\/users\/11636"}],"wp:featuredmedia":[{"embeddable":true,"href":"https:\/\/graziamagazine.com\/mx\/wp-json\/wp\/v2\/media\/58326"}],"wp:attachment":[{"href":"https:\/\/graziamagazine.com\/mx\/wp-json\/wp\/v2\/media?parent=58324"}],"wp:term":[{"taxonomy":"category","embeddable":true,"href":"https:\/\/graziamagazine.com\/mx\/wp-json\/wp\/v2\/categories?post=58324"}],"curies":[{"name":"wp","href":"https:\/\/api.w.org\/{rel}","templated":true}]}}