{"id":58153,"date":"2018-10-15T07:43:09","date_gmt":"2018-10-15T12:43:09","guid":{"rendered":"https:\/\/graziamagazine.com\/mx\/?p=58153"},"modified":"2018-10-15T09:54:37","modified_gmt":"2018-10-15T14:54:37","slug":"es-oficial-meghan-markle-y-prince-harry-se-convertiran-en-papas","status":"publish","type":"articles","link":"https:\/\/graziamagazine.com\/mx\/articles\/es-oficial-meghan-markle-y-prince-harry-se-convertiran-en-papas\/","title":{"rendered":"\u00a1Es oficial! Meghan Markle y Prince Harry se convertir\u00e1n en pap\u00e1s"},"content":{"rendered":"<p><strong>Ya es un hecho. Luego de especulaci\u00f3n tras especulaci\u00f3n, Meghan Markle y Prince Harry lo confirman mientras tocan tierra en Australia para empezar su gira en Ocean\u00eda.<!--more--><\/strong><\/p>\n<p>Han pasado <a href=\"https:\/\/graziamagazine.com\/mx\/10-momentos-para-recordar-de-la-boda-real-de-meghan-markle-y-prince-harry\/\" target=\"_blank\" rel=\"noopener\">casi cinco meses desde la boda real<\/a> de <strong>Meghan Markle<\/strong> y <strong>Prince Harry<\/strong> y hoy, <em>Kensington Palace<\/em> <a href=\"https:\/\/graziamagazine.com\/mx\/aseguran-que-meghan-markle-esta-embarazada-pero-deberiamos-creerlo\/\" target=\"_blank\" rel=\"noopener\">confirma que habr\u00e1 un mini royal<\/a> m\u00e1s rondando por sus pasillos. Nos referimos a la noticia que trae al mundo emocionado; \u00a1los <strong>duques de Sussex<\/strong> se convertir\u00e1n en pap\u00e1s!<\/p>\n<blockquote class=\"twitter-tweet\" data-width=\"500\" data-dnt=\"true\">\n<p lang=\"en\" dir=\"ltr\">BREAKING THIS MORNING: Meghan Markle, the Duchess of Sussex, is pregnant, Kensington Palace announces. <a href=\"https:\/\/twitter.com\/JamesAALongman?ref_src=twsrc%5Etfw\" target=\"_blank\">@JamesAALongman<\/a> reports live from Sydney, Australia where he&#39;s following Meghan and Harry on their Commonwealth tour.<\/p>\n<p>FULL STORY: <a href=\"https:\/\/t.co\/fvXlLzN5Je\" target=\"_blank\">https:\/\/t.co\/fvXlLzN5Je<\/a> <a href=\"https:\/\/t.co\/H3t7yyjfbO\" target=\"_blank\">pic.twitter.com\/H3t7yyjfbO<\/a><\/p>\n<p>&mdash; Good Morning America (@GMA) <a href=\"https:\/\/twitter.com\/GMA\/status\/1051795453996494849?ref_src=twsrc%5Etfw\" target=\"_blank\">October 15, 2018<\/a><\/p><\/blockquote>\n<p><script async src=\"https:\/\/platform.twitter.com\/widgets.js\" charset=\"utf-8\"><\/script><\/p>\n<p>La noticia viene en tiempo con la primera gira oficial de la pareja real. El <em>tour<\/em> que empezar\u00e1n en Australia el d\u00eda de hoy, ver\u00e1 a los duques por 16 d\u00edas consecutivos. \u00bfAcaso Meghan ya no encontraba maneras de esconder su <em>baby bump<\/em>? De acuerdo con la noticia oficial en las redes sociales de <em><a href=\"https:\/\/www.royal.uk\/duke-and-duchess-sussex-are-expecting-baby\" target=\"_blank\" rel=\"noopener\" target=\"_blank\">Kensington Palace<\/a><\/em>, el beb\u00e9 se espera para la siguiente primavera. Y aunque no hay m\u00e1s detalles, imaginamos que George y Charlotte est\u00e1n emocionados por recibir a un primo.<\/p>\n<blockquote class=\"twitter-tweet\" data-width=\"500\" data-dnt=\"true\">\n<p lang=\"en\" dir=\"ltr\">Their Royal Highnesses The Duke and Duchess of Sussex are very pleased to announce that The Duchess of Sussex is expecting a baby in the Spring of 2019. <a href=\"https:\/\/t.co\/Ut9C0RagLk\" target=\"_blank\">pic.twitter.com\/Ut9C0RagLk<\/a><\/p>\n<p>&mdash; The Duke and Duchess of Cambridge (@KensingtonRoyal) <a href=\"https:\/\/twitter.com\/KensingtonRoyal\/status\/1051739344887848960?ref_src=twsrc%5Etfw\" target=\"_blank\">October 15, 2018<\/a><\/p><\/blockquote>\n<p><script async src=\"https:\/\/platform.twitter.com\/widgets.js\" charset=\"utf-8\"><\/script><\/p>\n<p>A trav\u00e9s de un comunicado, <strong><a href=\"https:\/\/graziamagazine.com\/mx\/la-protagonista-de-la-boda-real-la-mama-de-meghan-markle-doria-ragland\/\" target=\"_blank\" rel=\"noopener\">Doria Ragland<\/a><\/strong> expres\u00f3 su felicidad por recibir a su primer nieto. La reina, <strong>Prince Charles<\/strong>, <strong>Camilla<\/strong> y los <strong>duques de Cambridge<\/strong>, tambi\u00e9n compartieron la emoci\u00f3n.<\/p>\n<p>Desde la primera entrevista que la pareja, a\u00fan comprometida, dio, expresaron su deseo por tener una numerosa familia. Pero hace casi un a\u00f1o, esto era un plan con futuro pr\u00f3ximo.<\/p>\n<p>Ahora que finalmente esperamos a un cuarto beb\u00e9 <em>royal<\/em>, estamos emocionados por ver el estilo <em>mom-to-be<\/em> de Meghan durante su gira. \u00bfSer\u00e1 que Kate Middleton ya le dio algunos consejos?<\/p>\n<blockquote class=\"twitter-tweet\" data-width=\"500\" data-dnt=\"true\">\n<p lang=\"en\" dir=\"ltr\">Meghan Markle is pregnant &#8211; Prince Harry will make a great dad! <a href=\"https:\/\/twitter.com\/hashtag\/RoyalBaby?src=hash&amp;ref_src=twsrc%5Etfw\" target=\"_blank\">#RoyalBaby<\/a> <a href=\"https:\/\/t.co\/fMo3sB326M\" target=\"_blank\">pic.twitter.com\/fMo3sB326M<\/a><\/p>\n<p>&mdash; The Independent (@Independent) <a href=\"https:\/\/twitter.com\/Independent\/status\/1051770656440897536?ref_src=twsrc%5Etfw\" target=\"_blank\">October 15, 2018<\/a><\/p><\/blockquote>\n<p><script async src=\"https:\/\/platform.twitter.com\/widgets.js\" charset=\"utf-8\"><\/script><\/p>\n<h5><em>*IMAGEN: Getty Images<\/em><\/h5>\n","protected":false},"author":11636,"featured_media":58158,"template":"","format":"standard","categories":[2],"acf":[],"yoast_head":"<!-- This site is optimized with the Yoast SEO Premium plugin v18.5 (Yoast SEO v20.4) - https:\/\/yoast.com\/wordpress\/plugins\/seo\/ -->\n<title>\u00a1Es oficial! Meghan Markle y Prince Harry se convertir\u00e1n en pap\u00e1s | Grazia M\u00e9xico y Latinoam\u00e9rica<\/title>\n<meta name=\"description\" content=\"Ya es un hecho. Luego de especulaci\u00f3n tras especulaci\u00f3n, Meghan Markle y Prince Harry lo confirman mientras tocan tierra en Australia para empezar su gira en Ocean\u00eda.\" \/>\n<meta name=\"robots\" content=\"index, follow, max-snippet:-1, max-image-preview:large, max-video-preview:-1\" \/>\n<link rel=\"canonical\" href=\"https:\/\/graziamagazine.com\/mx\/articles\/es-oficial-meghan-markle-y-prince-harry-se-convertiran-en-papas\/\" \/>\n<meta property=\"og:locale\" content=\"es_MX\" \/>\n<meta property=\"og:type\" content=\"article\" \/>\n<meta property=\"og:title\" content=\"\u00a1Es oficial! Meghan Markle y Prince Harry se convertir\u00e1n en pap\u00e1s\" \/>\n<meta property=\"og:description\" content=\"Ya es un hecho. Luego de especulaci\u00f3n tras especulaci\u00f3n, Meghan Markle y Prince Harry lo confirman mientras tocan tierra en Australia para empezar su gira en Ocean\u00eda.\" \/>\n<meta property=\"og:url\" content=\"https:\/\/graziamagazine.com\/mx\/articles\/es-oficial-meghan-markle-y-prince-harry-se-convertiran-en-papas\/\" \/>\n<meta property=\"og:site_name\" content=\"Grazia M\u00e9xico y Latinoam\u00e9rica\" \/>\n<meta property=\"article:modified_time\" content=\"2018-10-15T14:54:37+00:00\" \/>\n<meta property=\"og:image\" content=\"https:\/\/graziamagazine.com\/mx\/wp-content\/uploads\/sites\/13\/2018\/10\/es-oficial-meghan-markle-y-prince-harry-se-convertiran-en-papas-destacada.jpg?fit=3654%2C2728\" \/>\n\t<meta property=\"og:image:width\" content=\"3654\" \/>\n\t<meta property=\"og:image:height\" content=\"2728\" \/>\n\t<meta property=\"og:image:type\" content=\"image\/jpeg\" \/>\n<meta name=\"twitter:card\" content=\"summary_large_image\" \/>\n<meta name=\"twitter:label1\" content=\"Est. reading time\" \/>\n\t<meta name=\"twitter:data1\" content=\"1 minuto\" \/>\n<script type=\"application\/ld+json\" class=\"yoast-schema-graph\">{\"@context\":\"https:\/\/schema.org\",\"@graph\":[{\"@type\":\"WebPage\",\"@id\":\"https:\/\/graziamagazine.com\/mx\/articles\/es-oficial-meghan-markle-y-prince-harry-se-convertiran-en-papas\/\",\"url\":\"https:\/\/graziamagazine.com\/mx\/articles\/es-oficial-meghan-markle-y-prince-harry-se-convertiran-en-papas\/\",\"name\":\"\u00a1Es oficial! Meghan Markle y Prince Harry se convertir\u00e1n en pap\u00e1s | Grazia M\u00e9xico y Latinoam\u00e9rica\",\"isPartOf\":{\"@id\":\"https:\/\/graziamagazine.com\/mx\/#website\"},\"datePublished\":\"2018-10-15T12:43:09+00:00\",\"dateModified\":\"2018-10-15T14:54:37+00:00\",\"description\":\"Ya es un hecho. Luego de especulaci\u00f3n tras especulaci\u00f3n, Meghan Markle y Prince Harry lo confirman mientras tocan tierra en Australia para empezar su gira en Ocean\u00eda.\",\"breadcrumb\":{\"@id\":\"https:\/\/graziamagazine.com\/mx\/articles\/es-oficial-meghan-markle-y-prince-harry-se-convertiran-en-papas\/#breadcrumb\"},\"inLanguage\":\"es-MX\",\"potentialAction\":[{\"@type\":\"ReadAction\",\"target\":[\"https:\/\/graziamagazine.com\/mx\/articles\/es-oficial-meghan-markle-y-prince-harry-se-convertiran-en-papas\/\"]}]},{\"@type\":\"BreadcrumbList\",\"@id\":\"https:\/\/graziamagazine.com\/mx\/articles\/es-oficial-meghan-markle-y-prince-harry-se-convertiran-en-papas\/#breadcrumb\",\"itemListElement\":[{\"@type\":\"ListItem\",\"position\":1,\"name\":\"Home\",\"item\":\"https:\/\/graziamagazine.com\/mx\/\"},{\"@type\":\"ListItem\",\"position\":2,\"name\":\"\u00a1Es oficial! Meghan Markle y Prince Harry se convertir\u00e1n en pap\u00e1s\"}]},{\"@type\":\"WebSite\",\"@id\":\"https:\/\/graziamagazine.com\/mx\/#website\",\"url\":\"https:\/\/graziamagazine.com\/mx\/\",\"name\":\"Grazia M\u00e9xico y Latinoam\u00e9rica\",\"description\":\"Grazia es moda, belleza y noticias  de actualidad \",\"potentialAction\":[{\"@type\":\"SearchAction\",\"target\":{\"@type\":\"EntryPoint\",\"urlTemplate\":\"https:\/\/graziamagazine.com\/mx\/?s={search_term_string}\"},\"query-input\":\"required name=search_term_string\"}],\"inLanguage\":\"es-MX\"}]}<\/script>\n<!-- \/ Yoast SEO Premium plugin. -->","yoast_head_json":{"title":"\u00a1Es oficial! Meghan Markle y Prince Harry se convertir\u00e1n en pap\u00e1s | Grazia M\u00e9xico y Latinoam\u00e9rica","description":"Ya es un hecho. Luego de especulaci\u00f3n tras especulaci\u00f3n, Meghan Markle y Prince Harry lo confirman mientras tocan tierra en Australia para empezar su gira en Ocean\u00eda.","robots":{"index":"index","follow":"follow","max-snippet":"max-snippet:-1","max-image-preview":"max-image-preview:large","max-video-preview":"max-video-preview:-1"},"canonical":"https:\/\/graziamagazine.com\/mx\/articles\/es-oficial-meghan-markle-y-prince-harry-se-convertiran-en-papas\/","og_locale":"es_MX","og_type":"article","og_title":"\u00a1Es oficial! Meghan Markle y Prince Harry se convertir\u00e1n en pap\u00e1s","og_description":"Ya es un hecho. Luego de especulaci\u00f3n tras especulaci\u00f3n, Meghan Markle y Prince Harry lo confirman mientras tocan tierra en Australia para empezar su gira en Ocean\u00eda.","og_url":"https:\/\/graziamagazine.com\/mx\/articles\/es-oficial-meghan-markle-y-prince-harry-se-convertiran-en-papas\/","og_site_name":"Grazia M\u00e9xico y Latinoam\u00e9rica","article_modified_time":"2018-10-15T14:54:37+00:00","og_image":[{"width":3654,"height":2728,"url":"https:\/\/graziamagazine.com\/mx\/wp-content\/uploads\/sites\/13\/2018\/10\/es-oficial-meghan-markle-y-prince-harry-se-convertiran-en-papas-destacada.jpg?fit=3654%2C2728","type":"image\/jpeg"}],"twitter_card":"summary_large_image","twitter_misc":{"Est. reading time":"1 minuto"},"schema":{"@context":"https:\/\/schema.org","@graph":[{"@type":"WebPage","@id":"https:\/\/graziamagazine.com\/mx\/articles\/es-oficial-meghan-markle-y-prince-harry-se-convertiran-en-papas\/","url":"https:\/\/graziamagazine.com\/mx\/articles\/es-oficial-meghan-markle-y-prince-harry-se-convertiran-en-papas\/","name":"\u00a1Es oficial! Meghan Markle y Prince Harry se convertir\u00e1n en pap\u00e1s | Grazia M\u00e9xico y Latinoam\u00e9rica","isPartOf":{"@id":"https:\/\/graziamagazine.com\/mx\/#website"},"datePublished":"2018-10-15T12:43:09+00:00","dateModified":"2018-10-15T14:54:37+00:00","description":"Ya es un hecho. Luego de especulaci\u00f3n tras especulaci\u00f3n, Meghan Markle y Prince Harry lo confirman mientras tocan tierra en Australia para empezar su gira en Ocean\u00eda.","breadcrumb":{"@id":"https:\/\/graziamagazine.com\/mx\/articles\/es-oficial-meghan-markle-y-prince-harry-se-convertiran-en-papas\/#breadcrumb"},"inLanguage":"es-MX","potentialAction":[{"@type":"ReadAction","target":["https:\/\/graziamagazine.com\/mx\/articles\/es-oficial-meghan-markle-y-prince-harry-se-convertiran-en-papas\/"]}]},{"@type":"BreadcrumbList","@id":"https:\/\/graziamagazine.com\/mx\/articles\/es-oficial-meghan-markle-y-prince-harry-se-convertiran-en-papas\/#breadcrumb","itemListElement":[{"@type":"ListItem","position":1,"name":"Home","item":"https:\/\/graziamagazine.com\/mx\/"},{"@type":"ListItem","position":2,"name":"\u00a1Es oficial! Meghan Markle y Prince Harry se convertir\u00e1n en pap\u00e1s"}]},{"@type":"WebSite","@id":"https:\/\/graziamagazine.com\/mx\/#website","url":"https:\/\/graziamagazine.com\/mx\/","name":"Grazia M\u00e9xico y Latinoam\u00e9rica","description":"Grazia es moda, belleza y noticias  de actualidad ","potentialAction":[{"@type":"SearchAction","target":{"@type":"EntryPoint","urlTemplate":"https:\/\/graziamagazine.com\/mx\/?s={search_term_string}"},"query-input":"required name=search_term_string"}],"inLanguage":"es-MX"}]}},"jetpack_sharing_enabled":true,"distributor_meta":false,"distributor_terms":false,"distributor_media":false,"distributor_original_site_name":"Grazia M\u00e9xico y Latinoam\u00e9rica","distributor_original_site_url":"https:\/\/graziamagazine.com\/mx","push-errors":false,"_links":{"self":[{"href":"https:\/\/graziamagazine.com\/mx\/wp-json\/wp\/v2\/articles\/58153"}],"collection":[{"href":"https:\/\/graziamagazine.com\/mx\/wp-json\/wp\/v2\/articles"}],"about":[{"href":"https:\/\/graziamagazine.com\/mx\/wp-json\/wp\/v2\/types\/articles"}],"author":[{"embeddable":true,"href":"https:\/\/graziamagazine.com\/mx\/wp-json\/wp\/v2\/users\/11636"}],"wp:featuredmedia":[{"embeddable":true,"href":"https:\/\/graziamagazine.com\/mx\/wp-json\/wp\/v2\/media\/58158"}],"wp:attachment":[{"href":"https:\/\/graziamagazine.com\/mx\/wp-json\/wp\/v2\/media?parent=58153"}],"wp:term":[{"taxonomy":"category","embeddable":true,"href":"https:\/\/graziamagazine.com\/mx\/wp-json\/wp\/v2\/categories?post=58153"}],"curies":[{"name":"wp","href":"https:\/\/api.w.org\/{rel}","templated":true}]}}