{"id":57954,"date":"2018-10-09T16:30:40","date_gmt":"2018-10-09T21:30:40","guid":{"rendered":"https:\/\/graziamagazine.com\/mx\/?p=57954"},"modified":"2018-10-09T16:31:15","modified_gmt":"2018-10-09T21:31:15","slug":"kendall-jenner-y-kaley-cuoco-ponen-la-prueba-para-ir-al-polo-con-estilo","status":"publish","type":"articles","link":"https:\/\/graziamagazine.com\/mx\/articles\/kendall-jenner-y-kaley-cuoco-ponen-la-prueba-para-ir-al-polo-con-estilo\/","title":{"rendered":"Kendall Jenner y Kaley Cuoco ponen la prueba para ir al Polo con estilo"},"content":{"rendered":"<p><b>Una tarde de Polo con tus celebridades favoritas. Desde Kendall Jenner hasta Mandy Moore, estas fueron nuestras favoritas en el Veuve Clicquot Polo Classic.<\/b><!--more--><\/p>\n<p><b>Veuve Clicquot<\/b> lo ha vuelto a hacer. Despu\u00e9s de nueve a\u00f1os organizando el torneo de Polo m\u00e1s glamuroso de Los \u00c1ngeles, una vez m\u00e1s ha vuelto a reunir a 6 mil personas en el\u00a0hermoso <i>Will Rogers State Historic Park<\/i> para celebrar con <i>champagne<\/i> y disfrutar del anticipado Veuve Clicquot Polo Classic.<\/p>\n<p>Una velada de ensue\u00f1o en la que nada (ni nadie) es aleatorio. Por poner un ejemplo, el parque, ubicado en las colinas de <i>Pacific Palisades<\/i>, fue un lugar emblem\u00e1tico para disfrutar del polo entre las celebridades, incluyendo a Will Rogers, Walt Disney, Spencer\u00a0Tracy, Clark Gable y Douglas Fairbanks.<\/p>\n<p>En esta ocasi\u00f3n, engalanaron la secci\u00f3n de <i>VIP <\/i>amigos de la marca como\u00a0Olivia Wilde, Jason Sudeikis, Kendall Jenner, Mandy Moore, Kaley Cuoco, Ellen Pompeo, Rosario Dawson, Christina Hendricks, Angela Sarafyan, Justin Hartley, Wilmer Valderrama, Jesse Williams, Garcelle Beauvais, Harry Shum Jr., Rachel Zoe, Ali Larter, Molly Sims, Victoria Justice y Samantha Ronson, entre otros.<\/p>\n<p>Respetando esa esencia campirana y glamurosa a la vez, te presentamos nuestra selecci\u00f3n de mejor vestidas (con el permiso de Pen\u00e9lope Cruz, quien <a href=\"http:\/\/www.grazia.es\/moda\/penelope-cruz-y-su-catedra-de-estilo-en-el-torneo-de-polo-mas-famoso-de-nueva-york\/\" target=\"_blank\">fue la m\u00e1s aclamada del\u00a0Veuve Clicquot Polo Classic de Nueva York<\/a>, celebrado el pasado mes de junio):<\/p>\n<p><b>Kaley Cuoco<\/b><\/p>\n<p><img decoding=\"async\" class=\"alignnone size-large wp-image-57956\" src=\"https:\/\/graziamagazine.com\/mx\/wp-content\/uploads\/sites\/13\/2018\/10\/kendall-jenner-y-kaley-cuoco-ponen-la-prueba-para-ir-al-polo-con-estilo-1-700x1050.jpg\" alt=\"\" \/><\/p>\n<p>En un <i>total look<\/i> de Fendi, la protagonista de <i>The Big Bang Theory<\/i> deslumbr\u00f3 con un atuendo tan sencillo como apropiado. Un conjunto de camisa y shorts con estampado a cuadros tipo Vichy y un <i>bucket bag<\/i> con detalles en el\u00a0<a href=\"https:\/\/graziamagazine.com\/mx\/rihanna-llevo-el-estampado-de-serpiente-al-limite-y-esto-aprendimos\/\" target=\"_blank\" rel=\"noopener\">animal print del momento<\/a>.<\/p>\n<p><b>Olivia Wilde<\/b><\/p>\n<p><img decoding=\"async\" class=\"alignnone size-large wp-image-57957\" src=\"https:\/\/graziamagazine.com\/mx\/wp-content\/uploads\/sites\/13\/2018\/10\/kendall-jenner-y-kaley-cuoco-ponen-la-prueba-para-ir-al-polo-con-estilo-2-700x1020.jpg\" alt=\"\" \/><\/p>\n<p>La actriz y modelo luci\u00f3 un traje de pantal\u00f3n <i>palazzo<\/i> y un <i>blazer<\/i> con mangas de campana, ambos firmados por Alice + Olivia by StaceyBendet, y joyer\u00eda de\u00a0Foundrae fine Jewelry. Lo mejor de todo, el\u00a0sombrero, muy <i>ad hoc<\/i> con el evento.<\/p>\n<p><b>Kendall Jenner<\/b><\/p>\n<p><img decoding=\"async\" class=\"alignnone size-large wp-image-57958\" src=\"https:\/\/graziamagazine.com\/mx\/wp-content\/uploads\/sites\/13\/2018\/10\/kendall-jenner-y-kaley-cuoco-ponen-la-prueba-para-ir-al-polo-con-estilo-3-700x1050.jpg\" alt=\"\" \/><\/p>\n<p>Tras desfilar para las principales firmas de lujo internacionales en <i>fashion month<\/i> y ver las nuevas tendencias desde muy cerca,\u00a0Jenner opt\u00f3 por un vestido de cuello redondo y manga larga, en azul cielo, que marcaba su silueta con un cors\u00e9, de la firma\u00a0Philosophy di Lorenzo Serafini.<\/p>\n<p><b>Mandy Moore<\/b><\/p>\n<p><img decoding=\"async\" class=\"alignnone size-large wp-image-57960\" src=\"https:\/\/graziamagazine.com\/mx\/wp-content\/uploads\/sites\/13\/2018\/10\/kendall-jenner-y-kaley-cuoco-ponen-la-prueba-para-ir-al-polo-con-estilo-4-700x1056.jpg\" alt=\"\" \/><\/p>\n<p>Al igual que Kaley Cuoco, pero con un estilo totalmente diferente, la eterna antagonista de Anne Hathaway en <i>The Princess Diaries <\/i>eligi\u00f3 un vestido de Fendi para la tarde. Un modelo plisado de escote en V con interesantes detalles de lazos en los hombros.<\/p>\n<p>Y t\u00fa, \u00bfa qui\u00e9n le dar\u00edas el trofeo a la m\u00e1s acertada para una tarde de polo?<\/p>\n<h5><\/h5>\n<h5><em>Art\u00edculo publicado originalmente en <a href=\"http:\/\/www.grazia.es\/celebs\/kaley-cuoco-vs-kendall-jenner-guerra-de-estilos-en-el-polo\/\" target=\"_blank\" rel=\"noopener\" target=\"_blank\">Grazia.es<\/a><\/em><\/h5>\n<h5><em>*IM\u00c1GENES: Cortes\u00eda<\/em><\/h5>\n","protected":false},"author":11623,"featured_media":57961,"template":"","format":"standard","categories":[2],"acf":[],"yoast_head":"<!-- This site is optimized with the Yoast SEO Premium plugin v18.5 (Yoast SEO v20.4) - https:\/\/yoast.com\/wordpress\/plugins\/seo\/ -->\n<title>Kendall Jenner y Kaley Cuoco ponen la prueba para ir al Polo con estilo | Grazia M\u00e9xico y Latinoam\u00e9rica<\/title>\n<meta name=\"description\" content=\"Una tarde de Polo con tus celebridades favoritas. Desde Kendall Jenner hasta Mandy Moore, estas fueron nuestras favoritas en el Veuve Clicquot Polo Classic.\" \/>\n<meta name=\"robots\" content=\"index, follow, max-snippet:-1, max-image-preview:large, max-video-preview:-1\" \/>\n<link rel=\"canonical\" href=\"https:\/\/graziamagazine.com\/mx\/articles\/kendall-jenner-y-kaley-cuoco-ponen-la-prueba-para-ir-al-polo-con-estilo\/\" \/>\n<meta property=\"og:locale\" content=\"es_MX\" \/>\n<meta property=\"og:type\" content=\"article\" \/>\n<meta property=\"og:title\" content=\"Kendall Jenner y Kaley Cuoco ponen la prueba para ir al Polo con estilo\" \/>\n<meta property=\"og:description\" content=\"Una tarde de Polo con tus celebridades favoritas. Desde Kendall Jenner hasta Mandy Moore, estas fueron nuestras favoritas en el Veuve Clicquot Polo Classic.\" \/>\n<meta property=\"og:url\" content=\"https:\/\/graziamagazine.com\/mx\/articles\/kendall-jenner-y-kaley-cuoco-ponen-la-prueba-para-ir-al-polo-con-estilo\/\" \/>\n<meta property=\"og:site_name\" content=\"Grazia M\u00e9xico y Latinoam\u00e9rica\" \/>\n<meta property=\"article:modified_time\" content=\"2018-10-09T21:31:15+00:00\" \/>\n<meta property=\"og:image\" content=\"https:\/\/graziamagazine.com\/mx\/wp-content\/uploads\/sites\/13\/2018\/10\/kendall-jenner-y-kaley-cuoco-ponen-la-prueba-para-ir-al-polo-con-estilo-destacada.jpg?fit=3696%2C2456\" \/>\n\t<meta property=\"og:image:width\" content=\"3696\" \/>\n\t<meta property=\"og:image:height\" content=\"2456\" \/>\n\t<meta property=\"og:image:type\" content=\"image\/jpeg\" \/>\n<meta name=\"twitter:card\" content=\"summary_large_image\" \/>\n<meta name=\"twitter:label1\" content=\"Est. reading time\" \/>\n\t<meta name=\"twitter:data1\" content=\"2 minutos\" \/>\n<script type=\"application\/ld+json\" class=\"yoast-schema-graph\">{\"@context\":\"https:\/\/schema.org\",\"@graph\":[{\"@type\":\"WebPage\",\"@id\":\"https:\/\/graziamagazine.com\/mx\/articles\/kendall-jenner-y-kaley-cuoco-ponen-la-prueba-para-ir-al-polo-con-estilo\/\",\"url\":\"https:\/\/graziamagazine.com\/mx\/articles\/kendall-jenner-y-kaley-cuoco-ponen-la-prueba-para-ir-al-polo-con-estilo\/\",\"name\":\"Kendall Jenner y Kaley Cuoco ponen la prueba para ir al Polo con estilo | Grazia M\u00e9xico y Latinoam\u00e9rica\",\"isPartOf\":{\"@id\":\"https:\/\/graziamagazine.com\/mx\/#website\"},\"datePublished\":\"2018-10-09T21:30:40+00:00\",\"dateModified\":\"2018-10-09T21:31:15+00:00\",\"description\":\"Una tarde de Polo con tus celebridades favoritas. Desde Kendall Jenner hasta Mandy Moore, estas fueron nuestras favoritas en el Veuve Clicquot Polo Classic.\",\"breadcrumb\":{\"@id\":\"https:\/\/graziamagazine.com\/mx\/articles\/kendall-jenner-y-kaley-cuoco-ponen-la-prueba-para-ir-al-polo-con-estilo\/#breadcrumb\"},\"inLanguage\":\"es-MX\",\"potentialAction\":[{\"@type\":\"ReadAction\",\"target\":[\"https:\/\/graziamagazine.com\/mx\/articles\/kendall-jenner-y-kaley-cuoco-ponen-la-prueba-para-ir-al-polo-con-estilo\/\"]}]},{\"@type\":\"BreadcrumbList\",\"@id\":\"https:\/\/graziamagazine.com\/mx\/articles\/kendall-jenner-y-kaley-cuoco-ponen-la-prueba-para-ir-al-polo-con-estilo\/#breadcrumb\",\"itemListElement\":[{\"@type\":\"ListItem\",\"position\":1,\"name\":\"Home\",\"item\":\"https:\/\/graziamagazine.com\/mx\/\"},{\"@type\":\"ListItem\",\"position\":2,\"name\":\"Kendall Jenner y Kaley Cuoco ponen la prueba para ir al Polo con estilo\"}]},{\"@type\":\"WebSite\",\"@id\":\"https:\/\/graziamagazine.com\/mx\/#website\",\"url\":\"https:\/\/graziamagazine.com\/mx\/\",\"name\":\"Grazia M\u00e9xico y Latinoam\u00e9rica\",\"description\":\"Grazia es moda, belleza y noticias  de actualidad \",\"potentialAction\":[{\"@type\":\"SearchAction\",\"target\":{\"@type\":\"EntryPoint\",\"urlTemplate\":\"https:\/\/graziamagazine.com\/mx\/?s={search_term_string}\"},\"query-input\":\"required name=search_term_string\"}],\"inLanguage\":\"es-MX\"}]}<\/script>\n<!-- \/ Yoast SEO Premium plugin. -->","yoast_head_json":{"title":"Kendall Jenner y Kaley Cuoco ponen la prueba para ir al Polo con estilo | Grazia M\u00e9xico y Latinoam\u00e9rica","description":"Una tarde de Polo con tus celebridades favoritas. Desde Kendall Jenner hasta Mandy Moore, estas fueron nuestras favoritas en el Veuve Clicquot Polo Classic.","robots":{"index":"index","follow":"follow","max-snippet":"max-snippet:-1","max-image-preview":"max-image-preview:large","max-video-preview":"max-video-preview:-1"},"canonical":"https:\/\/graziamagazine.com\/mx\/articles\/kendall-jenner-y-kaley-cuoco-ponen-la-prueba-para-ir-al-polo-con-estilo\/","og_locale":"es_MX","og_type":"article","og_title":"Kendall Jenner y Kaley Cuoco ponen la prueba para ir al Polo con estilo","og_description":"Una tarde de Polo con tus celebridades favoritas. Desde Kendall Jenner hasta Mandy Moore, estas fueron nuestras favoritas en el Veuve Clicquot Polo Classic.","og_url":"https:\/\/graziamagazine.com\/mx\/articles\/kendall-jenner-y-kaley-cuoco-ponen-la-prueba-para-ir-al-polo-con-estilo\/","og_site_name":"Grazia M\u00e9xico y Latinoam\u00e9rica","article_modified_time":"2018-10-09T21:31:15+00:00","og_image":[{"width":3696,"height":2456,"url":"https:\/\/graziamagazine.com\/mx\/wp-content\/uploads\/sites\/13\/2018\/10\/kendall-jenner-y-kaley-cuoco-ponen-la-prueba-para-ir-al-polo-con-estilo-destacada.jpg?fit=3696%2C2456","type":"image\/jpeg"}],"twitter_card":"summary_large_image","twitter_misc":{"Est. reading time":"2 minutos"},"schema":{"@context":"https:\/\/schema.org","@graph":[{"@type":"WebPage","@id":"https:\/\/graziamagazine.com\/mx\/articles\/kendall-jenner-y-kaley-cuoco-ponen-la-prueba-para-ir-al-polo-con-estilo\/","url":"https:\/\/graziamagazine.com\/mx\/articles\/kendall-jenner-y-kaley-cuoco-ponen-la-prueba-para-ir-al-polo-con-estilo\/","name":"Kendall Jenner y Kaley Cuoco ponen la prueba para ir al Polo con estilo | Grazia M\u00e9xico y Latinoam\u00e9rica","isPartOf":{"@id":"https:\/\/graziamagazine.com\/mx\/#website"},"datePublished":"2018-10-09T21:30:40+00:00","dateModified":"2018-10-09T21:31:15+00:00","description":"Una tarde de Polo con tus celebridades favoritas. Desde Kendall Jenner hasta Mandy Moore, estas fueron nuestras favoritas en el Veuve Clicquot Polo Classic.","breadcrumb":{"@id":"https:\/\/graziamagazine.com\/mx\/articles\/kendall-jenner-y-kaley-cuoco-ponen-la-prueba-para-ir-al-polo-con-estilo\/#breadcrumb"},"inLanguage":"es-MX","potentialAction":[{"@type":"ReadAction","target":["https:\/\/graziamagazine.com\/mx\/articles\/kendall-jenner-y-kaley-cuoco-ponen-la-prueba-para-ir-al-polo-con-estilo\/"]}]},{"@type":"BreadcrumbList","@id":"https:\/\/graziamagazine.com\/mx\/articles\/kendall-jenner-y-kaley-cuoco-ponen-la-prueba-para-ir-al-polo-con-estilo\/#breadcrumb","itemListElement":[{"@type":"ListItem","position":1,"name":"Home","item":"https:\/\/graziamagazine.com\/mx\/"},{"@type":"ListItem","position":2,"name":"Kendall Jenner y Kaley Cuoco ponen la prueba para ir al Polo con estilo"}]},{"@type":"WebSite","@id":"https:\/\/graziamagazine.com\/mx\/#website","url":"https:\/\/graziamagazine.com\/mx\/","name":"Grazia M\u00e9xico y Latinoam\u00e9rica","description":"Grazia es moda, belleza y noticias  de actualidad ","potentialAction":[{"@type":"SearchAction","target":{"@type":"EntryPoint","urlTemplate":"https:\/\/graziamagazine.com\/mx\/?s={search_term_string}"},"query-input":"required name=search_term_string"}],"inLanguage":"es-MX"}]}},"jetpack_sharing_enabled":true,"distributor_meta":false,"distributor_terms":false,"distributor_media":false,"distributor_original_site_name":"Grazia M\u00e9xico y Latinoam\u00e9rica","distributor_original_site_url":"https:\/\/graziamagazine.com\/mx","push-errors":false,"_links":{"self":[{"href":"https:\/\/graziamagazine.com\/mx\/wp-json\/wp\/v2\/articles\/57954"}],"collection":[{"href":"https:\/\/graziamagazine.com\/mx\/wp-json\/wp\/v2\/articles"}],"about":[{"href":"https:\/\/graziamagazine.com\/mx\/wp-json\/wp\/v2\/types\/articles"}],"author":[{"embeddable":true,"href":"https:\/\/graziamagazine.com\/mx\/wp-json\/wp\/v2\/users\/11623"}],"wp:featuredmedia":[{"embeddable":true,"href":"https:\/\/graziamagazine.com\/mx\/wp-json\/wp\/v2\/media\/57961"}],"wp:attachment":[{"href":"https:\/\/graziamagazine.com\/mx\/wp-json\/wp\/v2\/media?parent=57954"}],"wp:term":[{"taxonomy":"category","embeddable":true,"href":"https:\/\/graziamagazine.com\/mx\/wp-json\/wp\/v2\/categories?post=57954"}],"curies":[{"name":"wp","href":"https:\/\/api.w.org\/{rel}","templated":true}]}}