{"id":57610,"date":"2018-10-01T12:30:13","date_gmt":"2018-10-01T17:30:13","guid":{"rendered":"https:\/\/graziamagazine.com\/mx\/?p=57610"},"modified":"2018-10-01T12:30:13","modified_gmt":"2018-10-01T17:30:13","slug":"57610-2","status":"publish","type":"articles","link":"https:\/\/graziamagazine.com\/mx\/articles\/57610-2\/","title":{"rendered":"El maximalismo de Pierpaolo Piccioli para Valentino SS19"},"content":{"rendered":"<div class=\"content-gallery\"><div class=\"gallery-placeholder\"><div class=\"spinner\"><\/div><\/div><span class=\"gallery-pagination\"><\/span><div id=\"gallery-1\" class=\"gallery galleryid-57610 gallery-columns- gallery-size-\"><figure class=\"gallery-item\"><div class=\"gallery-icon landscape\"><img loading=\"lazy\" decoding=\"async\" width=\"2000\" height=\"3000\" src=\"https:\/\/graziamagazine.com\/mx\/wp-content\/uploads\/sites\/13\/2018\/10\/VAL0593.jpg\" class=\"lazy\" alt=\"El maximalismo de Pierpaolo Piccioli para Valentino SS19\" srcset=\"https:\/\/graziamagazine.com\/mx\/wp-content\/uploads\/sites\/13\/2018\/10\/VAL0593.jpg 2000w, https:\/\/graziamagazine.com\/mx\/wp-content\/uploads\/sites\/13\/2018\/10\/VAL0593.jpg?resize=300,450 300w, https:\/\/graziamagazine.com\/mx\/wp-content\/uploads\/sites\/13\/2018\/10\/VAL0593.jpg?resize=768,1152 768w, https:\/\/graziamagazine.com\/mx\/wp-content\/uploads\/sites\/13\/2018\/10\/VAL0593.jpg?resize=683,1024 683w, https:\/\/graziamagazine.com\/mx\/wp-content\/uploads\/sites\/13\/2018\/10\/VAL0593.jpg?resize=1024,1536 1024w, https:\/\/graziamagazine.com\/mx\/wp-content\/uploads\/sites\/13\/2018\/10\/VAL0593.jpg?resize=1365,2048 1365w, https:\/\/graziamagazine.com\/mx\/wp-content\/uploads\/sites\/13\/2018\/10\/VAL0593.jpg?resize=143,215 143w\" sizes=\"(max-width: 2000px) 100vw, 2000px\" \/><\/div><\/figure><figure class=\"gallery-item\"><div class=\"gallery-icon landscape\"><img loading=\"lazy\" decoding=\"async\" width=\"2000\" height=\"3000\" src=\"https:\/\/graziamagazine.com\/mx\/wp-content\/uploads\/sites\/13\/2018\/10\/VAL0027.jpg\" class=\"lazy\" alt=\"El maximalismo de Pierpaolo Piccioli para Valentino SS19\" srcset=\"https:\/\/graziamagazine.com\/mx\/wp-content\/uploads\/sites\/13\/2018\/10\/VAL0027.jpg 2000w, https:\/\/graziamagazine.com\/mx\/wp-content\/uploads\/sites\/13\/2018\/10\/VAL0027.jpg?resize=300,450 300w, https:\/\/graziamagazine.com\/mx\/wp-content\/uploads\/sites\/13\/2018\/10\/VAL0027.jpg?resize=768,1152 768w, https:\/\/graziamagazine.com\/mx\/wp-content\/uploads\/sites\/13\/2018\/10\/VAL0027.jpg?resize=683,1024 683w, https:\/\/graziamagazine.com\/mx\/wp-content\/uploads\/sites\/13\/2018\/10\/VAL0027.jpg?resize=1024,1536 1024w, https:\/\/graziamagazine.com\/mx\/wp-content\/uploads\/sites\/13\/2018\/10\/VAL0027.jpg?resize=1365,2048 1365w, https:\/\/graziamagazine.com\/mx\/wp-content\/uploads\/sites\/13\/2018\/10\/VAL0027.jpg?resize=143,215 143w\" sizes=\"(max-width: 2000px) 100vw, 2000px\" \/><\/div><\/figure><figure class=\"gallery-item\"><div class=\"gallery-icon landscape\"><img loading=\"lazy\" decoding=\"async\" width=\"2000\" height=\"3000\" src=\"https:\/\/graziamagazine.com\/mx\/wp-content\/uploads\/sites\/13\/2018\/10\/VAL0715.jpg\" class=\"lazy\" alt=\"El maximalismo de Pierpaolo Piccioli para Valentino SS19\" srcset=\"https:\/\/graziamagazine.com\/mx\/wp-content\/uploads\/sites\/13\/2018\/10\/VAL0715.jpg 2000w, https:\/\/graziamagazine.com\/mx\/wp-content\/uploads\/sites\/13\/2018\/10\/VAL0715.jpg?resize=300,450 300w, https:\/\/graziamagazine.com\/mx\/wp-content\/uploads\/sites\/13\/2018\/10\/VAL0715.jpg?resize=768,1152 768w, https:\/\/graziamagazine.com\/mx\/wp-content\/uploads\/sites\/13\/2018\/10\/VAL0715.jpg?resize=683,1024 683w, https:\/\/graziamagazine.com\/mx\/wp-content\/uploads\/sites\/13\/2018\/10\/VAL0715.jpg?resize=1024,1536 1024w, https:\/\/graziamagazine.com\/mx\/wp-content\/uploads\/sites\/13\/2018\/10\/VAL0715.jpg?resize=1365,2048 1365w, https:\/\/graziamagazine.com\/mx\/wp-content\/uploads\/sites\/13\/2018\/10\/VAL0715.jpg?resize=143,215 143w\" sizes=\"(max-width: 2000px) 100vw, 2000px\" \/><\/div><\/figure><figure class=\"gallery-item\"><div class=\"gallery-icon landscape\"><img loading=\"lazy\" decoding=\"async\" width=\"2000\" height=\"3000\" src=\"https:\/\/graziamagazine.com\/mx\/wp-content\/uploads\/sites\/13\/2018\/10\/VAL1025.jpg\" class=\"lazy\" alt=\"El maximalismo de Pierpaolo Piccioli para Valentino SS19\" srcset=\"https:\/\/graziamagazine.com\/mx\/wp-content\/uploads\/sites\/13\/2018\/10\/VAL1025.jpg 2000w, https:\/\/graziamagazine.com\/mx\/wp-content\/uploads\/sites\/13\/2018\/10\/VAL1025.jpg?resize=300,450 300w, https:\/\/graziamagazine.com\/mx\/wp-content\/uploads\/sites\/13\/2018\/10\/VAL1025.jpg?resize=768,1152 768w, https:\/\/graziamagazine.com\/mx\/wp-content\/uploads\/sites\/13\/2018\/10\/VAL1025.jpg?resize=683,1024 683w, https:\/\/graziamagazine.com\/mx\/wp-content\/uploads\/sites\/13\/2018\/10\/VAL1025.jpg?resize=1024,1536 1024w, https:\/\/graziamagazine.com\/mx\/wp-content\/uploads\/sites\/13\/2018\/10\/VAL1025.jpg?resize=1365,2048 1365w, https:\/\/graziamagazine.com\/mx\/wp-content\/uploads\/sites\/13\/2018\/10\/VAL1025.jpg?resize=143,215 143w\" sizes=\"(max-width: 2000px) 100vw, 2000px\" \/><\/div><\/figure><figure class=\"gallery-item\"><div class=\"gallery-icon landscape\"><img loading=\"lazy\" decoding=\"async\" width=\"2000\" height=\"3000\" src=\"https:\/\/graziamagazine.com\/mx\/wp-content\/uploads\/sites\/13\/2018\/10\/VAL0361.jpg\" class=\"lazy\" alt=\"El maximalismo de Pierpaolo Piccioli para Valentino SS19\" srcset=\"https:\/\/graziamagazine.com\/mx\/wp-content\/uploads\/sites\/13\/2018\/10\/VAL0361.jpg 2000w, https:\/\/graziamagazine.com\/mx\/wp-content\/uploads\/sites\/13\/2018\/10\/VAL0361.jpg?resize=300,450 300w, https:\/\/graziamagazine.com\/mx\/wp-content\/uploads\/sites\/13\/2018\/10\/VAL0361.jpg?resize=768,1152 768w, https:\/\/graziamagazine.com\/mx\/wp-content\/uploads\/sites\/13\/2018\/10\/VAL0361.jpg?resize=683,1024 683w, https:\/\/graziamagazine.com\/mx\/wp-content\/uploads\/sites\/13\/2018\/10\/VAL0361.jpg?resize=1024,1536 1024w, https:\/\/graziamagazine.com\/mx\/wp-content\/uploads\/sites\/13\/2018\/10\/VAL0361.jpg?resize=1365,2048 1365w, https:\/\/graziamagazine.com\/mx\/wp-content\/uploads\/sites\/13\/2018\/10\/VAL0361.jpg?resize=143,215 143w\" sizes=\"(max-width: 2000px) 100vw, 2000px\" \/><\/div><\/figure><figure class=\"gallery-item\"><div class=\"gallery-icon landscape\"><img loading=\"lazy\" decoding=\"async\" width=\"2000\" height=\"3000\" src=\"https:\/\/graziamagazine.com\/mx\/wp-content\/uploads\/sites\/13\/2018\/10\/VAL0235.jpg\" class=\"lazy\" alt=\"El maximalismo de Pierpaolo Piccioli para Valentino SS19\" srcset=\"https:\/\/graziamagazine.com\/mx\/wp-content\/uploads\/sites\/13\/2018\/10\/VAL0235.jpg 2000w, https:\/\/graziamagazine.com\/mx\/wp-content\/uploads\/sites\/13\/2018\/10\/VAL0235.jpg?resize=300,450 300w, https:\/\/graziamagazine.com\/mx\/wp-content\/uploads\/sites\/13\/2018\/10\/VAL0235.jpg?resize=768,1152 768w, https:\/\/graziamagazine.com\/mx\/wp-content\/uploads\/sites\/13\/2018\/10\/VAL0235.jpg?resize=683,1024 683w, https:\/\/graziamagazine.com\/mx\/wp-content\/uploads\/sites\/13\/2018\/10\/VAL0235.jpg?resize=1024,1536 1024w, https:\/\/graziamagazine.com\/mx\/wp-content\/uploads\/sites\/13\/2018\/10\/VAL0235.jpg?resize=1365,2048 1365w, https:\/\/graziamagazine.com\/mx\/wp-content\/uploads\/sites\/13\/2018\/10\/VAL0235.jpg?resize=143,215 143w\" sizes=\"(max-width: 2000px) 100vw, 2000px\" \/><\/div><\/figure><figure class=\"gallery-item\"><div class=\"gallery-icon landscape\"><img loading=\"lazy\" decoding=\"async\" width=\"2000\" height=\"3000\" src=\"https:\/\/graziamagazine.com\/mx\/wp-content\/uploads\/sites\/13\/2018\/10\/VAL0683.jpg\" class=\"lazy\" alt=\"El maximalismo de Pierpaolo Piccioli para Valentino SS19\" srcset=\"https:\/\/graziamagazine.com\/mx\/wp-content\/uploads\/sites\/13\/2018\/10\/VAL0683.jpg 2000w, https:\/\/graziamagazine.com\/mx\/wp-content\/uploads\/sites\/13\/2018\/10\/VAL0683.jpg?resize=300,450 300w, https:\/\/graziamagazine.com\/mx\/wp-content\/uploads\/sites\/13\/2018\/10\/VAL0683.jpg?resize=768,1152 768w, https:\/\/graziamagazine.com\/mx\/wp-content\/uploads\/sites\/13\/2018\/10\/VAL0683.jpg?resize=683,1024 683w, https:\/\/graziamagazine.com\/mx\/wp-content\/uploads\/sites\/13\/2018\/10\/VAL0683.jpg?resize=1024,1536 1024w, https:\/\/graziamagazine.com\/mx\/wp-content\/uploads\/sites\/13\/2018\/10\/VAL0683.jpg?resize=1365,2048 1365w, https:\/\/graziamagazine.com\/mx\/wp-content\/uploads\/sites\/13\/2018\/10\/VAL0683.jpg?resize=143,215 143w\" sizes=\"(max-width: 2000px) 100vw, 2000px\" \/><\/div><\/figure><figure class=\"gallery-item\"><div class=\"gallery-icon landscape\"><img loading=\"lazy\" decoding=\"async\" width=\"2000\" height=\"3000\" src=\"https:\/\/graziamagazine.com\/mx\/wp-content\/uploads\/sites\/13\/2018\/10\/VAL0037.jpg\" class=\"lazy\" alt=\"El maximalismo de Pierpaolo Piccioli para Valentino SS19\" srcset=\"https:\/\/graziamagazine.com\/mx\/wp-content\/uploads\/sites\/13\/2018\/10\/VAL0037.jpg 2000w, https:\/\/graziamagazine.com\/mx\/wp-content\/uploads\/sites\/13\/2018\/10\/VAL0037.jpg?resize=300,450 300w, https:\/\/graziamagazine.com\/mx\/wp-content\/uploads\/sites\/13\/2018\/10\/VAL0037.jpg?resize=768,1152 768w, https:\/\/graziamagazine.com\/mx\/wp-content\/uploads\/sites\/13\/2018\/10\/VAL0037.jpg?resize=683,1024 683w, https:\/\/graziamagazine.com\/mx\/wp-content\/uploads\/sites\/13\/2018\/10\/VAL0037.jpg?resize=1024,1536 1024w, https:\/\/graziamagazine.com\/mx\/wp-content\/uploads\/sites\/13\/2018\/10\/VAL0037.jpg?resize=1365,2048 1365w, https:\/\/graziamagazine.com\/mx\/wp-content\/uploads\/sites\/13\/2018\/10\/VAL0037.jpg?resize=143,215 143w\" sizes=\"(max-width: 2000px) 100vw, 2000px\" \/><\/div><\/figure><figure class=\"gallery-item\"><div class=\"gallery-icon landscape\"><img loading=\"lazy\" decoding=\"async\" width=\"2000\" height=\"3000\" src=\"https:\/\/graziamagazine.com\/mx\/wp-content\/uploads\/sites\/13\/2018\/10\/VAL0791.jpg\" class=\"lazy\" alt=\"El maximalismo de Pierpaolo Piccioli para Valentino SS19\" srcset=\"https:\/\/graziamagazine.com\/mx\/wp-content\/uploads\/sites\/13\/2018\/10\/VAL0791.jpg 2000w, https:\/\/graziamagazine.com\/mx\/wp-content\/uploads\/sites\/13\/2018\/10\/VAL0791.jpg?resize=300,450 300w, https:\/\/graziamagazine.com\/mx\/wp-content\/uploads\/sites\/13\/2018\/10\/VAL0791.jpg?resize=768,1152 768w, https:\/\/graziamagazine.com\/mx\/wp-content\/uploads\/sites\/13\/2018\/10\/VAL0791.jpg?resize=683,1024 683w, https:\/\/graziamagazine.com\/mx\/wp-content\/uploads\/sites\/13\/2018\/10\/VAL0791.jpg?resize=1024,1536 1024w, https:\/\/graziamagazine.com\/mx\/wp-content\/uploads\/sites\/13\/2018\/10\/VAL0791.jpg?resize=1365,2048 1365w, https:\/\/graziamagazine.com\/mx\/wp-content\/uploads\/sites\/13\/2018\/10\/VAL0791.jpg?resize=143,215 143w\" sizes=\"(max-width: 2000px) 100vw, 2000px\" \/><\/div><\/figure><figure class=\"gallery-item\"><div class=\"gallery-icon landscape\"><img loading=\"lazy\" decoding=\"async\" width=\"2000\" height=\"3000\" src=\"https:\/\/graziamagazine.com\/mx\/wp-content\/uploads\/sites\/13\/2018\/10\/VAL0057.jpg\" class=\"lazy\" alt=\"El maximalismo de Pierpaolo Piccioli para Valentino SS19\" srcset=\"https:\/\/graziamagazine.com\/mx\/wp-content\/uploads\/sites\/13\/2018\/10\/VAL0057.jpg 2000w, https:\/\/graziamagazine.com\/mx\/wp-content\/uploads\/sites\/13\/2018\/10\/VAL0057.jpg?resize=300,450 300w, https:\/\/graziamagazine.com\/mx\/wp-content\/uploads\/sites\/13\/2018\/10\/VAL0057.jpg?resize=768,1152 768w, https:\/\/graziamagazine.com\/mx\/wp-content\/uploads\/sites\/13\/2018\/10\/VAL0057.jpg?resize=683,1024 683w, https:\/\/graziamagazine.com\/mx\/wp-content\/uploads\/sites\/13\/2018\/10\/VAL0057.jpg?resize=1024,1536 1024w, https:\/\/graziamagazine.com\/mx\/wp-content\/uploads\/sites\/13\/2018\/10\/VAL0057.jpg?resize=1365,2048 1365w, https:\/\/graziamagazine.com\/mx\/wp-content\/uploads\/sites\/13\/2018\/10\/VAL0057.jpg?resize=143,215 143w\" sizes=\"(max-width: 2000px) 100vw, 2000px\" \/><\/div><\/figure><figure class=\"gallery-item\"><div class=\"gallery-icon landscape\"><img loading=\"lazy\" decoding=\"async\" width=\"2000\" height=\"3000\" src=\"https:\/\/graziamagazine.com\/mx\/wp-content\/uploads\/sites\/13\/2018\/10\/VAL0733.jpg\" class=\"lazy\" alt=\"El maximalismo de Pierpaolo Piccioli para Valentino SS19\" srcset=\"https:\/\/graziamagazine.com\/mx\/wp-content\/uploads\/sites\/13\/2018\/10\/VAL0733.jpg 2000w, https:\/\/graziamagazine.com\/mx\/wp-content\/uploads\/sites\/13\/2018\/10\/VAL0733.jpg?resize=300,450 300w, https:\/\/graziamagazine.com\/mx\/wp-content\/uploads\/sites\/13\/2018\/10\/VAL0733.jpg?resize=768,1152 768w, https:\/\/graziamagazine.com\/mx\/wp-content\/uploads\/sites\/13\/2018\/10\/VAL0733.jpg?resize=683,1024 683w, https:\/\/graziamagazine.com\/mx\/wp-content\/uploads\/sites\/13\/2018\/10\/VAL0733.jpg?resize=1024,1536 1024w, https:\/\/graziamagazine.com\/mx\/wp-content\/uploads\/sites\/13\/2018\/10\/VAL0733.jpg?resize=1365,2048 1365w, https:\/\/graziamagazine.com\/mx\/wp-content\/uploads\/sites\/13\/2018\/10\/VAL0733.jpg?resize=143,215 143w\" sizes=\"(max-width: 2000px) 100vw, 2000px\" \/><\/div><\/figure><figure class=\"gallery-item\"><div class=\"gallery-icon landscape\"><img loading=\"lazy\" decoding=\"async\" width=\"2000\" height=\"3000\" src=\"https:\/\/graziamagazine.com\/mx\/wp-content\/uploads\/sites\/13\/2018\/10\/VAL0871.jpg\" class=\"lazy\" alt=\"El maximalismo de Pierpaolo Piccioli para Valentino SS19\" srcset=\"https:\/\/graziamagazine.com\/mx\/wp-content\/uploads\/sites\/13\/2018\/10\/VAL0871.jpg 2000w, https:\/\/graziamagazine.com\/mx\/wp-content\/uploads\/sites\/13\/2018\/10\/VAL0871.jpg?resize=300,450 300w, https:\/\/graziamagazine.com\/mx\/wp-content\/uploads\/sites\/13\/2018\/10\/VAL0871.jpg?resize=768,1152 768w, https:\/\/graziamagazine.com\/mx\/wp-content\/uploads\/sites\/13\/2018\/10\/VAL0871.jpg?resize=683,1024 683w, https:\/\/graziamagazine.com\/mx\/wp-content\/uploads\/sites\/13\/2018\/10\/VAL0871.jpg?resize=1024,1536 1024w, https:\/\/graziamagazine.com\/mx\/wp-content\/uploads\/sites\/13\/2018\/10\/VAL0871.jpg?resize=1365,2048 1365w, https:\/\/graziamagazine.com\/mx\/wp-content\/uploads\/sites\/13\/2018\/10\/VAL0871.jpg?resize=143,215 143w\" sizes=\"(max-width: 2000px) 100vw, 2000px\" \/><\/div><\/figure><figure class=\"gallery-item\"><div class=\"gallery-icon landscape\"><img loading=\"lazy\" decoding=\"async\" width=\"2000\" height=\"3000\" src=\"https:\/\/graziamagazine.com\/mx\/wp-content\/uploads\/sites\/13\/2018\/10\/VAL0205.jpg\" class=\"lazy\" alt=\"El maximalismo de Pierpaolo Piccioli para Valentino SS19\" srcset=\"https:\/\/graziamagazine.com\/mx\/wp-content\/uploads\/sites\/13\/2018\/10\/VAL0205.jpg 2000w, https:\/\/graziamagazine.com\/mx\/wp-content\/uploads\/sites\/13\/2018\/10\/VAL0205.jpg?resize=300,450 300w, https:\/\/graziamagazine.com\/mx\/wp-content\/uploads\/sites\/13\/2018\/10\/VAL0205.jpg?resize=768,1152 768w, https:\/\/graziamagazine.com\/mx\/wp-content\/uploads\/sites\/13\/2018\/10\/VAL0205.jpg?resize=683,1024 683w, https:\/\/graziamagazine.com\/mx\/wp-content\/uploads\/sites\/13\/2018\/10\/VAL0205.jpg?resize=1024,1536 1024w, https:\/\/graziamagazine.com\/mx\/wp-content\/uploads\/sites\/13\/2018\/10\/VAL0205.jpg?resize=1365,2048 1365w, https:\/\/graziamagazine.com\/mx\/wp-content\/uploads\/sites\/13\/2018\/10\/VAL0205.jpg?resize=143,215 143w\" sizes=\"(max-width: 2000px) 100vw, 2000px\" \/><\/div><\/figure><figure class=\"gallery-item\"><div class=\"gallery-icon landscape\"><img loading=\"lazy\" decoding=\"async\" width=\"2000\" height=\"3000\" src=\"https:\/\/graziamagazine.com\/mx\/wp-content\/uploads\/sites\/13\/2018\/10\/VAL0271.jpg\" class=\"lazy\" alt=\"El maximalismo de Pierpaolo Piccioli para Valentino SS19\" srcset=\"https:\/\/graziamagazine.com\/mx\/wp-content\/uploads\/sites\/13\/2018\/10\/VAL0271.jpg 2000w, https:\/\/graziamagazine.com\/mx\/wp-content\/uploads\/sites\/13\/2018\/10\/VAL0271.jpg?resize=300,450 300w, https:\/\/graziamagazine.com\/mx\/wp-content\/uploads\/sites\/13\/2018\/10\/VAL0271.jpg?resize=768,1152 768w, https:\/\/graziamagazine.com\/mx\/wp-content\/uploads\/sites\/13\/2018\/10\/VAL0271.jpg?resize=683,1024 683w, https:\/\/graziamagazine.com\/mx\/wp-content\/uploads\/sites\/13\/2018\/10\/VAL0271.jpg?resize=1024,1536 1024w, https:\/\/graziamagazine.com\/mx\/wp-content\/uploads\/sites\/13\/2018\/10\/VAL0271.jpg?resize=1365,2048 1365w, https:\/\/graziamagazine.com\/mx\/wp-content\/uploads\/sites\/13\/2018\/10\/VAL0271.jpg?resize=143,215 143w\" sizes=\"(max-width: 2000px) 100vw, 2000px\" \/><\/div><\/figure><figure class=\"gallery-item\"><div class=\"gallery-icon landscape\"><img loading=\"lazy\" decoding=\"async\" width=\"2000\" height=\"3000\" src=\"https:\/\/graziamagazine.com\/mx\/wp-content\/uploads\/sites\/13\/2018\/10\/VAL0905.jpg\" class=\"lazy\" alt=\"El maximalismo de Pierpaolo Piccioli para Valentino SS19\" srcset=\"https:\/\/graziamagazine.com\/mx\/wp-content\/uploads\/sites\/13\/2018\/10\/VAL0905.jpg 2000w, https:\/\/graziamagazine.com\/mx\/wp-content\/uploads\/sites\/13\/2018\/10\/VAL0905.jpg?resize=300,450 300w, https:\/\/graziamagazine.com\/mx\/wp-content\/uploads\/sites\/13\/2018\/10\/VAL0905.jpg?resize=768,1152 768w, https:\/\/graziamagazine.com\/mx\/wp-content\/uploads\/sites\/13\/2018\/10\/VAL0905.jpg?resize=683,1024 683w, https:\/\/graziamagazine.com\/mx\/wp-content\/uploads\/sites\/13\/2018\/10\/VAL0905.jpg?resize=1024,1536 1024w, https:\/\/graziamagazine.com\/mx\/wp-content\/uploads\/sites\/13\/2018\/10\/VAL0905.jpg?resize=1365,2048 1365w, https:\/\/graziamagazine.com\/mx\/wp-content\/uploads\/sites\/13\/2018\/10\/VAL0905.jpg?resize=143,215 143w\" sizes=\"(max-width: 2000px) 100vw, 2000px\" \/><\/div><\/figure><figure class=\"gallery-item\"><div class=\"gallery-icon landscape\"><img loading=\"lazy\" decoding=\"async\" width=\"2000\" height=\"3000\" src=\"https:\/\/graziamagazine.com\/mx\/wp-content\/uploads\/sites\/13\/2018\/10\/VAL0983.jpg\" class=\"lazy\" alt=\"El maximalismo de Pierpaolo Piccioli para Valentino SS19\" srcset=\"https:\/\/graziamagazine.com\/mx\/wp-content\/uploads\/sites\/13\/2018\/10\/VAL0983.jpg 2000w, https:\/\/graziamagazine.com\/mx\/wp-content\/uploads\/sites\/13\/2018\/10\/VAL0983.jpg?resize=300,450 300w, https:\/\/graziamagazine.com\/mx\/wp-content\/uploads\/sites\/13\/2018\/10\/VAL0983.jpg?resize=768,1152 768w, https:\/\/graziamagazine.com\/mx\/wp-content\/uploads\/sites\/13\/2018\/10\/VAL0983.jpg?resize=683,1024 683w, https:\/\/graziamagazine.com\/mx\/wp-content\/uploads\/sites\/13\/2018\/10\/VAL0983.jpg?resize=1024,1536 1024w, https:\/\/graziamagazine.com\/mx\/wp-content\/uploads\/sites\/13\/2018\/10\/VAL0983.jpg?resize=1365,2048 1365w, https:\/\/graziamagazine.com\/mx\/wp-content\/uploads\/sites\/13\/2018\/10\/VAL0983.jpg?resize=143,215 143w\" sizes=\"(max-width: 2000px) 100vw, 2000px\" \/><\/div><\/figure><figure class=\"gallery-item\"><div class=\"gallery-icon landscape\"><img loading=\"lazy\" decoding=\"async\" width=\"2000\" height=\"3000\" src=\"https:\/\/graziamagazine.com\/mx\/wp-content\/uploads\/sites\/13\/2018\/10\/VAL0913.jpg\" class=\"lazy\" alt=\"El maximalismo de Pierpaolo Piccioli para Valentino SS19\" srcset=\"https:\/\/graziamagazine.com\/mx\/wp-content\/uploads\/sites\/13\/2018\/10\/VAL0913.jpg 2000w, https:\/\/graziamagazine.com\/mx\/wp-content\/uploads\/sites\/13\/2018\/10\/VAL0913.jpg?resize=300,450 300w, https:\/\/graziamagazine.com\/mx\/wp-content\/uploads\/sites\/13\/2018\/10\/VAL0913.jpg?resize=768,1152 768w, https:\/\/graziamagazine.com\/mx\/wp-content\/uploads\/sites\/13\/2018\/10\/VAL0913.jpg?resize=683,1024 683w, https:\/\/graziamagazine.com\/mx\/wp-content\/uploads\/sites\/13\/2018\/10\/VAL0913.jpg?resize=1024,1536 1024w, https:\/\/graziamagazine.com\/mx\/wp-content\/uploads\/sites\/13\/2018\/10\/VAL0913.jpg?resize=1365,2048 1365w, https:\/\/graziamagazine.com\/mx\/wp-content\/uploads\/sites\/13\/2018\/10\/VAL0913.jpg?resize=143,215 143w\" sizes=\"(max-width: 2000px) 100vw, 2000px\" \/><\/div><\/figure><figure class=\"gallery-item\"><div class=\"gallery-icon landscape\"><img loading=\"lazy\" decoding=\"async\" width=\"2000\" height=\"3000\" src=\"https:\/\/graziamagazine.com\/mx\/wp-content\/uploads\/sites\/13\/2018\/10\/VAL0937.jpg\" class=\"lazy\" alt=\"El maximalismo de Pierpaolo Piccioli para Valentino SS19\" srcset=\"https:\/\/graziamagazine.com\/mx\/wp-content\/uploads\/sites\/13\/2018\/10\/VAL0937.jpg 2000w, https:\/\/graziamagazine.com\/mx\/wp-content\/uploads\/sites\/13\/2018\/10\/VAL0937.jpg?resize=300,450 300w, https:\/\/graziamagazine.com\/mx\/wp-content\/uploads\/sites\/13\/2018\/10\/VAL0937.jpg?resize=768,1152 768w, https:\/\/graziamagazine.com\/mx\/wp-content\/uploads\/sites\/13\/2018\/10\/VAL0937.jpg?resize=683,1024 683w, https:\/\/graziamagazine.com\/mx\/wp-content\/uploads\/sites\/13\/2018\/10\/VAL0937.jpg?resize=1024,1536 1024w, https:\/\/graziamagazine.com\/mx\/wp-content\/uploads\/sites\/13\/2018\/10\/VAL0937.jpg?resize=1365,2048 1365w, https:\/\/graziamagazine.com\/mx\/wp-content\/uploads\/sites\/13\/2018\/10\/VAL0937.jpg?resize=143,215 143w\" sizes=\"(max-width: 2000px) 100vw, 2000px\" \/><\/div><\/figure><figure class=\"gallery-item\"><div class=\"gallery-icon landscape\"><img loading=\"lazy\" decoding=\"async\" width=\"2000\" height=\"3000\" src=\"https:\/\/graziamagazine.com\/mx\/wp-content\/uploads\/sites\/13\/2018\/10\/VAL0949.jpg\" class=\"lazy\" alt=\"El maximalismo de Pierpaolo Piccioli para Valentino SS19\" srcset=\"https:\/\/graziamagazine.com\/mx\/wp-content\/uploads\/sites\/13\/2018\/10\/VAL0949.jpg 2000w, https:\/\/graziamagazine.com\/mx\/wp-content\/uploads\/sites\/13\/2018\/10\/VAL0949.jpg?resize=300,450 300w, https:\/\/graziamagazine.com\/mx\/wp-content\/uploads\/sites\/13\/2018\/10\/VAL0949.jpg?resize=768,1152 768w, https:\/\/graziamagazine.com\/mx\/wp-content\/uploads\/sites\/13\/2018\/10\/VAL0949.jpg?resize=683,1024 683w, https:\/\/graziamagazine.com\/mx\/wp-content\/uploads\/sites\/13\/2018\/10\/VAL0949.jpg?resize=1024,1536 1024w, https:\/\/graziamagazine.com\/mx\/wp-content\/uploads\/sites\/13\/2018\/10\/VAL0949.jpg?resize=1365,2048 1365w, https:\/\/graziamagazine.com\/mx\/wp-content\/uploads\/sites\/13\/2018\/10\/VAL0949.jpg?resize=143,215 143w\" sizes=\"(max-width: 2000px) 100vw, 2000px\" \/><\/div><\/figure><figure class=\"gallery-item\"><div class=\"gallery-icon landscape\"><img loading=\"lazy\" decoding=\"async\" width=\"2000\" height=\"3000\" src=\"https:\/\/graziamagazine.com\/mx\/wp-content\/uploads\/sites\/13\/2018\/10\/VAL1055.jpg\" class=\"lazy\" alt=\"El maximalismo de Pierpaolo Piccioli para Valentino SS19\" srcset=\"https:\/\/graziamagazine.com\/mx\/wp-content\/uploads\/sites\/13\/2018\/10\/VAL1055.jpg 2000w, https:\/\/graziamagazine.com\/mx\/wp-content\/uploads\/sites\/13\/2018\/10\/VAL1055.jpg?resize=300,450 300w, https:\/\/graziamagazine.com\/mx\/wp-content\/uploads\/sites\/13\/2018\/10\/VAL1055.jpg?resize=768,1152 768w, https:\/\/graziamagazine.com\/mx\/wp-content\/uploads\/sites\/13\/2018\/10\/VAL1055.jpg?resize=683,1024 683w, https:\/\/graziamagazine.com\/mx\/wp-content\/uploads\/sites\/13\/2018\/10\/VAL1055.jpg?resize=1024,1536 1024w, https:\/\/graziamagazine.com\/mx\/wp-content\/uploads\/sites\/13\/2018\/10\/VAL1055.jpg?resize=1365,2048 1365w, https:\/\/graziamagazine.com\/mx\/wp-content\/uploads\/sites\/13\/2018\/10\/VAL1055.jpg?resize=143,215 143w\" sizes=\"(max-width: 2000px) 100vw, 2000px\" \/><\/div><\/figure><figure class=\"gallery-item\"><div class=\"gallery-icon landscape\"><img loading=\"lazy\" decoding=\"async\" width=\"2000\" height=\"3000\" src=\"https:\/\/graziamagazine.com\/mx\/wp-content\/uploads\/sites\/13\/2018\/10\/VAL0967.jpg\" class=\"lazy\" alt=\"El maximalismo de Pierpaolo Piccioli para Valentino SS19\" srcset=\"https:\/\/graziamagazine.com\/mx\/wp-content\/uploads\/sites\/13\/2018\/10\/VAL0967.jpg 2000w, https:\/\/graziamagazine.com\/mx\/wp-content\/uploads\/sites\/13\/2018\/10\/VAL0967.jpg?resize=300,450 300w, https:\/\/graziamagazine.com\/mx\/wp-content\/uploads\/sites\/13\/2018\/10\/VAL0967.jpg?resize=768,1152 768w, https:\/\/graziamagazine.com\/mx\/wp-content\/uploads\/sites\/13\/2018\/10\/VAL0967.jpg?resize=683,1024 683w, https:\/\/graziamagazine.com\/mx\/wp-content\/uploads\/sites\/13\/2018\/10\/VAL0967.jpg?resize=1024,1536 1024w, https:\/\/graziamagazine.com\/mx\/wp-content\/uploads\/sites\/13\/2018\/10\/VAL0967.jpg?resize=1365,2048 1365w, https:\/\/graziamagazine.com\/mx\/wp-content\/uploads\/sites\/13\/2018\/10\/VAL0967.jpg?resize=143,215 143w\" sizes=\"(max-width: 2000px) 100vw, 2000px\" \/><\/div><\/figure><figure class=\"gallery-item\"><div class=\"gallery-icon landscape\"><img loading=\"lazy\" decoding=\"async\" width=\"2000\" height=\"3000\" src=\"https:\/\/graziamagazine.com\/mx\/wp-content\/uploads\/sites\/13\/2018\/10\/VAL1003.jpg\" class=\"lazy\" alt=\"El maximalismo de Pierpaolo Piccioli para Valentino SS19\" srcset=\"https:\/\/graziamagazine.com\/mx\/wp-content\/uploads\/sites\/13\/2018\/10\/VAL1003.jpg 2000w, https:\/\/graziamagazine.com\/mx\/wp-content\/uploads\/sites\/13\/2018\/10\/VAL1003.jpg?resize=300,450 300w, https:\/\/graziamagazine.com\/mx\/wp-content\/uploads\/sites\/13\/2018\/10\/VAL1003.jpg?resize=768,1152 768w, https:\/\/graziamagazine.com\/mx\/wp-content\/uploads\/sites\/13\/2018\/10\/VAL1003.jpg?resize=683,1024 683w, https:\/\/graziamagazine.com\/mx\/wp-content\/uploads\/sites\/13\/2018\/10\/VAL1003.jpg?resize=1024,1536 1024w, https:\/\/graziamagazine.com\/mx\/wp-content\/uploads\/sites\/13\/2018\/10\/VAL1003.jpg?resize=1365,2048 1365w, https:\/\/graziamagazine.com\/mx\/wp-content\/uploads\/sites\/13\/2018\/10\/VAL1003.jpg?resize=143,215 143w\" sizes=\"(max-width: 2000px) 100vw, 2000px\" \/><\/div><\/figure><figure class=\"gallery-item\"><div class=\"gallery-icon landscape\"><img loading=\"lazy\" decoding=\"async\" width=\"2000\" height=\"3000\" src=\"https:\/\/graziamagazine.com\/mx\/wp-content\/uploads\/sites\/13\/2018\/10\/VAL1087.jpg\" class=\"lazy\" alt=\"El maximalismo de Pierpaolo Piccioli para Valentino SS19\" srcset=\"https:\/\/graziamagazine.com\/mx\/wp-content\/uploads\/sites\/13\/2018\/10\/VAL1087.jpg 2000w, https:\/\/graziamagazine.com\/mx\/wp-content\/uploads\/sites\/13\/2018\/10\/VAL1087.jpg?resize=300,450 300w, https:\/\/graziamagazine.com\/mx\/wp-content\/uploads\/sites\/13\/2018\/10\/VAL1087.jpg?resize=768,1152 768w, https:\/\/graziamagazine.com\/mx\/wp-content\/uploads\/sites\/13\/2018\/10\/VAL1087.jpg?resize=683,1024 683w, https:\/\/graziamagazine.com\/mx\/wp-content\/uploads\/sites\/13\/2018\/10\/VAL1087.jpg?resize=1024,1536 1024w, https:\/\/graziamagazine.com\/mx\/wp-content\/uploads\/sites\/13\/2018\/10\/VAL1087.jpg?resize=1365,2048 1365w, https:\/\/graziamagazine.com\/mx\/wp-content\/uploads\/sites\/13\/2018\/10\/VAL1087.jpg?resize=143,215 143w\" sizes=\"(max-width: 2000px) 100vw, 2000px\" \/><\/div><\/figure><\/div><\/div>\n","protected":false},"author":11622,"featured_media":57646,"template":"","format":"gallery","categories":[6],"acf":[],"yoast_head":"<!-- This site is optimized with the Yoast SEO Premium plugin v18.5 (Yoast SEO v20.4) - https:\/\/yoast.com\/wordpress\/plugins\/seo\/ -->\n<title>El maximalismo de Pierpaolo Piccioli para Valentino SS19 | Grazia M\u00e9xico y Latinoam\u00e9rica<\/title>\n<meta name=\"description\" content=\"Pierpaolo Piccioli present\u00f3 su colecci\u00f3n \u00a0ready-to-wear SS19 para Valentino en la que vimos una oda al maximalista y al color. La firma apuesta por conservar su esencia femenina, rom\u00e1ntica y elegante.\" \/>\n<meta name=\"robots\" content=\"index, follow, max-snippet:-1, max-image-preview:large, max-video-preview:-1\" \/>\n<link rel=\"canonical\" href=\"https:\/\/graziamagazine.com\/mx\/articles\/57610-2\/\" \/>\n<meta property=\"og:locale\" content=\"es_MX\" \/>\n<meta property=\"og:type\" content=\"article\" \/>\n<meta property=\"og:title\" content=\"El maximalismo de Pierpaolo Piccioli para Valentino SS19\" \/>\n<meta property=\"og:description\" content=\"Pierpaolo Piccioli present\u00f3 su colecci\u00f3n \u00a0ready-to-wear SS19 para Valentino en la que vimos una oda al maximalista y al color. La firma apuesta por conservar su esencia femenina, rom\u00e1ntica y elegante.\" \/>\n<meta property=\"og:url\" content=\"https:\/\/graziamagazine.com\/mx\/articles\/57610-2\/\" \/>\n<meta property=\"og:site_name\" content=\"Grazia M\u00e9xico y Latinoam\u00e9rica\" \/>\n<meta property=\"og:image\" content=\"https:\/\/graziamagazine.com\/mx\/wp-content\/uploads\/sites\/13\/2018\/10\/57610-2.jpg?fit=996%2C559\" \/>\n\t<meta property=\"og:image:width\" content=\"996\" \/>\n\t<meta property=\"og:image:height\" content=\"559\" \/>\n\t<meta property=\"og:image:type\" content=\"image\/jpeg\" \/>\n<meta name=\"twitter:card\" content=\"summary_large_image\" \/>\n<script type=\"application\/ld+json\" class=\"yoast-schema-graph\">{\"@context\":\"https:\/\/schema.org\",\"@graph\":[{\"@type\":\"WebPage\",\"@id\":\"https:\/\/graziamagazine.com\/mx\/articles\/57610-2\/\",\"url\":\"https:\/\/graziamagazine.com\/mx\/articles\/57610-2\/\",\"name\":\"El maximalismo de Pierpaolo Piccioli para Valentino SS19 | Grazia M\u00e9xico y Latinoam\u00e9rica\",\"isPartOf\":{\"@id\":\"https:\/\/graziamagazine.com\/mx\/#website\"},\"datePublished\":\"2018-10-01T17:30:13+00:00\",\"dateModified\":\"2018-10-01T17:30:13+00:00\",\"description\":\"Pierpaolo Piccioli present\u00f3 su colecci\u00f3n \u00a0ready-to-wear SS19 para Valentino en la que vimos una oda al maximalista y al color. La firma apuesta por conservar su esencia femenina, rom\u00e1ntica y elegante.\",\"breadcrumb\":{\"@id\":\"https:\/\/graziamagazine.com\/mx\/articles\/57610-2\/#breadcrumb\"},\"inLanguage\":\"es-MX\",\"potentialAction\":[{\"@type\":\"ReadAction\",\"target\":[\"https:\/\/graziamagazine.com\/mx\/articles\/57610-2\/\"]}]},{\"@type\":\"BreadcrumbList\",\"@id\":\"https:\/\/graziamagazine.com\/mx\/articles\/57610-2\/#breadcrumb\",\"itemListElement\":[{\"@type\":\"ListItem\",\"position\":1,\"name\":\"Home\",\"item\":\"https:\/\/graziamagazine.com\/mx\/\"},{\"@type\":\"ListItem\",\"position\":2,\"name\":\"El maximalismo de Pierpaolo Piccioli para Valentino SS19\"}]},{\"@type\":\"WebSite\",\"@id\":\"https:\/\/graziamagazine.com\/mx\/#website\",\"url\":\"https:\/\/graziamagazine.com\/mx\/\",\"name\":\"Grazia M\u00e9xico y Latinoam\u00e9rica\",\"description\":\"Grazia es moda, belleza y noticias  de actualidad \",\"potentialAction\":[{\"@type\":\"SearchAction\",\"target\":{\"@type\":\"EntryPoint\",\"urlTemplate\":\"https:\/\/graziamagazine.com\/mx\/?s={search_term_string}\"},\"query-input\":\"required name=search_term_string\"}],\"inLanguage\":\"es-MX\"}]}<\/script>\n<!-- \/ Yoast SEO Premium plugin. -->","yoast_head_json":{"title":"El maximalismo de Pierpaolo Piccioli para Valentino SS19 | Grazia M\u00e9xico y Latinoam\u00e9rica","description":"Pierpaolo Piccioli present\u00f3 su colecci\u00f3n \u00a0ready-to-wear SS19 para Valentino en la que vimos una oda al maximalista y al color. La firma apuesta por conservar su esencia femenina, rom\u00e1ntica y elegante.","robots":{"index":"index","follow":"follow","max-snippet":"max-snippet:-1","max-image-preview":"max-image-preview:large","max-video-preview":"max-video-preview:-1"},"canonical":"https:\/\/graziamagazine.com\/mx\/articles\/57610-2\/","og_locale":"es_MX","og_type":"article","og_title":"El maximalismo de Pierpaolo Piccioli para Valentino SS19","og_description":"Pierpaolo Piccioli present\u00f3 su colecci\u00f3n \u00a0ready-to-wear SS19 para Valentino en la que vimos una oda al maximalista y al color. La firma apuesta por conservar su esencia femenina, rom\u00e1ntica y elegante.","og_url":"https:\/\/graziamagazine.com\/mx\/articles\/57610-2\/","og_site_name":"Grazia M\u00e9xico y Latinoam\u00e9rica","og_image":[{"width":996,"height":559,"url":"https:\/\/graziamagazine.com\/mx\/wp-content\/uploads\/sites\/13\/2018\/10\/57610-2.jpg?fit=996%2C559","type":"image\/jpeg"}],"twitter_card":"summary_large_image","schema":{"@context":"https:\/\/schema.org","@graph":[{"@type":"WebPage","@id":"https:\/\/graziamagazine.com\/mx\/articles\/57610-2\/","url":"https:\/\/graziamagazine.com\/mx\/articles\/57610-2\/","name":"El maximalismo de Pierpaolo Piccioli para Valentino SS19 | Grazia M\u00e9xico y Latinoam\u00e9rica","isPartOf":{"@id":"https:\/\/graziamagazine.com\/mx\/#website"},"datePublished":"2018-10-01T17:30:13+00:00","dateModified":"2018-10-01T17:30:13+00:00","description":"Pierpaolo Piccioli present\u00f3 su colecci\u00f3n \u00a0ready-to-wear SS19 para Valentino en la que vimos una oda al maximalista y al color. La firma apuesta por conservar su esencia femenina, rom\u00e1ntica y elegante.","breadcrumb":{"@id":"https:\/\/graziamagazine.com\/mx\/articles\/57610-2\/#breadcrumb"},"inLanguage":"es-MX","potentialAction":[{"@type":"ReadAction","target":["https:\/\/graziamagazine.com\/mx\/articles\/57610-2\/"]}]},{"@type":"BreadcrumbList","@id":"https:\/\/graziamagazine.com\/mx\/articles\/57610-2\/#breadcrumb","itemListElement":[{"@type":"ListItem","position":1,"name":"Home","item":"https:\/\/graziamagazine.com\/mx\/"},{"@type":"ListItem","position":2,"name":"El maximalismo de Pierpaolo Piccioli para Valentino SS19"}]},{"@type":"WebSite","@id":"https:\/\/graziamagazine.com\/mx\/#website","url":"https:\/\/graziamagazine.com\/mx\/","name":"Grazia M\u00e9xico y Latinoam\u00e9rica","description":"Grazia es moda, belleza y noticias  de actualidad ","potentialAction":[{"@type":"SearchAction","target":{"@type":"EntryPoint","urlTemplate":"https:\/\/graziamagazine.com\/mx\/?s={search_term_string}"},"query-input":"required name=search_term_string"}],"inLanguage":"es-MX"}]}},"jetpack_sharing_enabled":true,"distributor_meta":false,"distributor_terms":false,"distributor_media":false,"distributor_original_site_name":"Grazia M\u00e9xico y Latinoam\u00e9rica","distributor_original_site_url":"https:\/\/graziamagazine.com\/mx","push-errors":false,"_links":{"self":[{"href":"https:\/\/graziamagazine.com\/mx\/wp-json\/wp\/v2\/articles\/57610"}],"collection":[{"href":"https:\/\/graziamagazine.com\/mx\/wp-json\/wp\/v2\/articles"}],"about":[{"href":"https:\/\/graziamagazine.com\/mx\/wp-json\/wp\/v2\/types\/articles"}],"author":[{"embeddable":true,"href":"https:\/\/graziamagazine.com\/mx\/wp-json\/wp\/v2\/users\/11622"}],"wp:featuredmedia":[{"embeddable":true,"href":"https:\/\/graziamagazine.com\/mx\/wp-json\/wp\/v2\/media\/57646"}],"wp:attachment":[{"href":"https:\/\/graziamagazine.com\/mx\/wp-json\/wp\/v2\/media?parent=57610"}],"wp:term":[{"taxonomy":"category","embeddable":true,"href":"https:\/\/graziamagazine.com\/mx\/wp-json\/wp\/v2\/categories?post=57610"}],"curies":[{"name":"wp","href":"https:\/\/api.w.org\/{rel}","templated":true}]}}