{"id":57407,"date":"2018-09-24T17:12:16","date_gmt":"2018-09-24T22:12:16","guid":{"rendered":"https:\/\/graziamagazine.com\/mx\/?p=57407"},"modified":"2019-09-17T13:48:00","modified_gmt":"2019-09-17T18:48:00","slug":"la-propuesta-de-salvatore-ferragamo-para-ss19","status":"publish","type":"articles","link":"https:\/\/graziamagazine.com\/mx\/articles\/la-propuesta-de-salvatore-ferragamo-para-ss19\/","title":{"rendered":"La propuesta de Salvatore Ferragamo para SS19"},"content":{"rendered":"<div class=\"content-gallery\"><div class=\"gallery-placeholder\"><div class=\"spinner\"><\/div><\/div><span class=\"gallery-pagination\"><\/span><div id=\"gallery-1\" class=\"gallery galleryid-57407 gallery-columns- gallery-size-\"><figure class=\"gallery-item\"><div class=\"gallery-icon landscape\"><img loading=\"lazy\" decoding=\"async\" width=\"549\" height=\"737\" src=\"https:\/\/graziamagazine.com\/mx\/wp-content\/uploads\/sites\/13\/2018\/09\/Captura-de-pantalla-2018-09-24-a-las-15.17.57.png\" class=\"lazy\" alt=\"La propuesta de Salvatore Ferragamo para SS19\" srcset=\"https:\/\/graziamagazine.com\/mx\/wp-content\/uploads\/sites\/13\/2018\/09\/Captura-de-pantalla-2018-09-24-a-las-15.17.57.png 549w, https:\/\/graziamagazine.com\/mx\/wp-content\/uploads\/sites\/13\/2018\/09\/Captura-de-pantalla-2018-09-24-a-las-15.17.57.png?resize=335,450 335w, https:\/\/graziamagazine.com\/mx\/wp-content\/uploads\/sites\/13\/2018\/09\/Captura-de-pantalla-2018-09-24-a-las-15.17.57.png?resize=155,208 155w\" sizes=\"(max-width: 549px) 100vw, 549px\" \/><\/div><\/figure><figure class=\"gallery-item\"><div class=\"gallery-icon landscape\"><img loading=\"lazy\" decoding=\"async\" width=\"545\" height=\"738\" src=\"https:\/\/graziamagazine.com\/mx\/wp-content\/uploads\/sites\/13\/2018\/09\/Captura-de-pantalla-2018-09-24-a-las-15.17.46.png\" class=\"lazy\" alt=\"La propuesta de Salvatore Ferragamo para SS19\" srcset=\"https:\/\/graziamagazine.com\/mx\/wp-content\/uploads\/sites\/13\/2018\/09\/Captura-de-pantalla-2018-09-24-a-las-15.17.46.png 545w, https:\/\/graziamagazine.com\/mx\/wp-content\/uploads\/sites\/13\/2018\/09\/Captura-de-pantalla-2018-09-24-a-las-15.17.46.png?resize=332,450 332w, https:\/\/graziamagazine.com\/mx\/wp-content\/uploads\/sites\/13\/2018\/09\/Captura-de-pantalla-2018-09-24-a-las-15.17.46.png?resize=155,210 155w\" sizes=\"(max-width: 545px) 100vw, 545px\" \/><\/div><\/figure><figure class=\"gallery-item\"><div class=\"gallery-icon landscape\"><img loading=\"lazy\" decoding=\"async\" width=\"545\" height=\"737\" src=\"https:\/\/graziamagazine.com\/mx\/wp-content\/uploads\/sites\/13\/2018\/09\/Captura-de-pantalla-2018-09-24-a-las-15.17.35.png\" class=\"lazy\" alt=\"La propuesta de Salvatore Ferragamo para SS19\" srcset=\"https:\/\/graziamagazine.com\/mx\/wp-content\/uploads\/sites\/13\/2018\/09\/Captura-de-pantalla-2018-09-24-a-las-15.17.35.png 545w, https:\/\/graziamagazine.com\/mx\/wp-content\/uploads\/sites\/13\/2018\/09\/Captura-de-pantalla-2018-09-24-a-las-15.17.35.png?resize=333,450 333w, https:\/\/graziamagazine.com\/mx\/wp-content\/uploads\/sites\/13\/2018\/09\/Captura-de-pantalla-2018-09-24-a-las-15.17.35.png?resize=155,210 155w\" sizes=\"(max-width: 545px) 100vw, 545px\" \/><\/div><\/figure><figure class=\"gallery-item\"><div class=\"gallery-icon landscape\"><img loading=\"lazy\" decoding=\"async\" width=\"536\" height=\"742\" src=\"https:\/\/graziamagazine.com\/mx\/wp-content\/uploads\/sites\/13\/2018\/09\/Captura-de-pantalla-2018-09-24-a-las-15.17.23.png\" class=\"lazy\" alt=\"La propuesta de Salvatore Ferragamo para SS19\" srcset=\"https:\/\/graziamagazine.com\/mx\/wp-content\/uploads\/sites\/13\/2018\/09\/Captura-de-pantalla-2018-09-24-a-las-15.17.23.png 536w, https:\/\/graziamagazine.com\/mx\/wp-content\/uploads\/sites\/13\/2018\/09\/Captura-de-pantalla-2018-09-24-a-las-15.17.23.png?resize=325,450 325w, https:\/\/graziamagazine.com\/mx\/wp-content\/uploads\/sites\/13\/2018\/09\/Captura-de-pantalla-2018-09-24-a-las-15.17.23.png?resize=155,215 155w\" sizes=\"(max-width: 536px) 100vw, 536px\" \/><\/div><\/figure><figure class=\"gallery-item\"><div class=\"gallery-icon landscape\"><img loading=\"lazy\" decoding=\"async\" width=\"570\" height=\"777\" src=\"https:\/\/graziamagazine.com\/mx\/wp-content\/uploads\/sites\/13\/2018\/09\/Captura-de-pantalla-2018-09-24-a-las-15.17.12.png\" class=\"lazy\" alt=\"La propuesta de Salvatore Ferragamo para SS19\" srcset=\"https:\/\/graziamagazine.com\/mx\/wp-content\/uploads\/sites\/13\/2018\/09\/Captura-de-pantalla-2018-09-24-a-las-15.17.12.png 570w, https:\/\/graziamagazine.com\/mx\/wp-content\/uploads\/sites\/13\/2018\/09\/Captura-de-pantalla-2018-09-24-a-las-15.17.12.png?resize=330,450 330w, https:\/\/graziamagazine.com\/mx\/wp-content\/uploads\/sites\/13\/2018\/09\/Captura-de-pantalla-2018-09-24-a-las-15.17.12.png?resize=155,211 155w\" sizes=\"(max-width: 570px) 100vw, 570px\" \/><\/div><\/figure><figure class=\"gallery-item\"><div class=\"gallery-icon landscape\"><img loading=\"lazy\" decoding=\"async\" width=\"545\" height=\"736\" src=\"https:\/\/graziamagazine.com\/mx\/wp-content\/uploads\/sites\/13\/2018\/09\/Captura-de-pantalla-2018-09-24-a-las-15.16.08.png\" class=\"lazy\" alt=\"La propuesta de Salvatore Ferragamo para SS19\" srcset=\"https:\/\/graziamagazine.com\/mx\/wp-content\/uploads\/sites\/13\/2018\/09\/Captura-de-pantalla-2018-09-24-a-las-15.16.08.png 545w, https:\/\/graziamagazine.com\/mx\/wp-content\/uploads\/sites\/13\/2018\/09\/Captura-de-pantalla-2018-09-24-a-las-15.16.08.png?resize=333,450 333w, https:\/\/graziamagazine.com\/mx\/wp-content\/uploads\/sites\/13\/2018\/09\/Captura-de-pantalla-2018-09-24-a-las-15.16.08.png?resize=155,209 155w\" sizes=\"(max-width: 545px) 100vw, 545px\" \/><\/div><\/figure><figure class=\"gallery-item\"><div class=\"gallery-icon landscape\"><img loading=\"lazy\" decoding=\"async\" width=\"565\" height=\"740\" src=\"https:\/\/graziamagazine.com\/mx\/wp-content\/uploads\/sites\/13\/2018\/09\/Captura-de-pantalla-2018-09-24-a-las-15.16.20.png\" class=\"lazy\" alt=\"La propuesta de Salvatore Ferragamo para SS19\" srcset=\"https:\/\/graziamagazine.com\/mx\/wp-content\/uploads\/sites\/13\/2018\/09\/Captura-de-pantalla-2018-09-24-a-las-15.16.20.png 565w, https:\/\/graziamagazine.com\/mx\/wp-content\/uploads\/sites\/13\/2018\/09\/Captura-de-pantalla-2018-09-24-a-las-15.16.20.png?resize=344,450 344w, https:\/\/graziamagazine.com\/mx\/wp-content\/uploads\/sites\/13\/2018\/09\/Captura-de-pantalla-2018-09-24-a-las-15.16.20.png?resize=155,203 155w\" sizes=\"(max-width: 565px) 100vw, 565px\" \/><\/div><\/figure><figure class=\"gallery-item\"><div class=\"gallery-icon landscape\"><img loading=\"lazy\" decoding=\"async\" width=\"553\" height=\"739\" src=\"https:\/\/graziamagazine.com\/mx\/wp-content\/uploads\/sites\/13\/2018\/09\/Captura-de-pantalla-2018-09-24-a-las-15.16.31.png\" class=\"lazy\" alt=\"La propuesta de Salvatore Ferragamo para SS19\" srcset=\"https:\/\/graziamagazine.com\/mx\/wp-content\/uploads\/sites\/13\/2018\/09\/Captura-de-pantalla-2018-09-24-a-las-15.16.31.png 553w, https:\/\/graziamagazine.com\/mx\/wp-content\/uploads\/sites\/13\/2018\/09\/Captura-de-pantalla-2018-09-24-a-las-15.16.31.png?resize=337,450 337w, https:\/\/graziamagazine.com\/mx\/wp-content\/uploads\/sites\/13\/2018\/09\/Captura-de-pantalla-2018-09-24-a-las-15.16.31.png?resize=155,207 155w\" sizes=\"(max-width: 553px) 100vw, 553px\" \/><\/div><\/figure><figure class=\"gallery-item\"><div class=\"gallery-icon landscape\"><img loading=\"lazy\" decoding=\"async\" width=\"533\" height=\"739\" src=\"https:\/\/graziamagazine.com\/mx\/wp-content\/uploads\/sites\/13\/2018\/09\/Captura-de-pantalla-2018-09-24-a-las-15.16.46.png\" class=\"lazy\" alt=\"La propuesta de Salvatore Ferragamo para SS19\" srcset=\"https:\/\/graziamagazine.com\/mx\/wp-content\/uploads\/sites\/13\/2018\/09\/Captura-de-pantalla-2018-09-24-a-las-15.16.46.png 533w, https:\/\/graziamagazine.com\/mx\/wp-content\/uploads\/sites\/13\/2018\/09\/Captura-de-pantalla-2018-09-24-a-las-15.16.46.png?resize=325,450 325w, https:\/\/graziamagazine.com\/mx\/wp-content\/uploads\/sites\/13\/2018\/09\/Captura-de-pantalla-2018-09-24-a-las-15.16.46.png?resize=155,215 155w\" sizes=\"(max-width: 533px) 100vw, 533px\" \/><\/div><\/figure><figure class=\"gallery-item\"><div class=\"gallery-icon landscape\"><img loading=\"lazy\" decoding=\"async\" width=\"546\" height=\"739\" src=\"https:\/\/graziamagazine.com\/mx\/wp-content\/uploads\/sites\/13\/2018\/09\/Captura-de-pantalla-2018-09-24-a-las-15.16.59.png\" class=\"lazy\" alt=\"La propuesta de Salvatore Ferragamo para SS19\" srcset=\"https:\/\/graziamagazine.com\/mx\/wp-content\/uploads\/sites\/13\/2018\/09\/Captura-de-pantalla-2018-09-24-a-las-15.16.59.png 546w, https:\/\/graziamagazine.com\/mx\/wp-content\/uploads\/sites\/13\/2018\/09\/Captura-de-pantalla-2018-09-24-a-las-15.16.59.png?resize=332,450 332w, https:\/\/graziamagazine.com\/mx\/wp-content\/uploads\/sites\/13\/2018\/09\/Captura-de-pantalla-2018-09-24-a-las-15.16.59.png?resize=155,210 155w\" sizes=\"(max-width: 546px) 100vw, 546px\" \/><\/div><\/figure><figure class=\"gallery-item\"><div class=\"gallery-icon landscape\"><img loading=\"lazy\" decoding=\"async\" width=\"543\" height=\"739\" src=\"https:\/\/graziamagazine.com\/mx\/wp-content\/uploads\/sites\/13\/2018\/09\/Captura-de-pantalla-2018-09-24-a-las-15.15.57.png\" class=\"lazy\" alt=\"La propuesta de Salvatore Ferragamo para SS19\" srcset=\"https:\/\/graziamagazine.com\/mx\/wp-content\/uploads\/sites\/13\/2018\/09\/Captura-de-pantalla-2018-09-24-a-las-15.15.57.png 543w, https:\/\/graziamagazine.com\/mx\/wp-content\/uploads\/sites\/13\/2018\/09\/Captura-de-pantalla-2018-09-24-a-las-15.15.57.png?resize=331,450 331w, https:\/\/graziamagazine.com\/mx\/wp-content\/uploads\/sites\/13\/2018\/09\/Captura-de-pantalla-2018-09-24-a-las-15.15.57.png?resize=155,211 155w\" sizes=\"(max-width: 543px) 100vw, 543px\" \/><\/div><\/figure><figure class=\"gallery-item\"><div class=\"gallery-icon landscape\"><img loading=\"lazy\" decoding=\"async\" width=\"550\" height=\"742\" src=\"https:\/\/graziamagazine.com\/mx\/wp-content\/uploads\/sites\/13\/2018\/09\/Captura-de-pantalla-2018-09-24-a-las-15.15.46.png\" class=\"lazy\" alt=\"La propuesta de Salvatore Ferragamo para SS19\" srcset=\"https:\/\/graziamagazine.com\/mx\/wp-content\/uploads\/sites\/13\/2018\/09\/Captura-de-pantalla-2018-09-24-a-las-15.15.46.png 550w, https:\/\/graziamagazine.com\/mx\/wp-content\/uploads\/sites\/13\/2018\/09\/Captura-de-pantalla-2018-09-24-a-las-15.15.46.png?resize=334,450 334w, https:\/\/graziamagazine.com\/mx\/wp-content\/uploads\/sites\/13\/2018\/09\/Captura-de-pantalla-2018-09-24-a-las-15.15.46.png?resize=155,209 155w\" sizes=\"(max-width: 550px) 100vw, 550px\" \/><\/div><\/figure><figure class=\"gallery-item\"><div class=\"gallery-icon landscape\"><img loading=\"lazy\" decoding=\"async\" width=\"568\" height=\"740\" src=\"https:\/\/graziamagazine.com\/mx\/wp-content\/uploads\/sites\/13\/2018\/09\/Captura-de-pantalla-2018-09-24-a-las-15.15.37.png\" class=\"lazy\" alt=\"La propuesta de Salvatore Ferragamo para SS19\" srcset=\"https:\/\/graziamagazine.com\/mx\/wp-content\/uploads\/sites\/13\/2018\/09\/Captura-de-pantalla-2018-09-24-a-las-15.15.37.png 568w, https:\/\/graziamagazine.com\/mx\/wp-content\/uploads\/sites\/13\/2018\/09\/Captura-de-pantalla-2018-09-24-a-las-15.15.37.png?resize=345,450 345w, https:\/\/graziamagazine.com\/mx\/wp-content\/uploads\/sites\/13\/2018\/09\/Captura-de-pantalla-2018-09-24-a-las-15.15.37.png?resize=155,202 155w\" sizes=\"(max-width: 568px) 100vw, 568px\" \/><\/div><\/figure><figure class=\"gallery-item\"><div class=\"gallery-icon landscape\"><img loading=\"lazy\" decoding=\"async\" width=\"513\" height=\"741\" src=\"https:\/\/graziamagazine.com\/mx\/wp-content\/uploads\/sites\/13\/2018\/09\/Captura-de-pantalla-2018-09-24-a-las-15.13.32.png\" class=\"lazy\" alt=\"La propuesta de Salvatore Ferragamo para SS19\" srcset=\"https:\/\/graziamagazine.com\/mx\/wp-content\/uploads\/sites\/13\/2018\/09\/Captura-de-pantalla-2018-09-24-a-las-15.13.32.png 513w, https:\/\/graziamagazine.com\/mx\/wp-content\/uploads\/sites\/13\/2018\/09\/Captura-de-pantalla-2018-09-24-a-las-15.13.32.png?resize=312,450 312w, https:\/\/graziamagazine.com\/mx\/wp-content\/uploads\/sites\/13\/2018\/09\/Captura-de-pantalla-2018-09-24-a-las-15.13.32.png?resize=149,215 149w\" sizes=\"(max-width: 513px) 100vw, 513px\" \/><\/div><\/figure><figure class=\"gallery-item\"><div class=\"gallery-icon landscape\"><img loading=\"lazy\" decoding=\"async\" width=\"541\" height=\"738\" src=\"https:\/\/graziamagazine.com\/mx\/wp-content\/uploads\/sites\/13\/2018\/09\/Captura-de-pantalla-2018-09-24-a-las-15.13.23.png\" class=\"lazy\" alt=\"La propuesta de Salvatore Ferragamo para SS19\" srcset=\"https:\/\/graziamagazine.com\/mx\/wp-content\/uploads\/sites\/13\/2018\/09\/Captura-de-pantalla-2018-09-24-a-las-15.13.23.png 541w, https:\/\/graziamagazine.com\/mx\/wp-content\/uploads\/sites\/13\/2018\/09\/Captura-de-pantalla-2018-09-24-a-las-15.13.23.png?resize=330,450 330w, https:\/\/graziamagazine.com\/mx\/wp-content\/uploads\/sites\/13\/2018\/09\/Captura-de-pantalla-2018-09-24-a-las-15.13.23.png?resize=155,211 155w\" sizes=\"(max-width: 541px) 100vw, 541px\" \/><\/div><\/figure><figure class=\"gallery-item\"><div class=\"gallery-icon landscape\"><img loading=\"lazy\" decoding=\"async\" width=\"573\" height=\"733\" src=\"https:\/\/graziamagazine.com\/mx\/wp-content\/uploads\/sites\/13\/2018\/09\/Captura-de-pantalla-2018-09-24-a-las-14.49.02.png\" class=\"lazy\" alt=\"La propuesta de Salvatore Ferragamo para SS19\" srcset=\"https:\/\/graziamagazine.com\/mx\/wp-content\/uploads\/sites\/13\/2018\/09\/Captura-de-pantalla-2018-09-24-a-las-14.49.02.png 573w, https:\/\/graziamagazine.com\/mx\/wp-content\/uploads\/sites\/13\/2018\/09\/Captura-de-pantalla-2018-09-24-a-las-14.49.02.png?resize=352,450 352w, https:\/\/graziamagazine.com\/mx\/wp-content\/uploads\/sites\/13\/2018\/09\/Captura-de-pantalla-2018-09-24-a-las-14.49.02.png?resize=155,198 155w\" sizes=\"(max-width: 573px) 100vw, 573px\" \/><\/div><\/figure><figure class=\"gallery-item\"><div class=\"gallery-icon landscape\"><img loading=\"lazy\" decoding=\"async\" width=\"551\" height=\"740\" src=\"https:\/\/graziamagazine.com\/mx\/wp-content\/uploads\/sites\/13\/2018\/09\/Captura-de-pantalla-2018-09-24-a-las-14.50.30.png\" class=\"lazy\" alt=\"La propuesta de Salvatore Ferragamo para SS19\" srcset=\"https:\/\/graziamagazine.com\/mx\/wp-content\/uploads\/sites\/13\/2018\/09\/Captura-de-pantalla-2018-09-24-a-las-14.50.30.png 551w, https:\/\/graziamagazine.com\/mx\/wp-content\/uploads\/sites\/13\/2018\/09\/Captura-de-pantalla-2018-09-24-a-las-14.50.30.png?resize=335,450 335w, https:\/\/graziamagazine.com\/mx\/wp-content\/uploads\/sites\/13\/2018\/09\/Captura-de-pantalla-2018-09-24-a-las-14.50.30.png?resize=155,208 155w\" sizes=\"(max-width: 551px) 100vw, 551px\" \/><\/div><\/figure><figure class=\"gallery-item\"><div class=\"gallery-icon landscape\"><img loading=\"lazy\" decoding=\"async\" width=\"548\" height=\"741\" src=\"https:\/\/graziamagazine.com\/mx\/wp-content\/uploads\/sites\/13\/2018\/09\/Captura-de-pantalla-2018-09-24-a-las-14.51.00.png\" class=\"lazy\" alt=\"La propuesta de Salvatore Ferragamo para SS19\" srcset=\"https:\/\/graziamagazine.com\/mx\/wp-content\/uploads\/sites\/13\/2018\/09\/Captura-de-pantalla-2018-09-24-a-las-14.51.00.png 548w, https:\/\/graziamagazine.com\/mx\/wp-content\/uploads\/sites\/13\/2018\/09\/Captura-de-pantalla-2018-09-24-a-las-14.51.00.png?resize=333,450 333w, https:\/\/graziamagazine.com\/mx\/wp-content\/uploads\/sites\/13\/2018\/09\/Captura-de-pantalla-2018-09-24-a-las-14.51.00.png?resize=155,210 155w\" sizes=\"(max-width: 548px) 100vw, 548px\" \/><\/div><\/figure><figure class=\"gallery-item\"><div class=\"gallery-icon landscape\"><img loading=\"lazy\" decoding=\"async\" width=\"533\" height=\"739\" src=\"https:\/\/graziamagazine.com\/mx\/wp-content\/uploads\/sites\/13\/2018\/09\/Captura-de-pantalla-2018-09-24-a-las-14.49.30.png\" class=\"lazy\" alt=\"La propuesta de Salvatore Ferragamo para SS19\" srcset=\"https:\/\/graziamagazine.com\/mx\/wp-content\/uploads\/sites\/13\/2018\/09\/Captura-de-pantalla-2018-09-24-a-las-14.49.30.png 533w, https:\/\/graziamagazine.com\/mx\/wp-content\/uploads\/sites\/13\/2018\/09\/Captura-de-pantalla-2018-09-24-a-las-14.49.30.png?resize=325,450 325w, https:\/\/graziamagazine.com\/mx\/wp-content\/uploads\/sites\/13\/2018\/09\/Captura-de-pantalla-2018-09-24-a-las-14.49.30.png?resize=155,215 155w\" sizes=\"(max-width: 533px) 100vw, 533px\" \/><\/div><\/figure><figure class=\"gallery-item\"><div class=\"gallery-icon landscape\"><img loading=\"lazy\" decoding=\"async\" width=\"539\" height=\"733\" src=\"https:\/\/graziamagazine.com\/mx\/wp-content\/uploads\/sites\/13\/2018\/09\/Captura-de-pantalla-2018-09-24-a-las-15.12.50.png\" class=\"lazy\" alt=\"La propuesta de Salvatore Ferragamo para SS19\" srcset=\"https:\/\/graziamagazine.com\/mx\/wp-content\/uploads\/sites\/13\/2018\/09\/Captura-de-pantalla-2018-09-24-a-las-15.12.50.png 539w, https:\/\/graziamagazine.com\/mx\/wp-content\/uploads\/sites\/13\/2018\/09\/Captura-de-pantalla-2018-09-24-a-las-15.12.50.png?resize=331,450 331w, https:\/\/graziamagazine.com\/mx\/wp-content\/uploads\/sites\/13\/2018\/09\/Captura-de-pantalla-2018-09-24-a-las-15.12.50.png?resize=155,211 155w\" sizes=\"(max-width: 539px) 100vw, 539px\" \/><\/div><\/figure><figure class=\"gallery-item\"><div class=\"gallery-icon landscape\"><img loading=\"lazy\" decoding=\"async\" width=\"549\" height=\"735\" src=\"https:\/\/graziamagazine.com\/mx\/wp-content\/uploads\/sites\/13\/2018\/09\/Captura-de-pantalla-2018-09-24-a-las-14.49.46.png\" class=\"lazy\" alt=\"La propuesta de Salvatore Ferragamo para SS19\" srcset=\"https:\/\/graziamagazine.com\/mx\/wp-content\/uploads\/sites\/13\/2018\/09\/Captura-de-pantalla-2018-09-24-a-las-14.49.46.png 549w, https:\/\/graziamagazine.com\/mx\/wp-content\/uploads\/sites\/13\/2018\/09\/Captura-de-pantalla-2018-09-24-a-las-14.49.46.png?resize=336,450 336w, https:\/\/graziamagazine.com\/mx\/wp-content\/uploads\/sites\/13\/2018\/09\/Captura-de-pantalla-2018-09-24-a-las-14.49.46.png?resize=155,208 155w\" sizes=\"(max-width: 549px) 100vw, 549px\" \/><\/div><\/figure><figure class=\"gallery-item\"><div class=\"gallery-icon landscape\"><img loading=\"lazy\" decoding=\"async\" width=\"520\" height=\"737\" src=\"https:\/\/graziamagazine.com\/mx\/wp-content\/uploads\/sites\/13\/2018\/09\/Captura-de-pantalla-2018-09-24-a-las-15.13.02.png\" class=\"lazy\" alt=\"La propuesta de Salvatore Ferragamo para SS19\" srcset=\"https:\/\/graziamagazine.com\/mx\/wp-content\/uploads\/sites\/13\/2018\/09\/Captura-de-pantalla-2018-09-24-a-las-15.13.02.png 520w, https:\/\/graziamagazine.com\/mx\/wp-content\/uploads\/sites\/13\/2018\/09\/Captura-de-pantalla-2018-09-24-a-las-15.13.02.png?resize=318,450 318w, https:\/\/graziamagazine.com\/mx\/wp-content\/uploads\/sites\/13\/2018\/09\/Captura-de-pantalla-2018-09-24-a-las-15.13.02.png?resize=152,215 152w\" sizes=\"(max-width: 520px) 100vw, 520px\" \/><\/div><\/figure><figure class=\"gallery-item\"><div class=\"gallery-icon landscape\"><img loading=\"lazy\" decoding=\"async\" width=\"540\" height=\"736\" src=\"https:\/\/graziamagazine.com\/mx\/wp-content\/uploads\/sites\/13\/2018\/09\/Captura-de-pantalla-2018-09-24-a-las-14.50.00.png\" class=\"lazy\" alt=\"La propuesta de Salvatore Ferragamo para SS19\" srcset=\"https:\/\/graziamagazine.com\/mx\/wp-content\/uploads\/sites\/13\/2018\/09\/Captura-de-pantalla-2018-09-24-a-las-14.50.00.png 540w, https:\/\/graziamagazine.com\/mx\/wp-content\/uploads\/sites\/13\/2018\/09\/Captura-de-pantalla-2018-09-24-a-las-14.50.00.png?resize=330,450 330w, https:\/\/graziamagazine.com\/mx\/wp-content\/uploads\/sites\/13\/2018\/09\/Captura-de-pantalla-2018-09-24-a-las-14.50.00.png?resize=155,211 155w\" sizes=\"(max-width: 540px) 100vw, 540px\" \/><\/div><\/figure><figure class=\"gallery-item\"><div class=\"gallery-icon landscape\"><img loading=\"lazy\" decoding=\"async\" width=\"550\" height=\"739\" src=\"https:\/\/graziamagazine.com\/mx\/wp-content\/uploads\/sites\/13\/2018\/09\/Captura-de-pantalla-2018-09-24-a-las-15.18.10.png\" class=\"lazy\" alt=\"La propuesta de Salvatore Ferragamo para SS19\" srcset=\"https:\/\/graziamagazine.com\/mx\/wp-content\/uploads\/sites\/13\/2018\/09\/Captura-de-pantalla-2018-09-24-a-las-15.18.10.png 550w, https:\/\/graziamagazine.com\/mx\/wp-content\/uploads\/sites\/13\/2018\/09\/Captura-de-pantalla-2018-09-24-a-las-15.18.10.png?resize=335,450 335w, https:\/\/graziamagazine.com\/mx\/wp-content\/uploads\/sites\/13\/2018\/09\/Captura-de-pantalla-2018-09-24-a-las-15.18.10.png?resize=155,208 155w\" sizes=\"(max-width: 550px) 100vw, 550px\" \/><\/div><\/figure><figure class=\"gallery-item\"><div class=\"gallery-icon landscape\"><img loading=\"lazy\" decoding=\"async\" width=\"555\" height=\"740\" src=\"https:\/\/graziamagazine.com\/mx\/wp-content\/uploads\/sites\/13\/2018\/09\/Captura-de-pantalla-2018-09-24-a-las-14.49.18.png\" class=\"lazy\" alt=\"La propuesta de Salvatore Ferragamo para SS19\" srcset=\"https:\/\/graziamagazine.com\/mx\/wp-content\/uploads\/sites\/13\/2018\/09\/Captura-de-pantalla-2018-09-24-a-las-14.49.18.png 555w, https:\/\/graziamagazine.com\/mx\/wp-content\/uploads\/sites\/13\/2018\/09\/Captura-de-pantalla-2018-09-24-a-las-14.49.18.png?resize=338,450 338w, https:\/\/graziamagazine.com\/mx\/wp-content\/uploads\/sites\/13\/2018\/09\/Captura-de-pantalla-2018-09-24-a-las-14.49.18.png?resize=155,207 155w\" sizes=\"(max-width: 555px) 100vw, 555px\" \/><\/div><\/figure><figure class=\"gallery-item\"><div class=\"gallery-icon landscape\"><img loading=\"lazy\" decoding=\"async\" width=\"528\" height=\"737\" src=\"https:\/\/graziamagazine.com\/mx\/wp-content\/uploads\/sites\/13\/2018\/09\/Captura-de-pantalla-2018-09-24-a-las-14.50.14.png\" class=\"lazy\" alt=\"La propuesta de Salvatore Ferragamo para SS19\" srcset=\"https:\/\/graziamagazine.com\/mx\/wp-content\/uploads\/sites\/13\/2018\/09\/Captura-de-pantalla-2018-09-24-a-las-14.50.14.png 528w, https:\/\/graziamagazine.com\/mx\/wp-content\/uploads\/sites\/13\/2018\/09\/Captura-de-pantalla-2018-09-24-a-las-14.50.14.png?resize=322,450 322w, https:\/\/graziamagazine.com\/mx\/wp-content\/uploads\/sites\/13\/2018\/09\/Captura-de-pantalla-2018-09-24-a-las-14.50.14.png?resize=155,215 155w\" sizes=\"(max-width: 528px) 100vw, 528px\" \/><\/div><\/figure><figure class=\"gallery-item\"><div class=\"gallery-icon landscape\"><img loading=\"lazy\" decoding=\"async\" width=\"553\" height=\"736\" src=\"https:\/\/graziamagazine.com\/mx\/wp-content\/uploads\/sites\/13\/2018\/09\/Captura-de-pantalla-2018-09-24-a-las-15.13.13.png\" class=\"lazy\" alt=\"La propuesta de Salvatore Ferragamo para SS19\" srcset=\"https:\/\/graziamagazine.com\/mx\/wp-content\/uploads\/sites\/13\/2018\/09\/Captura-de-pantalla-2018-09-24-a-las-15.13.13.png 553w, https:\/\/graziamagazine.com\/mx\/wp-content\/uploads\/sites\/13\/2018\/09\/Captura-de-pantalla-2018-09-24-a-las-15.13.13.png?resize=338,450 338w, https:\/\/graziamagazine.com\/mx\/wp-content\/uploads\/sites\/13\/2018\/09\/Captura-de-pantalla-2018-09-24-a-las-15.13.13.png?resize=155,206 155w\" sizes=\"(max-width: 553px) 100vw, 553px\" \/><\/div><\/figure><\/div><\/div>\n","protected":false},"author":11622,"featured_media":57435,"template":"","format":"gallery","categories":[6],"acf":[],"yoast_head":"<!-- This site is optimized with the Yoast SEO Premium plugin v18.5 (Yoast SEO v20.4) - https:\/\/yoast.com\/wordpress\/plugins\/seo\/ -->\n<title>La propuesta de Salvatore Ferragamo para SS19 | Grazia M\u00e9xico y Latinoam\u00e9rica<\/title>\n<meta name=\"description\" content=\"Paul Andrew le ha dado un nuevo giro a la herencia y tradici\u00f3n de Ferragamo, reinterpretando los cl\u00e1sicos de los archivos con una propuesta fresca, ligera y llena de color.\" \/>\n<meta name=\"robots\" content=\"index, follow, max-snippet:-1, max-image-preview:large, max-video-preview:-1\" \/>\n<link rel=\"canonical\" href=\"https:\/\/graziamagazine.com\/mx\/articles\/la-propuesta-de-salvatore-ferragamo-para-ss19\/\" \/>\n<meta property=\"og:locale\" content=\"es_MX\" \/>\n<meta property=\"og:type\" content=\"article\" \/>\n<meta property=\"og:title\" content=\"La propuesta de Salvatore Ferragamo para SS19\" \/>\n<meta property=\"og:description\" content=\"Paul Andrew le ha dado un nuevo giro a la herencia y tradici\u00f3n de Ferragamo, reinterpretando los cl\u00e1sicos de los archivos con una propuesta fresca, ligera y llena de color.\" \/>\n<meta property=\"og:url\" content=\"https:\/\/graziamagazine.com\/mx\/articles\/la-propuesta-de-salvatore-ferragamo-para-ss19\/\" \/>\n<meta property=\"og:site_name\" content=\"Grazia M\u00e9xico y Latinoam\u00e9rica\" \/>\n<meta property=\"article:modified_time\" content=\"2019-09-17T18:48:00+00:00\" \/>\n<meta property=\"og:image\" content=\"https:\/\/graziamagazine.com\/mx\/wp-content\/uploads\/sites\/13\/2018\/09\/la-propuesta-de-salvatore-ferragamo-para-ss19.jpg?fit=700%2C350\" \/>\n\t<meta property=\"og:image:width\" content=\"700\" \/>\n\t<meta property=\"og:image:height\" content=\"350\" \/>\n\t<meta property=\"og:image:type\" content=\"image\/jpeg\" \/>\n<meta name=\"twitter:card\" content=\"summary_large_image\" \/>\n<script type=\"application\/ld+json\" class=\"yoast-schema-graph\">{\"@context\":\"https:\/\/schema.org\",\"@graph\":[{\"@type\":\"WebPage\",\"@id\":\"https:\/\/graziamagazine.com\/mx\/articles\/la-propuesta-de-salvatore-ferragamo-para-ss19\/\",\"url\":\"https:\/\/graziamagazine.com\/mx\/articles\/la-propuesta-de-salvatore-ferragamo-para-ss19\/\",\"name\":\"La propuesta de Salvatore Ferragamo para SS19 | Grazia M\u00e9xico y Latinoam\u00e9rica\",\"isPartOf\":{\"@id\":\"https:\/\/graziamagazine.com\/mx\/#website\"},\"datePublished\":\"2018-09-24T22:12:16+00:00\",\"dateModified\":\"2019-09-17T18:48:00+00:00\",\"description\":\"Paul Andrew le ha dado un nuevo giro a la herencia y tradici\u00f3n de Ferragamo, reinterpretando los cl\u00e1sicos de los archivos con una propuesta fresca, ligera y llena de color.\",\"breadcrumb\":{\"@id\":\"https:\/\/graziamagazine.com\/mx\/articles\/la-propuesta-de-salvatore-ferragamo-para-ss19\/#breadcrumb\"},\"inLanguage\":\"es-MX\",\"potentialAction\":[{\"@type\":\"ReadAction\",\"target\":[\"https:\/\/graziamagazine.com\/mx\/articles\/la-propuesta-de-salvatore-ferragamo-para-ss19\/\"]}]},{\"@type\":\"BreadcrumbList\",\"@id\":\"https:\/\/graziamagazine.com\/mx\/articles\/la-propuesta-de-salvatore-ferragamo-para-ss19\/#breadcrumb\",\"itemListElement\":[{\"@type\":\"ListItem\",\"position\":1,\"name\":\"Home\",\"item\":\"https:\/\/graziamagazine.com\/mx\/\"},{\"@type\":\"ListItem\",\"position\":2,\"name\":\"La propuesta de Salvatore Ferragamo para SS19\"}]},{\"@type\":\"WebSite\",\"@id\":\"https:\/\/graziamagazine.com\/mx\/#website\",\"url\":\"https:\/\/graziamagazine.com\/mx\/\",\"name\":\"Grazia M\u00e9xico y Latinoam\u00e9rica\",\"description\":\"Grazia es moda, belleza y noticias  de actualidad \",\"potentialAction\":[{\"@type\":\"SearchAction\",\"target\":{\"@type\":\"EntryPoint\",\"urlTemplate\":\"https:\/\/graziamagazine.com\/mx\/?s={search_term_string}\"},\"query-input\":\"required name=search_term_string\"}],\"inLanguage\":\"es-MX\"}]}<\/script>\n<!-- \/ Yoast SEO Premium plugin. -->","yoast_head_json":{"title":"La propuesta de Salvatore Ferragamo para SS19 | Grazia M\u00e9xico y Latinoam\u00e9rica","description":"Paul Andrew le ha dado un nuevo giro a la herencia y tradici\u00f3n de Ferragamo, reinterpretando los cl\u00e1sicos de los archivos con una propuesta fresca, ligera y llena de color.","robots":{"index":"index","follow":"follow","max-snippet":"max-snippet:-1","max-image-preview":"max-image-preview:large","max-video-preview":"max-video-preview:-1"},"canonical":"https:\/\/graziamagazine.com\/mx\/articles\/la-propuesta-de-salvatore-ferragamo-para-ss19\/","og_locale":"es_MX","og_type":"article","og_title":"La propuesta de Salvatore Ferragamo para SS19","og_description":"Paul Andrew le ha dado un nuevo giro a la herencia y tradici\u00f3n de Ferragamo, reinterpretando los cl\u00e1sicos de los archivos con una propuesta fresca, ligera y llena de color.","og_url":"https:\/\/graziamagazine.com\/mx\/articles\/la-propuesta-de-salvatore-ferragamo-para-ss19\/","og_site_name":"Grazia M\u00e9xico y Latinoam\u00e9rica","article_modified_time":"2019-09-17T18:48:00+00:00","og_image":[{"width":700,"height":350,"url":"https:\/\/graziamagazine.com\/mx\/wp-content\/uploads\/sites\/13\/2018\/09\/la-propuesta-de-salvatore-ferragamo-para-ss19.jpg?fit=700%2C350","type":"image\/jpeg"}],"twitter_card":"summary_large_image","schema":{"@context":"https:\/\/schema.org","@graph":[{"@type":"WebPage","@id":"https:\/\/graziamagazine.com\/mx\/articles\/la-propuesta-de-salvatore-ferragamo-para-ss19\/","url":"https:\/\/graziamagazine.com\/mx\/articles\/la-propuesta-de-salvatore-ferragamo-para-ss19\/","name":"La propuesta de Salvatore Ferragamo para SS19 | Grazia M\u00e9xico y Latinoam\u00e9rica","isPartOf":{"@id":"https:\/\/graziamagazine.com\/mx\/#website"},"datePublished":"2018-09-24T22:12:16+00:00","dateModified":"2019-09-17T18:48:00+00:00","description":"Paul Andrew le ha dado un nuevo giro a la herencia y tradici\u00f3n de Ferragamo, reinterpretando los cl\u00e1sicos de los archivos con una propuesta fresca, ligera y llena de color.","breadcrumb":{"@id":"https:\/\/graziamagazine.com\/mx\/articles\/la-propuesta-de-salvatore-ferragamo-para-ss19\/#breadcrumb"},"inLanguage":"es-MX","potentialAction":[{"@type":"ReadAction","target":["https:\/\/graziamagazine.com\/mx\/articles\/la-propuesta-de-salvatore-ferragamo-para-ss19\/"]}]},{"@type":"BreadcrumbList","@id":"https:\/\/graziamagazine.com\/mx\/articles\/la-propuesta-de-salvatore-ferragamo-para-ss19\/#breadcrumb","itemListElement":[{"@type":"ListItem","position":1,"name":"Home","item":"https:\/\/graziamagazine.com\/mx\/"},{"@type":"ListItem","position":2,"name":"La propuesta de Salvatore Ferragamo para SS19"}]},{"@type":"WebSite","@id":"https:\/\/graziamagazine.com\/mx\/#website","url":"https:\/\/graziamagazine.com\/mx\/","name":"Grazia M\u00e9xico y Latinoam\u00e9rica","description":"Grazia es moda, belleza y noticias  de actualidad ","potentialAction":[{"@type":"SearchAction","target":{"@type":"EntryPoint","urlTemplate":"https:\/\/graziamagazine.com\/mx\/?s={search_term_string}"},"query-input":"required name=search_term_string"}],"inLanguage":"es-MX"}]}},"jetpack_sharing_enabled":true,"distributor_meta":false,"distributor_terms":false,"distributor_media":false,"distributor_original_site_name":"Grazia M\u00e9xico y Latinoam\u00e9rica","distributor_original_site_url":"https:\/\/graziamagazine.com\/mx","push-errors":false,"_links":{"self":[{"href":"https:\/\/graziamagazine.com\/mx\/wp-json\/wp\/v2\/articles\/57407"}],"collection":[{"href":"https:\/\/graziamagazine.com\/mx\/wp-json\/wp\/v2\/articles"}],"about":[{"href":"https:\/\/graziamagazine.com\/mx\/wp-json\/wp\/v2\/types\/articles"}],"author":[{"embeddable":true,"href":"https:\/\/graziamagazine.com\/mx\/wp-json\/wp\/v2\/users\/11622"}],"wp:featuredmedia":[{"embeddable":true,"href":"https:\/\/graziamagazine.com\/mx\/wp-json\/wp\/v2\/media\/57435"}],"wp:attachment":[{"href":"https:\/\/graziamagazine.com\/mx\/wp-json\/wp\/v2\/media?parent=57407"}],"wp:term":[{"taxonomy":"category","embeddable":true,"href":"https:\/\/graziamagazine.com\/mx\/wp-json\/wp\/v2\/categories?post=57407"}],"curies":[{"name":"wp","href":"https:\/\/api.w.org\/{rel}","templated":true}]}}