{"id":57348,"date":"2018-09-24T11:05:35","date_gmt":"2018-09-24T16:05:35","guid":{"rendered":"https:\/\/graziamagazine.com\/mx\/?p=57348"},"modified":"2019-04-08T13:11:16","modified_gmt":"2019-04-08T18:11:16","slug":"el-adn-de-dolce-gabbana","status":"publish","type":"articles","link":"https:\/\/graziamagazine.com\/mx\/articles\/el-adn-de-dolce-gabbana\/","title":{"rendered":"El ADN de Dolce &#038; Gabbana"},"content":{"rendered":"<div class=\"content-gallery\"><div class=\"gallery-placeholder\"><div class=\"spinner\"><\/div><\/div><span class=\"gallery-pagination\"><\/span><div id=\"gallery-1\" class=\"gallery galleryid-57348 gallery-columns- gallery-size-\"><figure class=\"gallery-item\"><div class=\"gallery-icon landscape\"><img loading=\"lazy\" decoding=\"async\" width=\"494\" height=\"740\" src=\"https:\/\/graziamagazine.com\/mx\/wp-content\/uploads\/sites\/13\/2018\/09\/Captura-de-pantalla-2018-09-24-a-las-10.01.45.png\" class=\"lazy\" alt=\"\" srcset=\"https:\/\/graziamagazine.com\/mx\/wp-content\/uploads\/sites\/13\/2018\/09\/Captura-de-pantalla-2018-09-24-a-las-10.01.45.png 494w, https:\/\/graziamagazine.com\/mx\/wp-content\/uploads\/sites\/13\/2018\/09\/Captura-de-pantalla-2018-09-24-a-las-10.01.45.png?resize=300,450 300w, https:\/\/graziamagazine.com\/mx\/wp-content\/uploads\/sites\/13\/2018\/09\/Captura-de-pantalla-2018-09-24-a-las-10.01.45.png?resize=144,215 144w\" sizes=\"(max-width: 494px) 100vw, 494px\" \/><\/div><\/figure><figure class=\"gallery-item\"><div class=\"gallery-icon landscape\"><img loading=\"lazy\" decoding=\"async\" width=\"491\" height=\"743\" src=\"https:\/\/graziamagazine.com\/mx\/wp-content\/uploads\/sites\/13\/2018\/09\/Captura-de-pantalla-2018-09-24-a-las-10.02.04.png\" class=\"lazy\" alt=\"\" srcset=\"https:\/\/graziamagazine.com\/mx\/wp-content\/uploads\/sites\/13\/2018\/09\/Captura-de-pantalla-2018-09-24-a-las-10.02.04.png 491w, https:\/\/graziamagazine.com\/mx\/wp-content\/uploads\/sites\/13\/2018\/09\/Captura-de-pantalla-2018-09-24-a-las-10.02.04.png?resize=297,450 297w, https:\/\/graziamagazine.com\/mx\/wp-content\/uploads\/sites\/13\/2018\/09\/Captura-de-pantalla-2018-09-24-a-las-10.02.04.png?resize=142,215 142w\" sizes=\"(max-width: 491px) 100vw, 491px\" \/><\/div><\/figure><figure class=\"gallery-item\"><div class=\"gallery-icon landscape\"><img loading=\"lazy\" decoding=\"async\" width=\"493\" height=\"744\" src=\"https:\/\/graziamagazine.com\/mx\/wp-content\/uploads\/sites\/13\/2018\/09\/Captura-de-pantalla-2018-09-24-a-las-10.02.17.png\" class=\"lazy\" alt=\"\" srcset=\"https:\/\/graziamagazine.com\/mx\/wp-content\/uploads\/sites\/13\/2018\/09\/Captura-de-pantalla-2018-09-24-a-las-10.02.17.png 493w, https:\/\/graziamagazine.com\/mx\/wp-content\/uploads\/sites\/13\/2018\/09\/Captura-de-pantalla-2018-09-24-a-las-10.02.17.png?resize=298,450 298w, https:\/\/graziamagazine.com\/mx\/wp-content\/uploads\/sites\/13\/2018\/09\/Captura-de-pantalla-2018-09-24-a-las-10.02.17.png?resize=142,215 142w\" sizes=\"(max-width: 493px) 100vw, 493px\" \/><\/div><\/figure><figure class=\"gallery-item\"><div class=\"gallery-icon landscape\"><img loading=\"lazy\" decoding=\"async\" width=\"485\" height=\"742\" src=\"https:\/\/graziamagazine.com\/mx\/wp-content\/uploads\/sites\/13\/2018\/09\/Captura-de-pantalla-2018-09-24-a-las-10.02.32.png\" class=\"lazy\" alt=\"\" srcset=\"https:\/\/graziamagazine.com\/mx\/wp-content\/uploads\/sites\/13\/2018\/09\/Captura-de-pantalla-2018-09-24-a-las-10.02.32.png 485w, https:\/\/graziamagazine.com\/mx\/wp-content\/uploads\/sites\/13\/2018\/09\/Captura-de-pantalla-2018-09-24-a-las-10.02.32.png?resize=294,450 294w, https:\/\/graziamagazine.com\/mx\/wp-content\/uploads\/sites\/13\/2018\/09\/Captura-de-pantalla-2018-09-24-a-las-10.02.32.png?resize=141,215 141w\" sizes=\"(max-width: 485px) 100vw, 485px\" \/><\/div><\/figure><figure class=\"gallery-item\"><div class=\"gallery-icon landscape\"><img loading=\"lazy\" decoding=\"async\" width=\"488\" height=\"740\" src=\"https:\/\/graziamagazine.com\/mx\/wp-content\/uploads\/sites\/13\/2018\/09\/Captura-de-pantalla-2018-09-24-a-las-10.02.47.png\" class=\"lazy\" alt=\"\" srcset=\"https:\/\/graziamagazine.com\/mx\/wp-content\/uploads\/sites\/13\/2018\/09\/Captura-de-pantalla-2018-09-24-a-las-10.02.47.png 488w, https:\/\/graziamagazine.com\/mx\/wp-content\/uploads\/sites\/13\/2018\/09\/Captura-de-pantalla-2018-09-24-a-las-10.02.47.png?resize=297,450 297w, https:\/\/graziamagazine.com\/mx\/wp-content\/uploads\/sites\/13\/2018\/09\/Captura-de-pantalla-2018-09-24-a-las-10.02.47.png?resize=142,215 142w\" sizes=\"(max-width: 488px) 100vw, 488px\" \/><\/div><\/figure><figure class=\"gallery-item\"><div class=\"gallery-icon landscape\"><img loading=\"lazy\" decoding=\"async\" width=\"485\" height=\"742\" src=\"https:\/\/graziamagazine.com\/mx\/wp-content\/uploads\/sites\/13\/2018\/09\/Captura-de-pantalla-2018-09-24-a-las-10.03.03.png\" class=\"lazy\" alt=\"\" srcset=\"https:\/\/graziamagazine.com\/mx\/wp-content\/uploads\/sites\/13\/2018\/09\/Captura-de-pantalla-2018-09-24-a-las-10.03.03.png 485w, https:\/\/graziamagazine.com\/mx\/wp-content\/uploads\/sites\/13\/2018\/09\/Captura-de-pantalla-2018-09-24-a-las-10.03.03.png?resize=294,450 294w, https:\/\/graziamagazine.com\/mx\/wp-content\/uploads\/sites\/13\/2018\/09\/Captura-de-pantalla-2018-09-24-a-las-10.03.03.png?resize=141,215 141w\" sizes=\"(max-width: 485px) 100vw, 485px\" \/><\/div><\/figure><figure class=\"gallery-item\"><div class=\"gallery-icon landscape\"><img loading=\"lazy\" decoding=\"async\" width=\"487\" height=\"741\" src=\"https:\/\/graziamagazine.com\/mx\/wp-content\/uploads\/sites\/13\/2018\/09\/Captura-de-pantalla-2018-09-24-a-las-10.03.19.png\" class=\"lazy\" alt=\"\" srcset=\"https:\/\/graziamagazine.com\/mx\/wp-content\/uploads\/sites\/13\/2018\/09\/Captura-de-pantalla-2018-09-24-a-las-10.03.19.png 487w, https:\/\/graziamagazine.com\/mx\/wp-content\/uploads\/sites\/13\/2018\/09\/Captura-de-pantalla-2018-09-24-a-las-10.03.19.png?resize=296,450 296w, https:\/\/graziamagazine.com\/mx\/wp-content\/uploads\/sites\/13\/2018\/09\/Captura-de-pantalla-2018-09-24-a-las-10.03.19.png?resize=141,215 141w\" sizes=\"(max-width: 487px) 100vw, 487px\" \/><\/div><\/figure><figure class=\"gallery-item\"><div class=\"gallery-icon landscape\"><img loading=\"lazy\" decoding=\"async\" width=\"488\" height=\"742\" src=\"https:\/\/graziamagazine.com\/mx\/wp-content\/uploads\/sites\/13\/2018\/09\/Captura-de-pantalla-2018-09-24-a-las-10.03.38.png\" class=\"lazy\" alt=\"\" srcset=\"https:\/\/graziamagazine.com\/mx\/wp-content\/uploads\/sites\/13\/2018\/09\/Captura-de-pantalla-2018-09-24-a-las-10.03.38.png 488w, https:\/\/graziamagazine.com\/mx\/wp-content\/uploads\/sites\/13\/2018\/09\/Captura-de-pantalla-2018-09-24-a-las-10.03.38.png?resize=296,450 296w, https:\/\/graziamagazine.com\/mx\/wp-content\/uploads\/sites\/13\/2018\/09\/Captura-de-pantalla-2018-09-24-a-las-10.03.38.png?resize=141,215 141w\" sizes=\"(max-width: 488px) 100vw, 488px\" \/><\/div><\/figure><figure class=\"gallery-item\"><div class=\"gallery-icon landscape\"><img loading=\"lazy\" decoding=\"async\" width=\"486\" height=\"742\" src=\"https:\/\/graziamagazine.com\/mx\/wp-content\/uploads\/sites\/13\/2018\/09\/Captura-de-pantalla-2018-09-24-a-las-10.03.51.png\" class=\"lazy\" alt=\"\" srcset=\"https:\/\/graziamagazine.com\/mx\/wp-content\/uploads\/sites\/13\/2018\/09\/Captura-de-pantalla-2018-09-24-a-las-10.03.51.png 486w, https:\/\/graziamagazine.com\/mx\/wp-content\/uploads\/sites\/13\/2018\/09\/Captura-de-pantalla-2018-09-24-a-las-10.03.51.png?resize=295,450 295w, https:\/\/graziamagazine.com\/mx\/wp-content\/uploads\/sites\/13\/2018\/09\/Captura-de-pantalla-2018-09-24-a-las-10.03.51.png?resize=141,215 141w\" sizes=\"(max-width: 486px) 100vw, 486px\" \/><\/div><\/figure><figure class=\"gallery-item\"><div class=\"gallery-icon landscape\"><img loading=\"lazy\" decoding=\"async\" width=\"474\" height=\"742\" src=\"https:\/\/graziamagazine.com\/mx\/wp-content\/uploads\/sites\/13\/2018\/09\/Captura-de-pantalla-2018-09-24-a-las-10.04.08.png\" class=\"lazy\" alt=\"\" srcset=\"https:\/\/graziamagazine.com\/mx\/wp-content\/uploads\/sites\/13\/2018\/09\/Captura-de-pantalla-2018-09-24-a-las-10.04.08.png 474w, https:\/\/graziamagazine.com\/mx\/wp-content\/uploads\/sites\/13\/2018\/09\/Captura-de-pantalla-2018-09-24-a-las-10.04.08.png?resize=287,450 287w, https:\/\/graziamagazine.com\/mx\/wp-content\/uploads\/sites\/13\/2018\/09\/Captura-de-pantalla-2018-09-24-a-las-10.04.08.png?resize=137,215 137w\" sizes=\"(max-width: 474px) 100vw, 474px\" \/><\/div><\/figure><figure class=\"gallery-item\"><div class=\"gallery-icon landscape\"><img loading=\"lazy\" decoding=\"async\" width=\"488\" height=\"743\" src=\"https:\/\/graziamagazine.com\/mx\/wp-content\/uploads\/sites\/13\/2018\/09\/Captura-de-pantalla-2018-09-24-a-las-10.04.22.png\" class=\"lazy\" alt=\"\" srcset=\"https:\/\/graziamagazine.com\/mx\/wp-content\/uploads\/sites\/13\/2018\/09\/Captura-de-pantalla-2018-09-24-a-las-10.04.22.png 488w, https:\/\/graziamagazine.com\/mx\/wp-content\/uploads\/sites\/13\/2018\/09\/Captura-de-pantalla-2018-09-24-a-las-10.04.22.png?resize=296,450 296w, https:\/\/graziamagazine.com\/mx\/wp-content\/uploads\/sites\/13\/2018\/09\/Captura-de-pantalla-2018-09-24-a-las-10.04.22.png?resize=141,215 141w\" sizes=\"(max-width: 488px) 100vw, 488px\" \/><\/div><\/figure><figure class=\"gallery-item\"><div class=\"gallery-icon landscape\"><img loading=\"lazy\" decoding=\"async\" width=\"481\" height=\"741\" src=\"https:\/\/graziamagazine.com\/mx\/wp-content\/uploads\/sites\/13\/2018\/09\/Captura-de-pantalla-2018-09-24-a-las-10.04.39.png\" class=\"lazy\" alt=\"\" srcset=\"https:\/\/graziamagazine.com\/mx\/wp-content\/uploads\/sites\/13\/2018\/09\/Captura-de-pantalla-2018-09-24-a-las-10.04.39.png 481w, https:\/\/graziamagazine.com\/mx\/wp-content\/uploads\/sites\/13\/2018\/09\/Captura-de-pantalla-2018-09-24-a-las-10.04.39.png?resize=292,450 292w, https:\/\/graziamagazine.com\/mx\/wp-content\/uploads\/sites\/13\/2018\/09\/Captura-de-pantalla-2018-09-24-a-las-10.04.39.png?resize=140,215 140w\" sizes=\"(max-width: 481px) 100vw, 481px\" \/><\/div><\/figure><figure class=\"gallery-item\"><div class=\"gallery-icon landscape\"><img loading=\"lazy\" decoding=\"async\" width=\"483\" height=\"740\" src=\"https:\/\/graziamagazine.com\/mx\/wp-content\/uploads\/sites\/13\/2018\/09\/Captura-de-pantalla-2018-09-24-a-las-10.04.55.png\" class=\"lazy\" alt=\"\" srcset=\"https:\/\/graziamagazine.com\/mx\/wp-content\/uploads\/sites\/13\/2018\/09\/Captura-de-pantalla-2018-09-24-a-las-10.04.55.png 483w, https:\/\/graziamagazine.com\/mx\/wp-content\/uploads\/sites\/13\/2018\/09\/Captura-de-pantalla-2018-09-24-a-las-10.04.55.png?resize=294,450 294w, https:\/\/graziamagazine.com\/mx\/wp-content\/uploads\/sites\/13\/2018\/09\/Captura-de-pantalla-2018-09-24-a-las-10.04.55.png?resize=140,215 140w\" sizes=\"(max-width: 483px) 100vw, 483px\" \/><\/div><\/figure><figure class=\"gallery-item\"><div class=\"gallery-icon landscape\"><img loading=\"lazy\" decoding=\"async\" width=\"484\" height=\"740\" src=\"https:\/\/graziamagazine.com\/mx\/wp-content\/uploads\/sites\/13\/2018\/09\/Captura-de-pantalla-2018-09-24-a-las-10.05.17.png\" class=\"lazy\" alt=\"\" srcset=\"https:\/\/graziamagazine.com\/mx\/wp-content\/uploads\/sites\/13\/2018\/09\/Captura-de-pantalla-2018-09-24-a-las-10.05.17.png 484w, https:\/\/graziamagazine.com\/mx\/wp-content\/uploads\/sites\/13\/2018\/09\/Captura-de-pantalla-2018-09-24-a-las-10.05.17.png?resize=294,450 294w, https:\/\/graziamagazine.com\/mx\/wp-content\/uploads\/sites\/13\/2018\/09\/Captura-de-pantalla-2018-09-24-a-las-10.05.17.png?resize=141,215 141w\" sizes=\"(max-width: 484px) 100vw, 484px\" \/><\/div><\/figure><figure class=\"gallery-item\"><div class=\"gallery-icon landscape\"><img loading=\"lazy\" decoding=\"async\" width=\"489\" height=\"744\" src=\"https:\/\/graziamagazine.com\/mx\/wp-content\/uploads\/sites\/13\/2018\/09\/Captura-de-pantalla-2018-09-24-a-las-10.05.33.png\" class=\"lazy\" alt=\"\" srcset=\"https:\/\/graziamagazine.com\/mx\/wp-content\/uploads\/sites\/13\/2018\/09\/Captura-de-pantalla-2018-09-24-a-las-10.05.33.png 489w, https:\/\/graziamagazine.com\/mx\/wp-content\/uploads\/sites\/13\/2018\/09\/Captura-de-pantalla-2018-09-24-a-las-10.05.33.png?resize=296,450 296w, https:\/\/graziamagazine.com\/mx\/wp-content\/uploads\/sites\/13\/2018\/09\/Captura-de-pantalla-2018-09-24-a-las-10.05.33.png?resize=141,215 141w\" sizes=\"(max-width: 489px) 100vw, 489px\" \/><\/div><\/figure><figure class=\"gallery-item\"><div class=\"gallery-icon landscape\"><img loading=\"lazy\" decoding=\"async\" width=\"483\" height=\"742\" src=\"https:\/\/graziamagazine.com\/mx\/wp-content\/uploads\/sites\/13\/2018\/09\/Captura-de-pantalla-2018-09-24-a-las-10.05.57.png\" class=\"lazy\" alt=\"\" srcset=\"https:\/\/graziamagazine.com\/mx\/wp-content\/uploads\/sites\/13\/2018\/09\/Captura-de-pantalla-2018-09-24-a-las-10.05.57.png 483w, https:\/\/graziamagazine.com\/mx\/wp-content\/uploads\/sites\/13\/2018\/09\/Captura-de-pantalla-2018-09-24-a-las-10.05.57.png?resize=293,450 293w, https:\/\/graziamagazine.com\/mx\/wp-content\/uploads\/sites\/13\/2018\/09\/Captura-de-pantalla-2018-09-24-a-las-10.05.57.png?resize=140,215 140w\" sizes=\"(max-width: 483px) 100vw, 483px\" \/><\/div><\/figure><figure class=\"gallery-item\"><div class=\"gallery-icon landscape\"><img loading=\"lazy\" decoding=\"async\" width=\"488\" height=\"740\" src=\"https:\/\/graziamagazine.com\/mx\/wp-content\/uploads\/sites\/13\/2018\/09\/Captura-de-pantalla-2018-09-24-a-las-10.06.09.png\" class=\"lazy\" alt=\"\" srcset=\"https:\/\/graziamagazine.com\/mx\/wp-content\/uploads\/sites\/13\/2018\/09\/Captura-de-pantalla-2018-09-24-a-las-10.06.09.png 488w, https:\/\/graziamagazine.com\/mx\/wp-content\/uploads\/sites\/13\/2018\/09\/Captura-de-pantalla-2018-09-24-a-las-10.06.09.png?resize=297,450 297w, https:\/\/graziamagazine.com\/mx\/wp-content\/uploads\/sites\/13\/2018\/09\/Captura-de-pantalla-2018-09-24-a-las-10.06.09.png?resize=142,215 142w\" sizes=\"(max-width: 488px) 100vw, 488px\" \/><\/div><\/figure><figure class=\"gallery-item\"><div class=\"gallery-icon landscape\"><img loading=\"lazy\" decoding=\"async\" width=\"486\" height=\"743\" src=\"https:\/\/graziamagazine.com\/mx\/wp-content\/uploads\/sites\/13\/2018\/09\/Captura-de-pantalla-2018-09-24-a-las-10.06.25.png\" class=\"lazy\" alt=\"\" srcset=\"https:\/\/graziamagazine.com\/mx\/wp-content\/uploads\/sites\/13\/2018\/09\/Captura-de-pantalla-2018-09-24-a-las-10.06.25.png 486w, https:\/\/graziamagazine.com\/mx\/wp-content\/uploads\/sites\/13\/2018\/09\/Captura-de-pantalla-2018-09-24-a-las-10.06.25.png?resize=294,450 294w, https:\/\/graziamagazine.com\/mx\/wp-content\/uploads\/sites\/13\/2018\/09\/Captura-de-pantalla-2018-09-24-a-las-10.06.25.png?resize=141,215 141w\" sizes=\"(max-width: 486px) 100vw, 486px\" \/><\/div><\/figure><figure class=\"gallery-item\"><div class=\"gallery-icon landscape\"><img loading=\"lazy\" decoding=\"async\" width=\"492\" height=\"742\" src=\"https:\/\/graziamagazine.com\/mx\/wp-content\/uploads\/sites\/13\/2018\/09\/Captura-de-pantalla-2018-09-24-a-las-10.17.14.png\" class=\"lazy\" alt=\"\" srcset=\"https:\/\/graziamagazine.com\/mx\/wp-content\/uploads\/sites\/13\/2018\/09\/Captura-de-pantalla-2018-09-24-a-las-10.17.14.png 492w, https:\/\/graziamagazine.com\/mx\/wp-content\/uploads\/sites\/13\/2018\/09\/Captura-de-pantalla-2018-09-24-a-las-10.17.14.png?resize=298,450 298w, https:\/\/graziamagazine.com\/mx\/wp-content\/uploads\/sites\/13\/2018\/09\/Captura-de-pantalla-2018-09-24-a-las-10.17.14.png?resize=143,215 143w\" sizes=\"(max-width: 492px) 100vw, 492px\" \/><\/div><\/figure><figure class=\"gallery-item\"><div class=\"gallery-icon landscape\"><img loading=\"lazy\" decoding=\"async\" width=\"495\" height=\"743\" src=\"https:\/\/graziamagazine.com\/mx\/wp-content\/uploads\/sites\/13\/2018\/09\/Captura-de-pantalla-2018-09-24-a-las-10.17.25.png\" class=\"lazy\" alt=\"\" srcset=\"https:\/\/graziamagazine.com\/mx\/wp-content\/uploads\/sites\/13\/2018\/09\/Captura-de-pantalla-2018-09-24-a-las-10.17.25.png 495w, https:\/\/graziamagazine.com\/mx\/wp-content\/uploads\/sites\/13\/2018\/09\/Captura-de-pantalla-2018-09-24-a-las-10.17.25.png?resize=300,450 300w, https:\/\/graziamagazine.com\/mx\/wp-content\/uploads\/sites\/13\/2018\/09\/Captura-de-pantalla-2018-09-24-a-las-10.17.25.png?resize=143,215 143w\" sizes=\"(max-width: 495px) 100vw, 495px\" \/><\/div><\/figure><figure class=\"gallery-item\"><div class=\"gallery-icon landscape\"><img loading=\"lazy\" decoding=\"async\" width=\"493\" height=\"739\" src=\"https:\/\/graziamagazine.com\/mx\/wp-content\/uploads\/sites\/13\/2018\/09\/Captura-de-pantalla-2018-09-24-a-las-10.17.38.png\" class=\"lazy\" alt=\"\" srcset=\"https:\/\/graziamagazine.com\/mx\/wp-content\/uploads\/sites\/13\/2018\/09\/Captura-de-pantalla-2018-09-24-a-las-10.17.38.png 493w, https:\/\/graziamagazine.com\/mx\/wp-content\/uploads\/sites\/13\/2018\/09\/Captura-de-pantalla-2018-09-24-a-las-10.17.38.png?resize=300,450 300w, https:\/\/graziamagazine.com\/mx\/wp-content\/uploads\/sites\/13\/2018\/09\/Captura-de-pantalla-2018-09-24-a-las-10.17.38.png?resize=143,215 143w\" sizes=\"(max-width: 493px) 100vw, 493px\" \/><\/div><\/figure><figure class=\"gallery-item\"><div class=\"gallery-icon landscape\"><img loading=\"lazy\" decoding=\"async\" width=\"492\" height=\"740\" src=\"https:\/\/graziamagazine.com\/mx\/wp-content\/uploads\/sites\/13\/2018\/09\/Captura-de-pantalla-2018-09-24-a-las-10.20.02.png\" class=\"lazy\" alt=\"\" srcset=\"https:\/\/graziamagazine.com\/mx\/wp-content\/uploads\/sites\/13\/2018\/09\/Captura-de-pantalla-2018-09-24-a-las-10.20.02.png 492w, https:\/\/graziamagazine.com\/mx\/wp-content\/uploads\/sites\/13\/2018\/09\/Captura-de-pantalla-2018-09-24-a-las-10.20.02.png?resize=299,450 299w, https:\/\/graziamagazine.com\/mx\/wp-content\/uploads\/sites\/13\/2018\/09\/Captura-de-pantalla-2018-09-24-a-las-10.20.02.png?resize=143,215 143w\" sizes=\"(max-width: 492px) 100vw, 492px\" \/><\/div><\/figure><figure class=\"gallery-item\"><div class=\"gallery-icon landscape\"><img loading=\"lazy\" decoding=\"async\" width=\"490\" height=\"738\" src=\"https:\/\/graziamagazine.com\/mx\/wp-content\/uploads\/sites\/13\/2018\/09\/Captura-de-pantalla-2018-09-24-a-las-10.20.14.png\" class=\"lazy\" alt=\"\" srcset=\"https:\/\/graziamagazine.com\/mx\/wp-content\/uploads\/sites\/13\/2018\/09\/Captura-de-pantalla-2018-09-24-a-las-10.20.14.png 490w, https:\/\/graziamagazine.com\/mx\/wp-content\/uploads\/sites\/13\/2018\/09\/Captura-de-pantalla-2018-09-24-a-las-10.20.14.png?resize=299,450 299w, https:\/\/graziamagazine.com\/mx\/wp-content\/uploads\/sites\/13\/2018\/09\/Captura-de-pantalla-2018-09-24-a-las-10.20.14.png?resize=143,215 143w\" sizes=\"(max-width: 490px) 100vw, 490px\" \/><\/div><\/figure><figure class=\"gallery-item\"><div class=\"gallery-icon landscape\"><img loading=\"lazy\" decoding=\"async\" width=\"491\" height=\"740\" src=\"https:\/\/graziamagazine.com\/mx\/wp-content\/uploads\/sites\/13\/2018\/09\/Captura-de-pantalla-2018-09-24-a-las-10.20.36.png\" class=\"lazy\" alt=\"\" srcset=\"https:\/\/graziamagazine.com\/mx\/wp-content\/uploads\/sites\/13\/2018\/09\/Captura-de-pantalla-2018-09-24-a-las-10.20.36.png 491w, https:\/\/graziamagazine.com\/mx\/wp-content\/uploads\/sites\/13\/2018\/09\/Captura-de-pantalla-2018-09-24-a-las-10.20.36.png?resize=299,450 299w, https:\/\/graziamagazine.com\/mx\/wp-content\/uploads\/sites\/13\/2018\/09\/Captura-de-pantalla-2018-09-24-a-las-10.20.36.png?resize=143,215 143w\" sizes=\"(max-width: 491px) 100vw, 491px\" \/><\/div><\/figure><figure class=\"gallery-item\"><div class=\"gallery-icon landscape\"><img loading=\"lazy\" decoding=\"async\" width=\"485\" height=\"741\" src=\"https:\/\/graziamagazine.com\/mx\/wp-content\/uploads\/sites\/13\/2018\/09\/Captura-de-pantalla-2018-09-24-a-las-10.20.50.png\" class=\"lazy\" alt=\"\" srcset=\"https:\/\/graziamagazine.com\/mx\/wp-content\/uploads\/sites\/13\/2018\/09\/Captura-de-pantalla-2018-09-24-a-las-10.20.50.png 485w, https:\/\/graziamagazine.com\/mx\/wp-content\/uploads\/sites\/13\/2018\/09\/Captura-de-pantalla-2018-09-24-a-las-10.20.50.png?resize=295,450 295w, https:\/\/graziamagazine.com\/mx\/wp-content\/uploads\/sites\/13\/2018\/09\/Captura-de-pantalla-2018-09-24-a-las-10.20.50.png?resize=141,215 141w\" sizes=\"(max-width: 485px) 100vw, 485px\" \/><\/div><\/figure><figure class=\"gallery-item\"><div class=\"gallery-icon landscape\"><img loading=\"lazy\" decoding=\"async\" width=\"486\" height=\"738\" src=\"https:\/\/graziamagazine.com\/mx\/wp-content\/uploads\/sites\/13\/2018\/09\/Captura-de-pantalla-2018-09-24-a-las-10.21.04.png\" class=\"lazy\" alt=\"\" srcset=\"https:\/\/graziamagazine.com\/mx\/wp-content\/uploads\/sites\/13\/2018\/09\/Captura-de-pantalla-2018-09-24-a-las-10.21.04.png 486w, https:\/\/graziamagazine.com\/mx\/wp-content\/uploads\/sites\/13\/2018\/09\/Captura-de-pantalla-2018-09-24-a-las-10.21.04.png?resize=296,450 296w, https:\/\/graziamagazine.com\/mx\/wp-content\/uploads\/sites\/13\/2018\/09\/Captura-de-pantalla-2018-09-24-a-las-10.21.04.png?resize=142,215 142w\" sizes=\"(max-width: 486px) 100vw, 486px\" \/><\/div><\/figure><\/div><\/div>\n","protected":false},"author":11622,"featured_media":63602,"template":"","format":"gallery","categories":[6],"acf":[],"yoast_head":"<!-- This site is optimized with the Yoast SEO Premium plugin v18.5 (Yoast SEO v20.4) - https:\/\/yoast.com\/wordpress\/plugins\/seo\/ -->\n<title>El ADN de Dolce &amp; Gabbana | Grazia M\u00e9xico y Latinoam\u00e9rica<\/title>\n<meta name=\"description\" content=\"Stefano Gabbana y Domenico Dolce presentaron su colecci\u00f3n SS19. Como ya es costumbre vimos una celebraci\u00f3n a la cultura italiana con propuestas que confirman el ADN de la marca.\" \/>\n<meta name=\"robots\" content=\"index, follow, max-snippet:-1, max-image-preview:large, max-video-preview:-1\" \/>\n<link rel=\"canonical\" href=\"https:\/\/graziamagazine.com\/mx\/articles\/el-adn-de-dolce-gabbana\/\" \/>\n<meta property=\"og:locale\" content=\"es_MX\" \/>\n<meta property=\"og:type\" content=\"article\" \/>\n<meta property=\"og:title\" content=\"El ADN de Dolce &amp; Gabbana\" \/>\n<meta property=\"og:description\" content=\"Stefano Gabbana y Domenico Dolce presentaron su colecci\u00f3n SS19. Como ya es costumbre vimos una celebraci\u00f3n a la cultura italiana con propuestas que confirman el ADN de la marca.\" \/>\n<meta property=\"og:url\" content=\"https:\/\/graziamagazine.com\/mx\/articles\/el-adn-de-dolce-gabbana\/\" \/>\n<meta property=\"og:site_name\" content=\"Grazia M\u00e9xico y Latinoam\u00e9rica\" \/>\n<meta property=\"article:modified_time\" content=\"2019-04-08T18:11:16+00:00\" \/>\n<meta property=\"og:image\" content=\"https:\/\/graziamagazine.com\/mx\/wp-content\/uploads\/sites\/13\/2018\/09\/salvatorre_lookbook.jpg?fit=1110%2C668\" \/>\n\t<meta property=\"og:image:width\" content=\"1110\" \/>\n\t<meta property=\"og:image:height\" content=\"668\" \/>\n\t<meta property=\"og:image:type\" content=\"image\/jpeg\" \/>\n<meta name=\"twitter:card\" content=\"summary_large_image\" \/>\n<script type=\"application\/ld+json\" class=\"yoast-schema-graph\">{\"@context\":\"https:\/\/schema.org\",\"@graph\":[{\"@type\":\"WebPage\",\"@id\":\"https:\/\/graziamagazine.com\/mx\/articles\/el-adn-de-dolce-gabbana\/\",\"url\":\"https:\/\/graziamagazine.com\/mx\/articles\/el-adn-de-dolce-gabbana\/\",\"name\":\"El ADN de Dolce & Gabbana | Grazia M\u00e9xico y Latinoam\u00e9rica\",\"isPartOf\":{\"@id\":\"https:\/\/graziamagazine.com\/mx\/#website\"},\"datePublished\":\"2018-09-24T16:05:35+00:00\",\"dateModified\":\"2019-04-08T18:11:16+00:00\",\"description\":\"Stefano Gabbana y Domenico Dolce presentaron su colecci\u00f3n SS19. Como ya es costumbre vimos una celebraci\u00f3n a la cultura italiana con propuestas que confirman el ADN de la marca.\",\"breadcrumb\":{\"@id\":\"https:\/\/graziamagazine.com\/mx\/articles\/el-adn-de-dolce-gabbana\/#breadcrumb\"},\"inLanguage\":\"es-MX\",\"potentialAction\":[{\"@type\":\"ReadAction\",\"target\":[\"https:\/\/graziamagazine.com\/mx\/articles\/el-adn-de-dolce-gabbana\/\"]}]},{\"@type\":\"BreadcrumbList\",\"@id\":\"https:\/\/graziamagazine.com\/mx\/articles\/el-adn-de-dolce-gabbana\/#breadcrumb\",\"itemListElement\":[{\"@type\":\"ListItem\",\"position\":1,\"name\":\"Home\",\"item\":\"https:\/\/graziamagazine.com\/mx\/\"},{\"@type\":\"ListItem\",\"position\":2,\"name\":\"El ADN de Dolce &#038; Gabbana\"}]},{\"@type\":\"WebSite\",\"@id\":\"https:\/\/graziamagazine.com\/mx\/#website\",\"url\":\"https:\/\/graziamagazine.com\/mx\/\",\"name\":\"Grazia M\u00e9xico y Latinoam\u00e9rica\",\"description\":\"Grazia es moda, belleza y noticias  de actualidad \",\"potentialAction\":[{\"@type\":\"SearchAction\",\"target\":{\"@type\":\"EntryPoint\",\"urlTemplate\":\"https:\/\/graziamagazine.com\/mx\/?s={search_term_string}\"},\"query-input\":\"required name=search_term_string\"}],\"inLanguage\":\"es-MX\"}]}<\/script>\n<!-- \/ Yoast SEO Premium plugin. -->","yoast_head_json":{"title":"El ADN de Dolce & Gabbana | Grazia M\u00e9xico y Latinoam\u00e9rica","description":"Stefano Gabbana y Domenico Dolce presentaron su colecci\u00f3n SS19. Como ya es costumbre vimos una celebraci\u00f3n a la cultura italiana con propuestas que confirman el ADN de la marca.","robots":{"index":"index","follow":"follow","max-snippet":"max-snippet:-1","max-image-preview":"max-image-preview:large","max-video-preview":"max-video-preview:-1"},"canonical":"https:\/\/graziamagazine.com\/mx\/articles\/el-adn-de-dolce-gabbana\/","og_locale":"es_MX","og_type":"article","og_title":"El ADN de Dolce & Gabbana","og_description":"Stefano Gabbana y Domenico Dolce presentaron su colecci\u00f3n SS19. Como ya es costumbre vimos una celebraci\u00f3n a la cultura italiana con propuestas que confirman el ADN de la marca.","og_url":"https:\/\/graziamagazine.com\/mx\/articles\/el-adn-de-dolce-gabbana\/","og_site_name":"Grazia M\u00e9xico y Latinoam\u00e9rica","article_modified_time":"2019-04-08T18:11:16+00:00","og_image":[{"width":1110,"height":668,"url":"https:\/\/graziamagazine.com\/mx\/wp-content\/uploads\/sites\/13\/2018\/09\/salvatorre_lookbook.jpg?fit=1110%2C668","type":"image\/jpeg"}],"twitter_card":"summary_large_image","schema":{"@context":"https:\/\/schema.org","@graph":[{"@type":"WebPage","@id":"https:\/\/graziamagazine.com\/mx\/articles\/el-adn-de-dolce-gabbana\/","url":"https:\/\/graziamagazine.com\/mx\/articles\/el-adn-de-dolce-gabbana\/","name":"El ADN de Dolce & Gabbana | Grazia M\u00e9xico y Latinoam\u00e9rica","isPartOf":{"@id":"https:\/\/graziamagazine.com\/mx\/#website"},"datePublished":"2018-09-24T16:05:35+00:00","dateModified":"2019-04-08T18:11:16+00:00","description":"Stefano Gabbana y Domenico Dolce presentaron su colecci\u00f3n SS19. Como ya es costumbre vimos una celebraci\u00f3n a la cultura italiana con propuestas que confirman el ADN de la marca.","breadcrumb":{"@id":"https:\/\/graziamagazine.com\/mx\/articles\/el-adn-de-dolce-gabbana\/#breadcrumb"},"inLanguage":"es-MX","potentialAction":[{"@type":"ReadAction","target":["https:\/\/graziamagazine.com\/mx\/articles\/el-adn-de-dolce-gabbana\/"]}]},{"@type":"BreadcrumbList","@id":"https:\/\/graziamagazine.com\/mx\/articles\/el-adn-de-dolce-gabbana\/#breadcrumb","itemListElement":[{"@type":"ListItem","position":1,"name":"Home","item":"https:\/\/graziamagazine.com\/mx\/"},{"@type":"ListItem","position":2,"name":"El ADN de Dolce &#038; Gabbana"}]},{"@type":"WebSite","@id":"https:\/\/graziamagazine.com\/mx\/#website","url":"https:\/\/graziamagazine.com\/mx\/","name":"Grazia M\u00e9xico y Latinoam\u00e9rica","description":"Grazia es moda, belleza y noticias  de actualidad ","potentialAction":[{"@type":"SearchAction","target":{"@type":"EntryPoint","urlTemplate":"https:\/\/graziamagazine.com\/mx\/?s={search_term_string}"},"query-input":"required name=search_term_string"}],"inLanguage":"es-MX"}]}},"jetpack_sharing_enabled":true,"distributor_meta":false,"distributor_terms":false,"distributor_media":false,"distributor_original_site_name":"Grazia M\u00e9xico y Latinoam\u00e9rica","distributor_original_site_url":"https:\/\/graziamagazine.com\/mx","push-errors":false,"_links":{"self":[{"href":"https:\/\/graziamagazine.com\/mx\/wp-json\/wp\/v2\/articles\/57348"}],"collection":[{"href":"https:\/\/graziamagazine.com\/mx\/wp-json\/wp\/v2\/articles"}],"about":[{"href":"https:\/\/graziamagazine.com\/mx\/wp-json\/wp\/v2\/types\/articles"}],"author":[{"embeddable":true,"href":"https:\/\/graziamagazine.com\/mx\/wp-json\/wp\/v2\/users\/11622"}],"wp:featuredmedia":[{"embeddable":true,"href":"https:\/\/graziamagazine.com\/mx\/wp-json\/wp\/v2\/media\/63602"}],"wp:attachment":[{"href":"https:\/\/graziamagazine.com\/mx\/wp-json\/wp\/v2\/media?parent=57348"}],"wp:term":[{"taxonomy":"category","embeddable":true,"href":"https:\/\/graziamagazine.com\/mx\/wp-json\/wp\/v2\/categories?post=57348"}],"curies":[{"name":"wp","href":"https:\/\/api.w.org\/{rel}","templated":true}]}}