{"id":57282,"date":"2018-09-20T12:12:13","date_gmt":"2018-09-20T17:12:13","guid":{"rendered":"https:\/\/graziamagazine.com\/mx\/?p=57282"},"modified":"2018-09-20T12:12:33","modified_gmt":"2018-09-20T17:12:33","slug":"la-pasticcino-bag-de-max-mara-te-enamorara","status":"publish","type":"articles","link":"https:\/\/graziamagazine.com\/mx\/articles\/la-pasticcino-bag-de-max-mara-te-enamorara\/","title":{"rendered":"La Pasticcino Bag de Max Mara te enamorar\u00e1"},"content":{"rendered":"<p><strong>Te enamorar\u00e1s de cualquiera de los deliciosos modelos que la colecci\u00f3n <em>The Pasticcino Bag<\/em> de Weekend Max Mara tiene para ti. Elige tu preferido y olv\u00eddate de pasar desapercibida durante esta temporada oto\u00f1o\/invierno.\u00a0<\/strong><!--more--><\/p>\n<p>El concepto italiano pasticcino hace referencia directa a la pasteler\u00eda, a ese sentimiento que deriva de la emoci\u00f3n de probar un sabor \u00fanico y especial. Precisamente emulando a esta inolvidable experiencia, <strong>Weekend Max Mar<\/strong>a dese\u00f3 un clutch diferente y con un toque vintage e inspirado a esos cl\u00e1sicos que no pasan de moda, sino todo lo contrario, evolucionan hasta convertirse en una pieza de colecci\u00f3n como justamente lo son cada una de las bolsas que pertenecen a <em>The Pasticcino Bag<\/em>.<\/p>\n<p><img loading=\"lazy\" decoding=\"async\" width=\"1763\" height=\"886\" class=\"alignnone size-full wp-image-57294\" src=\"https:\/\/graziamagazine.com\/mx\/wp-content\/uploads\/sites\/13\/2018\/09\/Acr351025562161921415115.jpeg\" alt=\"\" srcset=\"https:\/\/graziamagazine.com\/mx\/wp-content\/uploads\/sites\/13\/2018\/09\/Acr351025562161921415115.jpeg 1763w, https:\/\/graziamagazine.com\/mx\/wp-content\/uploads\/sites\/13\/2018\/09\/Acr351025562161921415115.jpeg?resize=450,226 450w, https:\/\/graziamagazine.com\/mx\/wp-content\/uploads\/sites\/13\/2018\/09\/Acr351025562161921415115.jpeg?resize=768,386 768w, https:\/\/graziamagazine.com\/mx\/wp-content\/uploads\/sites\/13\/2018\/09\/Acr351025562161921415115.jpeg?resize=1024,515 1024w, https:\/\/graziamagazine.com\/mx\/wp-content\/uploads\/sites\/13\/2018\/09\/Acr351025562161921415115.jpeg?resize=1536,772 1536w, https:\/\/graziamagazine.com\/mx\/wp-content\/uploads\/sites\/13\/2018\/09\/Acr351025562161921415115.jpeg?resize=155,78 155w\" sizes=\"(max-width: 1763px) 100vw, 1763px\" \/><\/p>\n<p>&nbsp;<\/p>\n<p>&nbsp;<\/p>\n<p>Cada una cuenta con un cierre de presi\u00f3n met\u00e1lico a manera de clip que finaliza en dos esferas con el grabado de la firma italiana y el dibujo de una mariposa, s\u00edmbolo de la colecci\u00f3n. El dise\u00f1o irregular de este clutch teperete usarlo en todo momento: perfecto para una reuni\u00f3n casual despu\u00e9s del trabajo, para salir con tu date durante el fin de semana, para darle u twist divertido y sofisticado a tu outfit o simplemente cuando se te antoje por ser una pieza totalmente vers\u00e1til.<\/p>\n<p>&nbsp;<\/p>\n<p>&nbsp;<\/p>\n<p><img loading=\"lazy\" decoding=\"async\" width=\"3999\" height=\"1797\" class=\"alignnone size-full wp-image-57293\" src=\"https:\/\/graziamagazine.com\/mx\/wp-content\/uploads\/sites\/13\/2018\/09\/Acr3510255621619211019.jpeg\" alt=\"\" srcset=\"https:\/\/graziamagazine.com\/mx\/wp-content\/uploads\/sites\/13\/2018\/09\/Acr3510255621619211019.jpeg 3999w, https:\/\/graziamagazine.com\/mx\/wp-content\/uploads\/sites\/13\/2018\/09\/Acr3510255621619211019.jpeg?resize=450,202 450w, https:\/\/graziamagazine.com\/mx\/wp-content\/uploads\/sites\/13\/2018\/09\/Acr3510255621619211019.jpeg?resize=768,345 768w, https:\/\/graziamagazine.com\/mx\/wp-content\/uploads\/sites\/13\/2018\/09\/Acr3510255621619211019.jpeg?resize=1024,460 1024w, https:\/\/graziamagazine.com\/mx\/wp-content\/uploads\/sites\/13\/2018\/09\/Acr3510255621619211019.jpeg?resize=1536,690 1536w, https:\/\/graziamagazine.com\/mx\/wp-content\/uploads\/sites\/13\/2018\/09\/Acr3510255621619211019.jpeg?resize=2048,920 2048w, https:\/\/graziamagazine.com\/mx\/wp-content\/uploads\/sites\/13\/2018\/09\/Acr3510255621619211019.jpeg?resize=155,70 155w\" sizes=\"(max-width: 3999px) 100vw, 3999px\" \/><\/p>\n<p>Adem\u00e1s de todo te divertir\u00e1s eligiendo el modelo que vaya m\u00e1s con tu personalidad, ya que puedes conseguirlo en diferentes tama\u00f1os: la versi\u00f3n regular es sin duda la m\u00e1s tradicional debido a que su tama\u00f1o es perfecto, pero tambi\u00e9n existe la versi\u00f3n <em>oversized<\/em> \u00a0y as mini, que por cierto se transforman en <em>shoulder bags<\/em> con una delicada correa que viene como complemento en todos los tama\u00f1os en existencia.<\/p>\n","protected":false},"author":11636,"featured_media":57283,"template":"","format":"standard","categories":[1],"acf":[],"yoast_head":"<!-- This site is optimized with the Yoast SEO Premium plugin v18.5 (Yoast SEO v20.4) - https:\/\/yoast.com\/wordpress\/plugins\/seo\/ -->\n<title>La Pasticcino Bag de Max Mara te enamorar\u00e1 | Grazia M\u00e9xico y Latinoam\u00e9rica<\/title>\n<meta name=\"description\" content=\"Te enamorar\u00e1s de cualquiera de los deliciosos modelos que la colecci\u00f3n The Pasticcino Bag de Weekend Max Mara tiene para ti. Elige tu preferido y olv\u00eddate de pasar desapercibida durante esta temporada oto\u00f1o\/invierno.\u00a0\" \/>\n<meta name=\"robots\" content=\"index, follow, max-snippet:-1, max-image-preview:large, max-video-preview:-1\" \/>\n<link rel=\"canonical\" href=\"https:\/\/graziamagazine.com\/mx\/articles\/la-pasticcino-bag-de-max-mara-te-enamorara\/\" \/>\n<meta property=\"og:locale\" content=\"es_MX\" \/>\n<meta property=\"og:type\" content=\"article\" \/>\n<meta property=\"og:title\" content=\"La Pasticcino Bag de Max Mara te enamorar\u00e1\" \/>\n<meta property=\"og:description\" content=\"Te enamorar\u00e1s de cualquiera de los deliciosos modelos que la colecci\u00f3n The Pasticcino Bag de Weekend Max Mara tiene para ti. Elige tu preferido y olv\u00eddate de pasar desapercibida durante esta temporada oto\u00f1o\/invierno.\u00a0\" \/>\n<meta property=\"og:url\" content=\"https:\/\/graziamagazine.com\/mx\/articles\/la-pasticcino-bag-de-max-mara-te-enamorara\/\" \/>\n<meta property=\"og:site_name\" content=\"Grazia M\u00e9xico y Latinoam\u00e9rica\" \/>\n<meta property=\"article:modified_time\" content=\"2018-09-20T17:12:33+00:00\" \/>\n<meta property=\"og:image\" content=\"https:\/\/graziamagazine.com\/mx\/wp-content\/uploads\/sites\/13\/2018\/09\/Acr351025562161921544511.jpeg?resize=1024,490\" \/>\n\t<meta property=\"og:image:width\" content=\"1024\" \/>\n\t<meta property=\"og:image:height\" content=\"490\" \/>\n\t<meta property=\"og:image:type\" content=\"image\/jpeg\" \/>\n<meta name=\"twitter:card\" content=\"summary_large_image\" \/>\n<meta name=\"twitter:label1\" content=\"Est. reading time\" \/>\n\t<meta name=\"twitter:data1\" content=\"1 minuto\" \/>\n<script type=\"application\/ld+json\" class=\"yoast-schema-graph\">{\"@context\":\"https:\/\/schema.org\",\"@graph\":[{\"@type\":\"WebPage\",\"@id\":\"https:\/\/graziamagazine.com\/mx\/articles\/la-pasticcino-bag-de-max-mara-te-enamorara\/\",\"url\":\"https:\/\/graziamagazine.com\/mx\/articles\/la-pasticcino-bag-de-max-mara-te-enamorara\/\",\"name\":\"La Pasticcino Bag de Max Mara te enamorar\u00e1 | Grazia M\u00e9xico y Latinoam\u00e9rica\",\"isPartOf\":{\"@id\":\"https:\/\/graziamagazine.com\/mx\/#website\"},\"datePublished\":\"2018-09-20T17:12:13+00:00\",\"dateModified\":\"2018-09-20T17:12:33+00:00\",\"description\":\"Te enamorar\u00e1s de cualquiera de los deliciosos modelos que la colecci\u00f3n The Pasticcino Bag de Weekend Max Mara tiene para ti. Elige tu preferido y olv\u00eddate de pasar desapercibida durante esta temporada oto\u00f1o\/invierno.\u00a0\",\"breadcrumb\":{\"@id\":\"https:\/\/graziamagazine.com\/mx\/articles\/la-pasticcino-bag-de-max-mara-te-enamorara\/#breadcrumb\"},\"inLanguage\":\"es-MX\",\"potentialAction\":[{\"@type\":\"ReadAction\",\"target\":[\"https:\/\/graziamagazine.com\/mx\/articles\/la-pasticcino-bag-de-max-mara-te-enamorara\/\"]}]},{\"@type\":\"BreadcrumbList\",\"@id\":\"https:\/\/graziamagazine.com\/mx\/articles\/la-pasticcino-bag-de-max-mara-te-enamorara\/#breadcrumb\",\"itemListElement\":[{\"@type\":\"ListItem\",\"position\":1,\"name\":\"Home\",\"item\":\"https:\/\/graziamagazine.com\/mx\/\"},{\"@type\":\"ListItem\",\"position\":2,\"name\":\"La Pasticcino Bag de Max Mara te enamorar\u00e1\"}]},{\"@type\":\"WebSite\",\"@id\":\"https:\/\/graziamagazine.com\/mx\/#website\",\"url\":\"https:\/\/graziamagazine.com\/mx\/\",\"name\":\"Grazia M\u00e9xico y Latinoam\u00e9rica\",\"description\":\"Grazia es moda, belleza y noticias  de actualidad \",\"potentialAction\":[{\"@type\":\"SearchAction\",\"target\":{\"@type\":\"EntryPoint\",\"urlTemplate\":\"https:\/\/graziamagazine.com\/mx\/?s={search_term_string}\"},\"query-input\":\"required name=search_term_string\"}],\"inLanguage\":\"es-MX\"}]}<\/script>\n<!-- \/ Yoast SEO Premium plugin. -->","yoast_head_json":{"title":"La Pasticcino Bag de Max Mara te enamorar\u00e1 | Grazia M\u00e9xico y Latinoam\u00e9rica","description":"Te enamorar\u00e1s de cualquiera de los deliciosos modelos que la colecci\u00f3n The Pasticcino Bag de Weekend Max Mara tiene para ti. Elige tu preferido y olv\u00eddate de pasar desapercibida durante esta temporada oto\u00f1o\/invierno.\u00a0","robots":{"index":"index","follow":"follow","max-snippet":"max-snippet:-1","max-image-preview":"max-image-preview:large","max-video-preview":"max-video-preview:-1"},"canonical":"https:\/\/graziamagazine.com\/mx\/articles\/la-pasticcino-bag-de-max-mara-te-enamorara\/","og_locale":"es_MX","og_type":"article","og_title":"La Pasticcino Bag de Max Mara te enamorar\u00e1","og_description":"Te enamorar\u00e1s de cualquiera de los deliciosos modelos que la colecci\u00f3n The Pasticcino Bag de Weekend Max Mara tiene para ti. Elige tu preferido y olv\u00eddate de pasar desapercibida durante esta temporada oto\u00f1o\/invierno.\u00a0","og_url":"https:\/\/graziamagazine.com\/mx\/articles\/la-pasticcino-bag-de-max-mara-te-enamorara\/","og_site_name":"Grazia M\u00e9xico y Latinoam\u00e9rica","article_modified_time":"2018-09-20T17:12:33+00:00","og_image":[{"width":1024,"height":490,"url":"https:\/\/graziamagazine.com\/mx\/wp-content\/uploads\/sites\/13\/2018\/09\/Acr351025562161921544511.jpeg?resize=1024,490","type":"image\/jpeg"}],"twitter_card":"summary_large_image","twitter_misc":{"Est. reading time":"1 minuto"},"schema":{"@context":"https:\/\/schema.org","@graph":[{"@type":"WebPage","@id":"https:\/\/graziamagazine.com\/mx\/articles\/la-pasticcino-bag-de-max-mara-te-enamorara\/","url":"https:\/\/graziamagazine.com\/mx\/articles\/la-pasticcino-bag-de-max-mara-te-enamorara\/","name":"La Pasticcino Bag de Max Mara te enamorar\u00e1 | Grazia M\u00e9xico y Latinoam\u00e9rica","isPartOf":{"@id":"https:\/\/graziamagazine.com\/mx\/#website"},"datePublished":"2018-09-20T17:12:13+00:00","dateModified":"2018-09-20T17:12:33+00:00","description":"Te enamorar\u00e1s de cualquiera de los deliciosos modelos que la colecci\u00f3n The Pasticcino Bag de Weekend Max Mara tiene para ti. Elige tu preferido y olv\u00eddate de pasar desapercibida durante esta temporada oto\u00f1o\/invierno.\u00a0","breadcrumb":{"@id":"https:\/\/graziamagazine.com\/mx\/articles\/la-pasticcino-bag-de-max-mara-te-enamorara\/#breadcrumb"},"inLanguage":"es-MX","potentialAction":[{"@type":"ReadAction","target":["https:\/\/graziamagazine.com\/mx\/articles\/la-pasticcino-bag-de-max-mara-te-enamorara\/"]}]},{"@type":"BreadcrumbList","@id":"https:\/\/graziamagazine.com\/mx\/articles\/la-pasticcino-bag-de-max-mara-te-enamorara\/#breadcrumb","itemListElement":[{"@type":"ListItem","position":1,"name":"Home","item":"https:\/\/graziamagazine.com\/mx\/"},{"@type":"ListItem","position":2,"name":"La Pasticcino Bag de Max Mara te enamorar\u00e1"}]},{"@type":"WebSite","@id":"https:\/\/graziamagazine.com\/mx\/#website","url":"https:\/\/graziamagazine.com\/mx\/","name":"Grazia M\u00e9xico y Latinoam\u00e9rica","description":"Grazia es moda, belleza y noticias  de actualidad ","potentialAction":[{"@type":"SearchAction","target":{"@type":"EntryPoint","urlTemplate":"https:\/\/graziamagazine.com\/mx\/?s={search_term_string}"},"query-input":"required name=search_term_string"}],"inLanguage":"es-MX"}]}},"jetpack_sharing_enabled":true,"distributor_meta":false,"distributor_terms":false,"distributor_media":false,"distributor_original_site_name":"Grazia M\u00e9xico y Latinoam\u00e9rica","distributor_original_site_url":"https:\/\/graziamagazine.com\/mx","push-errors":false,"_links":{"self":[{"href":"https:\/\/graziamagazine.com\/mx\/wp-json\/wp\/v2\/articles\/57282"}],"collection":[{"href":"https:\/\/graziamagazine.com\/mx\/wp-json\/wp\/v2\/articles"}],"about":[{"href":"https:\/\/graziamagazine.com\/mx\/wp-json\/wp\/v2\/types\/articles"}],"author":[{"embeddable":true,"href":"https:\/\/graziamagazine.com\/mx\/wp-json\/wp\/v2\/users\/11636"}],"wp:featuredmedia":[{"embeddable":true,"href":"https:\/\/graziamagazine.com\/mx\/wp-json\/wp\/v2\/media\/57283"}],"wp:attachment":[{"href":"https:\/\/graziamagazine.com\/mx\/wp-json\/wp\/v2\/media?parent=57282"}],"wp:term":[{"taxonomy":"category","embeddable":true,"href":"https:\/\/graziamagazine.com\/mx\/wp-json\/wp\/v2\/categories?post=57282"}],"curies":[{"name":"wp","href":"https:\/\/api.w.org\/{rel}","templated":true}]}}