{"id":56029,"date":"2018-08-27T17:27:38","date_gmt":"2018-08-27T22:27:38","guid":{"rendered":"https:\/\/graziamagazine.com\/mx\/?p=56029"},"modified":"2019-12-18T13:00:28","modified_gmt":"2019-12-18T18:00:28","slug":"blake-lively-y-kylie-jenner-llevan-el-manicure-de-la-temporada","status":"publish","type":"articles","link":"https:\/\/graziamagazine.com\/mx\/articles\/blake-lively-y-kylie-jenner-llevan-el-manicure-de-la-temporada\/","title":{"rendered":"Blake Lively y Kylie Jenner llevan el manicure de la temporada"},"content":{"rendered":"<p><b>As\u00ed lo marcaron las celebridades, el <i>manicure<\/i> blanco es lo de hoy y te decimos c\u00f3mo lograrlo sin que parezca que te pintaste con \u201cliquid\u201d.<\/b><!--more--><\/p>\n<p>A\u00fan no ha terminado el verano as\u00ed que todav\u00eda est\u00e1s a tiempo de seguir la tendencia m\u00e1s <i>cool<\/i> de esta temporada. Estamos hablando del furor que ha hecho el <i>manicure<\/i> de u\u00f1as en blanco. Una tendencia que se consagr\u00f3 definitivamente durante los <i>MTV Video Music Awards<\/i> con celebridades de la talla de <b>Blake Lively<\/b>, <b>Ariana Grande<\/b> y <b>Kylie Jenner<\/b> que se apuntaron a esta moda veraniega.<\/p>\n<p><img loading=\"lazy\" decoding=\"async\" width=\"683\" height=\"1024\" class=\"alignnone size-full wp-image-56031\" src=\"https:\/\/graziamagazine.com\/mx\/wp-content\/uploads\/sites\/13\/2018\/08\/blake-lively-y-kylie-jenner-llevan-el-manicure-de-la-temporada-blake-lively.jpg\" alt=\"\" srcset=\"https:\/\/graziamagazine.com\/mx\/wp-content\/uploads\/sites\/13\/2018\/08\/blake-lively-y-kylie-jenner-llevan-el-manicure-de-la-temporada-blake-lively.jpg 683w, https:\/\/graziamagazine.com\/mx\/wp-content\/uploads\/sites\/13\/2018\/08\/blake-lively-y-kylie-jenner-llevan-el-manicure-de-la-temporada-blake-lively.jpg?resize=300,450 300w, https:\/\/graziamagazine.com\/mx\/wp-content\/uploads\/sites\/13\/2018\/08\/blake-lively-y-kylie-jenner-llevan-el-manicure-de-la-temporada-blake-lively.jpg?resize=143,215 143w\" sizes=\"(max-width: 683px) 100vw, 683px\" \/><\/p>\n<blockquote class=\"instagram-media\" data-instgrm-captioned data-instgrm-permalink=\"https:\/\/www.instagram.com\/p\/BmuwBQiglbX\/?utm_source=ig_embed&amp;utm_campaign=loading\" data-instgrm-version=\"12\" style=\" background:#FFF; border:0; border-radius:3px; box-shadow:0 0 1px 0 rgba(0,0,0,0.5),0 1px 10px 0 rgba(0,0,0,0.15); margin: 1px; max-width:500px; min-width:326px; padding:0; width:99.375%; width:-webkit-calc(100% - 2px); width:calc(100% - 2px);\">\n<div style=\"padding:16px;\"> <a href=\"https:\/\/www.instagram.com\/p\/BmuwBQiglbX\/?utm_source=ig_embed&amp;utm_campaign=loading\" style=\" background:#FFFFFF; line-height:0; padding:0 0; text-align:center; text-decoration:none; width:100%;\" target=\"_blank\"> <\/p>\n<div style=\" display: flex; flex-direction: row; align-items: center;\">\n<div style=\"background-color: #F4F4F4; border-radius: 50%; flex-grow: 0; height: 40px; margin-right: 14px; width: 40px;\"><\/div>\n<div style=\"display: flex; flex-direction: column; flex-grow: 1; justify-content: center;\">\n<div style=\" background-color: #F4F4F4; border-radius: 4px; flex-grow: 0; height: 14px; margin-bottom: 6px; width: 100px;\"><\/div>\n<div style=\" background-color: #F4F4F4; border-radius: 4px; flex-grow: 0; height: 14px; width: 60px;\"><\/div>\n<\/div>\n<\/div>\n<div style=\"padding: 19% 0;\"><\/div>\n<div style=\"display:block; height:50px; margin:0 auto 12px; width:50px;\"><svg width=\"50px\" height=\"50px\" viewBox=\"0 0 60 60\" version=\"1.1\" xmlns=\"https:\/\/www.w3.org\/2000\/svg\" xmlns:xlink=\"https:\/\/www.w3.org\/1999\/xlink\"><g stroke=\"none\" stroke-width=\"1\" fill=\"none\" fill-rule=\"evenodd\"><g transform=\"translate(-511.000000, -20.000000)\" fill=\"#000000\"><g><path d=\"M556.869,30.41 C554.814,30.41 553.148,32.076 553.148,34.131 C553.148,36.186 554.814,37.852 556.869,37.852 C558.924,37.852 560.59,36.186 560.59,34.131 C560.59,32.076 558.924,30.41 556.869,30.41 M541,60.657 C535.114,60.657 530.342,55.887 530.342,50 C530.342,44.114 535.114,39.342 541,39.342 C546.887,39.342 551.658,44.114 551.658,50 C551.658,55.887 546.887,60.657 541,60.657 M541,33.886 C532.1,33.886 524.886,41.1 524.886,50 C524.886,58.899 532.1,66.113 541,66.113 C549.9,66.113 557.115,58.899 557.115,50 C557.115,41.1 549.9,33.886 541,33.886 M565.378,62.101 C565.244,65.022 564.756,66.606 564.346,67.663 C563.803,69.06 563.154,70.057 562.106,71.106 C561.058,72.155 560.06,72.803 558.662,73.347 C557.607,73.757 556.021,74.244 553.102,74.378 C549.944,74.521 548.997,74.552 541,74.552 C533.003,74.552 532.056,74.521 528.898,74.378 C525.979,74.244 524.393,73.757 523.338,73.347 C521.94,72.803 520.942,72.155 519.894,71.106 C518.846,70.057 518.197,69.06 517.654,67.663 C517.244,66.606 516.755,65.022 516.623,62.101 C516.479,58.943 516.448,57.996 516.448,50 C516.448,42.003 516.479,41.056 516.623,37.899 C516.755,34.978 517.244,33.391 517.654,32.338 C518.197,30.938 518.846,29.942 519.894,28.894 C520.942,27.846 521.94,27.196 523.338,26.654 C524.393,26.244 525.979,25.756 528.898,25.623 C532.057,25.479 533.004,25.448 541,25.448 C548.997,25.448 549.943,25.479 553.102,25.623 C556.021,25.756 557.607,26.244 558.662,26.654 C560.06,27.196 561.058,27.846 562.106,28.894 C563.154,29.942 563.803,30.938 564.346,32.338 C564.756,33.391 565.244,34.978 565.378,37.899 C565.522,41.056 565.552,42.003 565.552,50 C565.552,57.996 565.522,58.943 565.378,62.101 M570.82,37.631 C570.674,34.438 570.167,32.258 569.425,30.349 C568.659,28.377 567.633,26.702 565.965,25.035 C564.297,23.368 562.623,22.342 560.652,21.575 C558.743,20.834 556.562,20.326 553.369,20.18 C550.169,20.033 549.148,20 541,20 C532.853,20 531.831,20.033 528.631,20.18 C525.438,20.326 523.257,20.834 521.349,21.575 C519.376,22.342 517.703,23.368 516.035,25.035 C514.368,26.702 513.342,28.377 512.574,30.349 C511.834,32.258 511.326,34.438 511.181,37.631 C511.035,40.831 511,41.851 511,50 C511,58.147 511.035,59.17 511.181,62.369 C511.326,65.562 511.834,67.743 512.574,69.651 C513.342,71.625 514.368,73.296 516.035,74.965 C517.703,76.634 519.376,77.658 521.349,78.425 C523.257,79.167 525.438,79.673 528.631,79.82 C531.831,79.965 532.853,80.001 541,80.001 C549.148,80.001 550.169,79.965 553.369,79.82 C556.562,79.673 558.743,79.167 560.652,78.425 C562.623,77.658 564.297,76.634 565.965,74.965 C567.633,73.296 568.659,71.625 569.425,69.651 C570.167,67.743 570.674,65.562 570.82,62.369 C570.966,59.17 571,58.147 571,50 C571,41.851 570.966,40.831 570.82,37.631\"><\/path><\/g><\/g><\/g><\/svg><\/div>\n<div style=\"padding-top: 8px;\">\n<div style=\" color:#3897f0; font-family:Arial,sans-serif; font-size:14px; font-style:normal; font-weight:550; line-height:18px;\"> View this post on Instagram<\/div>\n<\/div>\n<div style=\"padding: 12.5% 0;\"><\/div>\n<div style=\"display: flex; flex-direction: row; margin-bottom: 14px; align-items: center;\">\n<div>\n<div style=\"background-color: #F4F4F4; border-radius: 50%; height: 12.5px; width: 12.5px; transform: translateX(0px) translateY(7px);\"><\/div>\n<div style=\"background-color: #F4F4F4; height: 12.5px; transform: rotate(-45deg) translateX(3px) translateY(1px); width: 12.5px; flex-grow: 0; margin-right: 14px; margin-left: 2px;\"><\/div>\n<div style=\"background-color: #F4F4F4; border-radius: 50%; height: 12.5px; width: 12.5px; transform: translateX(9px) translateY(-18px);\"><\/div>\n<\/div>\n<div style=\"margin-left: 8px;\">\n<div style=\" background-color: #F4F4F4; border-radius: 50%; flex-grow: 0; height: 20px; width: 20px;\"><\/div>\n<div style=\" width: 0; height: 0; border-top: 2px solid transparent; border-left: 6px solid #f4f4f4; border-bottom: 2px solid transparent; transform: translateX(16px) translateY(-4px) rotate(30deg)\"><\/div>\n<\/div>\n<div style=\"margin-left: auto;\">\n<div style=\" width: 0px; border-top: 8px solid #F4F4F4; border-right: 8px solid transparent; transform: translateY(16px);\"><\/div>\n<div style=\" background-color: #F4F4F4; flex-grow: 0; height: 12px; width: 16px; transform: translateY(-4px);\"><\/div>\n<div style=\" width: 0; height: 0; border-top: 8px solid #F4F4F4; border-left: 8px solid transparent; transform: translateY(-4px) translateX(8px);\"><\/div>\n<\/div>\n<\/div>\n<p><\/a> <\/p>\n<p style=\" margin:8px 0 0 0; padding:0 4px;\"> <a href=\"https:\/\/www.instagram.com\/p\/BmuwBQiglbX\/?utm_source=ig_embed&amp;utm_campaign=loading\" style=\" color:#000; font-family:Arial,sans-serif; font-size:14px; font-style:normal; font-weight:normal; line-height:17px; text-decoration:none; word-wrap:break-word;\" target=\"_blank\" target=\"_blank\">when @lorraineschwartz comes and graces these long fingers \u2728<\/a><\/p>\n<p style=\" color:#c9c8cd; font-family:Arial,sans-serif; font-size:14px; line-height:17px; margin-bottom:0; margin-top:8px; overflow:hidden; padding:8px 0 7px; text-align:center; text-overflow:ellipsis; white-space:nowrap;\">A post shared by <a href=\"https:\/\/www.instagram.com\/kyliejenner\/?utm_source=ig_embed&amp;utm_campaign=loading\" style=\" color:#c9c8cd; font-family:Arial,sans-serif; font-size:14px; font-style:normal; font-weight:normal; line-height:17px;\" target=\"_blank\" target=\"_blank\"> Kylie \ud83e\udd0d<\/a> (@kyliejenner) on <time style=\" font-family:Arial,sans-serif; font-size:14px; line-height:17px;\" datetime=\"2018-08-21T06:13:53+00:00\">Aug 20, 2018 at 11:13pm PDT<\/time><\/p>\n<\/div>\n<\/blockquote>\n<p><script async src=\"\/\/www.instagram.com\/embed.js\"><\/script><\/p>\n<p><img decoding=\"async\" class=\"alignnone size-large wp-image-56032\" src=\"https:\/\/graziamagazine.com\/mx\/wp-content\/uploads\/sites\/13\/2018\/08\/blake-lively-y-kylie-jenner-llevan-el-manicure-de-la-temporada-ariana-grande-700x963.jpg\" alt=\"\" \/><\/p>\n<p>Si t\u00fa tambi\u00e9n quieres seguir la tendencia, aqu\u00ed te decimos c\u00f3mo:<\/p>\n<p>Compra un esmalte de buena calidad y con el que solo necesites dos capas para que tus u\u00f1as luzcan perfectas.<\/p>\n<p>Recuerda que, aunque te parezcan todos iguales, hay muchos blancos. Y sino, preg\u00fantale a los esquimales que son capaces de distinguir 30 tonalidades de blancos. Elige el que mejor combine con tu piel.<\/p>\n<p>Tambi\u00e9n es importante que el esmalte no tarde siglos en secarse y que su textura sea fluida. Aunque honestamente, esto aplica en todos los colores.<\/p>\n<p>Intenta eliminar bien los restos o las equivocaciones. No querr\u00e1s que la gente piense que estuviste trabajando con \u201cliquid\u201d\u2026<\/p>\n<p><iframe loading=\"lazy\" src=\"https:\/\/giphy.com\/embed\/8ifa9TRWaiqNG\" width=\"480\" height=\"360\" frameborder=\"0\"><\/iframe><\/p>\n<h5><em>Art\u00edculo publicado originalmente en <a href=\"http:\/\/www.grazia.es\/celebs\/ya-conoces-la-manicura-que-llevan-todas-las-famosas\/\" target=\"_blank\" rel=\"noopener\" target=\"_blank\">Grazia.es<\/a><\/em><\/h5>\n<h5><em>*IM\u00c1GENES: Getty Images<\/em><\/h5>\n","protected":false},"author":11636,"featured_media":56030,"template":"","format":"standard","categories":[3],"acf":[],"yoast_head":"<!-- This site is optimized with the Yoast SEO Premium plugin v18.5 (Yoast SEO v20.4) - https:\/\/yoast.com\/wordpress\/plugins\/seo\/ -->\n<title>Blake Lively y Kylie Jenner llevan el manicure de la temporada | Grazia M\u00e9xico y Latinoam\u00e9rica<\/title>\n<meta name=\"description\" content=\"As\u00ed lo marcaron las celebridades, el manicure blanco es lo de hoy y te decimos c\u00f3mo lograrlo sin que parezca que te pintaste con \u201cliquid\u201d.\" \/>\n<meta name=\"robots\" content=\"index, follow, max-snippet:-1, max-image-preview:large, max-video-preview:-1\" \/>\n<link rel=\"canonical\" href=\"https:\/\/graziamagazine.com\/mx\/articles\/blake-lively-y-kylie-jenner-llevan-el-manicure-de-la-temporada\/\" \/>\n<meta property=\"og:locale\" content=\"es_MX\" \/>\n<meta property=\"og:type\" content=\"article\" \/>\n<meta property=\"og:title\" content=\"Blake Lively y Kylie Jenner llevan el manicure de la temporada\" \/>\n<meta property=\"og:description\" content=\"As\u00ed lo marcaron las celebridades, el manicure blanco es lo de hoy y te decimos c\u00f3mo lograrlo sin que parezca que te pintaste con \u201cliquid\u201d.\" \/>\n<meta property=\"og:url\" content=\"https:\/\/graziamagazine.com\/mx\/articles\/blake-lively-y-kylie-jenner-llevan-el-manicure-de-la-temporada\/\" \/>\n<meta property=\"og:site_name\" content=\"Grazia M\u00e9xico y Latinoam\u00e9rica\" \/>\n<meta property=\"article:modified_time\" content=\"2019-12-18T18:00:28+00:00\" \/>\n<meta property=\"og:image\" content=\"https:\/\/graziamagazine.com\/mx\/wp-content\/uploads\/sites\/13\/2018\/08\/blake-lively-y-kylie-jenner-llevan-el-manicure-de-la-temporada-destacada.jpg?fit=2464%2C1642\" \/>\n\t<meta property=\"og:image:width\" content=\"2464\" \/>\n\t<meta property=\"og:image:height\" content=\"1642\" \/>\n\t<meta property=\"og:image:type\" content=\"image\/jpeg\" \/>\n<meta name=\"twitter:card\" content=\"summary_large_image\" \/>\n<meta name=\"twitter:label1\" content=\"Est. reading time\" \/>\n\t<meta name=\"twitter:data1\" content=\"1 minuto\" \/>\n<script type=\"application\/ld+json\" class=\"yoast-schema-graph\">{\"@context\":\"https:\/\/schema.org\",\"@graph\":[{\"@type\":\"WebPage\",\"@id\":\"https:\/\/graziamagazine.com\/mx\/articles\/blake-lively-y-kylie-jenner-llevan-el-manicure-de-la-temporada\/\",\"url\":\"https:\/\/graziamagazine.com\/mx\/articles\/blake-lively-y-kylie-jenner-llevan-el-manicure-de-la-temporada\/\",\"name\":\"Blake Lively y Kylie Jenner llevan el manicure de la temporada | Grazia M\u00e9xico y Latinoam\u00e9rica\",\"isPartOf\":{\"@id\":\"https:\/\/graziamagazine.com\/mx\/#website\"},\"datePublished\":\"2018-08-27T22:27:38+00:00\",\"dateModified\":\"2019-12-18T18:00:28+00:00\",\"description\":\"As\u00ed lo marcaron las celebridades, el manicure blanco es lo de hoy y te decimos c\u00f3mo lograrlo sin que parezca que te pintaste con \u201cliquid\u201d.\",\"breadcrumb\":{\"@id\":\"https:\/\/graziamagazine.com\/mx\/articles\/blake-lively-y-kylie-jenner-llevan-el-manicure-de-la-temporada\/#breadcrumb\"},\"inLanguage\":\"es-MX\",\"potentialAction\":[{\"@type\":\"ReadAction\",\"target\":[\"https:\/\/graziamagazine.com\/mx\/articles\/blake-lively-y-kylie-jenner-llevan-el-manicure-de-la-temporada\/\"]}]},{\"@type\":\"BreadcrumbList\",\"@id\":\"https:\/\/graziamagazine.com\/mx\/articles\/blake-lively-y-kylie-jenner-llevan-el-manicure-de-la-temporada\/#breadcrumb\",\"itemListElement\":[{\"@type\":\"ListItem\",\"position\":1,\"name\":\"Home\",\"item\":\"https:\/\/graziamagazine.com\/mx\/\"},{\"@type\":\"ListItem\",\"position\":2,\"name\":\"Blake Lively y Kylie Jenner llevan el manicure de la temporada\"}]},{\"@type\":\"WebSite\",\"@id\":\"https:\/\/graziamagazine.com\/mx\/#website\",\"url\":\"https:\/\/graziamagazine.com\/mx\/\",\"name\":\"Grazia M\u00e9xico y Latinoam\u00e9rica\",\"description\":\"Grazia es moda, belleza y noticias  de actualidad \",\"potentialAction\":[{\"@type\":\"SearchAction\",\"target\":{\"@type\":\"EntryPoint\",\"urlTemplate\":\"https:\/\/graziamagazine.com\/mx\/?s={search_term_string}\"},\"query-input\":\"required name=search_term_string\"}],\"inLanguage\":\"es-MX\"}]}<\/script>\n<!-- \/ Yoast SEO Premium plugin. -->","yoast_head_json":{"title":"Blake Lively y Kylie Jenner llevan el manicure de la temporada | Grazia M\u00e9xico y Latinoam\u00e9rica","description":"As\u00ed lo marcaron las celebridades, el manicure blanco es lo de hoy y te decimos c\u00f3mo lograrlo sin que parezca que te pintaste con \u201cliquid\u201d.","robots":{"index":"index","follow":"follow","max-snippet":"max-snippet:-1","max-image-preview":"max-image-preview:large","max-video-preview":"max-video-preview:-1"},"canonical":"https:\/\/graziamagazine.com\/mx\/articles\/blake-lively-y-kylie-jenner-llevan-el-manicure-de-la-temporada\/","og_locale":"es_MX","og_type":"article","og_title":"Blake Lively y Kylie Jenner llevan el manicure de la temporada","og_description":"As\u00ed lo marcaron las celebridades, el manicure blanco es lo de hoy y te decimos c\u00f3mo lograrlo sin que parezca que te pintaste con \u201cliquid\u201d.","og_url":"https:\/\/graziamagazine.com\/mx\/articles\/blake-lively-y-kylie-jenner-llevan-el-manicure-de-la-temporada\/","og_site_name":"Grazia M\u00e9xico y Latinoam\u00e9rica","article_modified_time":"2019-12-18T18:00:28+00:00","og_image":[{"width":2464,"height":1642,"url":"https:\/\/graziamagazine.com\/mx\/wp-content\/uploads\/sites\/13\/2018\/08\/blake-lively-y-kylie-jenner-llevan-el-manicure-de-la-temporada-destacada.jpg?fit=2464%2C1642","type":"image\/jpeg"}],"twitter_card":"summary_large_image","twitter_misc":{"Est. reading time":"1 minuto"},"schema":{"@context":"https:\/\/schema.org","@graph":[{"@type":"WebPage","@id":"https:\/\/graziamagazine.com\/mx\/articles\/blake-lively-y-kylie-jenner-llevan-el-manicure-de-la-temporada\/","url":"https:\/\/graziamagazine.com\/mx\/articles\/blake-lively-y-kylie-jenner-llevan-el-manicure-de-la-temporada\/","name":"Blake Lively y Kylie Jenner llevan el manicure de la temporada | Grazia M\u00e9xico y Latinoam\u00e9rica","isPartOf":{"@id":"https:\/\/graziamagazine.com\/mx\/#website"},"datePublished":"2018-08-27T22:27:38+00:00","dateModified":"2019-12-18T18:00:28+00:00","description":"As\u00ed lo marcaron las celebridades, el manicure blanco es lo de hoy y te decimos c\u00f3mo lograrlo sin que parezca que te pintaste con \u201cliquid\u201d.","breadcrumb":{"@id":"https:\/\/graziamagazine.com\/mx\/articles\/blake-lively-y-kylie-jenner-llevan-el-manicure-de-la-temporada\/#breadcrumb"},"inLanguage":"es-MX","potentialAction":[{"@type":"ReadAction","target":["https:\/\/graziamagazine.com\/mx\/articles\/blake-lively-y-kylie-jenner-llevan-el-manicure-de-la-temporada\/"]}]},{"@type":"BreadcrumbList","@id":"https:\/\/graziamagazine.com\/mx\/articles\/blake-lively-y-kylie-jenner-llevan-el-manicure-de-la-temporada\/#breadcrumb","itemListElement":[{"@type":"ListItem","position":1,"name":"Home","item":"https:\/\/graziamagazine.com\/mx\/"},{"@type":"ListItem","position":2,"name":"Blake Lively y Kylie Jenner llevan el manicure de la temporada"}]},{"@type":"WebSite","@id":"https:\/\/graziamagazine.com\/mx\/#website","url":"https:\/\/graziamagazine.com\/mx\/","name":"Grazia M\u00e9xico y Latinoam\u00e9rica","description":"Grazia es moda, belleza y noticias  de actualidad ","potentialAction":[{"@type":"SearchAction","target":{"@type":"EntryPoint","urlTemplate":"https:\/\/graziamagazine.com\/mx\/?s={search_term_string}"},"query-input":"required name=search_term_string"}],"inLanguage":"es-MX"}]}},"jetpack_sharing_enabled":true,"distributor_meta":false,"distributor_terms":false,"distributor_media":false,"distributor_original_site_name":"Grazia M\u00e9xico y Latinoam\u00e9rica","distributor_original_site_url":"https:\/\/graziamagazine.com\/mx","push-errors":false,"_links":{"self":[{"href":"https:\/\/graziamagazine.com\/mx\/wp-json\/wp\/v2\/articles\/56029"}],"collection":[{"href":"https:\/\/graziamagazine.com\/mx\/wp-json\/wp\/v2\/articles"}],"about":[{"href":"https:\/\/graziamagazine.com\/mx\/wp-json\/wp\/v2\/types\/articles"}],"author":[{"embeddable":true,"href":"https:\/\/graziamagazine.com\/mx\/wp-json\/wp\/v2\/users\/11636"}],"wp:featuredmedia":[{"embeddable":true,"href":"https:\/\/graziamagazine.com\/mx\/wp-json\/wp\/v2\/media\/56030"}],"wp:attachment":[{"href":"https:\/\/graziamagazine.com\/mx\/wp-json\/wp\/v2\/media?parent=56029"}],"wp:term":[{"taxonomy":"category","embeddable":true,"href":"https:\/\/graziamagazine.com\/mx\/wp-json\/wp\/v2\/categories?post=56029"}],"curies":[{"name":"wp","href":"https:\/\/api.w.org\/{rel}","templated":true}]}}