{"id":55252,"date":"2018-08-08T14:15:32","date_gmt":"2018-08-08T19:15:32","guid":{"rendered":"https:\/\/graziamagazine.com\/mx\/?p=55252"},"modified":"2018-08-08T14:19:53","modified_gmt":"2018-08-08T19:19:53","slug":"te-has-dado-cuenta-que-jennifer-aniston-no-se-quita-este-accesorio-de-su-pie","status":"publish","type":"articles","link":"https:\/\/graziamagazine.com\/mx\/articles\/te-has-dado-cuenta-que-jennifer-aniston-no-se-quita-este-accesorio-de-su-pie\/","title":{"rendered":"\u00bfTe has dado cuenta que Jennifer Aniston no se quita este accesorio de su pie?"},"content":{"rendered":"<p><b>S\u00ed, hasta ahora nos percatamos de ese accesorio que Jennifer Aniston no se quita desde, \u00bflos noventa? No sabemos si repelarlo (o sea ignorarlo) o prepararnos para la tendencia.<\/b><!--more--><\/p>\n<p>La moda y el estilo aveces nos sorprenden, debemos confesarlo. M\u00e1s cuando nos percatamos de detalles tan extra\u00f1os como este de <b>Jennifer Aniston<\/b>, que s\u00ed, no lo notamos hasta que <em><a href=\"https:\/\/graziadaily.co.uk\/celebrity\/style\/jennifer-aniston-toe-ring\/\" target=\"_blank\" rel=\"noopener\" target=\"_blank\">Grazia UK<\/a><\/em>\u00a0nos ilumin\u00f3 el camino. Se trata del anillo que la actriz usa en su pie, \u00bftu s\u00ed lo hab\u00edas notado? No nos mientas\u2026<\/p>\n<p><img decoding=\"async\" class=\"alignnone size-large wp-image-55262\" src=\"https:\/\/graziamagazine.com\/mx\/wp-content\/uploads\/sites\/13\/2018\/08\/te-has-dado-cuenta-que-jennifer-aniston-no-se-quita-este-accesorio-de-su-pie-jennifer-700x945.jpg\" alt=\"te-has-dado-cuenta-que-jennifer-aniston-no-se-quita-este-accesorio-de-su-pie-jennifer\" \/><\/p>\n<p>Este como un extra\u00f1o accesorio que todas, incluso <strong>Kim Kardashian<\/strong> y <strong>Britney Spears<\/strong>, usaban a finales de los noventa, principios del 2000. Pero todo indica que Jennifer qued\u00f3 flechada con esta tendencia, en ese entonces, y no la supera. <a href=\"https:\/\/hollywoodlife.com\/2013\/01\/11\/jennifer-aniston-toe-ring-takes-off-pic-engagement\/\" target=\"_blank\" rel=\"noopener\" target=\"_blank\"><i>Hollywood Life<\/i><\/a>, en 2013, concluy\u00f3 que este objeto fetiche estaba atado la relaci\u00f3n de ensue\u00f1o entre Brad Pitt y Jennifer Aniston pues Aniston \u201colvid\u00f3\u201d su amuleto de la suerte (nosotros lo concluimos) para los <i>People\u2019s Choice Awards<\/i> de ese a\u00f1o. Este hizo un regreso en alg\u00fan momento con su exesposo, por ello la teor\u00eda del medio en torno al anillo, estaba equivocada.<\/p>\n<p><img loading=\"lazy\" decoding=\"async\" width=\"678\" height=\"1000\" class=\"alignnone size-large wp-image-55260\" src=\"https:\/\/graziamagazine.com\/mx\/wp-content\/uploads\/sites\/13\/2018\/08\/te-has-dado-cuenta-que-jennifer-aniston-no-se-quita-este-accesorio-de-su-pie-1.jpg\" alt=\"\" srcset=\"https:\/\/graziamagazine.com\/mx\/wp-content\/uploads\/sites\/13\/2018\/08\/te-has-dado-cuenta-que-jennifer-aniston-no-se-quita-este-accesorio-de-su-pie-1.jpg 678w, https:\/\/graziamagazine.com\/mx\/wp-content\/uploads\/sites\/13\/2018\/08\/te-has-dado-cuenta-que-jennifer-aniston-no-se-quita-este-accesorio-de-su-pie-1.jpg?resize=305,450 305w, https:\/\/graziamagazine.com\/mx\/wp-content\/uploads\/sites\/13\/2018\/08\/te-has-dado-cuenta-que-jennifer-aniston-no-se-quita-este-accesorio-de-su-pie-1.jpg?resize=146,215 146w\" sizes=\"(max-width: 678px) 100vw, 678px\" \/><\/p>\n<p><img loading=\"lazy\" decoding=\"async\" width=\"642\" height=\"1000\" class=\"alignnone size-full wp-image-55261\" src=\"https:\/\/graziamagazine.com\/mx\/wp-content\/uploads\/sites\/13\/2018\/08\/te-has-dado-cuenta-que-jennifer-aniston-no-se-quita-este-accesorio-de-su-pie-2.jpg\" alt=\"\" srcset=\"https:\/\/graziamagazine.com\/mx\/wp-content\/uploads\/sites\/13\/2018\/08\/te-has-dado-cuenta-que-jennifer-aniston-no-se-quita-este-accesorio-de-su-pie-2.jpg 642w, https:\/\/graziamagazine.com\/mx\/wp-content\/uploads\/sites\/13\/2018\/08\/te-has-dado-cuenta-que-jennifer-aniston-no-se-quita-este-accesorio-de-su-pie-2.jpg?resize=289,450 289w, https:\/\/graziamagazine.com\/mx\/wp-content\/uploads\/sites\/13\/2018\/08\/te-has-dado-cuenta-que-jennifer-aniston-no-se-quita-este-accesorio-de-su-pie-2.jpg?resize=138,215 138w\" sizes=\"(max-width: 642px) 100vw, 642px\" \/><\/p>\n<p>Aunque no estemos completamente seguros cuando es que Jen us\u00f3 por primera vez este extra\u00f1o anillo, la realidad es que creemos, puede volver a imponer la tendencia. En 2016, Phoebe Philo en C\u00e9line nos quizo preparar con sus sandalias de la colecci\u00f3n <i>AW16<\/i>.<\/p>\n<p><img decoding=\"async\" class=\"alignnone size-large wp-image-55264\" src=\"https:\/\/graziamagazine.com\/mx\/wp-content\/uploads\/sites\/13\/2018\/08\/te-has-dado-cuenta-que-jennifer-aniston-no-se-quita-este-accesorio-de-su-pie-celine-700x1050.jpg\" alt=\"\" \/><\/p>\n<p>\u00bfT\u00fa te atrever\u00edas a usarlo? A nosotros nos causa <i>mixed feelings<\/i>\u2026<\/p>\n<h5><\/h5>\n<h5><em>*IM\u00c1GENES: Getty Images, WireImage y Mondadori Photo<\/em><\/h5>\n","protected":false},"author":11641,"featured_media":55259,"template":"","format":"standard","categories":[4],"acf":[],"yoast_head":"<!-- This site is optimized with the Yoast SEO Premium plugin v18.5 (Yoast SEO v20.4) - https:\/\/yoast.com\/wordpress\/plugins\/seo\/ -->\n<title>\u00bfTe has dado cuenta que Jennifer Aniston no se quita este accesorio de su pie? | Grazia M\u00e9xico y Latinoam\u00e9rica<\/title>\n<meta name=\"description\" content=\"S\u00ed, hasta ahora nos percatamos de ese accesorio que Jennifer Aniston no se quita desde, \u00bflos noventa? No sabemos si repelarlo (o sea ignorarlo) o prepararnos para la tendencia.\" \/>\n<meta name=\"robots\" content=\"index, follow, max-snippet:-1, max-image-preview:large, max-video-preview:-1\" \/>\n<link rel=\"canonical\" href=\"https:\/\/graziamagazine.com\/mx\/articles\/te-has-dado-cuenta-que-jennifer-aniston-no-se-quita-este-accesorio-de-su-pie\/\" \/>\n<meta property=\"og:locale\" content=\"es_MX\" \/>\n<meta property=\"og:type\" content=\"article\" \/>\n<meta property=\"og:title\" content=\"\u00bfTe has dado cuenta que Jennifer Aniston no se quita este accesorio de su pie?\" \/>\n<meta property=\"og:description\" content=\"S\u00ed, hasta ahora nos percatamos de ese accesorio que Jennifer Aniston no se quita desde, \u00bflos noventa? No sabemos si repelarlo (o sea ignorarlo) o prepararnos para la tendencia.\" \/>\n<meta property=\"og:url\" content=\"https:\/\/graziamagazine.com\/mx\/articles\/te-has-dado-cuenta-que-jennifer-aniston-no-se-quita-este-accesorio-de-su-pie\/\" \/>\n<meta property=\"og:site_name\" content=\"Grazia M\u00e9xico y Latinoam\u00e9rica\" \/>\n<meta property=\"article:modified_time\" content=\"2018-08-08T19:19:53+00:00\" \/>\n<meta property=\"og:image\" content=\"https:\/\/graziamagazine.com\/mx\/wp-content\/uploads\/sites\/13\/2018\/08\/te-has-dado-cuenta-que-jennifer-aniston-no-se-quita-este-accesorio-de-su-pie-destacada.jpg?fit=1440%2C960\" \/>\n\t<meta property=\"og:image:width\" content=\"1440\" \/>\n\t<meta property=\"og:image:height\" content=\"960\" \/>\n\t<meta property=\"og:image:type\" content=\"image\/jpeg\" \/>\n<meta name=\"twitter:card\" content=\"summary_large_image\" \/>\n<meta name=\"twitter:label1\" content=\"Est. reading time\" \/>\n\t<meta name=\"twitter:data1\" content=\"1 minuto\" \/>\n<script type=\"application\/ld+json\" class=\"yoast-schema-graph\">{\"@context\":\"https:\/\/schema.org\",\"@graph\":[{\"@type\":\"WebPage\",\"@id\":\"https:\/\/graziamagazine.com\/mx\/articles\/te-has-dado-cuenta-que-jennifer-aniston-no-se-quita-este-accesorio-de-su-pie\/\",\"url\":\"https:\/\/graziamagazine.com\/mx\/articles\/te-has-dado-cuenta-que-jennifer-aniston-no-se-quita-este-accesorio-de-su-pie\/\",\"name\":\"\u00bfTe has dado cuenta que Jennifer Aniston no se quita este accesorio de su pie? | Grazia M\u00e9xico y Latinoam\u00e9rica\",\"isPartOf\":{\"@id\":\"https:\/\/graziamagazine.com\/mx\/#website\"},\"datePublished\":\"2018-08-08T19:15:32+00:00\",\"dateModified\":\"2018-08-08T19:19:53+00:00\",\"description\":\"S\u00ed, hasta ahora nos percatamos de ese accesorio que Jennifer Aniston no se quita desde, \u00bflos noventa? No sabemos si repelarlo (o sea ignorarlo) o prepararnos para la tendencia.\",\"breadcrumb\":{\"@id\":\"https:\/\/graziamagazine.com\/mx\/articles\/te-has-dado-cuenta-que-jennifer-aniston-no-se-quita-este-accesorio-de-su-pie\/#breadcrumb\"},\"inLanguage\":\"es-MX\",\"potentialAction\":[{\"@type\":\"ReadAction\",\"target\":[\"https:\/\/graziamagazine.com\/mx\/articles\/te-has-dado-cuenta-que-jennifer-aniston-no-se-quita-este-accesorio-de-su-pie\/\"]}]},{\"@type\":\"BreadcrumbList\",\"@id\":\"https:\/\/graziamagazine.com\/mx\/articles\/te-has-dado-cuenta-que-jennifer-aniston-no-se-quita-este-accesorio-de-su-pie\/#breadcrumb\",\"itemListElement\":[{\"@type\":\"ListItem\",\"position\":1,\"name\":\"Home\",\"item\":\"https:\/\/graziamagazine.com\/mx\/\"},{\"@type\":\"ListItem\",\"position\":2,\"name\":\"\u00bfTe has dado cuenta que Jennifer Aniston no se quita este accesorio de su pie?\"}]},{\"@type\":\"WebSite\",\"@id\":\"https:\/\/graziamagazine.com\/mx\/#website\",\"url\":\"https:\/\/graziamagazine.com\/mx\/\",\"name\":\"Grazia M\u00e9xico y Latinoam\u00e9rica\",\"description\":\"Grazia es moda, belleza y noticias  de actualidad \",\"potentialAction\":[{\"@type\":\"SearchAction\",\"target\":{\"@type\":\"EntryPoint\",\"urlTemplate\":\"https:\/\/graziamagazine.com\/mx\/?s={search_term_string}\"},\"query-input\":\"required name=search_term_string\"}],\"inLanguage\":\"es-MX\"}]}<\/script>\n<!-- \/ Yoast SEO Premium plugin. -->","yoast_head_json":{"title":"\u00bfTe has dado cuenta que Jennifer Aniston no se quita este accesorio de su pie? | Grazia M\u00e9xico y Latinoam\u00e9rica","description":"S\u00ed, hasta ahora nos percatamos de ese accesorio que Jennifer Aniston no se quita desde, \u00bflos noventa? No sabemos si repelarlo (o sea ignorarlo) o prepararnos para la tendencia.","robots":{"index":"index","follow":"follow","max-snippet":"max-snippet:-1","max-image-preview":"max-image-preview:large","max-video-preview":"max-video-preview:-1"},"canonical":"https:\/\/graziamagazine.com\/mx\/articles\/te-has-dado-cuenta-que-jennifer-aniston-no-se-quita-este-accesorio-de-su-pie\/","og_locale":"es_MX","og_type":"article","og_title":"\u00bfTe has dado cuenta que Jennifer Aniston no se quita este accesorio de su pie?","og_description":"S\u00ed, hasta ahora nos percatamos de ese accesorio que Jennifer Aniston no se quita desde, \u00bflos noventa? No sabemos si repelarlo (o sea ignorarlo) o prepararnos para la tendencia.","og_url":"https:\/\/graziamagazine.com\/mx\/articles\/te-has-dado-cuenta-que-jennifer-aniston-no-se-quita-este-accesorio-de-su-pie\/","og_site_name":"Grazia M\u00e9xico y Latinoam\u00e9rica","article_modified_time":"2018-08-08T19:19:53+00:00","og_image":[{"width":1440,"height":960,"url":"https:\/\/graziamagazine.com\/mx\/wp-content\/uploads\/sites\/13\/2018\/08\/te-has-dado-cuenta-que-jennifer-aniston-no-se-quita-este-accesorio-de-su-pie-destacada.jpg?fit=1440%2C960","type":"image\/jpeg"}],"twitter_card":"summary_large_image","twitter_misc":{"Est. reading time":"1 minuto"},"schema":{"@context":"https:\/\/schema.org","@graph":[{"@type":"WebPage","@id":"https:\/\/graziamagazine.com\/mx\/articles\/te-has-dado-cuenta-que-jennifer-aniston-no-se-quita-este-accesorio-de-su-pie\/","url":"https:\/\/graziamagazine.com\/mx\/articles\/te-has-dado-cuenta-que-jennifer-aniston-no-se-quita-este-accesorio-de-su-pie\/","name":"\u00bfTe has dado cuenta que Jennifer Aniston no se quita este accesorio de su pie? | Grazia M\u00e9xico y Latinoam\u00e9rica","isPartOf":{"@id":"https:\/\/graziamagazine.com\/mx\/#website"},"datePublished":"2018-08-08T19:15:32+00:00","dateModified":"2018-08-08T19:19:53+00:00","description":"S\u00ed, hasta ahora nos percatamos de ese accesorio que Jennifer Aniston no se quita desde, \u00bflos noventa? No sabemos si repelarlo (o sea ignorarlo) o prepararnos para la tendencia.","breadcrumb":{"@id":"https:\/\/graziamagazine.com\/mx\/articles\/te-has-dado-cuenta-que-jennifer-aniston-no-se-quita-este-accesorio-de-su-pie\/#breadcrumb"},"inLanguage":"es-MX","potentialAction":[{"@type":"ReadAction","target":["https:\/\/graziamagazine.com\/mx\/articles\/te-has-dado-cuenta-que-jennifer-aniston-no-se-quita-este-accesorio-de-su-pie\/"]}]},{"@type":"BreadcrumbList","@id":"https:\/\/graziamagazine.com\/mx\/articles\/te-has-dado-cuenta-que-jennifer-aniston-no-se-quita-este-accesorio-de-su-pie\/#breadcrumb","itemListElement":[{"@type":"ListItem","position":1,"name":"Home","item":"https:\/\/graziamagazine.com\/mx\/"},{"@type":"ListItem","position":2,"name":"\u00bfTe has dado cuenta que Jennifer Aniston no se quita este accesorio de su pie?"}]},{"@type":"WebSite","@id":"https:\/\/graziamagazine.com\/mx\/#website","url":"https:\/\/graziamagazine.com\/mx\/","name":"Grazia M\u00e9xico y Latinoam\u00e9rica","description":"Grazia es moda, belleza y noticias  de actualidad ","potentialAction":[{"@type":"SearchAction","target":{"@type":"EntryPoint","urlTemplate":"https:\/\/graziamagazine.com\/mx\/?s={search_term_string}"},"query-input":"required name=search_term_string"}],"inLanguage":"es-MX"}]}},"jetpack_sharing_enabled":true,"distributor_meta":false,"distributor_terms":false,"distributor_media":false,"distributor_original_site_name":"Grazia M\u00e9xico y Latinoam\u00e9rica","distributor_original_site_url":"https:\/\/graziamagazine.com\/mx","push-errors":false,"_links":{"self":[{"href":"https:\/\/graziamagazine.com\/mx\/wp-json\/wp\/v2\/articles\/55252"}],"collection":[{"href":"https:\/\/graziamagazine.com\/mx\/wp-json\/wp\/v2\/articles"}],"about":[{"href":"https:\/\/graziamagazine.com\/mx\/wp-json\/wp\/v2\/types\/articles"}],"author":[{"embeddable":true,"href":"https:\/\/graziamagazine.com\/mx\/wp-json\/wp\/v2\/users\/11641"}],"wp:featuredmedia":[{"embeddable":true,"href":"https:\/\/graziamagazine.com\/mx\/wp-json\/wp\/v2\/media\/55259"}],"wp:attachment":[{"href":"https:\/\/graziamagazine.com\/mx\/wp-json\/wp\/v2\/media?parent=55252"}],"wp:term":[{"taxonomy":"category","embeddable":true,"href":"https:\/\/graziamagazine.com\/mx\/wp-json\/wp\/v2\/categories?post=55252"}],"curies":[{"name":"wp","href":"https:\/\/api.w.org\/{rel}","templated":true}]}}