{"id":55182,"date":"2018-08-07T14:14:10","date_gmt":"2018-08-07T19:14:10","guid":{"rendered":"https:\/\/graziamagazine.com\/mx\/?p=55182"},"modified":"2018-08-07T14:17:36","modified_gmt":"2018-08-07T19:17:36","slug":"kendall-jenner-tiene-un-nuevo-amor-en-paris","status":"publish","type":"articles","link":"https:\/\/graziamagazine.com\/mx\/articles\/kendall-jenner-tiene-un-nuevo-amor-en-paris\/","title":{"rendered":"Kendall Jenner tiene un nuevo amor en Par\u00eds"},"content":{"rendered":"<p><strong>\u00bfSer\u00e1 por su estilo tan internacional que triunfa sin esfuerzo? \u00bfO tal vez por su versatilidad? Ser ciudadana del mundo le ha valido a Kendall Jennerr convertirse en la nueva imagen de la campa\u00f1a oto\u00f1o-invierno de Longchamp.<\/strong><!--more--><\/p>\n<p>Con el pretexto de celebrar 70 a\u00f1os viajando por el mundo, <strong>Longchamp<\/strong> se las ha ingeniado para presentar una colecci\u00f3n fresca y vers\u00e1til donde el juego de materiales, colores y vol\u00famenes muestra una marca renovada e incre\u00edblemente cosmopolita.<\/p>\n<p>&nbsp;<\/p>\n<p><img loading=\"lazy\" decoding=\"async\" width=\"745\" height=\"1140\" class=\"size-full wp-image-55193 aligncenter\" src=\"https:\/\/graziamagazine.com\/mx\/wp-content\/uploads\/sites\/13\/2018\/08\/k2.jpeg\" alt=\"\" srcset=\"https:\/\/graziamagazine.com\/mx\/wp-content\/uploads\/sites\/13\/2018\/08\/k2.jpeg 745w, https:\/\/graziamagazine.com\/mx\/wp-content\/uploads\/sites\/13\/2018\/08\/k2.jpeg?resize=294,450 294w, https:\/\/graziamagazine.com\/mx\/wp-content\/uploads\/sites\/13\/2018\/08\/k2.jpeg?resize=669,1024 669w, https:\/\/graziamagazine.com\/mx\/wp-content\/uploads\/sites\/13\/2018\/08\/k2.jpeg?resize=141,215 141w\" sizes=\"(max-width: 745px) 100vw, 745px\" \/><\/p>\n<p>Esta es la visi\u00f3n de su <strong>CEO Jean Cassegrain<\/strong> y de su hermana <strong>Sophie Delafonatine<\/strong>, la nueva directora art\u00edstica, qui\u00e9n ha sabido conectar con el esp\u00edritu de las nuevas generaciones. Se trata de u n esp\u00edritu libre, urbano y viajero que tambi\u00e9n ha conservado su toque parisino, ese que sigue conquistando corazones.<\/p>\n<p>&nbsp;<\/p>\n<p><img loading=\"lazy\" decoding=\"async\" width=\"745\" height=\"1138\" class=\"size-full wp-image-55194 aligncenter\" src=\"https:\/\/graziamagazine.com\/mx\/wp-content\/uploads\/sites\/13\/2018\/08\/k1.jpeg\" alt=\"\" srcset=\"https:\/\/graziamagazine.com\/mx\/wp-content\/uploads\/sites\/13\/2018\/08\/k1.jpeg 745w, https:\/\/graziamagazine.com\/mx\/wp-content\/uploads\/sites\/13\/2018\/08\/k1.jpeg?resize=295,450 295w, https:\/\/graziamagazine.com\/mx\/wp-content\/uploads\/sites\/13\/2018\/08\/k1.jpeg?resize=670,1024 670w, https:\/\/graziamagazine.com\/mx\/wp-content\/uploads\/sites\/13\/2018\/08\/k1.jpeg?resize=141,215 141w\" sizes=\"(max-width: 745px) 100vw, 745px\" \/><\/p>\n<p>Para <strong>Jenner<\/strong> esta alianza significa&#8221;&#8230; una sinergia entre el t\u00e9rmino ciudadano del mundo y <strong>Longchamp<\/strong>. Para m\u00ed, un ciudadano del mundo es alguien que quiere compartir su entendimiento sobre diferentes culturas.&#8221; Justo ese es el estilo de vida de Jenner, nunca sabe en qu\u00e9 parte del mundo se va encontrar, cu\u00e1ndo tomar\u00e1 el siguiente avi\u00f3n, qui\u00e9n la llamar\u00e1, a qui\u00e9n conocer\u00e1&#8230;<\/p>\n<p>Convi\u00e9rtete en una amazona moderna y urbana de una de las marcas parisinas ha mostrado calidad y estilo al mundo.<\/p>\n<p>Los nuevos estampados con el jinete en plena acci\u00f3n, la mezcla de texturas ligeras con unas m\u00e1s pesadas, colores que combinan y accesorios que contrastan, flecos, largos, cortos, piel, la nueva amazona urbana de Logchamp recorre el mundo a su entero placer.<\/p>\n<p style=\"text-align: right;\"><strong>Fotograf\u00edas: Cortes\u00eda Longchamp<\/strong><\/p>\n","protected":false},"author":11636,"featured_media":55184,"template":"","format":"standard","categories":[4],"acf":[],"yoast_head":"<!-- This site is optimized with the Yoast SEO Premium plugin v18.5 (Yoast SEO v20.4) - https:\/\/yoast.com\/wordpress\/plugins\/seo\/ -->\n<title>Kendall Jenner tiene un nuevo amor en Par\u00eds | Grazia M\u00e9xico y Latinoam\u00e9rica<\/title>\n<meta name=\"description\" content=\"\u00bfSer\u00e1 por su estilo tan internacional que triunfa sin esfuerzo? \u00bfO tal vez por su versatilidad? Ser ciudadana del mundo le ha valido a Kendall Jennerr convertirse en la nueva imagen de la campa\u00f1a oto\u00f1o-invierno de Longchamp.\" \/>\n<meta name=\"robots\" content=\"index, follow, max-snippet:-1, max-image-preview:large, max-video-preview:-1\" \/>\n<link rel=\"canonical\" href=\"https:\/\/graziamagazine.com\/mx\/articles\/kendall-jenner-tiene-un-nuevo-amor-en-paris\/\" \/>\n<meta property=\"og:locale\" content=\"es_MX\" \/>\n<meta property=\"og:type\" content=\"article\" \/>\n<meta property=\"og:title\" content=\"Kendall Jenner tiene un nuevo amor en Par\u00eds\" \/>\n<meta property=\"og:description\" content=\"\u00bfSer\u00e1 por su estilo tan internacional que triunfa sin esfuerzo? \u00bfO tal vez por su versatilidad? Ser ciudadana del mundo le ha valido a Kendall Jennerr convertirse en la nueva imagen de la campa\u00f1a oto\u00f1o-invierno de Longchamp.\" \/>\n<meta property=\"og:url\" content=\"https:\/\/graziamagazine.com\/mx\/articles\/kendall-jenner-tiene-un-nuevo-amor-en-paris\/\" \/>\n<meta property=\"og:site_name\" content=\"Grazia M\u00e9xico y Latinoam\u00e9rica\" \/>\n<meta property=\"article:modified_time\" content=\"2018-08-07T19:17:36+00:00\" \/>\n<meta property=\"og:image\" content=\"https:\/\/graziamagazine.com\/mx\/wp-content\/uploads\/sites\/13\/2018\/08\/GraziaPortada-KJ.jpeg?fit=1380%2C630\" \/>\n\t<meta property=\"og:image:width\" content=\"1380\" \/>\n\t<meta property=\"og:image:height\" content=\"630\" \/>\n\t<meta property=\"og:image:type\" content=\"image\/jpeg\" \/>\n<meta name=\"twitter:card\" content=\"summary_large_image\" \/>\n<meta name=\"twitter:label1\" content=\"Est. reading time\" \/>\n\t<meta name=\"twitter:data1\" content=\"1 minuto\" \/>\n<script type=\"application\/ld+json\" class=\"yoast-schema-graph\">{\"@context\":\"https:\/\/schema.org\",\"@graph\":[{\"@type\":\"WebPage\",\"@id\":\"https:\/\/graziamagazine.com\/mx\/articles\/kendall-jenner-tiene-un-nuevo-amor-en-paris\/\",\"url\":\"https:\/\/graziamagazine.com\/mx\/articles\/kendall-jenner-tiene-un-nuevo-amor-en-paris\/\",\"name\":\"Kendall Jenner tiene un nuevo amor en Par\u00eds | Grazia M\u00e9xico y Latinoam\u00e9rica\",\"isPartOf\":{\"@id\":\"https:\/\/graziamagazine.com\/mx\/#website\"},\"datePublished\":\"2018-08-07T19:14:10+00:00\",\"dateModified\":\"2018-08-07T19:17:36+00:00\",\"description\":\"\u00bfSer\u00e1 por su estilo tan internacional que triunfa sin esfuerzo? \u00bfO tal vez por su versatilidad? Ser ciudadana del mundo le ha valido a Kendall Jennerr convertirse en la nueva imagen de la campa\u00f1a oto\u00f1o-invierno de Longchamp.\",\"breadcrumb\":{\"@id\":\"https:\/\/graziamagazine.com\/mx\/articles\/kendall-jenner-tiene-un-nuevo-amor-en-paris\/#breadcrumb\"},\"inLanguage\":\"es-MX\",\"potentialAction\":[{\"@type\":\"ReadAction\",\"target\":[\"https:\/\/graziamagazine.com\/mx\/articles\/kendall-jenner-tiene-un-nuevo-amor-en-paris\/\"]}]},{\"@type\":\"BreadcrumbList\",\"@id\":\"https:\/\/graziamagazine.com\/mx\/articles\/kendall-jenner-tiene-un-nuevo-amor-en-paris\/#breadcrumb\",\"itemListElement\":[{\"@type\":\"ListItem\",\"position\":1,\"name\":\"Home\",\"item\":\"https:\/\/graziamagazine.com\/mx\/\"},{\"@type\":\"ListItem\",\"position\":2,\"name\":\"Kendall Jenner tiene un nuevo amor en Par\u00eds\"}]},{\"@type\":\"WebSite\",\"@id\":\"https:\/\/graziamagazine.com\/mx\/#website\",\"url\":\"https:\/\/graziamagazine.com\/mx\/\",\"name\":\"Grazia M\u00e9xico y Latinoam\u00e9rica\",\"description\":\"Grazia es moda, belleza y noticias  de actualidad \",\"potentialAction\":[{\"@type\":\"SearchAction\",\"target\":{\"@type\":\"EntryPoint\",\"urlTemplate\":\"https:\/\/graziamagazine.com\/mx\/?s={search_term_string}\"},\"query-input\":\"required name=search_term_string\"}],\"inLanguage\":\"es-MX\"}]}<\/script>\n<!-- \/ Yoast SEO Premium plugin. -->","yoast_head_json":{"title":"Kendall Jenner tiene un nuevo amor en Par\u00eds | Grazia M\u00e9xico y Latinoam\u00e9rica","description":"\u00bfSer\u00e1 por su estilo tan internacional que triunfa sin esfuerzo? \u00bfO tal vez por su versatilidad? Ser ciudadana del mundo le ha valido a Kendall Jennerr convertirse en la nueva imagen de la campa\u00f1a oto\u00f1o-invierno de Longchamp.","robots":{"index":"index","follow":"follow","max-snippet":"max-snippet:-1","max-image-preview":"max-image-preview:large","max-video-preview":"max-video-preview:-1"},"canonical":"https:\/\/graziamagazine.com\/mx\/articles\/kendall-jenner-tiene-un-nuevo-amor-en-paris\/","og_locale":"es_MX","og_type":"article","og_title":"Kendall Jenner tiene un nuevo amor en Par\u00eds","og_description":"\u00bfSer\u00e1 por su estilo tan internacional que triunfa sin esfuerzo? \u00bfO tal vez por su versatilidad? Ser ciudadana del mundo le ha valido a Kendall Jennerr convertirse en la nueva imagen de la campa\u00f1a oto\u00f1o-invierno de Longchamp.","og_url":"https:\/\/graziamagazine.com\/mx\/articles\/kendall-jenner-tiene-un-nuevo-amor-en-paris\/","og_site_name":"Grazia M\u00e9xico y Latinoam\u00e9rica","article_modified_time":"2018-08-07T19:17:36+00:00","og_image":[{"width":1380,"height":630,"url":"https:\/\/graziamagazine.com\/mx\/wp-content\/uploads\/sites\/13\/2018\/08\/GraziaPortada-KJ.jpeg?fit=1380%2C630","type":"image\/jpeg"}],"twitter_card":"summary_large_image","twitter_misc":{"Est. reading time":"1 minuto"},"schema":{"@context":"https:\/\/schema.org","@graph":[{"@type":"WebPage","@id":"https:\/\/graziamagazine.com\/mx\/articles\/kendall-jenner-tiene-un-nuevo-amor-en-paris\/","url":"https:\/\/graziamagazine.com\/mx\/articles\/kendall-jenner-tiene-un-nuevo-amor-en-paris\/","name":"Kendall Jenner tiene un nuevo amor en Par\u00eds | Grazia M\u00e9xico y Latinoam\u00e9rica","isPartOf":{"@id":"https:\/\/graziamagazine.com\/mx\/#website"},"datePublished":"2018-08-07T19:14:10+00:00","dateModified":"2018-08-07T19:17:36+00:00","description":"\u00bfSer\u00e1 por su estilo tan internacional que triunfa sin esfuerzo? \u00bfO tal vez por su versatilidad? Ser ciudadana del mundo le ha valido a Kendall Jennerr convertirse en la nueva imagen de la campa\u00f1a oto\u00f1o-invierno de Longchamp.","breadcrumb":{"@id":"https:\/\/graziamagazine.com\/mx\/articles\/kendall-jenner-tiene-un-nuevo-amor-en-paris\/#breadcrumb"},"inLanguage":"es-MX","potentialAction":[{"@type":"ReadAction","target":["https:\/\/graziamagazine.com\/mx\/articles\/kendall-jenner-tiene-un-nuevo-amor-en-paris\/"]}]},{"@type":"BreadcrumbList","@id":"https:\/\/graziamagazine.com\/mx\/articles\/kendall-jenner-tiene-un-nuevo-amor-en-paris\/#breadcrumb","itemListElement":[{"@type":"ListItem","position":1,"name":"Home","item":"https:\/\/graziamagazine.com\/mx\/"},{"@type":"ListItem","position":2,"name":"Kendall Jenner tiene un nuevo amor en Par\u00eds"}]},{"@type":"WebSite","@id":"https:\/\/graziamagazine.com\/mx\/#website","url":"https:\/\/graziamagazine.com\/mx\/","name":"Grazia M\u00e9xico y Latinoam\u00e9rica","description":"Grazia es moda, belleza y noticias  de actualidad ","potentialAction":[{"@type":"SearchAction","target":{"@type":"EntryPoint","urlTemplate":"https:\/\/graziamagazine.com\/mx\/?s={search_term_string}"},"query-input":"required name=search_term_string"}],"inLanguage":"es-MX"}]}},"jetpack_sharing_enabled":true,"distributor_meta":false,"distributor_terms":false,"distributor_media":false,"distributor_original_site_name":"Grazia M\u00e9xico y Latinoam\u00e9rica","distributor_original_site_url":"https:\/\/graziamagazine.com\/mx","push-errors":false,"_links":{"self":[{"href":"https:\/\/graziamagazine.com\/mx\/wp-json\/wp\/v2\/articles\/55182"}],"collection":[{"href":"https:\/\/graziamagazine.com\/mx\/wp-json\/wp\/v2\/articles"}],"about":[{"href":"https:\/\/graziamagazine.com\/mx\/wp-json\/wp\/v2\/types\/articles"}],"author":[{"embeddable":true,"href":"https:\/\/graziamagazine.com\/mx\/wp-json\/wp\/v2\/users\/11636"}],"wp:featuredmedia":[{"embeddable":true,"href":"https:\/\/graziamagazine.com\/mx\/wp-json\/wp\/v2\/media\/55184"}],"wp:attachment":[{"href":"https:\/\/graziamagazine.com\/mx\/wp-json\/wp\/v2\/media?parent=55182"}],"wp:term":[{"taxonomy":"category","embeddable":true,"href":"https:\/\/graziamagazine.com\/mx\/wp-json\/wp\/v2\/categories?post=55182"}],"curies":[{"name":"wp","href":"https:\/\/api.w.org\/{rel}","templated":true}]}}