{"id":54636,"date":"2018-07-27T12:27:41","date_gmt":"2018-07-27T17:27:41","guid":{"rendered":"https:\/\/graziamagazine.com\/mx\/?p=54636"},"modified":"2018-07-31T15:15:46","modified_gmt":"2018-07-31T20:15:46","slug":"el-accesorio-que-siempre-nos-recordara-la-elegancia-de-jacqueline-kennedy","status":"publish","type":"articles","link":"https:\/\/graziamagazine.com\/mx\/articles\/el-accesorio-que-siempre-nos-recordara-la-elegancia-de-jacqueline-kennedy\/","title":{"rendered":"El accesorio que siempre nos recordar\u00e1 la elegancia de Jacqueline Kennedy"},"content":{"rendered":"<p><strong>M\u00e1s all\u00e1 de ser un sombrero, el <em>pillbox hat<\/em> se convirti\u00f3 en un referente diplom\u00e1tico gracias a Jacqueline Kennedy; sin duda alguna su accesorio favorito.<\/strong><br \/>\n<!--more--><\/p>\n<p>El estilo de <b>Jacqueline Bouvier Kennedy<\/b>, quien fuera Primera Dama de los Estados Unidos de 1961 a 1963, contin\u00faa siendo un pilar en el estilo diplom\u00e1tico. Con la nueva ola de miembros de la realeza y primeras damas e, indudablemente, la colecci\u00f3n <i>AW18<\/i> de <a href=\"https:\/\/graziamagazine.com\/mx\/jeremy-scott-amar-a-tu-vecino-deberia-ser-una-declaracion-mas-profunda-que-cualquier-mierda-sobre-nacionalida\/\" target=\"_blank\" rel=\"noopener\">Jeremy Scott<\/a> para Moschino, la imagen de Jackie est\u00e1 m\u00e1s vigente que nunca. Pero si has tenido la oportunidad de pasar fotograf\u00edas de los momentos m\u00e1s emblem\u00e1ticos de la neoyorquina, seguramente notaste que el sombrero <i>pillbox<\/i> era su sello personal.<\/p>\n<p>Sarah Mower traza la historia del emblem\u00e1tico sombrero, atribuy\u00e9ndole al dise\u00f1ador estadounidense, Halston, la alternativa que catapult\u00f3 Kennedy. De ah\u00ed que la primera dama hiciera su ic\u00f3nico <i>look<\/i> un modelo a seguir en la d\u00e9cada de los sesenta \u2014traje sastre coronado por un <i>pillbox hat<\/i>\u2014. Audrey Hepburn incluy\u00f3 dos creaciones de Givenchy a su guardarropa estelar para la pel\u00edcula <i>Charade<\/i>, estrenada dos semanas despu\u00e9s del asesinato de John F. Kennedy.<\/p>\n<p><img loading=\"lazy\" decoding=\"async\" width=\"661\" height=\"841\" class=\"alignnone size-full wp-image-54690\" src=\"https:\/\/graziamagazine.com\/mx\/wp-content\/uploads\/sites\/13\/2018\/07\/el-accesorio-que-siempre-nos-recordara-la-elegancia-de-jacqueline-kennedy-1.jpg\" alt=\"\" srcset=\"https:\/\/graziamagazine.com\/mx\/wp-content\/uploads\/sites\/13\/2018\/07\/el-accesorio-que-siempre-nos-recordara-la-elegancia-de-jacqueline-kennedy-1.jpg 661w, https:\/\/graziamagazine.com\/mx\/wp-content\/uploads\/sites\/13\/2018\/07\/el-accesorio-que-siempre-nos-recordara-la-elegancia-de-jacqueline-kennedy-1.jpg?resize=354,450 354w, https:\/\/graziamagazine.com\/mx\/wp-content\/uploads\/sites\/13\/2018\/07\/el-accesorio-que-siempre-nos-recordara-la-elegancia-de-jacqueline-kennedy-1.jpg?resize=155,197 155w\" sizes=\"(max-width: 661px) 100vw, 661px\" \/><\/p>\n<p><img loading=\"lazy\" decoding=\"async\" width=\"325\" height=\"605\" class=\"alignnone size-large wp-image-54691\" src=\"https:\/\/graziamagazine.com\/mx\/wp-content\/uploads\/sites\/13\/2018\/07\/el-accesorio-que-siempre-nos-recordara-la-elegancia-de-jacqueline-kennedy-2.jpg\" alt=\"\" srcset=\"https:\/\/graziamagazine.com\/mx\/wp-content\/uploads\/sites\/13\/2018\/07\/el-accesorio-que-siempre-nos-recordara-la-elegancia-de-jacqueline-kennedy-2.jpg 325w, https:\/\/graziamagazine.com\/mx\/wp-content\/uploads\/sites\/13\/2018\/07\/el-accesorio-que-siempre-nos-recordara-la-elegancia-de-jacqueline-kennedy-2.jpg?resize=242,450 242w, https:\/\/graziamagazine.com\/mx\/wp-content\/uploads\/sites\/13\/2018\/07\/el-accesorio-que-siempre-nos-recordara-la-elegancia-de-jacqueline-kennedy-2.jpg?resize=115,215 115w\" sizes=\"(max-width: 325px) 100vw, 325px\" \/><\/p>\n<p><a href=\"https:\/\/graziamagazine.com\/mx\/las-notas-secretas-de-jacqueline-kennedy-salen-a-la-luz\/\" target=\"_blank\" rel=\"noopener\">El <i>pillbox<\/i> que us\u00f3 Jackie Kennedy a juego con su <i>Chanel suit<\/i> el 22 de noviembre de 1963<\/a>, est\u00e1 perdido. En 2011, Faye Fiore de <i>Los Angeles Times<\/i> escribi\u00f3 que la \u00faltima vez que Bouvier fue vista con el emblem\u00e1tico sombrero rosa fue en el Hospital Parkland mientras esperaba conocer el estado de su esposo \u2014este fue pasado a manos de su secretaria personal, quien se rehusa a confesar el paradero del accesorio, de acuerdo a Fiore\u2014.<\/p>\n<p>Quiz\u00e1 lo interesante del accesorio es su verdadero significado, no solo en el estilo de Jacqueline, sino en la diplomacia. En la d\u00e9cada de los noventa, Lady Di adopt\u00f3 el <i>pillbox<\/i> para complementar sus <i>sets<\/i> sartoriales y, con la llegada de Kate Middleton a la realeza, la duquesa de Cambridge ha hecho alusi\u00f3n en distintas ocasiones. Otras mujeres diplom\u00e1ticas que se han unido a la fiebre en tiempos modernos son Carla Sarkozy (una versi\u00f3n mini), la princesa Beatrice de York y la reina M\u00e1xima de Holanda (una de sus siluetas favoritas).<\/p>\n<p><img loading=\"lazy\" decoding=\"async\" width=\"564\" height=\"846\" class=\"alignnone size-full wp-image-54693\" src=\"https:\/\/graziamagazine.com\/mx\/wp-content\/uploads\/sites\/13\/2018\/07\/el-accesorio-que-siempre-nos-recordara-la-elegancia-de-jacqueline-kennedy-3.jpg\" alt=\"\" srcset=\"https:\/\/graziamagazine.com\/mx\/wp-content\/uploads\/sites\/13\/2018\/07\/el-accesorio-que-siempre-nos-recordara-la-elegancia-de-jacqueline-kennedy-3.jpg 564w, https:\/\/graziamagazine.com\/mx\/wp-content\/uploads\/sites\/13\/2018\/07\/el-accesorio-que-siempre-nos-recordara-la-elegancia-de-jacqueline-kennedy-3.jpg?resize=300,450 300w, https:\/\/graziamagazine.com\/mx\/wp-content\/uploads\/sites\/13\/2018\/07\/el-accesorio-que-siempre-nos-recordara-la-elegancia-de-jacqueline-kennedy-3.jpg?resize=143,215 143w\" sizes=\"(max-width: 564px) 100vw, 564px\" \/><\/p>\n<p><img loading=\"lazy\" decoding=\"async\" width=\"435\" height=\"580\" class=\"alignnone size-full wp-image-54694\" src=\"https:\/\/graziamagazine.com\/mx\/wp-content\/uploads\/sites\/13\/2018\/07\/el-accesorio-que-siempre-nos-recordara-la-elegancia-de-jacqueline-kennedy-4.jpg\" alt=\"\" srcset=\"https:\/\/graziamagazine.com\/mx\/wp-content\/uploads\/sites\/13\/2018\/07\/el-accesorio-que-siempre-nos-recordara-la-elegancia-de-jacqueline-kennedy-4.jpg 435w, https:\/\/graziamagazine.com\/mx\/wp-content\/uploads\/sites\/13\/2018\/07\/el-accesorio-que-siempre-nos-recordara-la-elegancia-de-jacqueline-kennedy-4.jpg?resize=338,450 338w, https:\/\/graziamagazine.com\/mx\/wp-content\/uploads\/sites\/13\/2018\/07\/el-accesorio-que-siempre-nos-recordara-la-elegancia-de-jacqueline-kennedy-4.jpg?resize=155,207 155w\" sizes=\"(max-width: 435px) 100vw, 435px\" \/><\/p>\n<p><img decoding=\"async\" class=\"alignnone size-large wp-image-54692\" src=\"https:\/\/graziamagazine.com\/mx\/wp-content\/uploads\/sites\/13\/2018\/07\/el-accesorio-que-siempre-nos-recordara-la-elegancia-de-jacqueline-kennedy-7-700x1078.jpg\" alt=\"\" \/><\/p>\n<p><img loading=\"lazy\" decoding=\"async\" width=\"614\" height=\"1024\" class=\"alignnone size-full wp-image-54695\" src=\"https:\/\/graziamagazine.com\/mx\/wp-content\/uploads\/sites\/13\/2018\/07\/el-accesorio-que-siempre-nos-recordara-la-elegancia-de-jacqueline-kennedy-5.jpg\" alt=\"\" srcset=\"https:\/\/graziamagazine.com\/mx\/wp-content\/uploads\/sites\/13\/2018\/07\/el-accesorio-que-siempre-nos-recordara-la-elegancia-de-jacqueline-kennedy-5.jpg 614w, https:\/\/graziamagazine.com\/mx\/wp-content\/uploads\/sites\/13\/2018\/07\/el-accesorio-que-siempre-nos-recordara-la-elegancia-de-jacqueline-kennedy-5.jpg?resize=270,450 270w, https:\/\/graziamagazine.com\/mx\/wp-content\/uploads\/sites\/13\/2018\/07\/el-accesorio-que-siempre-nos-recordara-la-elegancia-de-jacqueline-kennedy-5.jpg?resize=129,215 129w\" sizes=\"(max-width: 614px) 100vw, 614px\" \/><\/p>\n<p><img decoding=\"async\" class=\"alignnone size-large wp-image-54696\" src=\"https:\/\/graziamagazine.com\/mx\/wp-content\/uploads\/sites\/13\/2018\/07\/el-accesorio-que-siempre-nos-recordara-la-elegancia-de-jacqueline-kennedy-8-700x1083.jpg\" alt=\"\" \/><\/p>\n<p>En cuanto a Kennedy, el <i>pillbox<\/i> marc\u00f3 m\u00e1s de tres a\u00f1os de su vida, su matrimonio con el expresidente, en realidad. Para la inauguraci\u00f3n del memorial de John F. Kennedy en Londres, Jackie opt\u00f3 por rendir tributo con una reinterpretaci\u00f3n del emblem\u00e1tico sombrero \u2014la simetr\u00eda de la silueta original fue distorsionada por una ovalada, casi simulando una boina\u2014.<\/p>\n<p><img decoding=\"async\" class=\"alignnone size-large wp-image-54697\" src=\"https:\/\/graziamagazine.com\/mx\/wp-content\/uploads\/sites\/13\/2018\/07\/el-accesorio-que-siempre-nos-recordara-la-elegancia-de-jacqueline-kennedy-6-700x1054.jpg\" alt=\"\" \/><\/p>\n<h5><\/h5>\n<h5><em>*IM\u00c1GENES: Getty Images y WireImage<\/em><\/h5>\n","protected":false},"author":11641,"featured_media":54645,"template":"","format":"standard","categories":[4],"acf":[],"yoast_head":"<!-- This site is optimized with the Yoast SEO Premium plugin v18.5 (Yoast SEO v20.4) - https:\/\/yoast.com\/wordpress\/plugins\/seo\/ -->\n<title>El accesorio que siempre nos recordar\u00e1 la elegancia de Jacqueline Kennedy | Grazia M\u00e9xico y Latinoam\u00e9rica<\/title>\n<meta name=\"description\" content=\"M\u00e1s all\u00e1 de ser un sombrero, el pillbox hat se convirti\u00f3 en un referente diplom\u00e1tico gracias a Jacqueline Kennedy; sin duda alguna su accesorio favorito.\" \/>\n<meta name=\"robots\" content=\"index, follow, max-snippet:-1, max-image-preview:large, max-video-preview:-1\" \/>\n<link rel=\"canonical\" href=\"https:\/\/graziamagazine.com\/mx\/articles\/el-accesorio-que-siempre-nos-recordara-la-elegancia-de-jacqueline-kennedy\/\" \/>\n<meta property=\"og:locale\" content=\"es_MX\" \/>\n<meta property=\"og:type\" content=\"article\" \/>\n<meta property=\"og:title\" content=\"El accesorio que siempre nos recordar\u00e1 la elegancia de Jacqueline Kennedy\" \/>\n<meta property=\"og:description\" content=\"M\u00e1s all\u00e1 de ser un sombrero, el pillbox hat se convirti\u00f3 en un referente diplom\u00e1tico gracias a Jacqueline Kennedy; sin duda alguna su accesorio favorito.\" \/>\n<meta property=\"og:url\" content=\"https:\/\/graziamagazine.com\/mx\/articles\/el-accesorio-que-siempre-nos-recordara-la-elegancia-de-jacqueline-kennedy\/\" \/>\n<meta property=\"og:site_name\" content=\"Grazia M\u00e9xico y Latinoam\u00e9rica\" \/>\n<meta property=\"article:modified_time\" content=\"2018-07-31T20:15:46+00:00\" \/>\n<meta property=\"og:image\" content=\"https:\/\/graziamagazine.com\/mx\/wp-content\/uploads\/sites\/13\/2018\/07\/el-accesorio-que-siempre-nos-recordara-la-elegancia-de-jacqueline-kennedy-destacada.jpg?fit=768%2C517\" \/>\n\t<meta property=\"og:image:width\" content=\"768\" \/>\n\t<meta property=\"og:image:height\" content=\"517\" \/>\n\t<meta property=\"og:image:type\" content=\"image\/jpeg\" \/>\n<meta name=\"twitter:card\" content=\"summary_large_image\" \/>\n<meta name=\"twitter:label1\" content=\"Est. reading time\" \/>\n\t<meta name=\"twitter:data1\" content=\"2 minutos\" \/>\n<script type=\"application\/ld+json\" class=\"yoast-schema-graph\">{\"@context\":\"https:\/\/schema.org\",\"@graph\":[{\"@type\":\"WebPage\",\"@id\":\"https:\/\/graziamagazine.com\/mx\/articles\/el-accesorio-que-siempre-nos-recordara-la-elegancia-de-jacqueline-kennedy\/\",\"url\":\"https:\/\/graziamagazine.com\/mx\/articles\/el-accesorio-que-siempre-nos-recordara-la-elegancia-de-jacqueline-kennedy\/\",\"name\":\"El accesorio que siempre nos recordar\u00e1 la elegancia de Jacqueline Kennedy | Grazia M\u00e9xico y Latinoam\u00e9rica\",\"isPartOf\":{\"@id\":\"https:\/\/graziamagazine.com\/mx\/#website\"},\"datePublished\":\"2018-07-27T17:27:41+00:00\",\"dateModified\":\"2018-07-31T20:15:46+00:00\",\"description\":\"M\u00e1s all\u00e1 de ser un sombrero, el pillbox hat se convirti\u00f3 en un referente diplom\u00e1tico gracias a Jacqueline Kennedy; sin duda alguna su accesorio favorito.\",\"breadcrumb\":{\"@id\":\"https:\/\/graziamagazine.com\/mx\/articles\/el-accesorio-que-siempre-nos-recordara-la-elegancia-de-jacqueline-kennedy\/#breadcrumb\"},\"inLanguage\":\"es-MX\",\"potentialAction\":[{\"@type\":\"ReadAction\",\"target\":[\"https:\/\/graziamagazine.com\/mx\/articles\/el-accesorio-que-siempre-nos-recordara-la-elegancia-de-jacqueline-kennedy\/\"]}]},{\"@type\":\"BreadcrumbList\",\"@id\":\"https:\/\/graziamagazine.com\/mx\/articles\/el-accesorio-que-siempre-nos-recordara-la-elegancia-de-jacqueline-kennedy\/#breadcrumb\",\"itemListElement\":[{\"@type\":\"ListItem\",\"position\":1,\"name\":\"Home\",\"item\":\"https:\/\/graziamagazine.com\/mx\/\"},{\"@type\":\"ListItem\",\"position\":2,\"name\":\"El accesorio que siempre nos recordar\u00e1 la elegancia de Jacqueline Kennedy\"}]},{\"@type\":\"WebSite\",\"@id\":\"https:\/\/graziamagazine.com\/mx\/#website\",\"url\":\"https:\/\/graziamagazine.com\/mx\/\",\"name\":\"Grazia M\u00e9xico y Latinoam\u00e9rica\",\"description\":\"Grazia es moda, belleza y noticias  de actualidad \",\"potentialAction\":[{\"@type\":\"SearchAction\",\"target\":{\"@type\":\"EntryPoint\",\"urlTemplate\":\"https:\/\/graziamagazine.com\/mx\/?s={search_term_string}\"},\"query-input\":\"required name=search_term_string\"}],\"inLanguage\":\"es-MX\"}]}<\/script>\n<!-- \/ Yoast SEO Premium plugin. -->","yoast_head_json":{"title":"El accesorio que siempre nos recordar\u00e1 la elegancia de Jacqueline Kennedy | Grazia M\u00e9xico y Latinoam\u00e9rica","description":"M\u00e1s all\u00e1 de ser un sombrero, el pillbox hat se convirti\u00f3 en un referente diplom\u00e1tico gracias a Jacqueline Kennedy; sin duda alguna su accesorio favorito.","robots":{"index":"index","follow":"follow","max-snippet":"max-snippet:-1","max-image-preview":"max-image-preview:large","max-video-preview":"max-video-preview:-1"},"canonical":"https:\/\/graziamagazine.com\/mx\/articles\/el-accesorio-que-siempre-nos-recordara-la-elegancia-de-jacqueline-kennedy\/","og_locale":"es_MX","og_type":"article","og_title":"El accesorio que siempre nos recordar\u00e1 la elegancia de Jacqueline Kennedy","og_description":"M\u00e1s all\u00e1 de ser un sombrero, el pillbox hat se convirti\u00f3 en un referente diplom\u00e1tico gracias a Jacqueline Kennedy; sin duda alguna su accesorio favorito.","og_url":"https:\/\/graziamagazine.com\/mx\/articles\/el-accesorio-que-siempre-nos-recordara-la-elegancia-de-jacqueline-kennedy\/","og_site_name":"Grazia M\u00e9xico y Latinoam\u00e9rica","article_modified_time":"2018-07-31T20:15:46+00:00","og_image":[{"width":768,"height":517,"url":"https:\/\/graziamagazine.com\/mx\/wp-content\/uploads\/sites\/13\/2018\/07\/el-accesorio-que-siempre-nos-recordara-la-elegancia-de-jacqueline-kennedy-destacada.jpg?fit=768%2C517","type":"image\/jpeg"}],"twitter_card":"summary_large_image","twitter_misc":{"Est. reading time":"2 minutos"},"schema":{"@context":"https:\/\/schema.org","@graph":[{"@type":"WebPage","@id":"https:\/\/graziamagazine.com\/mx\/articles\/el-accesorio-que-siempre-nos-recordara-la-elegancia-de-jacqueline-kennedy\/","url":"https:\/\/graziamagazine.com\/mx\/articles\/el-accesorio-que-siempre-nos-recordara-la-elegancia-de-jacqueline-kennedy\/","name":"El accesorio que siempre nos recordar\u00e1 la elegancia de Jacqueline Kennedy | Grazia M\u00e9xico y Latinoam\u00e9rica","isPartOf":{"@id":"https:\/\/graziamagazine.com\/mx\/#website"},"datePublished":"2018-07-27T17:27:41+00:00","dateModified":"2018-07-31T20:15:46+00:00","description":"M\u00e1s all\u00e1 de ser un sombrero, el pillbox hat se convirti\u00f3 en un referente diplom\u00e1tico gracias a Jacqueline Kennedy; sin duda alguna su accesorio favorito.","breadcrumb":{"@id":"https:\/\/graziamagazine.com\/mx\/articles\/el-accesorio-que-siempre-nos-recordara-la-elegancia-de-jacqueline-kennedy\/#breadcrumb"},"inLanguage":"es-MX","potentialAction":[{"@type":"ReadAction","target":["https:\/\/graziamagazine.com\/mx\/articles\/el-accesorio-que-siempre-nos-recordara-la-elegancia-de-jacqueline-kennedy\/"]}]},{"@type":"BreadcrumbList","@id":"https:\/\/graziamagazine.com\/mx\/articles\/el-accesorio-que-siempre-nos-recordara-la-elegancia-de-jacqueline-kennedy\/#breadcrumb","itemListElement":[{"@type":"ListItem","position":1,"name":"Home","item":"https:\/\/graziamagazine.com\/mx\/"},{"@type":"ListItem","position":2,"name":"El accesorio que siempre nos recordar\u00e1 la elegancia de Jacqueline Kennedy"}]},{"@type":"WebSite","@id":"https:\/\/graziamagazine.com\/mx\/#website","url":"https:\/\/graziamagazine.com\/mx\/","name":"Grazia M\u00e9xico y Latinoam\u00e9rica","description":"Grazia es moda, belleza y noticias  de actualidad ","potentialAction":[{"@type":"SearchAction","target":{"@type":"EntryPoint","urlTemplate":"https:\/\/graziamagazine.com\/mx\/?s={search_term_string}"},"query-input":"required name=search_term_string"}],"inLanguage":"es-MX"}]}},"jetpack_sharing_enabled":true,"distributor_meta":false,"distributor_terms":false,"distributor_media":false,"distributor_original_site_name":"Grazia M\u00e9xico y Latinoam\u00e9rica","distributor_original_site_url":"https:\/\/graziamagazine.com\/mx","push-errors":false,"_links":{"self":[{"href":"https:\/\/graziamagazine.com\/mx\/wp-json\/wp\/v2\/articles\/54636"}],"collection":[{"href":"https:\/\/graziamagazine.com\/mx\/wp-json\/wp\/v2\/articles"}],"about":[{"href":"https:\/\/graziamagazine.com\/mx\/wp-json\/wp\/v2\/types\/articles"}],"author":[{"embeddable":true,"href":"https:\/\/graziamagazine.com\/mx\/wp-json\/wp\/v2\/users\/11641"}],"wp:featuredmedia":[{"embeddable":true,"href":"https:\/\/graziamagazine.com\/mx\/wp-json\/wp\/v2\/media\/54645"}],"wp:attachment":[{"href":"https:\/\/graziamagazine.com\/mx\/wp-json\/wp\/v2\/media?parent=54636"}],"wp:term":[{"taxonomy":"category","embeddable":true,"href":"https:\/\/graziamagazine.com\/mx\/wp-json\/wp\/v2\/categories?post=54636"}],"curies":[{"name":"wp","href":"https:\/\/api.w.org\/{rel}","templated":true}]}}