{"id":53687,"date":"2018-07-11T14:20:13","date_gmt":"2018-07-11T19:20:13","guid":{"rendered":"https:\/\/graziamagazine.com\/mx\/?p=53687"},"modified":"2018-07-11T14:20:29","modified_gmt":"2018-07-11T19:20:29","slug":"andy-warhol-y-basquiat-son-tema-de-una-exposicion-en-el-hotel-the-peninsula-new-york","status":"publish","type":"articles","link":"https:\/\/graziamagazine.com\/mx\/articles\/andy-warhol-y-basquiat-son-tema-de-una-exposicion-en-el-hotel-the-peninsula-new-york\/","title":{"rendered":"Andy Warhol y Basquiat son tema de una exposici\u00f3n en el hotel The Peninsula New York"},"content":{"rendered":"<p><b>Para celebrar el aniversario de The Peninsula New York, el hotel se convierte en museo de una exposici\u00f3n que debes tener en tu <i>must-do list<\/i>.<\/b><!--more--><\/p>\n<p><b>The Peninsula New York<\/b> ha decidido aprovechar su 30 aniversario para deleitar a sus clientes con una exposici\u00f3n de arte moderno de las que hacen historia. Si quieres ver, de primera mano, obras originales de\u00a0<b>Andy Warhol<\/b> (como era de esperar, en una muestra de este calibre no pod\u00eda faltar el rey del <i>Studio 54<\/i>), <b>Francesco Clemente<\/b>, <b>Keith Haring<\/b>, <b>Jean-Michel Basquiat<\/b> y <b>Barbara Kreuger<\/b>, solo tienes que darte una vuelta por los espacios p\u00fablicos del hotel, hasta finales de octubre.<\/p>\n<p><img decoding=\"async\" class=\"alignnone size-large wp-image-53691\" src=\"https:\/\/graziamagazine.com\/mx\/wp-content\/uploads\/sites\/13\/2018\/07\/Francesco-Clemente-Number-Five-1985-700x700.jpg\" alt=\"\" \/><\/p>\n<p><img decoding=\"async\" class=\"alignnone size-large wp-image-53692\" src=\"https:\/\/graziamagazine.com\/mx\/wp-content\/uploads\/sites\/13\/2018\/07\/Keith-Haring-Untitled-Subway-Drawing-700x1050.jpg\" alt=\"\" \/><\/p>\n<p><img decoding=\"async\" class=\"alignnone size-large wp-image-53693\" src=\"https:\/\/graziamagazine.com\/mx\/wp-content\/uploads\/sites\/13\/2018\/07\/Jean-Michel-Basquiat-Untitled-1984-700x700.jpg\" alt=\"\" \/><\/p>\n<p>Adem\u00e1s de las obras, la exposici\u00f3n presenta, en el <i>Palm Court<\/i> del edificio, tres emblem\u00e1ticos retratos de Warhol y Basquiat, autor\u00eda del famoso fot\u00f3grafo <b>Michael Halsband<\/b> y correspondientes a la \u00e9poca en que ambos visitaron su estudio el 10 de julio de 1985. Las im\u00e1genes fueron tomadas para crear un p\u00f3ster al estilo de las peleas de boxeo que anunciar\u00eda la colaboraci\u00f3n de los dos artistas para una futura exposici\u00f3n.<\/p>\n<p><img decoding=\"async\" class=\"alignnone size-large wp-image-53696\" src=\"https:\/\/graziamagazine.com\/mx\/wp-content\/uploads\/sites\/13\/2018\/07\/Michael-Halsband-Andy-Warhol-and-Jean-Michel-Basquiat-3-July-10-1985-700x700.jpg\" alt=\"\" \/><\/p>\n<p>\u00bfPor qu\u00e9 no pod\u00eda faltar el el nativo de Pittsburgh a la cita? El artista es considerado el padre de un movimiento que dio forma al mundo art\u00edstico del Nueva York de los a\u00f1os ochenta, la misma d\u00e9cada en la que se inaugur\u00f3 el hotel. Por otra parte, la historia de su famosa obra\u00a0<b>Campbell\u2019s Soup<\/b>\u00a0no solo estableci\u00f3 el comienzo del movimiento conocido como\u00a0<i>Pop Art<\/i>\u00a0en 1962, sino que se convirti\u00f3 en una de las piezas m\u00e1s ic\u00f3nicas de la carrera de Andy Warhol. Por ello, The Peninsula ha instalado diez copias del cuadro original en la sala de espera del vest\u00edbulo superior.<\/p>\n<p><img decoding=\"async\" class=\"alignnone size-large wp-image-53695\" src=\"https:\/\/graziamagazine.com\/mx\/wp-content\/uploads\/sites\/13\/2018\/07\/Andy-Warhol-MAO-1973-700x1050.jpg\" alt=\"\" \/><\/p>\n<p><img decoding=\"async\" class=\"alignnone size-large wp-image-53694\" src=\"https:\/\/graziamagazine.com\/mx\/wp-content\/uploads\/sites\/13\/2018\/07\/Andy-Warhol-Campbell_s-Soup-Set-of-10-1982-1987-700x1050.jpg\" alt=\"\" \/><\/p>\n<p>El resto de piezas de del artista, as\u00ed como las obras de los otros creativos incluidos en la muestra, se distribuyen estrat\u00e9gicamente en diferentes salas del hotel como el <i>Gotham Lounge<\/i>,\u00a0el vest\u00edbulo superior, la sala de espera del vest\u00edbulo inferior o el \u00e1rea de recepci\u00f3n, entre otros.<\/p>\n<p>Si eres tan fan\u00e1tico del arte moderno como nosotros, no esperes a que te lo cuenten, \u00a1Nueva York siempre supone una nueva y diferente aventura!<\/p>\n<h5><\/h5>\n<h5><em>*IM\u00c1GENES: Cortes\u00eda de The Penninsula New York<\/em><\/h5>\n","protected":false},"author":11636,"featured_media":53690,"template":"","format":"standard","categories":[5],"acf":[],"yoast_head":"<!-- This site is optimized with the Yoast SEO Premium plugin v18.5 (Yoast SEO v20.4) - https:\/\/yoast.com\/wordpress\/plugins\/seo\/ -->\n<title>Andy Warhol y Basquiat son tema de una exposici\u00f3n en el hotel The Peninsula New York | Grazia M\u00e9xico y Latinoam\u00e9rica<\/title>\n<meta name=\"description\" content=\"Para celebrar el aniversario de The Peninsula New York, el hotel se convierte en museo de una exposici\u00f3n que debes tener en tu must-do list.\" \/>\n<meta name=\"robots\" content=\"index, follow, max-snippet:-1, max-image-preview:large, max-video-preview:-1\" \/>\n<link rel=\"canonical\" href=\"https:\/\/graziamagazine.com\/mx\/articles\/andy-warhol-y-basquiat-son-tema-de-una-exposicion-en-el-hotel-the-peninsula-new-york\/\" \/>\n<meta property=\"og:locale\" content=\"es_MX\" \/>\n<meta property=\"og:type\" content=\"article\" \/>\n<meta property=\"og:title\" content=\"Andy Warhol y Basquiat son tema de una exposici\u00f3n en el hotel The Peninsula New York\" \/>\n<meta property=\"og:description\" content=\"Para celebrar el aniversario de The Peninsula New York, el hotel se convierte en museo de una exposici\u00f3n que debes tener en tu must-do list.\" \/>\n<meta property=\"og:url\" content=\"https:\/\/graziamagazine.com\/mx\/articles\/andy-warhol-y-basquiat-son-tema-de-una-exposicion-en-el-hotel-the-peninsula-new-york\/\" \/>\n<meta property=\"og:site_name\" content=\"Grazia M\u00e9xico y Latinoam\u00e9rica\" \/>\n<meta property=\"article:modified_time\" content=\"2018-07-11T19:20:29+00:00\" \/>\n<meta property=\"og:image\" content=\"https:\/\/graziamagazine.com\/mx\/wp-content\/uploads\/sites\/13\/2018\/07\/andy-warhol-y-basquiat-son-tema-de-una-exposicion-en-el-hotel-the-peninsula-new-york-destacada.jpg?fit=2220%2C1093\" \/>\n\t<meta property=\"og:image:width\" content=\"2220\" \/>\n\t<meta property=\"og:image:height\" content=\"1093\" \/>\n\t<meta property=\"og:image:type\" content=\"image\/jpeg\" \/>\n<meta name=\"twitter:card\" content=\"summary_large_image\" \/>\n<meta name=\"twitter:label1\" content=\"Est. reading time\" \/>\n\t<meta name=\"twitter:data1\" content=\"2 minutos\" \/>\n<script type=\"application\/ld+json\" class=\"yoast-schema-graph\">{\"@context\":\"https:\/\/schema.org\",\"@graph\":[{\"@type\":\"WebPage\",\"@id\":\"https:\/\/graziamagazine.com\/mx\/articles\/andy-warhol-y-basquiat-son-tema-de-una-exposicion-en-el-hotel-the-peninsula-new-york\/\",\"url\":\"https:\/\/graziamagazine.com\/mx\/articles\/andy-warhol-y-basquiat-son-tema-de-una-exposicion-en-el-hotel-the-peninsula-new-york\/\",\"name\":\"Andy Warhol y Basquiat son tema de una exposici\u00f3n en el hotel The Peninsula New York | Grazia M\u00e9xico y Latinoam\u00e9rica\",\"isPartOf\":{\"@id\":\"https:\/\/graziamagazine.com\/mx\/#website\"},\"datePublished\":\"2018-07-11T19:20:13+00:00\",\"dateModified\":\"2018-07-11T19:20:29+00:00\",\"description\":\"Para celebrar el aniversario de The Peninsula New York, el hotel se convierte en museo de una exposici\u00f3n que debes tener en tu must-do list.\",\"breadcrumb\":{\"@id\":\"https:\/\/graziamagazine.com\/mx\/articles\/andy-warhol-y-basquiat-son-tema-de-una-exposicion-en-el-hotel-the-peninsula-new-york\/#breadcrumb\"},\"inLanguage\":\"es-MX\",\"potentialAction\":[{\"@type\":\"ReadAction\",\"target\":[\"https:\/\/graziamagazine.com\/mx\/articles\/andy-warhol-y-basquiat-son-tema-de-una-exposicion-en-el-hotel-the-peninsula-new-york\/\"]}]},{\"@type\":\"BreadcrumbList\",\"@id\":\"https:\/\/graziamagazine.com\/mx\/articles\/andy-warhol-y-basquiat-son-tema-de-una-exposicion-en-el-hotel-the-peninsula-new-york\/#breadcrumb\",\"itemListElement\":[{\"@type\":\"ListItem\",\"position\":1,\"name\":\"Home\",\"item\":\"https:\/\/graziamagazine.com\/mx\/\"},{\"@type\":\"ListItem\",\"position\":2,\"name\":\"Andy Warhol y Basquiat son tema de una exposici\u00f3n en el hotel The Peninsula New York\"}]},{\"@type\":\"WebSite\",\"@id\":\"https:\/\/graziamagazine.com\/mx\/#website\",\"url\":\"https:\/\/graziamagazine.com\/mx\/\",\"name\":\"Grazia M\u00e9xico y Latinoam\u00e9rica\",\"description\":\"Grazia es moda, belleza y noticias  de actualidad \",\"potentialAction\":[{\"@type\":\"SearchAction\",\"target\":{\"@type\":\"EntryPoint\",\"urlTemplate\":\"https:\/\/graziamagazine.com\/mx\/?s={search_term_string}\"},\"query-input\":\"required name=search_term_string\"}],\"inLanguage\":\"es-MX\"}]}<\/script>\n<!-- \/ Yoast SEO Premium plugin. -->","yoast_head_json":{"title":"Andy Warhol y Basquiat son tema de una exposici\u00f3n en el hotel The Peninsula New York | Grazia M\u00e9xico y Latinoam\u00e9rica","description":"Para celebrar el aniversario de The Peninsula New York, el hotel se convierte en museo de una exposici\u00f3n que debes tener en tu must-do list.","robots":{"index":"index","follow":"follow","max-snippet":"max-snippet:-1","max-image-preview":"max-image-preview:large","max-video-preview":"max-video-preview:-1"},"canonical":"https:\/\/graziamagazine.com\/mx\/articles\/andy-warhol-y-basquiat-son-tema-de-una-exposicion-en-el-hotel-the-peninsula-new-york\/","og_locale":"es_MX","og_type":"article","og_title":"Andy Warhol y Basquiat son tema de una exposici\u00f3n en el hotel The Peninsula New York","og_description":"Para celebrar el aniversario de The Peninsula New York, el hotel se convierte en museo de una exposici\u00f3n que debes tener en tu must-do list.","og_url":"https:\/\/graziamagazine.com\/mx\/articles\/andy-warhol-y-basquiat-son-tema-de-una-exposicion-en-el-hotel-the-peninsula-new-york\/","og_site_name":"Grazia M\u00e9xico y Latinoam\u00e9rica","article_modified_time":"2018-07-11T19:20:29+00:00","og_image":[{"width":2220,"height":1093,"url":"https:\/\/graziamagazine.com\/mx\/wp-content\/uploads\/sites\/13\/2018\/07\/andy-warhol-y-basquiat-son-tema-de-una-exposicion-en-el-hotel-the-peninsula-new-york-destacada.jpg?fit=2220%2C1093","type":"image\/jpeg"}],"twitter_card":"summary_large_image","twitter_misc":{"Est. reading time":"2 minutos"},"schema":{"@context":"https:\/\/schema.org","@graph":[{"@type":"WebPage","@id":"https:\/\/graziamagazine.com\/mx\/articles\/andy-warhol-y-basquiat-son-tema-de-una-exposicion-en-el-hotel-the-peninsula-new-york\/","url":"https:\/\/graziamagazine.com\/mx\/articles\/andy-warhol-y-basquiat-son-tema-de-una-exposicion-en-el-hotel-the-peninsula-new-york\/","name":"Andy Warhol y Basquiat son tema de una exposici\u00f3n en el hotel The Peninsula New York | Grazia M\u00e9xico y Latinoam\u00e9rica","isPartOf":{"@id":"https:\/\/graziamagazine.com\/mx\/#website"},"datePublished":"2018-07-11T19:20:13+00:00","dateModified":"2018-07-11T19:20:29+00:00","description":"Para celebrar el aniversario de The Peninsula New York, el hotel se convierte en museo de una exposici\u00f3n que debes tener en tu must-do list.","breadcrumb":{"@id":"https:\/\/graziamagazine.com\/mx\/articles\/andy-warhol-y-basquiat-son-tema-de-una-exposicion-en-el-hotel-the-peninsula-new-york\/#breadcrumb"},"inLanguage":"es-MX","potentialAction":[{"@type":"ReadAction","target":["https:\/\/graziamagazine.com\/mx\/articles\/andy-warhol-y-basquiat-son-tema-de-una-exposicion-en-el-hotel-the-peninsula-new-york\/"]}]},{"@type":"BreadcrumbList","@id":"https:\/\/graziamagazine.com\/mx\/articles\/andy-warhol-y-basquiat-son-tema-de-una-exposicion-en-el-hotel-the-peninsula-new-york\/#breadcrumb","itemListElement":[{"@type":"ListItem","position":1,"name":"Home","item":"https:\/\/graziamagazine.com\/mx\/"},{"@type":"ListItem","position":2,"name":"Andy Warhol y Basquiat son tema de una exposici\u00f3n en el hotel The Peninsula New York"}]},{"@type":"WebSite","@id":"https:\/\/graziamagazine.com\/mx\/#website","url":"https:\/\/graziamagazine.com\/mx\/","name":"Grazia M\u00e9xico y Latinoam\u00e9rica","description":"Grazia es moda, belleza y noticias  de actualidad ","potentialAction":[{"@type":"SearchAction","target":{"@type":"EntryPoint","urlTemplate":"https:\/\/graziamagazine.com\/mx\/?s={search_term_string}"},"query-input":"required name=search_term_string"}],"inLanguage":"es-MX"}]}},"jetpack_sharing_enabled":true,"distributor_meta":false,"distributor_terms":false,"distributor_media":false,"distributor_original_site_name":"Grazia M\u00e9xico y Latinoam\u00e9rica","distributor_original_site_url":"https:\/\/graziamagazine.com\/mx","push-errors":false,"_links":{"self":[{"href":"https:\/\/graziamagazine.com\/mx\/wp-json\/wp\/v2\/articles\/53687"}],"collection":[{"href":"https:\/\/graziamagazine.com\/mx\/wp-json\/wp\/v2\/articles"}],"about":[{"href":"https:\/\/graziamagazine.com\/mx\/wp-json\/wp\/v2\/types\/articles"}],"author":[{"embeddable":true,"href":"https:\/\/graziamagazine.com\/mx\/wp-json\/wp\/v2\/users\/11636"}],"wp:featuredmedia":[{"embeddable":true,"href":"https:\/\/graziamagazine.com\/mx\/wp-json\/wp\/v2\/media\/53690"}],"wp:attachment":[{"href":"https:\/\/graziamagazine.com\/mx\/wp-json\/wp\/v2\/media?parent=53687"}],"wp:term":[{"taxonomy":"category","embeddable":true,"href":"https:\/\/graziamagazine.com\/mx\/wp-json\/wp\/v2\/categories?post=53687"}],"curies":[{"name":"wp","href":"https:\/\/api.w.org\/{rel}","templated":true}]}}