{"id":53468,"date":"2018-07-09T11:47:07","date_gmt":"2018-07-09T16:47:07","guid":{"rendered":"https:\/\/graziamagazine.com\/mx\/?p=53468"},"modified":"2018-07-09T13:13:39","modified_gmt":"2018-07-09T18:13:39","slug":"el-gran-dia-de-prince-louis-de-cambridge-llego","status":"publish","type":"articles","link":"https:\/\/graziamagazine.com\/mx\/articles\/el-gran-dia-de-prince-louis-de-cambridge-llego\/","title":{"rendered":"El gran d\u00eda de Prince Louis de Cambridge, \u00a1lleg\u00f3!"},"content":{"rendered":"<p><b>El d\u00eda especial de Prince Louis de Cambridge se celebr\u00f3 sin la asistencia de la reina, pero la nueva <i>royal<\/i> que nos importa estuvo presente vistiendo un <i>outfit<\/i> monocrom\u00e1tico, literalmente.<\/b><!--more--><\/p>\n<p>Fan\u00e1ticos de la monarqu\u00eda brit\u00e1nica, aqu\u00ed hay una raz\u00f3n m\u00e1s para incrementar tu entusiasmo. Si la <i>royal wedding<\/i> no te fue suficiente, esta breve aparici\u00f3n de los <a href=\"https:\/\/graziamagazine.com\/mx\/cuatro-fantasticos-meghan-markle-kate-middleton-prince-harry-prince-william-juntos\/\" target=\"_blank\" rel=\"noopener\"><b>cuatro fant\u00e1sticos<\/b><\/a>, <b>Prince George<\/b>, <b>Princess Charlotte<\/b> y por supuesto, <b>Prince Louis<\/b>, el protagonista de la tarde, es tu dosis de esta semana.<\/p>\n<blockquote class=\"twitter-tweet\" data-width=\"500\" data-dnt=\"true\">\n<p lang=\"en\" dir=\"ltr\">The Royal Family of Five leave the Chapel Royal following Prince Louis\u2019s christening <a href=\"https:\/\/t.co\/BZXVeG6SKN\" target=\"_blank\">pic.twitter.com\/BZXVeG6SKN<\/a><\/p>\n<p>&mdash; Simon Perry (@SPerryPeoplemag) <a href=\"https:\/\/twitter.com\/SPerryPeoplemag\/status\/1016351063316877314?ref_src=twsrc%5Etfw\" target=\"_blank\">July 9, 2018<\/a><\/p><\/blockquote>\n<p><script async src=\"https:\/\/platform.twitter.com\/widgets.js\" charset=\"utf-8\"><\/script><\/p>\n<blockquote class=\"twitter-tweet\" data-width=\"500\" data-dnt=\"true\">\n<p lang=\"en\" dir=\"ltr\">Members of the Royal Family arrive at St James&#39;s Palace for the christening of Prince Louis. <a href=\"https:\/\/t.co\/3pDk4D898C\" target=\"_blank\">pic.twitter.com\/3pDk4D898C<\/a><\/p>\n<p>&mdash; The Duke and Duchess of Cambridge (@KensingtonRoyal) <a href=\"https:\/\/twitter.com\/KensingtonRoyal\/status\/1016340563623333888?ref_src=twsrc%5Etfw\" target=\"_blank\">July 9, 2018<\/a><\/p><\/blockquote>\n<p><script async src=\"https:\/\/platform.twitter.com\/widgets.js\" charset=\"utf-8\"><\/script><\/p>\n<p>Mientras de un lado de la ciudad se celebra uno de los grandes torneos de tenis, al que, sorprendentemente no ha asistido la <b>duquesa de Cambridge<\/b> \u2014recordemos que est\u00e1 en <i>maternity leave<\/i>\u2014, hoy miembros de la monarqu\u00eda celebraron el bautizo del tercer hijo de <b>Prince William<\/b> y <b>Kate Middleton<\/b>.<\/p>\n<p>Siguiendo la tradici\u00f3n del ropaje que la hija de Queen Victoria, Princess Victoria, impuso en su bautizo \u2014y el cual fue inspirado en el vestido de novia de la misma monarca, la primera en usar blanco\u2014, la del protagonista de la tarde fue confeccionada por Angela Kelly.<\/p>\n<p>Este no fue como cualquier otro bautizo, pues la reina y su esposo, el duque de Edinburgh, no estuvieron presente. De acuerdo a <a href=\"https:\/\/www.vanityfair.com\/style\/2018\/07\/queen-elizabeth-misses-prince-louis-christening\" target=\"_blank\" rel=\"noopener\" target=\"_blank\"><i>Vanity Fair<\/i><\/a>, esta semana la monarca tiene una ocupada agenda, sin dejar de mencionar que el viernes recibir\u00e1 a Donald Trump en <i>Windsor Castle<\/i>. Por el lado de su esposo, el Prince Philip est\u00e1 retirado del ojo p\u00fablico desde hace casi un a\u00f1o.<\/p>\n<p>Para aquellos fan\u00e1ticos, y quienes no le pierden la pista, <b>Meghan Markle<\/b> nos dio otra lecci\u00f3n de estilo. El <i>outfit<\/i> monocrom\u00e1tico en verde olivo de la duquesa de Sussex se manifest\u00f3 en un traje (blusa y <em>pencil skirt<\/em>)\u00a0de <b>Ralph Lauren<\/b> con sombrero de <b>Stephen Jones<\/b>, <em>clutch<\/em>, guantes\u00a0y sus cl\u00e1sicos <i>stilettos<\/i>. Y claro que Kate Middleton no sacrific\u00f3 su cl\u00e1sico vestido de <b>Alexander McQueen<\/b>, la firma predilecta de la duquesa cuando se trata de eventos importantes y familiares, acompa\u00f1ado de un exquisito tocado de su <em>milliner<\/em> favorita,\u00a0Jane Taylor.<\/p>\n<p>https:\/\/www.instagram.com\/p\/BlBHr-Jj28P\/?tagged=meghanmarkle<\/p>\n<p>De acuerdo con fuentes, la celebraci\u00f3n fue \u00edntima. Entre los asistentes que confirmaron su asistencia y desfilaron ante las c\u00e1maras estuvieron los seis padrinos, la familia de Kate, incluyendo a una <a href=\"https:\/\/graziamagazine.com\/mx\/asi-fue-como-pippa-middleton-confirmo-su-embarazo\/\" target=\"_blank\" rel=\"noopener\">Pippa muy embarazada<\/a>, y Prince Charles y la duquesa de Cornwall. Al termino de la ceremonia, los invitados se trasladaron a Clarance House para disfrutar de una taza de t\u00e9 y un pedazo del pastel de bodas de Will y Kate \u2014nosotros nos estamos preguntando como es que lo han mantenido luego de siete a\u00f1os\u2014.<\/p>\n<blockquote class=\"twitter-tweet\" data-width=\"500\" data-dnt=\"true\">\n<p lang=\"en\" dir=\"ltr\">The godparents and the Middleton family arrive at the Chapel Royal for the christening of Prince Louis (with thanks <a href=\"https:\/\/twitter.com\/RE_DailyMail?ref_src=twsrc%5Etfw\" target=\"_blank\">@RE_DailyMail<\/a>) <a href=\"https:\/\/t.co\/1XbCW5BHTk\" target=\"_blank\">pic.twitter.com\/1XbCW5BHTk<\/a><\/p>\n<p>&mdash; Simon Perry (@SPerryPeoplemag) <a href=\"https:\/\/twitter.com\/SPerryPeoplemag\/status\/1016335567389380608?ref_src=twsrc%5Etfw\" target=\"_blank\">July 9, 2018<\/a><\/p><\/blockquote>\n<p><script async src=\"https:\/\/platform.twitter.com\/widgets.js\" charset=\"utf-8\"><\/script><\/p>\n<h5><\/h5>\n<h5><em>*IMAGEN: Shutterstock<\/em><\/h5>\n","protected":false},"author":11636,"featured_media":53479,"template":"","format":"standard","categories":[2],"acf":[],"yoast_head":"<!-- This site is optimized with the Yoast SEO Premium plugin v18.5 (Yoast SEO v20.4) - https:\/\/yoast.com\/wordpress\/plugins\/seo\/ -->\n<title>El gran d\u00eda de Prince Louis de Cambridge, \u00a1lleg\u00f3! | Grazia M\u00e9xico y Latinoam\u00e9rica<\/title>\n<meta name=\"description\" content=\"El d\u00eda especial de Prince Louis de Cambridge se celebr\u00f3 sin la asistencia de la reina, pero la nueva royal que nos importa estuvo presente vistiendo un outfit monocrom\u00e1tico, literalmente.\" \/>\n<meta name=\"robots\" content=\"index, follow, max-snippet:-1, max-image-preview:large, max-video-preview:-1\" \/>\n<link rel=\"canonical\" href=\"https:\/\/graziamagazine.com\/mx\/articles\/el-gran-dia-de-prince-louis-de-cambridge-llego\/\" \/>\n<meta property=\"og:locale\" content=\"es_MX\" \/>\n<meta property=\"og:type\" content=\"article\" \/>\n<meta property=\"og:title\" content=\"El gran d\u00eda de Prince Louis de Cambridge, \u00a1lleg\u00f3!\" \/>\n<meta property=\"og:description\" content=\"El d\u00eda especial de Prince Louis de Cambridge se celebr\u00f3 sin la asistencia de la reina, pero la nueva royal que nos importa estuvo presente vistiendo un outfit monocrom\u00e1tico, literalmente.\" \/>\n<meta property=\"og:url\" content=\"https:\/\/graziamagazine.com\/mx\/articles\/el-gran-dia-de-prince-louis-de-cambridge-llego\/\" \/>\n<meta property=\"og:site_name\" content=\"Grazia M\u00e9xico y Latinoam\u00e9rica\" \/>\n<meta property=\"article:modified_time\" content=\"2018-07-09T18:13:39+00:00\" \/>\n<meta property=\"og:image\" content=\"https:\/\/graziamagazine.com\/mx\/wp-content\/uploads\/sites\/13\/2018\/07\/el-gran-dia-de-prince-louis-de-cambridge-llego-destacada.jpeg?fit=1600%2C1027\" \/>\n\t<meta property=\"og:image:width\" content=\"1600\" \/>\n\t<meta property=\"og:image:height\" content=\"1027\" \/>\n\t<meta property=\"og:image:type\" content=\"image\/jpeg\" \/>\n<meta name=\"twitter:card\" content=\"summary_large_image\" \/>\n<meta name=\"twitter:label1\" content=\"Est. reading time\" \/>\n\t<meta name=\"twitter:data1\" content=\"2 minutos\" \/>\n<script type=\"application\/ld+json\" class=\"yoast-schema-graph\">{\"@context\":\"https:\/\/schema.org\",\"@graph\":[{\"@type\":\"WebPage\",\"@id\":\"https:\/\/graziamagazine.com\/mx\/articles\/el-gran-dia-de-prince-louis-de-cambridge-llego\/\",\"url\":\"https:\/\/graziamagazine.com\/mx\/articles\/el-gran-dia-de-prince-louis-de-cambridge-llego\/\",\"name\":\"El gran d\u00eda de Prince Louis de Cambridge, \u00a1lleg\u00f3! | Grazia M\u00e9xico y Latinoam\u00e9rica\",\"isPartOf\":{\"@id\":\"https:\/\/graziamagazine.com\/mx\/#website\"},\"datePublished\":\"2018-07-09T16:47:07+00:00\",\"dateModified\":\"2018-07-09T18:13:39+00:00\",\"description\":\"El d\u00eda especial de Prince Louis de Cambridge se celebr\u00f3 sin la asistencia de la reina, pero la nueva royal que nos importa estuvo presente vistiendo un outfit monocrom\u00e1tico, literalmente.\",\"breadcrumb\":{\"@id\":\"https:\/\/graziamagazine.com\/mx\/articles\/el-gran-dia-de-prince-louis-de-cambridge-llego\/#breadcrumb\"},\"inLanguage\":\"es-MX\",\"potentialAction\":[{\"@type\":\"ReadAction\",\"target\":[\"https:\/\/graziamagazine.com\/mx\/articles\/el-gran-dia-de-prince-louis-de-cambridge-llego\/\"]}]},{\"@type\":\"BreadcrumbList\",\"@id\":\"https:\/\/graziamagazine.com\/mx\/articles\/el-gran-dia-de-prince-louis-de-cambridge-llego\/#breadcrumb\",\"itemListElement\":[{\"@type\":\"ListItem\",\"position\":1,\"name\":\"Home\",\"item\":\"https:\/\/graziamagazine.com\/mx\/\"},{\"@type\":\"ListItem\",\"position\":2,\"name\":\"El gran d\u00eda de Prince Louis de Cambridge, \u00a1lleg\u00f3!\"}]},{\"@type\":\"WebSite\",\"@id\":\"https:\/\/graziamagazine.com\/mx\/#website\",\"url\":\"https:\/\/graziamagazine.com\/mx\/\",\"name\":\"Grazia M\u00e9xico y Latinoam\u00e9rica\",\"description\":\"Grazia es moda, belleza y noticias  de actualidad \",\"potentialAction\":[{\"@type\":\"SearchAction\",\"target\":{\"@type\":\"EntryPoint\",\"urlTemplate\":\"https:\/\/graziamagazine.com\/mx\/?s={search_term_string}\"},\"query-input\":\"required name=search_term_string\"}],\"inLanguage\":\"es-MX\"}]}<\/script>\n<!-- \/ Yoast SEO Premium plugin. -->","yoast_head_json":{"title":"El gran d\u00eda de Prince Louis de Cambridge, \u00a1lleg\u00f3! | Grazia M\u00e9xico y Latinoam\u00e9rica","description":"El d\u00eda especial de Prince Louis de Cambridge se celebr\u00f3 sin la asistencia de la reina, pero la nueva royal que nos importa estuvo presente vistiendo un outfit monocrom\u00e1tico, literalmente.","robots":{"index":"index","follow":"follow","max-snippet":"max-snippet:-1","max-image-preview":"max-image-preview:large","max-video-preview":"max-video-preview:-1"},"canonical":"https:\/\/graziamagazine.com\/mx\/articles\/el-gran-dia-de-prince-louis-de-cambridge-llego\/","og_locale":"es_MX","og_type":"article","og_title":"El gran d\u00eda de Prince Louis de Cambridge, \u00a1lleg\u00f3!","og_description":"El d\u00eda especial de Prince Louis de Cambridge se celebr\u00f3 sin la asistencia de la reina, pero la nueva royal que nos importa estuvo presente vistiendo un outfit monocrom\u00e1tico, literalmente.","og_url":"https:\/\/graziamagazine.com\/mx\/articles\/el-gran-dia-de-prince-louis-de-cambridge-llego\/","og_site_name":"Grazia M\u00e9xico y Latinoam\u00e9rica","article_modified_time":"2018-07-09T18:13:39+00:00","og_image":[{"width":1600,"height":1027,"url":"https:\/\/graziamagazine.com\/mx\/wp-content\/uploads\/sites\/13\/2018\/07\/el-gran-dia-de-prince-louis-de-cambridge-llego-destacada.jpeg?fit=1600%2C1027","type":"image\/jpeg"}],"twitter_card":"summary_large_image","twitter_misc":{"Est. reading time":"2 minutos"},"schema":{"@context":"https:\/\/schema.org","@graph":[{"@type":"WebPage","@id":"https:\/\/graziamagazine.com\/mx\/articles\/el-gran-dia-de-prince-louis-de-cambridge-llego\/","url":"https:\/\/graziamagazine.com\/mx\/articles\/el-gran-dia-de-prince-louis-de-cambridge-llego\/","name":"El gran d\u00eda de Prince Louis de Cambridge, \u00a1lleg\u00f3! | Grazia M\u00e9xico y Latinoam\u00e9rica","isPartOf":{"@id":"https:\/\/graziamagazine.com\/mx\/#website"},"datePublished":"2018-07-09T16:47:07+00:00","dateModified":"2018-07-09T18:13:39+00:00","description":"El d\u00eda especial de Prince Louis de Cambridge se celebr\u00f3 sin la asistencia de la reina, pero la nueva royal que nos importa estuvo presente vistiendo un outfit monocrom\u00e1tico, literalmente.","breadcrumb":{"@id":"https:\/\/graziamagazine.com\/mx\/articles\/el-gran-dia-de-prince-louis-de-cambridge-llego\/#breadcrumb"},"inLanguage":"es-MX","potentialAction":[{"@type":"ReadAction","target":["https:\/\/graziamagazine.com\/mx\/articles\/el-gran-dia-de-prince-louis-de-cambridge-llego\/"]}]},{"@type":"BreadcrumbList","@id":"https:\/\/graziamagazine.com\/mx\/articles\/el-gran-dia-de-prince-louis-de-cambridge-llego\/#breadcrumb","itemListElement":[{"@type":"ListItem","position":1,"name":"Home","item":"https:\/\/graziamagazine.com\/mx\/"},{"@type":"ListItem","position":2,"name":"El gran d\u00eda de Prince Louis de Cambridge, \u00a1lleg\u00f3!"}]},{"@type":"WebSite","@id":"https:\/\/graziamagazine.com\/mx\/#website","url":"https:\/\/graziamagazine.com\/mx\/","name":"Grazia M\u00e9xico y Latinoam\u00e9rica","description":"Grazia es moda, belleza y noticias  de actualidad ","potentialAction":[{"@type":"SearchAction","target":{"@type":"EntryPoint","urlTemplate":"https:\/\/graziamagazine.com\/mx\/?s={search_term_string}"},"query-input":"required name=search_term_string"}],"inLanguage":"es-MX"}]}},"jetpack_sharing_enabled":true,"distributor_meta":false,"distributor_terms":false,"distributor_media":false,"distributor_original_site_name":"Grazia M\u00e9xico y Latinoam\u00e9rica","distributor_original_site_url":"https:\/\/graziamagazine.com\/mx","push-errors":false,"_links":{"self":[{"href":"https:\/\/graziamagazine.com\/mx\/wp-json\/wp\/v2\/articles\/53468"}],"collection":[{"href":"https:\/\/graziamagazine.com\/mx\/wp-json\/wp\/v2\/articles"}],"about":[{"href":"https:\/\/graziamagazine.com\/mx\/wp-json\/wp\/v2\/types\/articles"}],"author":[{"embeddable":true,"href":"https:\/\/graziamagazine.com\/mx\/wp-json\/wp\/v2\/users\/11636"}],"wp:featuredmedia":[{"embeddable":true,"href":"https:\/\/graziamagazine.com\/mx\/wp-json\/wp\/v2\/media\/53479"}],"wp:attachment":[{"href":"https:\/\/graziamagazine.com\/mx\/wp-json\/wp\/v2\/media?parent=53468"}],"wp:term":[{"taxonomy":"category","embeddable":true,"href":"https:\/\/graziamagazine.com\/mx\/wp-json\/wp\/v2\/categories?post=53468"}],"curies":[{"name":"wp","href":"https:\/\/api.w.org\/{rel}","templated":true}]}}