{"id":52309,"date":"2018-06-20T10:18:42","date_gmt":"2018-06-20T15:18:42","guid":{"rendered":"https:\/\/graziamagazine.com\/mx\/?p=52309"},"modified":"2018-06-20T10:51:37","modified_gmt":"2018-06-20T15:51:37","slug":"kensington-palace-anuncia-la-fecha-de-bautizo-de-prince-louis","status":"publish","type":"articles","link":"https:\/\/graziamagazine.com\/mx\/articles\/kensington-palace-anuncia-la-fecha-de-bautizo-de-prince-louis\/","title":{"rendered":"Kensington Palace anuncia la fecha de bautizo de Prince Louis"},"content":{"rendered":"<p><strong>El m\u00e1s peque\u00f1o de la familia heredera al trono, Prince Louis, ser\u00e1 bautizado en la misma capilla que su hermano mayor, Prince George. Estos son los detalles del anticipado evento.<\/strong><br \/>\n<!--more--><\/p>\n<p>No hay d\u00eda, durante los \u00faltimos meses, en el que los <i>royals<\/i> no hagan noticia. Recapitulemos un poco; comenzando por el <a href=\"https:\/\/graziamagazine.com\/mx\/prince-harry-y-meghan-markle-anuncian-su-compromiso\/\" target=\"_blank\" rel=\"noopener\">anuncio del compromiso de <b>Prince Harry<\/b> y <b>Meghan Markle<\/b><\/a> y sus m\u00faltiples apariciones como una pareja comprometida, <a href=\"https:\/\/graziamagazine.com\/mx\/es-nino-kate-middleton-y-prince-william-se-convierten-en-papas-por-tercera-vez\/\" target=\"_blank\" rel=\"noopener\">el nacimiento de<\/a> <b>Prince Louis<\/b>, <a href=\"https:\/\/graziamagazine.com\/mx\/10-momentos-para-recordar-de-la-boda-real-de-meghan-markle-y-prince-harry\/\" target=\"_blank\" rel=\"noopener\">la <i>royal wedding<\/i><\/a>, el debut de Meghan Markle en <a href=\"https:\/\/graziamagazine.com\/mx\/el-debut-oficial-de-meghan-markle-en-el-balcon-de-buckingham-palace\/\" target=\"_blank\" rel=\"noopener\"><i>Trooping the Colour<\/i><\/a> y <a href=\"https:\/\/graziamagazine.com\/mx\/la-primera-aparicion-de-megan-markle-en-royal-ascot\/\" target=\"_blank\" rel=\"noopener\"><i>Royal Ascot<\/i><\/a> y ahora el bautizo del nuevo pr\u00edncipe (todo esto fue \u00fanicamente un recuento r\u00e1pido).<\/p>\n<p>Por la ma\u00f1ana, <b><i>Kensington Palace<\/i><\/b> dio a conocer la fecha en que <b>Louis de Cambridge<\/b> ser\u00e1 bautizado ante la iglesia protestante por el Arzobispo de Canterbury. El evento que tomar\u00e1 lugar el 9 de julio en la Capilla Real de <i>St. James\u2019s Palace<\/i> en Londres.<\/p>\n<blockquote class=\"twitter-tweet\" data-width=\"500\" data-dnt=\"true\">\n<p lang=\"en\" dir=\"ltr\">The Duke and Duchess of Cambridge are pleased to announce that the christening of Prince Louis will take place on Monday 9th July at The Chapel Royal, St James\u2019s Palace, London.<\/p>\n<p>Prince Louis will be christened by The Archbishop of Canterbury, the Most Reverend Justin Welby. <a href=\"https:\/\/t.co\/aBGNYTMRri\" target=\"_blank\">pic.twitter.com\/aBGNYTMRri<\/a><\/p>\n<p>&mdash; The Duke and Duchess of Cambridge (@KensingtonRoyal) <a href=\"https:\/\/twitter.com\/KensingtonRoyal\/status\/1009367871951134721?ref_src=twsrc%5Etfw\" target=\"_blank\">June 20, 2018<\/a><\/p><\/blockquote>\n<p><script async src=\"https:\/\/platform.twitter.com\/widgets.js\" charset=\"utf-8\"><\/script><\/p>\n<p>De acuerdo a <a href=\"https:\/\/www.bbc.com\/news\/uk-44548314\" target=\"_blank\" rel=\"noopener\" target=\"_blank\"><i>BBC<\/i><\/a>, los padrinos ser\u00e1n anunciados ese d\u00eda por la ma\u00f1ana. \u00bfPodr\u00edamos esperar que los duques de Sussex sean parte de la lista? O quiz\u00e1 Pippa Middleton.<\/p>\n<p>Y como dejar de lado a nuestra <i>royal<\/i> estrella del a\u00f1o. Para conmemorar el evento, la familia real acostumbra a tomarse un retrato oficial y este ser\u00e1 el primero en el que Meghan formar\u00e1 parte.<\/p>\n<h5><\/h5>\n<h5><em>*IMAGEN: SIPA<\/em><\/h5>\n","protected":false},"author":11636,"featured_media":52323,"template":"","format":"standard","categories":[2],"acf":[],"yoast_head":"<!-- This site is optimized with the Yoast SEO Premium plugin v18.5 (Yoast SEO v20.4) - https:\/\/yoast.com\/wordpress\/plugins\/seo\/ -->\n<title>Kensington Palace anuncia la fecha de bautizo de Prince Louis | Grazia M\u00e9xico y Latinoam\u00e9rica<\/title>\n<meta name=\"description\" content=\"El m\u00e1s peque\u00f1o de la familia heredera al trono, Prince Louis, ser\u00e1 bautizado en la misma capilla que su hermano mayor, Prince George. Estos son los detalles del anticipado evento.\" \/>\n<meta name=\"robots\" content=\"index, follow, max-snippet:-1, max-image-preview:large, max-video-preview:-1\" \/>\n<link rel=\"canonical\" href=\"https:\/\/graziamagazine.com\/mx\/articles\/kensington-palace-anuncia-la-fecha-de-bautizo-de-prince-louis\/\" \/>\n<meta property=\"og:locale\" content=\"es_MX\" \/>\n<meta property=\"og:type\" content=\"article\" \/>\n<meta property=\"og:title\" content=\"Kensington Palace anuncia la fecha de bautizo de Prince Louis\" \/>\n<meta property=\"og:description\" content=\"El m\u00e1s peque\u00f1o de la familia heredera al trono, Prince Louis, ser\u00e1 bautizado en la misma capilla que su hermano mayor, Prince George. Estos son los detalles del anticipado evento.\" \/>\n<meta property=\"og:url\" content=\"https:\/\/graziamagazine.com\/mx\/articles\/kensington-palace-anuncia-la-fecha-de-bautizo-de-prince-louis\/\" \/>\n<meta property=\"og:site_name\" content=\"Grazia M\u00e9xico y Latinoam\u00e9rica\" \/>\n<meta property=\"article:modified_time\" content=\"2018-06-20T15:51:37+00:00\" \/>\n<meta property=\"og:image\" content=\"https:\/\/graziamagazine.com\/mx\/wp-content\/uploads\/sites\/13\/2018\/06\/kensington-palace-anuncia-la-fecha-de-bautizo-de-prince-louis-destacada.jpg?fit=2700%2C1800\" \/>\n\t<meta property=\"og:image:width\" content=\"2700\" \/>\n\t<meta property=\"og:image:height\" content=\"1800\" \/>\n\t<meta property=\"og:image:type\" content=\"image\/jpeg\" \/>\n<meta name=\"twitter:card\" content=\"summary_large_image\" \/>\n<meta name=\"twitter:label1\" content=\"Est. reading time\" \/>\n\t<meta name=\"twitter:data1\" content=\"1 minuto\" \/>\n<script type=\"application\/ld+json\" class=\"yoast-schema-graph\">{\"@context\":\"https:\/\/schema.org\",\"@graph\":[{\"@type\":\"WebPage\",\"@id\":\"https:\/\/graziamagazine.com\/mx\/articles\/kensington-palace-anuncia-la-fecha-de-bautizo-de-prince-louis\/\",\"url\":\"https:\/\/graziamagazine.com\/mx\/articles\/kensington-palace-anuncia-la-fecha-de-bautizo-de-prince-louis\/\",\"name\":\"Kensington Palace anuncia la fecha de bautizo de Prince Louis | Grazia M\u00e9xico y Latinoam\u00e9rica\",\"isPartOf\":{\"@id\":\"https:\/\/graziamagazine.com\/mx\/#website\"},\"datePublished\":\"2018-06-20T15:18:42+00:00\",\"dateModified\":\"2018-06-20T15:51:37+00:00\",\"description\":\"El m\u00e1s peque\u00f1o de la familia heredera al trono, Prince Louis, ser\u00e1 bautizado en la misma capilla que su hermano mayor, Prince George. Estos son los detalles del anticipado evento.\",\"breadcrumb\":{\"@id\":\"https:\/\/graziamagazine.com\/mx\/articles\/kensington-palace-anuncia-la-fecha-de-bautizo-de-prince-louis\/#breadcrumb\"},\"inLanguage\":\"es-MX\",\"potentialAction\":[{\"@type\":\"ReadAction\",\"target\":[\"https:\/\/graziamagazine.com\/mx\/articles\/kensington-palace-anuncia-la-fecha-de-bautizo-de-prince-louis\/\"]}]},{\"@type\":\"BreadcrumbList\",\"@id\":\"https:\/\/graziamagazine.com\/mx\/articles\/kensington-palace-anuncia-la-fecha-de-bautizo-de-prince-louis\/#breadcrumb\",\"itemListElement\":[{\"@type\":\"ListItem\",\"position\":1,\"name\":\"Home\",\"item\":\"https:\/\/graziamagazine.com\/mx\/\"},{\"@type\":\"ListItem\",\"position\":2,\"name\":\"Kensington Palace anuncia la fecha de bautizo de Prince Louis\"}]},{\"@type\":\"WebSite\",\"@id\":\"https:\/\/graziamagazine.com\/mx\/#website\",\"url\":\"https:\/\/graziamagazine.com\/mx\/\",\"name\":\"Grazia M\u00e9xico y Latinoam\u00e9rica\",\"description\":\"Grazia es moda, belleza y noticias  de actualidad \",\"potentialAction\":[{\"@type\":\"SearchAction\",\"target\":{\"@type\":\"EntryPoint\",\"urlTemplate\":\"https:\/\/graziamagazine.com\/mx\/?s={search_term_string}\"},\"query-input\":\"required name=search_term_string\"}],\"inLanguage\":\"es-MX\"}]}<\/script>\n<!-- \/ Yoast SEO Premium plugin. -->","yoast_head_json":{"title":"Kensington Palace anuncia la fecha de bautizo de Prince Louis | Grazia M\u00e9xico y Latinoam\u00e9rica","description":"El m\u00e1s peque\u00f1o de la familia heredera al trono, Prince Louis, ser\u00e1 bautizado en la misma capilla que su hermano mayor, Prince George. Estos son los detalles del anticipado evento.","robots":{"index":"index","follow":"follow","max-snippet":"max-snippet:-1","max-image-preview":"max-image-preview:large","max-video-preview":"max-video-preview:-1"},"canonical":"https:\/\/graziamagazine.com\/mx\/articles\/kensington-palace-anuncia-la-fecha-de-bautizo-de-prince-louis\/","og_locale":"es_MX","og_type":"article","og_title":"Kensington Palace anuncia la fecha de bautizo de Prince Louis","og_description":"El m\u00e1s peque\u00f1o de la familia heredera al trono, Prince Louis, ser\u00e1 bautizado en la misma capilla que su hermano mayor, Prince George. Estos son los detalles del anticipado evento.","og_url":"https:\/\/graziamagazine.com\/mx\/articles\/kensington-palace-anuncia-la-fecha-de-bautizo-de-prince-louis\/","og_site_name":"Grazia M\u00e9xico y Latinoam\u00e9rica","article_modified_time":"2018-06-20T15:51:37+00:00","og_image":[{"width":2700,"height":1800,"url":"https:\/\/graziamagazine.com\/mx\/wp-content\/uploads\/sites\/13\/2018\/06\/kensington-palace-anuncia-la-fecha-de-bautizo-de-prince-louis-destacada.jpg?fit=2700%2C1800","type":"image\/jpeg"}],"twitter_card":"summary_large_image","twitter_misc":{"Est. reading time":"1 minuto"},"schema":{"@context":"https:\/\/schema.org","@graph":[{"@type":"WebPage","@id":"https:\/\/graziamagazine.com\/mx\/articles\/kensington-palace-anuncia-la-fecha-de-bautizo-de-prince-louis\/","url":"https:\/\/graziamagazine.com\/mx\/articles\/kensington-palace-anuncia-la-fecha-de-bautizo-de-prince-louis\/","name":"Kensington Palace anuncia la fecha de bautizo de Prince Louis | Grazia M\u00e9xico y Latinoam\u00e9rica","isPartOf":{"@id":"https:\/\/graziamagazine.com\/mx\/#website"},"datePublished":"2018-06-20T15:18:42+00:00","dateModified":"2018-06-20T15:51:37+00:00","description":"El m\u00e1s peque\u00f1o de la familia heredera al trono, Prince Louis, ser\u00e1 bautizado en la misma capilla que su hermano mayor, Prince George. Estos son los detalles del anticipado evento.","breadcrumb":{"@id":"https:\/\/graziamagazine.com\/mx\/articles\/kensington-palace-anuncia-la-fecha-de-bautizo-de-prince-louis\/#breadcrumb"},"inLanguage":"es-MX","potentialAction":[{"@type":"ReadAction","target":["https:\/\/graziamagazine.com\/mx\/articles\/kensington-palace-anuncia-la-fecha-de-bautizo-de-prince-louis\/"]}]},{"@type":"BreadcrumbList","@id":"https:\/\/graziamagazine.com\/mx\/articles\/kensington-palace-anuncia-la-fecha-de-bautizo-de-prince-louis\/#breadcrumb","itemListElement":[{"@type":"ListItem","position":1,"name":"Home","item":"https:\/\/graziamagazine.com\/mx\/"},{"@type":"ListItem","position":2,"name":"Kensington Palace anuncia la fecha de bautizo de Prince Louis"}]},{"@type":"WebSite","@id":"https:\/\/graziamagazine.com\/mx\/#website","url":"https:\/\/graziamagazine.com\/mx\/","name":"Grazia M\u00e9xico y Latinoam\u00e9rica","description":"Grazia es moda, belleza y noticias  de actualidad ","potentialAction":[{"@type":"SearchAction","target":{"@type":"EntryPoint","urlTemplate":"https:\/\/graziamagazine.com\/mx\/?s={search_term_string}"},"query-input":"required name=search_term_string"}],"inLanguage":"es-MX"}]}},"jetpack_sharing_enabled":true,"distributor_meta":false,"distributor_terms":false,"distributor_media":false,"distributor_original_site_name":"Grazia M\u00e9xico y Latinoam\u00e9rica","distributor_original_site_url":"https:\/\/graziamagazine.com\/mx","push-errors":false,"_links":{"self":[{"href":"https:\/\/graziamagazine.com\/mx\/wp-json\/wp\/v2\/articles\/52309"}],"collection":[{"href":"https:\/\/graziamagazine.com\/mx\/wp-json\/wp\/v2\/articles"}],"about":[{"href":"https:\/\/graziamagazine.com\/mx\/wp-json\/wp\/v2\/types\/articles"}],"author":[{"embeddable":true,"href":"https:\/\/graziamagazine.com\/mx\/wp-json\/wp\/v2\/users\/11636"}],"wp:featuredmedia":[{"embeddable":true,"href":"https:\/\/graziamagazine.com\/mx\/wp-json\/wp\/v2\/media\/52323"}],"wp:attachment":[{"href":"https:\/\/graziamagazine.com\/mx\/wp-json\/wp\/v2\/media?parent=52309"}],"wp:term":[{"taxonomy":"category","embeddable":true,"href":"https:\/\/graziamagazine.com\/mx\/wp-json\/wp\/v2\/categories?post=52309"}],"curies":[{"name":"wp","href":"https:\/\/api.w.org\/{rel}","templated":true}]}}